{"id":5742,"date":"2023-07-19T08:28:31","date_gmt":"2023-07-19T08:28:31","guid":{"rendered":"https:\/\/ineditinnova.com\/?p=5742"},"modified":"2023-10-22T22:44:46","modified_gmt":"2023-10-22T22:44:46","slug":"inedit-collaborara-amb-circulartec-per-impulsar-leconomia-circular-lecodisseny-i-la-descarbonitzacio-al-nord-de-xile","status":"publish","type":"post","link":"https:\/\/ineditinnova.com\/en\/inedit-collaborara-amb-circulartec-per-impulsar-leconomia-circular-lecodisseny-i-la-descarbonitzacio-al-nord-de-xile\/","title":{"rendered":"In\u00e8dit will collaborate with CircularTec to promote the circular economy, ecodesign, and decarbonization in northern Chile"},"content":{"rendered":"\r\n\r\n\r\n<p>&nbsp;<\/p>\r\n\r\n\r\n\r\n<p style=\"font-size: 25px;\">In\u00e8dit In\u00e8dit is the new international strategic partner of the <a href=\"https:\/\/circulartec.cl\/\" target=\"_blank\" rel=\"noreferrer noopener\">Circular Economy Technology Center (CircularTec)<\/a>, a non-profit corporation whose mission is to drive research, development, and collaborative innovation based on the circular economy model to generate economic, social, and environmental value in the northern macrozone of Chile. As part of the collaboration agreement, <strong>in\u00e8dit will provide support in CircularTec&#8217;s projects that promote sustainability, the circular economy, sustainable resource management, and climate change mitigation and adaptation, among other strategic initiatives.<\/strong><\/p>\r\n\r\n\r\n\r\n<p style=\"font-size: 25px;\"><strong>&#8220;For in\u00e8dit, this collaboration agreement with CircularTec is a great opportunity to continue generating positive impact in partnership with one of the leading organizations in the circular economy in Latin America,&#8221;<\/strong> says <strong>Jordi Oliver<\/strong>, Executive Director of in\u00e8dit.<\/p>\r\n\r\n\r\n\r\n<p style=\"font-size: 25px;\">On the other hand, <strong>Andre\u00e9 Henr\u00edquez<\/strong>, Executive Director of CircularTec, emphasizes the importance of this initiative, stating that &#8220;In\u00e8dit is a global leader in the field of circular economy and sustainable development, and <strong>we are very proud to have signed this collaboration agreement, which will allow us to develop joint projects, both in Chile and abroad<\/strong>, with methodological transfer and best practices in the circular economy. We have always advocated for a horizontal relationship with each of the institutions we work with at CircularTec, and we hope that this step will further strengthen our international position in the field of circular economy.&#8221;<\/p>\r\n\r\n\r\n\r\n<figure class=\"wp-block-image size-full\"><img decoding=\"async\" width=\"1024\" height=\"768\" class=\"wp-image-5737 lazyload\" data-src=\"https:\/\/ineditinnova.com\/wp-content\/uploads\/2023\/07\/reunion-inedit-1.jpeg\" alt=\"\" data-srcset=\"https:\/\/ineditinnova.com\/wp-content\/uploads\/2023\/07\/reunion-inedit-1.jpeg 1024w, https:\/\/ineditinnova.com\/wp-content\/uploads\/2023\/07\/reunion-inedit-1-300x225.jpeg 300w, https:\/\/ineditinnova.com\/wp-content\/uploads\/2023\/07\/reunion-inedit-1-768x576.jpeg 768w\" data-sizes=\"(max-width: 1024px) 100vw, 1024px\" src=\"data:image\/svg+xml;base64,PHN2ZyB3aWR0aD0iMSIgaGVpZ2h0PSIxIiB4bWxucz0iaHR0cDovL3d3dy53My5vcmcvMjAwMC9zdmciPjwvc3ZnPg==\" style=\"--smush-placeholder-width: 1024px; --smush-placeholder-aspect-ratio: 1024\/768;\" \/><\/figure>\r\n\r\n\r\n\r\n<p class=\"has-text-align-center\" style=\"font-size: 14px;\"><em>Virtual signing of the agreement between in\u00e8dit and CircularTec. Source: CircularTec<\/em><\/p>\r\n\r\n\r\n\r\n<p style=\"font-size: 25px;\">As such, in\u00e8dit will collaborate in identifying project opportunities and provide solutions and services to CircularTec that may be of interest to them. It will also offer its professionals and key contacts to CircularTec, provide specific training on topics of interest to CircularTec&#8217;s target audience, where in\u00e8dit has expertise, and work together on projects related to the circular economy, ecodesign, and decarbonization.<\/p>\r\n","protected":false},"excerpt":{"rendered":"<p>&nbsp; In\u00e8dit In\u00e8dit is the new international strategic partner of the Circular Economy Technology Center (CircularTec), a non-profit corporation whose mission is to drive research, development, and collaborative innovation based on the circular economy model to generate economic, social, and environmental value in the northern macrozone of Chile. As part of the collaboration agreement, in\u00e8dit&#8230;  <a class=\"excerpt-read-more\" href=\"https:\/\/ineditinnova.com\/en\/inedit-collaborara-amb-circulartec-per-impulsar-leconomia-circular-lecodisseny-i-la-descarbonitzacio-al-nord-de-xile\/\" title=\"Read In\u00e8dit will collaborate with CircularTec to promote the circular economy, ecodesign, and decarbonization in northern Chile\">Read more &raquo;<\/a><\/p>\n","protected":false},"author":2,"featured_media":6708,"comment_status":"closed","ping_status":"closed","sticky":false,"template":"","format":"standard","meta":{"_acf_changed":false,"footnotes":""},"categories":[44,33,20,50],"tags":[53],"class_list":["post-5742","post","type-post","status-publish","format-standard","has-post-thumbnail","hentry","category-metricas","category-cadena","category-ecodiseno","category-territorio","tag-news"],"acf":[],"yoast_head":"<!-- This site is optimized with the Yoast SEO plugin v27.5 - https:\/\/yoast.com\/product\/yoast-seo-wordpress\/ -->\n<title>In\u00e8dit will collaborate with CircularTec to promote the circular economy, ecodesign, and decarbonization in northern Chile - in\u00e8dit<\/title>\n<meta name=\"description\" content=\"In\u00e8dit, nou soci estrat\u00e8gic de la corporaci\u00f3 que impulsa la recerca, desenvolupament i innovaci\u00f3 col\u00b7laborativa basada en el model d&#039;economia circular al nord de Xile.\" \/>\n<meta name=\"robots\" content=\"index, follow, max-snippet:-1, max-image-preview:large, max-video-preview:-1\" \/>\n<link rel=\"canonical\" href=\"https:\/\/ineditinnova.com\/en\/inedit-collaborara-amb-circulartec-per-impulsar-leconomia-circular-lecodisseny-i-la-descarbonitzacio-al-nord-de-xile\/\" \/>\n<meta property=\"og:locale\" content=\"en_US\" \/>\n<meta property=\"og:type\" content=\"article\" \/>\n<meta property=\"og:title\" content=\"In\u00e8dit will collaborate with CircularTec to promote the circular economy, ecodesign, and decarbonization in northern Chile - in\u00e8dit\" \/>\n<meta property=\"og:description\" content=\"In\u00e8dit, nou soci estrat\u00e8gic de la corporaci\u00f3 que impulsa la recerca, desenvolupament i innovaci\u00f3 col\u00b7laborativa basada en el model d&#039;economia circular al nord de Xile.\" \/>\n<meta property=\"og:url\" content=\"https:\/\/ineditinnova.com\/en\/inedit-collaborara-amb-circulartec-per-impulsar-leconomia-circular-lecodisseny-i-la-descarbonitzacio-al-nord-de-xile\/\" \/>\n<meta property=\"og:site_name\" content=\"in\u00e8dit\" \/>\n<meta property=\"article:publisher\" content=\"https:\/\/www.facebook.com\/ineditinnovacio\/?ref=page_internal\" \/>\n<meta property=\"article:published_time\" content=\"2023-07-19T08:28:31+00:00\" \/>\n<meta property=\"article:modified_time\" content=\"2023-10-22T22:44:46+00:00\" \/>\n<meta property=\"og:image\" content=\"https:\/\/ineditinnova.com\/wp-content\/uploads\/2023\/07\/Iquique_night_skyline-1.jpg\" \/>\n\t<meta property=\"og:image:width\" content=\"1920\" \/>\n\t<meta property=\"og:image:height\" content=\"1247\" \/>\n\t<meta property=\"og:image:type\" content=\"image\/jpeg\" \/>\n<meta name=\"author\" content=\"Codina\" \/>\n<meta name=\"twitter:card\" content=\"summary_large_image\" \/>\n<meta name=\"twitter:creator\" content=\"@ineditinnova\" \/>\n<meta name=\"twitter:site\" content=\"@ineditinnova\" \/>\n<meta name=\"twitter:label1\" content=\"Written by\" \/>\n\t<meta name=\"twitter:data1\" content=\"Codina\" \/>\n\t<meta name=\"twitter:label2\" content=\"Est. reading time\" \/>\n\t<meta name=\"twitter:data2\" content=\"2 minutes\" \/>\n<script type=\"application\/ld+json\" class=\"yoast-schema-graph\">{\"@context\":\"https:\\\/\\\/schema.org\",\"@graph\":[{\"@type\":\"Article\",\"@id\":\"https:\\\/\\\/ineditinnova.com\\\/en\\\/inedit-collaborara-amb-circulartec-per-impulsar-leconomia-circular-lecodisseny-i-la-descarbonitzacio-al-nord-de-xile\\\/#article\",\"isPartOf\":{\"@id\":\"https:\\\/\\\/ineditinnova.com\\\/en\\\/inedit-collaborara-amb-circulartec-per-impulsar-leconomia-circular-lecodisseny-i-la-descarbonitzacio-al-nord-de-xile\\\/\"},\"author\":{\"name\":\"Codina\",\"@id\":\"https:\\\/\\\/ineditinnova.com\\\/en\\\/#\\\/schema\\\/person\\\/891e1158385858d9972e3d28e2abf5e5\"},\"headline\":\"In\u00e8dit will collaborate with CircularTec to promote the circular economy, ecodesign, and decarbonization in northern Chile\",\"datePublished\":\"2023-07-19T08:28:31+00:00\",\"dateModified\":\"2023-10-22T22:44:46+00:00\",\"mainEntityOfPage\":{\"@id\":\"https:\\\/\\\/ineditinnova.com\\\/en\\\/inedit-collaborara-amb-circulartec-per-impulsar-leconomia-circular-lecodisseny-i-la-descarbonitzacio-al-nord-de-xile\\\/\"},\"wordCount\":322,\"image\":{\"@id\":\"https:\\\/\\\/ineditinnova.com\\\/en\\\/inedit-collaborara-amb-circulartec-per-impulsar-leconomia-circular-lecodisseny-i-la-descarbonitzacio-al-nord-de-xile\\\/#primaryimage\"},\"thumbnailUrl\":\"https:\\\/\\\/ineditinnova.com\\\/wp-content\\\/uploads\\\/2023\\\/07\\\/Iquique_night_skyline-1.jpg\",\"keywords\":[\"NEWS\"],\"articleSection\":[\"QUANTIFICATION OF ENVIRONMENTAL IMPACTS\",\"SUSTAINABLE BUSINESS STRATEGY\",\"Ecodesign of Products and Services\",\"CIRCULAR TERRITORY\"],\"inLanguage\":\"en-US\"},{\"@type\":\"WebPage\",\"@id\":\"https:\\\/\\\/ineditinnova.com\\\/en\\\/inedit-collaborara-amb-circulartec-per-impulsar-leconomia-circular-lecodisseny-i-la-descarbonitzacio-al-nord-de-xile\\\/\",\"url\":\"https:\\\/\\\/ineditinnova.com\\\/en\\\/inedit-collaborara-amb-circulartec-per-impulsar-leconomia-circular-lecodisseny-i-la-descarbonitzacio-al-nord-de-xile\\\/\",\"name\":\"In\u00e8dit will collaborate with CircularTec to promote the circular economy, ecodesign, and decarbonization in northern Chile - in\u00e8dit\",\"isPartOf\":{\"@id\":\"https:\\\/\\\/ineditinnova.com\\\/en\\\/#website\"},\"primaryImageOfPage\":{\"@id\":\"https:\\\/\\\/ineditinnova.com\\\/en\\\/inedit-collaborara-amb-circulartec-per-impulsar-leconomia-circular-lecodisseny-i-la-descarbonitzacio-al-nord-de-xile\\\/#primaryimage\"},\"image\":{\"@id\":\"https:\\\/\\\/ineditinnova.com\\\/en\\\/inedit-collaborara-amb-circulartec-per-impulsar-leconomia-circular-lecodisseny-i-la-descarbonitzacio-al-nord-de-xile\\\/#primaryimage\"},\"thumbnailUrl\":\"https:\\\/\\\/ineditinnova.com\\\/wp-content\\\/uploads\\\/2023\\\/07\\\/Iquique_night_skyline-1.jpg\",\"datePublished\":\"2023-07-19T08:28:31+00:00\",\"dateModified\":\"2023-10-22T22:44:46+00:00\",\"author\":{\"@id\":\"https:\\\/\\\/ineditinnova.com\\\/en\\\/#\\\/schema\\\/person\\\/891e1158385858d9972e3d28e2abf5e5\"},\"description\":\"In\u00e8dit, nou soci estrat\u00e8gic de la corporaci\u00f3 que impulsa la recerca, desenvolupament i innovaci\u00f3 col\u00b7laborativa basada en el model d'economia circular al nord de Xile.\",\"breadcrumb\":{\"@id\":\"https:\\\/\\\/ineditinnova.com\\\/en\\\/inedit-collaborara-amb-circulartec-per-impulsar-leconomia-circular-lecodisseny-i-la-descarbonitzacio-al-nord-de-xile\\\/#breadcrumb\"},\"inLanguage\":\"en-US\",\"potentialAction\":[{\"@type\":\"ReadAction\",\"target\":[\"https:\\\/\\\/ineditinnova.com\\\/en\\\/inedit-collaborara-amb-circulartec-per-impulsar-leconomia-circular-lecodisseny-i-la-descarbonitzacio-al-nord-de-xile\\\/\"]}]},{\"@type\":\"ImageObject\",\"inLanguage\":\"en-US\",\"@id\":\"https:\\\/\\\/ineditinnova.com\\\/en\\\/inedit-collaborara-amb-circulartec-per-impulsar-leconomia-circular-lecodisseny-i-la-descarbonitzacio-al-nord-de-xile\\\/#primaryimage\",\"url\":\"https:\\\/\\\/ineditinnova.com\\\/wp-content\\\/uploads\\\/2023\\\/07\\\/Iquique_night_skyline-1.jpg\",\"contentUrl\":\"https:\\\/\\\/ineditinnova.com\\\/wp-content\\\/uploads\\\/2023\\\/07\\\/Iquique_night_skyline-1.jpg\",\"width\":1920,\"height\":1247},{\"@type\":\"BreadcrumbList\",\"@id\":\"https:\\\/\\\/ineditinnova.com\\\/en\\\/inedit-collaborara-amb-circulartec-per-impulsar-leconomia-circular-lecodisseny-i-la-descarbonitzacio-al-nord-de-xile\\\/#breadcrumb\",\"itemListElement\":[{\"@type\":\"ListItem\",\"position\":1,\"name\":\"Inici\",\"item\":\"https:\\\/\\\/ineditinnova.com\\\/en\\\/\"},{\"@type\":\"ListItem\",\"position\":2,\"name\":\"In\u00e8dit will collaborate with CircularTec to promote the circular economy, ecodesign, and decarbonization in northern Chile\"}]},{\"@type\":\"WebSite\",\"@id\":\"https:\\\/\\\/ineditinnova.com\\\/en\\\/#website\",\"url\":\"https:\\\/\\\/ineditinnova.com\\\/en\\\/\",\"name\":\"in\u00e8dit\",\"description\":\"We design circular and sustainable solutions for a better future\",\"potentialAction\":[{\"@type\":\"SearchAction\",\"target\":{\"@type\":\"EntryPoint\",\"urlTemplate\":\"https:\\\/\\\/ineditinnova.com\\\/en\\\/?s={search_term_string}\"},\"query-input\":{\"@type\":\"PropertyValueSpecification\",\"valueRequired\":true,\"valueName\":\"search_term_string\"}}],\"inLanguage\":\"en-US\"},{\"@type\":\"Person\",\"@id\":\"https:\\\/\\\/ineditinnova.com\\\/en\\\/#\\\/schema\\\/person\\\/891e1158385858d9972e3d28e2abf5e5\",\"name\":\"Codina\",\"image\":{\"@type\":\"ImageObject\",\"inLanguage\":\"en-US\",\"@id\":\"https:\\\/\\\/secure.gravatar.com\\\/avatar\\\/4fff7c6f6d19e46cfd6c15f0f9b4aeb9970dd1aa4028caf6584e34d95cb8a41d?s=96&d=mm&r=g\",\"url\":\"https:\\\/\\\/secure.gravatar.com\\\/avatar\\\/4fff7c6f6d19e46cfd6c15f0f9b4aeb9970dd1aa4028caf6584e34d95cb8a41d?s=96&d=mm&r=g\",\"contentUrl\":\"https:\\\/\\\/secure.gravatar.com\\\/avatar\\\/4fff7c6f6d19e46cfd6c15f0f9b4aeb9970dd1aa4028caf6584e34d95cb8a41d?s=96&d=mm&r=g\",\"caption\":\"Codina\"},\"url\":\"https:\\\/\\\/ineditinnova.com\\\/en\\\/author\\\/inedit\\\/\"}]}<\/script>\n<!-- \/ Yoast SEO plugin. -->","yoast_head_json":{"title":"In\u00e8dit will collaborate with CircularTec to promote the circular economy, ecodesign, and decarbonization in northern Chile - in\u00e8dit","description":"In\u00e8dit, nou soci estrat\u00e8gic de la corporaci\u00f3 que impulsa la recerca, desenvolupament i innovaci\u00f3 col\u00b7laborativa basada en el model d'economia circular al nord de Xile.","robots":{"index":"index","follow":"follow","max-snippet":"max-snippet:-1","max-image-preview":"max-image-preview:large","max-video-preview":"max-video-preview:-1"},"canonical":"https:\/\/ineditinnova.com\/en\/inedit-collaborara-amb-circulartec-per-impulsar-leconomia-circular-lecodisseny-i-la-descarbonitzacio-al-nord-de-xile\/","og_locale":"en_US","og_type":"article","og_title":"In\u00e8dit will collaborate with CircularTec to promote the circular economy, ecodesign, and decarbonization in northern Chile - in\u00e8dit","og_description":"In\u00e8dit, nou soci estrat\u00e8gic de la corporaci\u00f3 que impulsa la recerca, desenvolupament i innovaci\u00f3 col\u00b7laborativa basada en el model d'economia circular al nord de Xile.","og_url":"https:\/\/ineditinnova.com\/en\/inedit-collaborara-amb-circulartec-per-impulsar-leconomia-circular-lecodisseny-i-la-descarbonitzacio-al-nord-de-xile\/","og_site_name":"in\u00e8dit","article_publisher":"https:\/\/www.facebook.com\/ineditinnovacio\/?ref=page_internal","article_published_time":"2023-07-19T08:28:31+00:00","article_modified_time":"2023-10-22T22:44:46+00:00","og_image":[{"width":1920,"height":1247,"url":"https:\/\/ineditinnova.com\/wp-content\/uploads\/2023\/07\/Iquique_night_skyline-1.jpg","type":"image\/jpeg"}],"author":"Codina","twitter_card":"summary_large_image","twitter_creator":"@ineditinnova","twitter_site":"@ineditinnova","twitter_misc":{"Written by":"Codina","Est. reading time":"2 minutes"},"schema":{"@context":"https:\/\/schema.org","@graph":[{"@type":"Article","@id":"https:\/\/ineditinnova.com\/en\/inedit-collaborara-amb-circulartec-per-impulsar-leconomia-circular-lecodisseny-i-la-descarbonitzacio-al-nord-de-xile\/#article","isPartOf":{"@id":"https:\/\/ineditinnova.com\/en\/inedit-collaborara-amb-circulartec-per-impulsar-leconomia-circular-lecodisseny-i-la-descarbonitzacio-al-nord-de-xile\/"},"author":{"name":"Codina","@id":"https:\/\/ineditinnova.com\/en\/#\/schema\/person\/891e1158385858d9972e3d28e2abf5e5"},"headline":"In\u00e8dit will collaborate with CircularTec to promote the circular economy, ecodesign, and decarbonization in northern Chile","datePublished":"2023-07-19T08:28:31+00:00","dateModified":"2023-10-22T22:44:46+00:00","mainEntityOfPage":{"@id":"https:\/\/ineditinnova.com\/en\/inedit-collaborara-amb-circulartec-per-impulsar-leconomia-circular-lecodisseny-i-la-descarbonitzacio-al-nord-de-xile\/"},"wordCount":322,"image":{"@id":"https:\/\/ineditinnova.com\/en\/inedit-collaborara-amb-circulartec-per-impulsar-leconomia-circular-lecodisseny-i-la-descarbonitzacio-al-nord-de-xile\/#primaryimage"},"thumbnailUrl":"https:\/\/ineditinnova.com\/wp-content\/uploads\/2023\/07\/Iquique_night_skyline-1.jpg","keywords":["NEWS"],"articleSection":["QUANTIFICATION OF ENVIRONMENTAL IMPACTS","SUSTAINABLE BUSINESS STRATEGY","Ecodesign of Products and Services","CIRCULAR TERRITORY"],"inLanguage":"en-US"},{"@type":"WebPage","@id":"https:\/\/ineditinnova.com\/en\/inedit-collaborara-amb-circulartec-per-impulsar-leconomia-circular-lecodisseny-i-la-descarbonitzacio-al-nord-de-xile\/","url":"https:\/\/ineditinnova.com\/en\/inedit-collaborara-amb-circulartec-per-impulsar-leconomia-circular-lecodisseny-i-la-descarbonitzacio-al-nord-de-xile\/","name":"In\u00e8dit will collaborate with CircularTec to promote the circular economy, ecodesign, and decarbonization in northern Chile - in\u00e8dit","isPartOf":{"@id":"https:\/\/ineditinnova.com\/en\/#website"},"primaryImageOfPage":{"@id":"https:\/\/ineditinnova.com\/en\/inedit-collaborara-amb-circulartec-per-impulsar-leconomia-circular-lecodisseny-i-la-descarbonitzacio-al-nord-de-xile\/#primaryimage"},"image":{"@id":"https:\/\/ineditinnova.com\/en\/inedit-collaborara-amb-circulartec-per-impulsar-leconomia-circular-lecodisseny-i-la-descarbonitzacio-al-nord-de-xile\/#primaryimage"},"thumbnailUrl":"https:\/\/ineditinnova.com\/wp-content\/uploads\/2023\/07\/Iquique_night_skyline-1.jpg","datePublished":"2023-07-19T08:28:31+00:00","dateModified":"2023-10-22T22:44:46+00:00","author":{"@id":"https:\/\/ineditinnova.com\/en\/#\/schema\/person\/891e1158385858d9972e3d28e2abf5e5"},"description":"In\u00e8dit, nou soci estrat\u00e8gic de la corporaci\u00f3 que impulsa la recerca, desenvolupament i innovaci\u00f3 col\u00b7laborativa basada en el model d'economia circular al nord de Xile.","breadcrumb":{"@id":"https:\/\/ineditinnova.com\/en\/inedit-collaborara-amb-circulartec-per-impulsar-leconomia-circular-lecodisseny-i-la-descarbonitzacio-al-nord-de-xile\/#breadcrumb"},"inLanguage":"en-US","potentialAction":[{"@type":"ReadAction","target":["https:\/\/ineditinnova.com\/en\/inedit-collaborara-amb-circulartec-per-impulsar-leconomia-circular-lecodisseny-i-la-descarbonitzacio-al-nord-de-xile\/"]}]},{"@type":"ImageObject","inLanguage":"en-US","@id":"https:\/\/ineditinnova.com\/en\/inedit-collaborara-amb-circulartec-per-impulsar-leconomia-circular-lecodisseny-i-la-descarbonitzacio-al-nord-de-xile\/#primaryimage","url":"https:\/\/ineditinnova.com\/wp-content\/uploads\/2023\/07\/Iquique_night_skyline-1.jpg","contentUrl":"https:\/\/ineditinnova.com\/wp-content\/uploads\/2023\/07\/Iquique_night_skyline-1.jpg","width":1920,"height":1247},{"@type":"BreadcrumbList","@id":"https:\/\/ineditinnova.com\/en\/inedit-collaborara-amb-circulartec-per-impulsar-leconomia-circular-lecodisseny-i-la-descarbonitzacio-al-nord-de-xile\/#breadcrumb","itemListElement":[{"@type":"ListItem","position":1,"name":"Inici","item":"https:\/\/ineditinnova.com\/en\/"},{"@type":"ListItem","position":2,"name":"In\u00e8dit will collaborate with CircularTec to promote the circular economy, ecodesign, and decarbonization in northern Chile"}]},{"@type":"WebSite","@id":"https:\/\/ineditinnova.com\/en\/#website","url":"https:\/\/ineditinnova.com\/en\/","name":"in\u00e8dit","description":"We design circular and sustainable solutions for a better future","potentialAction":[{"@type":"SearchAction","target":{"@type":"EntryPoint","urlTemplate":"https:\/\/ineditinnova.com\/en\/?s={search_term_string}"},"query-input":{"@type":"PropertyValueSpecification","valueRequired":true,"valueName":"search_term_string"}}],"inLanguage":"en-US"},{"@type":"Person","@id":"https:\/\/ineditinnova.com\/en\/#\/schema\/person\/891e1158385858d9972e3d28e2abf5e5","name":"Codina","image":{"@type":"ImageObject","inLanguage":"en-US","@id":"https:\/\/secure.gravatar.com\/avatar\/4fff7c6f6d19e46cfd6c15f0f9b4aeb9970dd1aa4028caf6584e34d95cb8a41d?s=96&d=mm&r=g","url":"https:\/\/secure.gravatar.com\/avatar\/4fff7c6f6d19e46cfd6c15f0f9b4aeb9970dd1aa4028caf6584e34d95cb8a41d?s=96&d=mm&r=g","contentUrl":"https:\/\/secure.gravatar.com\/avatar\/4fff7c6f6d19e46cfd6c15f0f9b4aeb9970dd1aa4028caf6584e34d95cb8a41d?s=96&d=mm&r=g","caption":"Codina"},"url":"https:\/\/ineditinnova.com\/en\/author\/inedit\/"}]}},"_links":{"self":[{"href":"https:\/\/ineditinnova.com\/en\/wp-json\/wp\/v2\/posts\/5742","targetHints":{"allow":["GET"]}}],"collection":[{"href":"https:\/\/ineditinnova.com\/en\/wp-json\/wp\/v2\/posts"}],"about":[{"href":"https:\/\/ineditinnova.com\/en\/wp-json\/wp\/v2\/types\/post"}],"author":[{"embeddable":true,"href":"https:\/\/ineditinnova.com\/en\/wp-json\/wp\/v2\/users\/2"}],"replies":[{"embeddable":true,"href":"https:\/\/ineditinnova.com\/en\/wp-json\/wp\/v2\/comments?post=5742"}],"version-history":[{"count":4,"href":"https:\/\/ineditinnova.com\/en\/wp-json\/wp\/v2\/posts\/5742\/revisions"}],"predecessor-version":[{"id":6712,"href":"https:\/\/ineditinnova.com\/en\/wp-json\/wp\/v2\/posts\/5742\/revisions\/6712"}],"wp:featuredmedia":[{"embeddable":true,"href":"https:\/\/ineditinnova.com\/en\/wp-json\/wp\/v2\/media\/6708"}],"wp:attachment":[{"href":"https:\/\/ineditinnova.com\/en\/wp-json\/wp\/v2\/media?parent=5742"}],"wp:term":[{"taxonomy":"category","embeddable":true,"href":"https:\/\/ineditinnova.com\/en\/wp-json\/wp\/v2\/categories?post=5742"},{"taxonomy":"post_tag","embeddable":true,"href":"https:\/\/ineditinnova.com\/en\/wp-json\/wp\/v2\/tags?post=5742"}],"curies":[{"name":"wp","href":"https:\/\/api.w.org\/{rel}","templated":true}]}}