{"id":5925,"date":"2023-07-27T07:56:39","date_gmt":"2023-07-27T07:56:39","guid":{"rendered":"https:\/\/ineditinnova.com\/?p=5925"},"modified":"2023-07-31T22:24:58","modified_gmt":"2023-07-31T22:24:58","slug":"una-metodologia-permetra-calcular-els-residus-que-generen-els-festivals-de-catalunya","status":"publish","type":"post","link":"https:\/\/ineditinnova.com\/en\/una-metodologia-permetra-calcular-els-residus-que-generen-els-festivals-de-catalunya\/","title":{"rendered":"Una metodologia permetr\u00e0 calcular els residus que generen els festivals de Catalunya"},"content":{"rendered":"\n\n\n<p style=\"font-size:25px\">Envasos d\u2019un sol \u00fas, els vols dels artistes, els despla\u00e7aments del p\u00fablic, el marxandatge, el menjar, els v\u00e0ters ambulants, l\u2019energia. Un festival genera, de mitjana, 500 tones equivalents de di\u00f2xid de carboni, i cada persona que hi assisteix uns 5kg de CO<sup>2<\/sup> al dia, segons un estudi de l\u2019associaci\u00f3 brit\u00e0nica sense \u00e0nim de lucre <a href=\"https:\/\/www.agreenerfuture.ca\/\">A Greener Future.<\/a> Amb l\u2019objectiu d\u2019orientar en la presa de decisions els organitzadors de festivals i altres esdeveniments que es duen a terme a Catalunya, <strong>in\u00e8dit<\/strong> est\u00e0 dissenyant una metodologia per calcular la quantitat de residus que es generen en festivals a Catalunya i analitzar com es gestionen en el marc d\u2019una economia circular.<strong> La metodologia permetr\u00e0 quantificar els residus generats i la petjada de carboni associada a aquests residus, per dia i assistent, i l\u2019objectiu \u00e9s que serveixi per proposar accions per mitigar la generaci\u00f3 de residus i millorar-ne la gesti\u00f3 final. <\/strong>L\u2019enc\u00e0rrec \u00e9s de l\u2019<a href=\"https:\/\/residus.gencat.cat\/\">Ag\u00e8ncia de Residus de Catalunya<\/a>, i l\u2019estudi pilot ser\u00e0 el <a href=\"https:\/\/www.cruillabarcelona.com\/\">Festival Cru\u00eflla<\/a> en l\u2019edici\u00f3 del 2023.<\/p>\n\n\n\n<p style=\"font-size:25px\">D\u2019aquesta manera, s\u2019analitzaran el flux de materials del Festival en les fases de planificaci\u00f3, organitzaci\u00f3 i muntatge, aix\u00ed com durant la celebraci\u00f3 i el desmuntatge; en relaci\u00f3 amb els residus, s\u2019identificaran tant la quantitat que se n\u2019ha generat com la destinaci\u00f3 final de cadascuna de les fraccions recollides. Com a resultat, s\u2019obtindr\u00e0 un seguit de recursos per facilitar el c\u00e0lcul dels fluxos de materials i de residus que podr\u00e0 utilitzar qualsevol festival o esdeveniment que es dugui a terme a Catalunya. Tamb\u00e9 es proposaran accions i estrat\u00e8gies per reduir l\u2019\u00fas de mat\u00e8ries primeres, i prevenir i millorar tant la recollida selectiva com la gesti\u00f3 final dels residus. A m\u00e9s, es calcular\u00e0 la petjada de carboni associada als residus generats, un c\u00e0lcul que, tal com recorda la project manager d\u2019in\u00e8dit al capdavant del projecte, <strong>Manuela Santoyo<\/strong>, \u00ab\u00e9s fonamental a l\u2019hora de detectar els punts cr\u00edtics, prendre decisions i, en un futur, poder fer el seguiment de l\u2019efectivitat de les accions que s\u2019hagin empr\u00e8s\u00bb.&nbsp;<\/p>\n\n\n\n<p style=\"font-size:25px\"><strong>\u00abDisposar d\u2019una imatge completa dels residus que es generen en les fases pr\u00e8via, durant i posterior a la celebraci\u00f3 d\u2019un esdeveniment permetr\u00e0 identificar oportunitats de millora<\/strong> sobre la tipologia dels materials a fer servir i sobre com replantejar la separaci\u00f3 i la gesti\u00f3 dels residus; al mateix temps, t<strong>enir una perspectiva global de quin pes t\u00e9 cada tipologia de residu en l\u2019impacte ambiental total ser\u00e0 fonamental a l\u2019hora de prioritzar <\/strong>on posar el focus d\u2019atenci\u00f3 per idear solucions\u00bb, afegeix <strong>Santoyo<\/strong>.<\/p>\n\n\n\n<figure class=\"wp-block-gallery has-nested-images columns-default is-cropped wp-block-gallery-1 is-layout-flex wp-block-gallery-is-layout-flex\"><\/figure>\n\n\n\n<p style=\"font-size:25px\"><strong>Una inquietud que ve de lluny<\/strong><\/p>\n\n\n\n<p style=\"font-size:25px\">Que els festivals de m\u00fasica i els grans esdeveniments treballin per ser m\u00e9s verds no \u00e9s una novetat. Un dels pioners en la introducci\u00f3 de criteris de sostenibilitat als festivals \u00e9s el grup brit\u00e0nic de musica <em>indie <\/em>Radiohead, que el 2007 <a href=\"https:\/\/large.stanford.edu\/courses\/2012\/ph240\/landreman2\/docs\/BFF_Radiohead_Final.pdf\">va calcular la petjada ecol\u00f2gica i de carboni de les seves gires pel nord d\u2019Am\u00e8rica<\/a> dels anys 2003 i 2006. Un altre cas ben conegut \u00e9s el de la banda Coldplay, que l\u2019any 2018 es va proposar que en cada gira es reduirien les emissions de CO<sup>2<\/sup> a la meitat en relaci\u00f3 amb l\u2019anterior, i que el mar\u00e7 del 2022 <a href=\"https:\/\/www.sap.com\/about\/customer-stories\/coldplay.html\">va llan\u00e7ar una app<\/a> adre\u00e7ada a reduir les emissions del transport dels assistents als seus concerts.<\/p>\n\n\n\n<p style=\"font-size:25px\">Si parlem de festivals, a casa nostra, el <a href=\"https:\/\/www.primaverasound.com\/es\/barcelona\/environmental-commitment-primavera-sound-barcelona\">festival Primavera Sound<\/a> calcula des del 2011 les seves emissions de gasos d\u2019efecte hivernacle i ha introdu\u00eft iniciatives com els gots reutilitzables, el reciclatge o el foment del transport p\u00fablic. El <a href=\"https:\/\/www.cruillabarcelona.com\/ca\/sostenibilitat\/\">Festival Cru\u00eflla<\/a>, per la seva part, limita el seu aforament a 25.000 persones al dia per reduir la pressi\u00f3 al barri, i aposta per artistes i prove\u00efdors locals; tamb\u00e9 ha impulsat l\u2019\u00fas de gots reutilitzables i ha instal\u00b7lat fonts d\u2019aigua gratu\u00efta en tot el recinte, entre d\u2019altres accions.&nbsp;Fora de Catalunya, \u00e9s conegut el <a href=\"https:\/\/dgtl.nl\/\">Festival DGTL<\/a> d\u2019Amsterdam, considerat un dels festivals de m\u00fasica electr\u00f2nica m\u00e9s sostenibles del m\u00f3n. L\u2019any 2017, el Festival va introduir una eina per analitzar els fluxos de materials, aigua, mobilitat i energia durant el festival; va reduir el nombre de places d\u2019aparcament per dissuadir que els assistents hi anessin en cotxe privat, va oferir transport p\u00fablic a un preu m\u00e9s econ\u00f2mic de l\u2019habitual i va associar-se amb una empresa subministradora d\u2019energia verda per abastir el festival.<\/p>\n","protected":false},"excerpt":{"rendered":"<p>Envasos d\u2019un sol \u00fas, els vols dels artistes, els despla\u00e7aments del p\u00fablic, el marxandatge, el menjar, els v\u00e0ters ambulants, l\u2019energia. Un festival genera, de mitjana, 500 tones equivalents de di\u00f2xid de carboni, i cada persona que hi assisteix uns 5kg de CO2 al dia, segons un estudi de l\u2019associaci\u00f3 brit\u00e0nica sense \u00e0nim de lucre A&#8230;  <a class=\"excerpt-read-more\" href=\"https:\/\/ineditinnova.com\/en\/una-metodologia-permetra-calcular-els-residus-que-generen-els-festivals-de-catalunya\/\" title=\"Read Una metodologia permetr\u00e0 calcular els residus que generen els festivals de Catalunya\">Read more &raquo;<\/a><\/p>\n","protected":false},"author":2,"featured_media":5922,"comment_status":"closed","ping_status":"closed","sticky":false,"template":"","format":"standard","meta":{"_acf_changed":false,"footnotes":""},"categories":[44,20],"tags":[53],"class_list":["post-5925","post","type-post","status-publish","format-standard","has-post-thumbnail","hentry","category-metricas","category-ecodiseno","tag-news"],"acf":[],"yoast_head":"<!-- This site is optimized with the Yoast SEO plugin v27.5 - https:\/\/yoast.com\/product\/yoast-seo-wordpress\/ -->\n<title>Una metodologia permetr\u00e0 calcular els residus que generen els festivals de Catalunya - in\u00e8dit<\/title>\n<meta name=\"description\" content=\"In\u00e8dit desenvolupar\u00e0 recursos pensats per orientar els organitzadors d\u2019esdeveniments a l\u2019hora de prendre decisions sobre els materials a utilitzar i la separaci\u00f3 i gesti\u00f3 dels residus. L\u2019edici\u00f3 del 2023 del Festival Cru\u00eflla ser\u00e0 l\u2019estudi pilot en qu\u00e8 se centrar\u00e0 l\u2019estudi.\" \/>\n<meta name=\"robots\" content=\"index, follow, max-snippet:-1, max-image-preview:large, max-video-preview:-1\" \/>\n<link rel=\"canonical\" href=\"https:\/\/ineditinnova.com\/en\/una-metodologia-permetra-calcular-els-residus-que-generen-els-festivals-de-catalunya\/\" \/>\n<meta property=\"og:locale\" content=\"en_US\" \/>\n<meta property=\"og:type\" content=\"article\" \/>\n<meta property=\"og:title\" content=\"Una metodologia permetr\u00e0 calcular els residus que generen els festivals de Catalunya - in\u00e8dit\" \/>\n<meta property=\"og:description\" content=\"In\u00e8dit desenvolupar\u00e0 recursos pensats per orientar els organitzadors d\u2019esdeveniments a l\u2019hora de prendre decisions sobre els materials a utilitzar i la separaci\u00f3 i gesti\u00f3 dels residus. L\u2019edici\u00f3 del 2023 del Festival Cru\u00eflla ser\u00e0 l\u2019estudi pilot en qu\u00e8 se centrar\u00e0 l\u2019estudi.\" \/>\n<meta property=\"og:url\" content=\"https:\/\/ineditinnova.com\/en\/una-metodologia-permetra-calcular-els-residus-que-generen-els-festivals-de-catalunya\/\" \/>\n<meta property=\"og:site_name\" content=\"in\u00e8dit\" \/>\n<meta property=\"article:publisher\" content=\"https:\/\/www.facebook.com\/ineditinnovacio\/?ref=page_internal\" \/>\n<meta property=\"article:published_time\" content=\"2023-07-27T07:56:39+00:00\" \/>\n<meta property=\"article:modified_time\" content=\"2023-07-31T22:24:58+00:00\" \/>\n<meta property=\"og:image\" content=\"https:\/\/ineditinnova.com\/wp-content\/uploads\/2023\/07\/Festival_Cruilla-fotor-2023072795243.jpg\" \/>\n\t<meta property=\"og:image:width\" content=\"1200\" \/>\n\t<meta property=\"og:image:height\" content=\"800\" \/>\n\t<meta property=\"og:image:type\" content=\"image\/jpeg\" \/>\n<meta name=\"author\" content=\"Codina\" \/>\n<meta name=\"twitter:card\" content=\"summary_large_image\" \/>\n<meta name=\"twitter:creator\" content=\"@ineditinnova\" \/>\n<meta name=\"twitter:site\" content=\"@ineditinnova\" \/>\n<meta name=\"twitter:label1\" content=\"Written by\" \/>\n\t<meta name=\"twitter:data1\" content=\"Codina\" \/>\n\t<meta name=\"twitter:label2\" content=\"Est. reading time\" \/>\n\t<meta name=\"twitter:data2\" content=\"5 minutes\" \/>\n<script type=\"application\/ld+json\" class=\"yoast-schema-graph\">{\"@context\":\"https:\\\/\\\/schema.org\",\"@graph\":[{\"@type\":\"Article\",\"@id\":\"https:\\\/\\\/ineditinnova.com\\\/en\\\/una-metodologia-permetra-calcular-els-residus-que-generen-els-festivals-de-catalunya\\\/#article\",\"isPartOf\":{\"@id\":\"https:\\\/\\\/ineditinnova.com\\\/en\\\/una-metodologia-permetra-calcular-els-residus-que-generen-els-festivals-de-catalunya\\\/\"},\"author\":{\"name\":\"Codina\",\"@id\":\"https:\\\/\\\/ineditinnova.com\\\/en\\\/#\\\/schema\\\/person\\\/891e1158385858d9972e3d28e2abf5e5\"},\"headline\":\"Una metodologia permetr\u00e0 calcular els residus que generen els festivals de Catalunya\",\"datePublished\":\"2023-07-27T07:56:39+00:00\",\"dateModified\":\"2023-07-31T22:24:58+00:00\",\"mainEntityOfPage\":{\"@id\":\"https:\\\/\\\/ineditinnova.com\\\/en\\\/una-metodologia-permetra-calcular-els-residus-que-generen-els-festivals-de-catalunya\\\/\"},\"wordCount\":780,\"image\":{\"@id\":\"https:\\\/\\\/ineditinnova.com\\\/en\\\/una-metodologia-permetra-calcular-els-residus-que-generen-els-festivals-de-catalunya\\\/#primaryimage\"},\"thumbnailUrl\":\"https:\\\/\\\/ineditinnova.com\\\/wp-content\\\/uploads\\\/2023\\\/07\\\/Festival_Cruilla-fotor-2023072795243.jpg\",\"keywords\":[\"NEWS\"],\"articleSection\":[\"QUANTIFICATION OF ENVIRONMENTAL IMPACTS\",\"Ecodesign of Products and Services\"],\"inLanguage\":\"en-US\"},{\"@type\":\"WebPage\",\"@id\":\"https:\\\/\\\/ineditinnova.com\\\/en\\\/una-metodologia-permetra-calcular-els-residus-que-generen-els-festivals-de-catalunya\\\/\",\"url\":\"https:\\\/\\\/ineditinnova.com\\\/en\\\/una-metodologia-permetra-calcular-els-residus-que-generen-els-festivals-de-catalunya\\\/\",\"name\":\"Una metodologia permetr\u00e0 calcular els residus que generen els festivals de Catalunya - in\u00e8dit\",\"isPartOf\":{\"@id\":\"https:\\\/\\\/ineditinnova.com\\\/en\\\/#website\"},\"primaryImageOfPage\":{\"@id\":\"https:\\\/\\\/ineditinnova.com\\\/en\\\/una-metodologia-permetra-calcular-els-residus-que-generen-els-festivals-de-catalunya\\\/#primaryimage\"},\"image\":{\"@id\":\"https:\\\/\\\/ineditinnova.com\\\/en\\\/una-metodologia-permetra-calcular-els-residus-que-generen-els-festivals-de-catalunya\\\/#primaryimage\"},\"thumbnailUrl\":\"https:\\\/\\\/ineditinnova.com\\\/wp-content\\\/uploads\\\/2023\\\/07\\\/Festival_Cruilla-fotor-2023072795243.jpg\",\"datePublished\":\"2023-07-27T07:56:39+00:00\",\"dateModified\":\"2023-07-31T22:24:58+00:00\",\"author\":{\"@id\":\"https:\\\/\\\/ineditinnova.com\\\/en\\\/#\\\/schema\\\/person\\\/891e1158385858d9972e3d28e2abf5e5\"},\"description\":\"In\u00e8dit desenvolupar\u00e0 recursos pensats per orientar els organitzadors d\u2019esdeveniments a l\u2019hora de prendre decisions sobre els materials a utilitzar i la separaci\u00f3 i gesti\u00f3 dels residus. L\u2019edici\u00f3 del 2023 del Festival Cru\u00eflla ser\u00e0 l\u2019estudi pilot en qu\u00e8 se centrar\u00e0 l\u2019estudi.\",\"breadcrumb\":{\"@id\":\"https:\\\/\\\/ineditinnova.com\\\/en\\\/una-metodologia-permetra-calcular-els-residus-que-generen-els-festivals-de-catalunya\\\/#breadcrumb\"},\"inLanguage\":\"en-US\",\"potentialAction\":[{\"@type\":\"ReadAction\",\"target\":[\"https:\\\/\\\/ineditinnova.com\\\/en\\\/una-metodologia-permetra-calcular-els-residus-que-generen-els-festivals-de-catalunya\\\/\"]}]},{\"@type\":\"ImageObject\",\"inLanguage\":\"en-US\",\"@id\":\"https:\\\/\\\/ineditinnova.com\\\/en\\\/una-metodologia-permetra-calcular-els-residus-que-generen-els-festivals-de-catalunya\\\/#primaryimage\",\"url\":\"https:\\\/\\\/ineditinnova.com\\\/wp-content\\\/uploads\\\/2023\\\/07\\\/Festival_Cruilla-fotor-2023072795243.jpg\",\"contentUrl\":\"https:\\\/\\\/ineditinnova.com\\\/wp-content\\\/uploads\\\/2023\\\/07\\\/Festival_Cruilla-fotor-2023072795243.jpg\",\"width\":1200,\"height\":800},{\"@type\":\"BreadcrumbList\",\"@id\":\"https:\\\/\\\/ineditinnova.com\\\/en\\\/una-metodologia-permetra-calcular-els-residus-que-generen-els-festivals-de-catalunya\\\/#breadcrumb\",\"itemListElement\":[{\"@type\":\"ListItem\",\"position\":1,\"name\":\"Inici\",\"item\":\"https:\\\/\\\/ineditinnova.com\\\/en\\\/\"},{\"@type\":\"ListItem\",\"position\":2,\"name\":\"Una metodologia permetr\u00e0 calcular els residus que generen els festivals de Catalunya\"}]},{\"@type\":\"WebSite\",\"@id\":\"https:\\\/\\\/ineditinnova.com\\\/en\\\/#website\",\"url\":\"https:\\\/\\\/ineditinnova.com\\\/en\\\/\",\"name\":\"in\u00e8dit\",\"description\":\"We design circular and sustainable solutions for a better future\",\"potentialAction\":[{\"@type\":\"SearchAction\",\"target\":{\"@type\":\"EntryPoint\",\"urlTemplate\":\"https:\\\/\\\/ineditinnova.com\\\/en\\\/?s={search_term_string}\"},\"query-input\":{\"@type\":\"PropertyValueSpecification\",\"valueRequired\":true,\"valueName\":\"search_term_string\"}}],\"inLanguage\":\"en-US\"},{\"@type\":\"Person\",\"@id\":\"https:\\\/\\\/ineditinnova.com\\\/en\\\/#\\\/schema\\\/person\\\/891e1158385858d9972e3d28e2abf5e5\",\"name\":\"Codina\",\"image\":{\"@type\":\"ImageObject\",\"inLanguage\":\"en-US\",\"@id\":\"https:\\\/\\\/secure.gravatar.com\\\/avatar\\\/4fff7c6f6d19e46cfd6c15f0f9b4aeb9970dd1aa4028caf6584e34d95cb8a41d?s=96&d=mm&r=g\",\"url\":\"https:\\\/\\\/secure.gravatar.com\\\/avatar\\\/4fff7c6f6d19e46cfd6c15f0f9b4aeb9970dd1aa4028caf6584e34d95cb8a41d?s=96&d=mm&r=g\",\"contentUrl\":\"https:\\\/\\\/secure.gravatar.com\\\/avatar\\\/4fff7c6f6d19e46cfd6c15f0f9b4aeb9970dd1aa4028caf6584e34d95cb8a41d?s=96&d=mm&r=g\",\"caption\":\"Codina\"},\"url\":\"https:\\\/\\\/ineditinnova.com\\\/en\\\/author\\\/inedit\\\/\"}]}<\/script>\n<!-- \/ Yoast SEO plugin. -->","yoast_head_json":{"title":"Una metodologia permetr\u00e0 calcular els residus que generen els festivals de Catalunya - in\u00e8dit","description":"In\u00e8dit desenvolupar\u00e0 recursos pensats per orientar els organitzadors d\u2019esdeveniments a l\u2019hora de prendre decisions sobre els materials a utilitzar i la separaci\u00f3 i gesti\u00f3 dels residus. L\u2019edici\u00f3 del 2023 del Festival Cru\u00eflla ser\u00e0 l\u2019estudi pilot en qu\u00e8 se centrar\u00e0 l\u2019estudi.","robots":{"index":"index","follow":"follow","max-snippet":"max-snippet:-1","max-image-preview":"max-image-preview:large","max-video-preview":"max-video-preview:-1"},"canonical":"https:\/\/ineditinnova.com\/en\/una-metodologia-permetra-calcular-els-residus-que-generen-els-festivals-de-catalunya\/","og_locale":"en_US","og_type":"article","og_title":"Una metodologia permetr\u00e0 calcular els residus que generen els festivals de Catalunya - in\u00e8dit","og_description":"In\u00e8dit desenvolupar\u00e0 recursos pensats per orientar els organitzadors d\u2019esdeveniments a l\u2019hora de prendre decisions sobre els materials a utilitzar i la separaci\u00f3 i gesti\u00f3 dels residus. L\u2019edici\u00f3 del 2023 del Festival Cru\u00eflla ser\u00e0 l\u2019estudi pilot en qu\u00e8 se centrar\u00e0 l\u2019estudi.","og_url":"https:\/\/ineditinnova.com\/en\/una-metodologia-permetra-calcular-els-residus-que-generen-els-festivals-de-catalunya\/","og_site_name":"in\u00e8dit","article_publisher":"https:\/\/www.facebook.com\/ineditinnovacio\/?ref=page_internal","article_published_time":"2023-07-27T07:56:39+00:00","article_modified_time":"2023-07-31T22:24:58+00:00","og_image":[{"width":1200,"height":800,"url":"https:\/\/ineditinnova.com\/wp-content\/uploads\/2023\/07\/Festival_Cruilla-fotor-2023072795243.jpg","type":"image\/jpeg"}],"author":"Codina","twitter_card":"summary_large_image","twitter_creator":"@ineditinnova","twitter_site":"@ineditinnova","twitter_misc":{"Written by":"Codina","Est. reading time":"5 minutes"},"schema":{"@context":"https:\/\/schema.org","@graph":[{"@type":"Article","@id":"https:\/\/ineditinnova.com\/en\/una-metodologia-permetra-calcular-els-residus-que-generen-els-festivals-de-catalunya\/#article","isPartOf":{"@id":"https:\/\/ineditinnova.com\/en\/una-metodologia-permetra-calcular-els-residus-que-generen-els-festivals-de-catalunya\/"},"author":{"name":"Codina","@id":"https:\/\/ineditinnova.com\/en\/#\/schema\/person\/891e1158385858d9972e3d28e2abf5e5"},"headline":"Una metodologia permetr\u00e0 calcular els residus que generen els festivals de Catalunya","datePublished":"2023-07-27T07:56:39+00:00","dateModified":"2023-07-31T22:24:58+00:00","mainEntityOfPage":{"@id":"https:\/\/ineditinnova.com\/en\/una-metodologia-permetra-calcular-els-residus-que-generen-els-festivals-de-catalunya\/"},"wordCount":780,"image":{"@id":"https:\/\/ineditinnova.com\/en\/una-metodologia-permetra-calcular-els-residus-que-generen-els-festivals-de-catalunya\/#primaryimage"},"thumbnailUrl":"https:\/\/ineditinnova.com\/wp-content\/uploads\/2023\/07\/Festival_Cruilla-fotor-2023072795243.jpg","keywords":["NEWS"],"articleSection":["QUANTIFICATION OF ENVIRONMENTAL IMPACTS","Ecodesign of Products and Services"],"inLanguage":"en-US"},{"@type":"WebPage","@id":"https:\/\/ineditinnova.com\/en\/una-metodologia-permetra-calcular-els-residus-que-generen-els-festivals-de-catalunya\/","url":"https:\/\/ineditinnova.com\/en\/una-metodologia-permetra-calcular-els-residus-que-generen-els-festivals-de-catalunya\/","name":"Una metodologia permetr\u00e0 calcular els residus que generen els festivals de Catalunya - in\u00e8dit","isPartOf":{"@id":"https:\/\/ineditinnova.com\/en\/#website"},"primaryImageOfPage":{"@id":"https:\/\/ineditinnova.com\/en\/una-metodologia-permetra-calcular-els-residus-que-generen-els-festivals-de-catalunya\/#primaryimage"},"image":{"@id":"https:\/\/ineditinnova.com\/en\/una-metodologia-permetra-calcular-els-residus-que-generen-els-festivals-de-catalunya\/#primaryimage"},"thumbnailUrl":"https:\/\/ineditinnova.com\/wp-content\/uploads\/2023\/07\/Festival_Cruilla-fotor-2023072795243.jpg","datePublished":"2023-07-27T07:56:39+00:00","dateModified":"2023-07-31T22:24:58+00:00","author":{"@id":"https:\/\/ineditinnova.com\/en\/#\/schema\/person\/891e1158385858d9972e3d28e2abf5e5"},"description":"In\u00e8dit desenvolupar\u00e0 recursos pensats per orientar els organitzadors d\u2019esdeveniments a l\u2019hora de prendre decisions sobre els materials a utilitzar i la separaci\u00f3 i gesti\u00f3 dels residus. L\u2019edici\u00f3 del 2023 del Festival Cru\u00eflla ser\u00e0 l\u2019estudi pilot en qu\u00e8 se centrar\u00e0 l\u2019estudi.","breadcrumb":{"@id":"https:\/\/ineditinnova.com\/en\/una-metodologia-permetra-calcular-els-residus-que-generen-els-festivals-de-catalunya\/#breadcrumb"},"inLanguage":"en-US","potentialAction":[{"@type":"ReadAction","target":["https:\/\/ineditinnova.com\/en\/una-metodologia-permetra-calcular-els-residus-que-generen-els-festivals-de-catalunya\/"]}]},{"@type":"ImageObject","inLanguage":"en-US","@id":"https:\/\/ineditinnova.com\/en\/una-metodologia-permetra-calcular-els-residus-que-generen-els-festivals-de-catalunya\/#primaryimage","url":"https:\/\/ineditinnova.com\/wp-content\/uploads\/2023\/07\/Festival_Cruilla-fotor-2023072795243.jpg","contentUrl":"https:\/\/ineditinnova.com\/wp-content\/uploads\/2023\/07\/Festival_Cruilla-fotor-2023072795243.jpg","width":1200,"height":800},{"@type":"BreadcrumbList","@id":"https:\/\/ineditinnova.com\/en\/una-metodologia-permetra-calcular-els-residus-que-generen-els-festivals-de-catalunya\/#breadcrumb","itemListElement":[{"@type":"ListItem","position":1,"name":"Inici","item":"https:\/\/ineditinnova.com\/en\/"},{"@type":"ListItem","position":2,"name":"Una metodologia permetr\u00e0 calcular els residus que generen els festivals de Catalunya"}]},{"@type":"WebSite","@id":"https:\/\/ineditinnova.com\/en\/#website","url":"https:\/\/ineditinnova.com\/en\/","name":"in\u00e8dit","description":"We design circular and sustainable solutions for a better future","potentialAction":[{"@type":"SearchAction","target":{"@type":"EntryPoint","urlTemplate":"https:\/\/ineditinnova.com\/en\/?s={search_term_string}"},"query-input":{"@type":"PropertyValueSpecification","valueRequired":true,"valueName":"search_term_string"}}],"inLanguage":"en-US"},{"@type":"Person","@id":"https:\/\/ineditinnova.com\/en\/#\/schema\/person\/891e1158385858d9972e3d28e2abf5e5","name":"Codina","image":{"@type":"ImageObject","inLanguage":"en-US","@id":"https:\/\/secure.gravatar.com\/avatar\/4fff7c6f6d19e46cfd6c15f0f9b4aeb9970dd1aa4028caf6584e34d95cb8a41d?s=96&d=mm&r=g","url":"https:\/\/secure.gravatar.com\/avatar\/4fff7c6f6d19e46cfd6c15f0f9b4aeb9970dd1aa4028caf6584e34d95cb8a41d?s=96&d=mm&r=g","contentUrl":"https:\/\/secure.gravatar.com\/avatar\/4fff7c6f6d19e46cfd6c15f0f9b4aeb9970dd1aa4028caf6584e34d95cb8a41d?s=96&d=mm&r=g","caption":"Codina"},"url":"https:\/\/ineditinnova.com\/en\/author\/inedit\/"}]}},"_links":{"self":[{"href":"https:\/\/ineditinnova.com\/en\/wp-json\/wp\/v2\/posts\/5925","targetHints":{"allow":["GET"]}}],"collection":[{"href":"https:\/\/ineditinnova.com\/en\/wp-json\/wp\/v2\/posts"}],"about":[{"href":"https:\/\/ineditinnova.com\/en\/wp-json\/wp\/v2\/types\/post"}],"author":[{"embeddable":true,"href":"https:\/\/ineditinnova.com\/en\/wp-json\/wp\/v2\/users\/2"}],"replies":[{"embeddable":true,"href":"https:\/\/ineditinnova.com\/en\/wp-json\/wp\/v2\/comments?post=5925"}],"version-history":[{"count":2,"href":"https:\/\/ineditinnova.com\/en\/wp-json\/wp\/v2\/posts\/5925\/revisions"}],"predecessor-version":[{"id":5943,"href":"https:\/\/ineditinnova.com\/en\/wp-json\/wp\/v2\/posts\/5925\/revisions\/5943"}],"wp:featuredmedia":[{"embeddable":true,"href":"https:\/\/ineditinnova.com\/en\/wp-json\/wp\/v2\/media\/5922"}],"wp:attachment":[{"href":"https:\/\/ineditinnova.com\/en\/wp-json\/wp\/v2\/media?parent=5925"}],"wp:term":[{"taxonomy":"category","embeddable":true,"href":"https:\/\/ineditinnova.com\/en\/wp-json\/wp\/v2\/categories?post=5925"},{"taxonomy":"post_tag","embeddable":true,"href":"https:\/\/ineditinnova.com\/en\/wp-json\/wp\/v2\/tags?post=5925"}],"curies":[{"name":"wp","href":"https:\/\/api.w.org\/{rel}","templated":true}]}}