{"id":6972,"date":"2023-10-27T12:02:32","date_gmt":"2023-10-27T12:02:32","guid":{"rendered":"https:\/\/ineditinnova.com\/?p=6972"},"modified":"2023-11-24T10:28:00","modified_gmt":"2023-11-24T10:28:00","slug":"iberital-anew-la-primera-maquina-de-cafe-circular-premi-2023-rezero-catalunya-en-la-categoria-dempresa","status":"publish","type":"post","link":"https:\/\/ineditinnova.com\/en\/iberital-anew-la-primera-maquina-de-cafe-circular-premi-2023-rezero-catalunya-en-la-categoria-dempresa\/","title":{"rendered":"Iberital Anew, la primera m\u00e0quina de caf\u00e8 circular, Premi 2023 Rezero Catalunya en la categoria d\u2019Empresa"},"content":{"rendered":"\n<p><\/p>\n\n\n\n<p><\/p>\n\n\n\n<p><\/p>\n\n\n\n<p><\/p>\n\n\n\n<p style=\"font-size:25px\">\u00ab\u00c9s hora d\u2019allargar la vida de les m\u00e0quines de caf\u00e8, creant models que durin per sempre.\u00bb Aquest \u00e9s el lema amb qu\u00e8 <a href=\"https:\/\/www.iberital.com\/ca\/\">Iberital<\/a>, empresa que dissenya, fabrica i comercialitza m\u00e0quines de caf\u00e8 expr\u00e9s, molinets i recanvis per al sector de l\u2019hostaleria i la restauraci\u00f3, va concebre el projecte de crear una m\u00e0quina de caf\u00e8 circular. \u00c9s a dir, <strong>reparable, feta amb materials nobles i resistents, dissenyada de forma modular per poder-la remanufacturar f\u00e0cilment, i amb la mateixa garantia de qualitat que una de nova<\/strong>. Aquesta cafetera ja \u00e9s una realitat, i t\u00e9 un nom: <a href=\"https:\/\/www.iberital.com\/ca\/anew\/\">Iberital Anew<\/a>, i en el cam\u00ed per esdevenir una realitat ha comptat amb l\u2019assessorament i l\u2019acompanyament d\u2019<strong>in\u00e8dit<\/strong>, la col\u00b7laboraci\u00f3 de <a href=\"https:\/\/www.brita.es\/\">Brita<\/a> i de <a href=\"https:\/\/www.nestleprofessional.es\/\">Nestl\u00e9 Professional<\/a>, i el suport de l\u2019<a href=\"https:\/\/residus.gencat.cat\/es\/inici\/\">Ag\u00e8ncia de Residus de Catalunya<\/a>. Iberital Anew \u00e9s un projecte pioner al m\u00f3n en la ind\u00fastria del caf\u00e8, i ha estat reconegut amb els <a href=\"https:\/\/www.rezero.cat\/campanyes\/premis-rezero\/\">Premis 2023 Rezero Catalunya<\/a>, que atorga la <a href=\"https:\/\/www.rezero.cat\/\">Fundaci\u00f3 Rezero<\/a>, en la categoria d\u2019Empresa.<\/p>\n\n\n\n<p style=\"font-size:25px\">En el projecte, van renovar-se trenta m\u00e0quines de caf\u00e8 en des\u00fas; se\u2019ls va incorporar un filtre d\u2019aigua Brita per depurar-la i, aix\u00ed, evitar que s\u2019hi acumulin calci i guix malmetin la maquin\u00e0ria, i es van connectar al n\u00favol per monitoritzar, prevenir i assegurar el manteniment de les cafeteres. Llavors, van instal\u00b7lar-se en establiments d\u2019hostaleria, en una prova pilot de 18 mesos amb qu\u00e8 vol estudiar-se\u2019n la viabilitat. En aquest temps, s\u2019ha analitzat el sistema de garanties de producte que pot oferir Iberital com a fabricant amb capacitat tant de renovar com reparar les m\u00e0quines de caf\u00e8 de segona vida.<\/p>\n\n\n\n<p style=\"font-size:25px\"><strong>Els resultats<\/strong><\/p>\n\n\n\n<p style=\"font-size:25px\">Les m\u00e0quines remanufacturades tenen una vida \u00fatil de m\u00ednim deu anys, mentre que les noves s\u2019acostumen a considerar obsoletes a partir dels set. Pel que fa nom\u00e9s als materials, s\u2019ha observat que la remanufactura contribueix a reduir en un 22% la petjada de carboni, un 29% l\u2019esgotament dels recursos, i un 22% la petjada energ\u00e8tica.<\/p>\n\n\n\n<p><\/p>\n\n\n\n<p style=\"font-size:25px\"><em>Aquest projecte ha estat possible gr\u00e0cies al suport de l&#8217;Ag\u00e8ncia de Residus de Catalunya.<\/em><\/p>\n\n\n\n<figure class=\"wp-block-image size-large\"><img decoding=\"async\" width=\"1024\" height=\"147\" data-src=\"https:\/\/ineditinnova.com\/wp-content\/uploads\/2023\/11\/logo_arc_v1-1024x147.jpg\" alt=\"\" class=\"wp-image-7130 lazyload\" data-srcset=\"https:\/\/ineditinnova.com\/wp-content\/uploads\/2023\/11\/logo_arc_v1-1024x147.jpg 1024w, https:\/\/ineditinnova.com\/wp-content\/uploads\/2023\/11\/logo_arc_v1-300x43.jpg 300w, https:\/\/ineditinnova.com\/wp-content\/uploads\/2023\/11\/logo_arc_v1-768x110.jpg 768w, https:\/\/ineditinnova.com\/wp-content\/uploads\/2023\/11\/logo_arc_v1-1536x220.jpg 1536w, https:\/\/ineditinnova.com\/wp-content\/uploads\/2023\/11\/logo_arc_v1.jpg 2000w\" data-sizes=\"(max-width: 1024px) 100vw, 1024px\" src=\"data:image\/svg+xml;base64,PHN2ZyB3aWR0aD0iMSIgaGVpZ2h0PSIxIiB4bWxucz0iaHR0cDovL3d3dy53My5vcmcvMjAwMC9zdmciPjwvc3ZnPg==\" style=\"--smush-placeholder-width: 1024px; --smush-placeholder-aspect-ratio: 1024\/147;\" \/><\/figure>\n","protected":false},"excerpt":{"rendered":"<p>\u00ab\u00c9s hora d\u2019allargar la vida de les m\u00e0quines de caf\u00e8, creant models que durin per sempre.\u00bb Aquest \u00e9s el lema amb qu\u00e8 Iberital, empresa que dissenya, fabrica i comercialitza m\u00e0quines de caf\u00e8 expr\u00e9s, molinets i recanvis per al sector de l\u2019hostaleria i la restauraci\u00f3, va concebre el projecte de crear una m\u00e0quina de caf\u00e8 circular&#8230;.  <a class=\"excerpt-read-more\" href=\"https:\/\/ineditinnova.com\/en\/iberital-anew-la-primera-maquina-de-cafe-circular-premi-2023-rezero-catalunya-en-la-categoria-dempresa\/\" title=\"Read Iberital Anew, la primera m\u00e0quina de caf\u00e8 circular, Premi 2023 Rezero Catalunya en la categoria d\u2019Empresa\">Read more &raquo;<\/a><\/p>\n","protected":false},"author":2,"featured_media":6985,"comment_status":"closed","ping_status":"closed","sticky":false,"template":"","format":"standard","meta":{"_acf_changed":false,"footnotes":""},"categories":[33,20],"tags":[53],"class_list":["post-6972","post","type-post","status-publish","format-standard","has-post-thumbnail","hentry","category-cadena","category-ecodiseno","tag-news"],"acf":[],"yoast_head":"<!-- This site is optimized with the Yoast SEO plugin v27.5 - https:\/\/yoast.com\/product\/yoast-seo-wordpress\/ -->\n<title>Iberital Anew, la primera m\u00e0quina de caf\u00e8 circular, Premi 2023 Rezero Catalunya en la categoria d\u2019Empresa - in\u00e8dit<\/title>\n<meta name=\"description\" content=\"In\u00e8dit ha assessorat i acompanyat Iberital en aquest projecte pioner al m\u00f3n basat a crear m\u00e0quines de caf\u00e8 professionals reparables, dissenyades de forma modular per poder ser remanufacturades f\u00e0cilment, i amb la mateixa garantia de qualitat que una de nova\" \/>\n<meta name=\"robots\" content=\"index, follow, max-snippet:-1, max-image-preview:large, max-video-preview:-1\" \/>\n<link rel=\"canonical\" href=\"https:\/\/ineditinnova.com\/en\/iberital-anew-la-primera-maquina-de-cafe-circular-premi-2023-rezero-catalunya-en-la-categoria-dempresa\/\" \/>\n<meta property=\"og:locale\" content=\"en_US\" \/>\n<meta property=\"og:type\" content=\"article\" \/>\n<meta property=\"og:title\" content=\"Iberital Anew, la primera m\u00e0quina de caf\u00e8 circular, Premi 2023 Rezero Catalunya en la categoria d\u2019Empresa - in\u00e8dit\" \/>\n<meta property=\"og:description\" content=\"In\u00e8dit ha assessorat i acompanyat Iberital en aquest projecte pioner al m\u00f3n basat a crear m\u00e0quines de caf\u00e8 professionals reparables, dissenyades de forma modular per poder ser remanufacturades f\u00e0cilment, i amb la mateixa garantia de qualitat que una de nova\" \/>\n<meta property=\"og:url\" content=\"https:\/\/ineditinnova.com\/en\/iberital-anew-la-primera-maquina-de-cafe-circular-premi-2023-rezero-catalunya-en-la-categoria-dempresa\/\" \/>\n<meta property=\"og:site_name\" content=\"in\u00e8dit\" \/>\n<meta property=\"article:publisher\" content=\"https:\/\/www.facebook.com\/ineditinnovacio\/?ref=page_internal\" \/>\n<meta property=\"article:published_time\" content=\"2023-10-27T12:02:32+00:00\" \/>\n<meta property=\"article:modified_time\" content=\"2023-11-24T10:28:00+00:00\" \/>\n<meta property=\"og:image\" content=\"https:\/\/ineditinnova.com\/wp-content\/uploads\/2023\/10\/Portada_Iberital_Anew-fotor-20231027141552.jpg\" \/>\n\t<meta property=\"og:image:width\" content=\"915\" \/>\n\t<meta property=\"og:image:height\" content=\"549\" \/>\n\t<meta property=\"og:image:type\" content=\"image\/jpeg\" \/>\n<meta name=\"author\" content=\"Codina\" \/>\n<meta name=\"twitter:card\" content=\"summary_large_image\" \/>\n<meta name=\"twitter:creator\" content=\"@ineditinnova\" \/>\n<meta name=\"twitter:site\" content=\"@ineditinnova\" \/>\n<meta name=\"twitter:label1\" content=\"Written by\" \/>\n\t<meta name=\"twitter:data1\" content=\"Codina\" \/>\n\t<meta name=\"twitter:label2\" content=\"Est. reading time\" \/>\n\t<meta name=\"twitter:data2\" content=\"3 minutes\" \/>\n<script type=\"application\/ld+json\" class=\"yoast-schema-graph\">{\"@context\":\"https:\\\/\\\/schema.org\",\"@graph\":[{\"@type\":\"Article\",\"@id\":\"https:\\\/\\\/ineditinnova.com\\\/en\\\/iberital-anew-la-primera-maquina-de-cafe-circular-premi-2023-rezero-catalunya-en-la-categoria-dempresa\\\/#article\",\"isPartOf\":{\"@id\":\"https:\\\/\\\/ineditinnova.com\\\/en\\\/iberital-anew-la-primera-maquina-de-cafe-circular-premi-2023-rezero-catalunya-en-la-categoria-dempresa\\\/\"},\"author\":{\"name\":\"Codina\",\"@id\":\"https:\\\/\\\/ineditinnova.com\\\/en\\\/#\\\/schema\\\/person\\\/891e1158385858d9972e3d28e2abf5e5\"},\"headline\":\"Iberital Anew, la primera m\u00e0quina de caf\u00e8 circular, Premi 2023 Rezero Catalunya en la categoria d\u2019Empresa\",\"datePublished\":\"2023-10-27T12:02:32+00:00\",\"dateModified\":\"2023-11-24T10:28:00+00:00\",\"mainEntityOfPage\":{\"@id\":\"https:\\\/\\\/ineditinnova.com\\\/en\\\/iberital-anew-la-primera-maquina-de-cafe-circular-premi-2023-rezero-catalunya-en-la-categoria-dempresa\\\/\"},\"wordCount\":381,\"image\":{\"@id\":\"https:\\\/\\\/ineditinnova.com\\\/en\\\/iberital-anew-la-primera-maquina-de-cafe-circular-premi-2023-rezero-catalunya-en-la-categoria-dempresa\\\/#primaryimage\"},\"thumbnailUrl\":\"https:\\\/\\\/ineditinnova.com\\\/wp-content\\\/uploads\\\/2023\\\/10\\\/Portada_Iberital_Anew-fotor-20231027141552.jpg\",\"keywords\":[\"NEWS\"],\"articleSection\":[\"SUSTAINABLE BUSINESS STRATEGY\",\"Ecodesign of Products and Services\"],\"inLanguage\":\"en-US\"},{\"@type\":\"WebPage\",\"@id\":\"https:\\\/\\\/ineditinnova.com\\\/en\\\/iberital-anew-la-primera-maquina-de-cafe-circular-premi-2023-rezero-catalunya-en-la-categoria-dempresa\\\/\",\"url\":\"https:\\\/\\\/ineditinnova.com\\\/en\\\/iberital-anew-la-primera-maquina-de-cafe-circular-premi-2023-rezero-catalunya-en-la-categoria-dempresa\\\/\",\"name\":\"Iberital Anew, la primera m\u00e0quina de caf\u00e8 circular, Premi 2023 Rezero Catalunya en la categoria d\u2019Empresa - in\u00e8dit\",\"isPartOf\":{\"@id\":\"https:\\\/\\\/ineditinnova.com\\\/en\\\/#website\"},\"primaryImageOfPage\":{\"@id\":\"https:\\\/\\\/ineditinnova.com\\\/en\\\/iberital-anew-la-primera-maquina-de-cafe-circular-premi-2023-rezero-catalunya-en-la-categoria-dempresa\\\/#primaryimage\"},\"image\":{\"@id\":\"https:\\\/\\\/ineditinnova.com\\\/en\\\/iberital-anew-la-primera-maquina-de-cafe-circular-premi-2023-rezero-catalunya-en-la-categoria-dempresa\\\/#primaryimage\"},\"thumbnailUrl\":\"https:\\\/\\\/ineditinnova.com\\\/wp-content\\\/uploads\\\/2023\\\/10\\\/Portada_Iberital_Anew-fotor-20231027141552.jpg\",\"datePublished\":\"2023-10-27T12:02:32+00:00\",\"dateModified\":\"2023-11-24T10:28:00+00:00\",\"author\":{\"@id\":\"https:\\\/\\\/ineditinnova.com\\\/en\\\/#\\\/schema\\\/person\\\/891e1158385858d9972e3d28e2abf5e5\"},\"description\":\"In\u00e8dit ha assessorat i acompanyat Iberital en aquest projecte pioner al m\u00f3n basat a crear m\u00e0quines de caf\u00e8 professionals reparables, dissenyades de forma modular per poder ser remanufacturades f\u00e0cilment, i amb la mateixa garantia de qualitat que una de nova\",\"breadcrumb\":{\"@id\":\"https:\\\/\\\/ineditinnova.com\\\/en\\\/iberital-anew-la-primera-maquina-de-cafe-circular-premi-2023-rezero-catalunya-en-la-categoria-dempresa\\\/#breadcrumb\"},\"inLanguage\":\"en-US\",\"potentialAction\":[{\"@type\":\"ReadAction\",\"target\":[\"https:\\\/\\\/ineditinnova.com\\\/en\\\/iberital-anew-la-primera-maquina-de-cafe-circular-premi-2023-rezero-catalunya-en-la-categoria-dempresa\\\/\"]}]},{\"@type\":\"ImageObject\",\"inLanguage\":\"en-US\",\"@id\":\"https:\\\/\\\/ineditinnova.com\\\/en\\\/iberital-anew-la-primera-maquina-de-cafe-circular-premi-2023-rezero-catalunya-en-la-categoria-dempresa\\\/#primaryimage\",\"url\":\"https:\\\/\\\/ineditinnova.com\\\/wp-content\\\/uploads\\\/2023\\\/10\\\/Portada_Iberital_Anew-fotor-20231027141552.jpg\",\"contentUrl\":\"https:\\\/\\\/ineditinnova.com\\\/wp-content\\\/uploads\\\/2023\\\/10\\\/Portada_Iberital_Anew-fotor-20231027141552.jpg\",\"width\":915,\"height\":549,\"caption\":\"iberital anew cafetera circular\"},{\"@type\":\"BreadcrumbList\",\"@id\":\"https:\\\/\\\/ineditinnova.com\\\/en\\\/iberital-anew-la-primera-maquina-de-cafe-circular-premi-2023-rezero-catalunya-en-la-categoria-dempresa\\\/#breadcrumb\",\"itemListElement\":[{\"@type\":\"ListItem\",\"position\":1,\"name\":\"Inici\",\"item\":\"https:\\\/\\\/ineditinnova.com\\\/en\\\/\"},{\"@type\":\"ListItem\",\"position\":2,\"name\":\"Iberital Anew, la primera m\u00e0quina de caf\u00e8 circular, Premi 2023 Rezero Catalunya en la categoria d\u2019Empresa\"}]},{\"@type\":\"WebSite\",\"@id\":\"https:\\\/\\\/ineditinnova.com\\\/en\\\/#website\",\"url\":\"https:\\\/\\\/ineditinnova.com\\\/en\\\/\",\"name\":\"in\u00e8dit\",\"description\":\"We design circular and sustainable solutions for a better future\",\"potentialAction\":[{\"@type\":\"SearchAction\",\"target\":{\"@type\":\"EntryPoint\",\"urlTemplate\":\"https:\\\/\\\/ineditinnova.com\\\/en\\\/?s={search_term_string}\"},\"query-input\":{\"@type\":\"PropertyValueSpecification\",\"valueRequired\":true,\"valueName\":\"search_term_string\"}}],\"inLanguage\":\"en-US\"},{\"@type\":\"Person\",\"@id\":\"https:\\\/\\\/ineditinnova.com\\\/en\\\/#\\\/schema\\\/person\\\/891e1158385858d9972e3d28e2abf5e5\",\"name\":\"Codina\",\"image\":{\"@type\":\"ImageObject\",\"inLanguage\":\"en-US\",\"@id\":\"https:\\\/\\\/secure.gravatar.com\\\/avatar\\\/4fff7c6f6d19e46cfd6c15f0f9b4aeb9970dd1aa4028caf6584e34d95cb8a41d?s=96&d=mm&r=g\",\"url\":\"https:\\\/\\\/secure.gravatar.com\\\/avatar\\\/4fff7c6f6d19e46cfd6c15f0f9b4aeb9970dd1aa4028caf6584e34d95cb8a41d?s=96&d=mm&r=g\",\"contentUrl\":\"https:\\\/\\\/secure.gravatar.com\\\/avatar\\\/4fff7c6f6d19e46cfd6c15f0f9b4aeb9970dd1aa4028caf6584e34d95cb8a41d?s=96&d=mm&r=g\",\"caption\":\"Codina\"},\"url\":\"https:\\\/\\\/ineditinnova.com\\\/en\\\/author\\\/inedit\\\/\"}]}<\/script>\n<!-- \/ Yoast SEO plugin. -->","yoast_head_json":{"title":"Iberital Anew, la primera m\u00e0quina de caf\u00e8 circular, Premi 2023 Rezero Catalunya en la categoria d\u2019Empresa - in\u00e8dit","description":"In\u00e8dit ha assessorat i acompanyat Iberital en aquest projecte pioner al m\u00f3n basat a crear m\u00e0quines de caf\u00e8 professionals reparables, dissenyades de forma modular per poder ser remanufacturades f\u00e0cilment, i amb la mateixa garantia de qualitat que una de nova","robots":{"index":"index","follow":"follow","max-snippet":"max-snippet:-1","max-image-preview":"max-image-preview:large","max-video-preview":"max-video-preview:-1"},"canonical":"https:\/\/ineditinnova.com\/en\/iberital-anew-la-primera-maquina-de-cafe-circular-premi-2023-rezero-catalunya-en-la-categoria-dempresa\/","og_locale":"en_US","og_type":"article","og_title":"Iberital Anew, la primera m\u00e0quina de caf\u00e8 circular, Premi 2023 Rezero Catalunya en la categoria d\u2019Empresa - in\u00e8dit","og_description":"In\u00e8dit ha assessorat i acompanyat Iberital en aquest projecte pioner al m\u00f3n basat a crear m\u00e0quines de caf\u00e8 professionals reparables, dissenyades de forma modular per poder ser remanufacturades f\u00e0cilment, i amb la mateixa garantia de qualitat que una de nova","og_url":"https:\/\/ineditinnova.com\/en\/iberital-anew-la-primera-maquina-de-cafe-circular-premi-2023-rezero-catalunya-en-la-categoria-dempresa\/","og_site_name":"in\u00e8dit","article_publisher":"https:\/\/www.facebook.com\/ineditinnovacio\/?ref=page_internal","article_published_time":"2023-10-27T12:02:32+00:00","article_modified_time":"2023-11-24T10:28:00+00:00","og_image":[{"width":915,"height":549,"url":"https:\/\/ineditinnova.com\/wp-content\/uploads\/2023\/10\/Portada_Iberital_Anew-fotor-20231027141552.jpg","type":"image\/jpeg"}],"author":"Codina","twitter_card":"summary_large_image","twitter_creator":"@ineditinnova","twitter_site":"@ineditinnova","twitter_misc":{"Written by":"Codina","Est. reading time":"3 minutes"},"schema":{"@context":"https:\/\/schema.org","@graph":[{"@type":"Article","@id":"https:\/\/ineditinnova.com\/en\/iberital-anew-la-primera-maquina-de-cafe-circular-premi-2023-rezero-catalunya-en-la-categoria-dempresa\/#article","isPartOf":{"@id":"https:\/\/ineditinnova.com\/en\/iberital-anew-la-primera-maquina-de-cafe-circular-premi-2023-rezero-catalunya-en-la-categoria-dempresa\/"},"author":{"name":"Codina","@id":"https:\/\/ineditinnova.com\/en\/#\/schema\/person\/891e1158385858d9972e3d28e2abf5e5"},"headline":"Iberital Anew, la primera m\u00e0quina de caf\u00e8 circular, Premi 2023 Rezero Catalunya en la categoria d\u2019Empresa","datePublished":"2023-10-27T12:02:32+00:00","dateModified":"2023-11-24T10:28:00+00:00","mainEntityOfPage":{"@id":"https:\/\/ineditinnova.com\/en\/iberital-anew-la-primera-maquina-de-cafe-circular-premi-2023-rezero-catalunya-en-la-categoria-dempresa\/"},"wordCount":381,"image":{"@id":"https:\/\/ineditinnova.com\/en\/iberital-anew-la-primera-maquina-de-cafe-circular-premi-2023-rezero-catalunya-en-la-categoria-dempresa\/#primaryimage"},"thumbnailUrl":"https:\/\/ineditinnova.com\/wp-content\/uploads\/2023\/10\/Portada_Iberital_Anew-fotor-20231027141552.jpg","keywords":["NEWS"],"articleSection":["SUSTAINABLE BUSINESS STRATEGY","Ecodesign of Products and Services"],"inLanguage":"en-US"},{"@type":"WebPage","@id":"https:\/\/ineditinnova.com\/en\/iberital-anew-la-primera-maquina-de-cafe-circular-premi-2023-rezero-catalunya-en-la-categoria-dempresa\/","url":"https:\/\/ineditinnova.com\/en\/iberital-anew-la-primera-maquina-de-cafe-circular-premi-2023-rezero-catalunya-en-la-categoria-dempresa\/","name":"Iberital Anew, la primera m\u00e0quina de caf\u00e8 circular, Premi 2023 Rezero Catalunya en la categoria d\u2019Empresa - in\u00e8dit","isPartOf":{"@id":"https:\/\/ineditinnova.com\/en\/#website"},"primaryImageOfPage":{"@id":"https:\/\/ineditinnova.com\/en\/iberital-anew-la-primera-maquina-de-cafe-circular-premi-2023-rezero-catalunya-en-la-categoria-dempresa\/#primaryimage"},"image":{"@id":"https:\/\/ineditinnova.com\/en\/iberital-anew-la-primera-maquina-de-cafe-circular-premi-2023-rezero-catalunya-en-la-categoria-dempresa\/#primaryimage"},"thumbnailUrl":"https:\/\/ineditinnova.com\/wp-content\/uploads\/2023\/10\/Portada_Iberital_Anew-fotor-20231027141552.jpg","datePublished":"2023-10-27T12:02:32+00:00","dateModified":"2023-11-24T10:28:00+00:00","author":{"@id":"https:\/\/ineditinnova.com\/en\/#\/schema\/person\/891e1158385858d9972e3d28e2abf5e5"},"description":"In\u00e8dit ha assessorat i acompanyat Iberital en aquest projecte pioner al m\u00f3n basat a crear m\u00e0quines de caf\u00e8 professionals reparables, dissenyades de forma modular per poder ser remanufacturades f\u00e0cilment, i amb la mateixa garantia de qualitat que una de nova","breadcrumb":{"@id":"https:\/\/ineditinnova.com\/en\/iberital-anew-la-primera-maquina-de-cafe-circular-premi-2023-rezero-catalunya-en-la-categoria-dempresa\/#breadcrumb"},"inLanguage":"en-US","potentialAction":[{"@type":"ReadAction","target":["https:\/\/ineditinnova.com\/en\/iberital-anew-la-primera-maquina-de-cafe-circular-premi-2023-rezero-catalunya-en-la-categoria-dempresa\/"]}]},{"@type":"ImageObject","inLanguage":"en-US","@id":"https:\/\/ineditinnova.com\/en\/iberital-anew-la-primera-maquina-de-cafe-circular-premi-2023-rezero-catalunya-en-la-categoria-dempresa\/#primaryimage","url":"https:\/\/ineditinnova.com\/wp-content\/uploads\/2023\/10\/Portada_Iberital_Anew-fotor-20231027141552.jpg","contentUrl":"https:\/\/ineditinnova.com\/wp-content\/uploads\/2023\/10\/Portada_Iberital_Anew-fotor-20231027141552.jpg","width":915,"height":549,"caption":"iberital anew cafetera circular"},{"@type":"BreadcrumbList","@id":"https:\/\/ineditinnova.com\/en\/iberital-anew-la-primera-maquina-de-cafe-circular-premi-2023-rezero-catalunya-en-la-categoria-dempresa\/#breadcrumb","itemListElement":[{"@type":"ListItem","position":1,"name":"Inici","item":"https:\/\/ineditinnova.com\/en\/"},{"@type":"ListItem","position":2,"name":"Iberital Anew, la primera m\u00e0quina de caf\u00e8 circular, Premi 2023 Rezero Catalunya en la categoria d\u2019Empresa"}]},{"@type":"WebSite","@id":"https:\/\/ineditinnova.com\/en\/#website","url":"https:\/\/ineditinnova.com\/en\/","name":"in\u00e8dit","description":"We design circular and sustainable solutions for a better future","potentialAction":[{"@type":"SearchAction","target":{"@type":"EntryPoint","urlTemplate":"https:\/\/ineditinnova.com\/en\/?s={search_term_string}"},"query-input":{"@type":"PropertyValueSpecification","valueRequired":true,"valueName":"search_term_string"}}],"inLanguage":"en-US"},{"@type":"Person","@id":"https:\/\/ineditinnova.com\/en\/#\/schema\/person\/891e1158385858d9972e3d28e2abf5e5","name":"Codina","image":{"@type":"ImageObject","inLanguage":"en-US","@id":"https:\/\/secure.gravatar.com\/avatar\/4fff7c6f6d19e46cfd6c15f0f9b4aeb9970dd1aa4028caf6584e34d95cb8a41d?s=96&d=mm&r=g","url":"https:\/\/secure.gravatar.com\/avatar\/4fff7c6f6d19e46cfd6c15f0f9b4aeb9970dd1aa4028caf6584e34d95cb8a41d?s=96&d=mm&r=g","contentUrl":"https:\/\/secure.gravatar.com\/avatar\/4fff7c6f6d19e46cfd6c15f0f9b4aeb9970dd1aa4028caf6584e34d95cb8a41d?s=96&d=mm&r=g","caption":"Codina"},"url":"https:\/\/ineditinnova.com\/en\/author\/inedit\/"}]}},"_links":{"self":[{"href":"https:\/\/ineditinnova.com\/en\/wp-json\/wp\/v2\/posts\/6972","targetHints":{"allow":["GET"]}}],"collection":[{"href":"https:\/\/ineditinnova.com\/en\/wp-json\/wp\/v2\/posts"}],"about":[{"href":"https:\/\/ineditinnova.com\/en\/wp-json\/wp\/v2\/types\/post"}],"author":[{"embeddable":true,"href":"https:\/\/ineditinnova.com\/en\/wp-json\/wp\/v2\/users\/2"}],"replies":[{"embeddable":true,"href":"https:\/\/ineditinnova.com\/en\/wp-json\/wp\/v2\/comments?post=6972"}],"version-history":[{"count":5,"href":"https:\/\/ineditinnova.com\/en\/wp-json\/wp\/v2\/posts\/6972\/revisions"}],"predecessor-version":[{"id":7136,"href":"https:\/\/ineditinnova.com\/en\/wp-json\/wp\/v2\/posts\/6972\/revisions\/7136"}],"wp:featuredmedia":[{"embeddable":true,"href":"https:\/\/ineditinnova.com\/en\/wp-json\/wp\/v2\/media\/6985"}],"wp:attachment":[{"href":"https:\/\/ineditinnova.com\/en\/wp-json\/wp\/v2\/media?parent=6972"}],"wp:term":[{"taxonomy":"category","embeddable":true,"href":"https:\/\/ineditinnova.com\/en\/wp-json\/wp\/v2\/categories?post=6972"},{"taxonomy":"post_tag","embeddable":true,"href":"https:\/\/ineditinnova.com\/en\/wp-json\/wp\/v2\/tags?post=6972"}],"curies":[{"name":"wp","href":"https:\/\/api.w.org\/{rel}","templated":true}]}}