{"id":11057,"date":"2025-02-27T16:37:23","date_gmt":"2025-02-27T16:37:23","guid":{"rendered":"https:\/\/ineditinnova.com\/agafar-les-regnes-de-la-descarbonitzacio\/"},"modified":"2025-02-28T08:16:51","modified_gmt":"2025-02-28T08:16:51","slug":"agafar-les-regnes-de-la-descarbonitzacio","status":"publish","type":"post","link":"https:\/\/ineditinnova.com\/es\/agafar-les-regnes-de-la-descarbonitzacio\/","title":{"rendered":"Tomar las riendas de la descarbonizaci\u00f3n"},"content":{"rendered":"\n<p style=\"font-size:25px\">Las emisiones de la cadena de suministro de una organizaci\u00f3n son, de media, 26 veces mayores que sus emisiones operacionales. Afrontar este reto es complejo, ya que implica necesariamente la cooperaci\u00f3n con los proveedores a lo largo de toda la cadena de valor. Esto hace que muchas empresas opten por centrarse solo en las emisiones de alcance 1 y 2, es decir, aquellas generadas por sus propios edificios, maquinaria, activos, log\u00edstica y consumo de energ\u00eda para uso interno.<\/p>\n\n\n\n<p style=\"font-size:25px\">Con el objetivo de discutir c\u00f3mo abordar este desaf\u00edo, compartir experiencias y apuntar posibles soluciones, in\u00e8dit centr\u00f3 el segundo taller de su \u00abCiclo de talleres sobre descarbonizaci\u00f3n\u00bb en la integraci\u00f3n de la descarbonizaci\u00f3n en el di\u00e1logo con los proveedores. <strong>El taller se celebr\u00f3 el 19 de febrero en Barcelona y reuni\u00f3 a 75 representantes de 48 empresas\u00bb de sectores tan diversos como la moda y la cosm\u00e9tica, la industria manufacturera, la construcci\u00f3n o la alimentaci\u00f3n y bebidas.<\/strong><\/p>\n\n\n\n<h2 class=\"wp-block-heading\"><strong>Aliarse para la descarbonizaci\u00f3n<\/strong><\/h2>\n\n\n\n<p style=\"font-size:25px\">Dicen que la uni\u00f3n hace la fuerza, y el caso de <strong><a href=\"https:\/\/www.loreal-paris.es\/\">L\u2019Or\u00e9al<\/a><\/strong> y <strong><a href=\"https:\/\/www.clarel.es\/\">Clarel<\/a><\/strong> es un gran ejemplo de ello. En febrero, <a href=\"https:\/\/www.loreal.com\/es-es\/espana\/news\/grupo\/acuerdo-estrategico-loreal-clarel-por-la-descarbonizacion\/\"><strong>ambas compa\u00f1\u00edas firmaron un acuerdo para trabajar conjuntamente en la reducci\u00f3n de su huella de carbono<\/strong><\/a>. Han desarrollado un plan de acci\u00f3n conjunto que contempla iniciativas comunes para abordar aspectos cr\u00edticos de la sostenibilidad, como el transporte, los envases o la implicaci\u00f3n de los puntos de venta y los clientes. <strong>in\u00e8dit ha acompa\u00f1ado a ambas empresas en este proceso, dise\u00f1ando y dinamizando una sesi\u00f3n participativa <\/strong>para identificar las palancas y acciones estrat\u00e9gicas para la descarbonizaci\u00f3n de ambas organizaciones.<\/p>\n\n\n\n<figure class=\"wp-block-image size-full\"><img decoding=\"async\" width=\"2560\" height=\"1708\" data-src=\"https:\/\/ineditinnova.com\/wp-content\/uploads\/2025\/02\/loreal_clarel-scaled.jpg\" alt=\"\" class=\"wp-image-11031 lazyload\" data-srcset=\"https:\/\/ineditinnova.com\/wp-content\/uploads\/2025\/02\/loreal_clarel-scaled.jpg 2560w, https:\/\/ineditinnova.com\/wp-content\/uploads\/2025\/02\/loreal_clarel-300x200.jpg 300w\" data-sizes=\"(max-width: 2560px) 100vw, 2560px\" src=\"data:image\/svg+xml;base64,PHN2ZyB3aWR0aD0iMSIgaGVpZ2h0PSIxIiB4bWxucz0iaHR0cDovL3d3dy53My5vcmcvMjAwMC9zdmciPjwvc3ZnPg==\" style=\"--smush-placeholder-width: 2560px; --smush-placeholder-aspect-ratio: 2560\/1708;\" \/><figcaption class=\"wp-element-caption\">Cristina Vaquero y Alejandra Pulido, durante el taller. Foto: Robert Ramos \/ in\u00e8dit.<\/figcaption><\/figure>\n\n\n\n<p style=\"font-size:25px\">Aunque tanto L\u2019Or\u00e9al como Clarel ya llevaban a cabo acciones para reducir sus emisiones, se dieron cuenta de que, para avanzar en este camino, \u00abla colaboraci\u00f3n aguas arriba y aguas abajo, con proveedores y clientes, es esencial\u00bb, afirm\u00f3 Cristina Vaquero, senior manager de Sostenibilidad e Impacto Positivo en L\u2019Or\u00e9al Espa\u00f1a.<\/p>\n\n\n\n<figure class=\"wp-block-pullquote\"><blockquote><p>\u00abLa colaboraci\u00f3 aguas arriba y aguas abajo, con proveedores y clientes, es esencial\u00bb, seg\u00fan Cristina Vaquero, senior manager de Sostenibilidad e Impacto Positivo en L\u2019Or\u00e9al Espa\u00f1a.<\/p><\/blockquote><\/figure>\n\n\n\n<p style=\"font-size:25px\">Vaquero fue una de las ponentes en un di\u00e1logo <em>t\u00eate-\u00e0-t\u00eate<\/em> con <strong>Alejandra Pulido<\/strong>, directora de Sostenibilidad y Calidad en Clarel, moderado por <strong>Elena Badia Elias<\/strong>, responsable de proyectos en in\u00e8dit. En esta conversaci\u00f3n, Vaquero destac\u00f3 la importancia de \u00abidentificar socios estrat\u00e9gicos comprometidos con la colaboraci\u00f3n y establecer acciones conjuntas\u00bb. Fue en ese contexto que iniciaron con Clarel un plan de negocio conjunto centrado en la sostenibilidad, lo que se conoce como <em>Green Joint Business Plan<\/em>.<\/p>\n\n\n\n<figure class=\"wp-block-pullquote\"><blockquote><p>Para Alejandra Pulido, directora de Sostenibilidad y Calidad en Clarel, disponer de un agente externo que asesore y acompa\u00f1e a las empresas en este proceso contribuye a crear \u00abuna situaci\u00f3n de igualdad entre las empresas colaboradoras\u00bb.<\/p><\/blockquote><\/figure>\n\n\n\n<p style=\"font-size:25px\">En este proceso, Pulido apunt\u00f3 que <strong>\u00abes clave contar con un CEO comprometido con la sostenibilidad y un plan de acci\u00f3n transversal que involucre a todos los departamentos de la empresa<\/strong>, no solo al de sostenibilidad\u00bb. Tambi\u00e9n ayuda contar con \u00abun agente externo\u00bb \u2015una empresa especializada en sostenibilidad, econom\u00eda circular y\/o descarbonizaci\u00f3n\u2015 que asesore y acompa\u00f1e el proceso, y que adem\u00e1s \u00abpueda crear una situaci\u00f3n de igualdad entre las empresas colaboradoras\u00bb, a\u00f1adi\u00f3.<\/p>\n\n\n\n<h2 class=\"wp-block-heading\"><strong>Cuatro casos de empresas que traccionan la cadena de valor<\/strong><\/h2>\n\n\n\n<figure class=\"wp-block-image size-full\"><img decoding=\"async\" width=\"2560\" height=\"1708\" data-src=\"https:\/\/ineditinnova.com\/wp-content\/uploads\/2025\/02\/practiques-pioneres-scaled.jpg\" alt=\"\" class=\"wp-image-11034 lazyload\" data-srcset=\"https:\/\/ineditinnova.com\/wp-content\/uploads\/2025\/02\/practiques-pioneres-scaled.jpg 2560w, https:\/\/ineditinnova.com\/wp-content\/uploads\/2025\/02\/practiques-pioneres-300x200.jpg 300w\" data-sizes=\"(max-width: 2560px) 100vw, 2560px\" src=\"data:image\/svg+xml;base64,PHN2ZyB3aWR0aD0iMSIgaGVpZ2h0PSIxIiB4bWxucz0iaHR0cDovL3d3dy53My5vcmcvMjAwMC9zdmciPjwvc3ZnPg==\" style=\"--smush-placeholder-width: 2560px; --smush-placeholder-aspect-ratio: 2560\/1708;\" \/><figcaption class=\"wp-element-caption\">De izquierda a derecha, J. Oliver, J. Maria Ribas, S. Arnau, M. Cammany y C. Jounou. Foto: R. Ramos\/in\u00e8dit<\/figcaption><\/figure>\n\n\n\n<p style=\"font-size:25px\">El director ejecutivo de in\u00e8dit, <strong>Jordi Oliver<\/strong>, fue el conductor de una mesa redonda en la que se presentaron los casos de <strong><a href=\"https:\/\/www.torres.es\/\">Familia Torres<\/a><\/strong>, <strong><a href=\"https:\/\/www.ferrer.com\/ca\">Ferrer<\/a><\/strong>, <strong><a href=\"https:\/\/www.epi-industries.com\/es\/\">EPI Industries<\/a><\/strong> y <strong><a href=\"https:\/\/ledsc4.com\/es\">LedsC4<\/a><\/strong>. \u00abCuando el 80% de la huella de carbono proviene de los proveedores, puedes afrontar el reto de dos maneras: no actuar y esperar a que sean ellos los que tomen la iniciativa, o tomar las riendas y liderar la cadena de valor. Y las empresas de esta mesa redonda pertenecen al segundo grupo\u00bb, afirm\u00f3.<\/p>\n\n\n\n<figure class=\"wp-block-image size-full\"><img decoding=\"async\" width=\"2560\" height=\"1708\" data-src=\"https:\/\/ineditinnova.com\/wp-content\/uploads\/2025\/02\/josep-m-ribas-scaled.jpg\" alt=\"\" class=\"wp-image-11037 lazyload\" data-srcset=\"https:\/\/ineditinnova.com\/wp-content\/uploads\/2025\/02\/josep-m-ribas-scaled.jpg 2560w, https:\/\/ineditinnova.com\/wp-content\/uploads\/2025\/02\/josep-m-ribas-300x200.jpg 300w\" data-sizes=\"(max-width: 2560px) 100vw, 2560px\" src=\"data:image\/svg+xml;base64,PHN2ZyB3aWR0aD0iMSIgaGVpZ2h0PSIxIiB4bWxucz0iaHR0cDovL3d3dy53My5vcmcvMjAwMC9zdmciPjwvc3ZnPg==\" style=\"--smush-placeholder-width: 2560px; --smush-placeholder-aspect-ratio: 2560\/1708;\" \/><figcaption class=\"wp-element-caption\">Josep Maria Ribas, de Familia Torres, durante su intervenci\u00f3n. Foto: Robert Ramos \/ in\u00e8dit<\/figcaption><\/figure>\n\n\n\n<p style=\"font-size:25px\"><strong>Josep Maria Ribas<\/strong>, director de Cambio Clim\u00e1tico en <strong>Familia Torres<\/strong>, explic\u00f3 las acciones de la empresa vitivin\u00edcola, pionera en sostenibilidad dentro del sector. El 85% de sus emisiones provienen de los proveedores, por lo que han lanzado premios para los m\u00e1s sostenibles e iniciativas colaborativas para impulsar su implicaci\u00f3n. \u00abUno de nuestros grandes retos es la distribuci\u00f3n; para reducir su huella de carbono estamos tratando de convencer a nuestros clientes de que adopten la intermodalidad y usen el tren\u00bb, explic\u00f3. Adem\u00e1s, <strong>Familia Torres exige a sus principales proveedores la certificaci\u00f3n ISO de huella de carbono, tanto de la organizaci\u00f3n como del producto.<\/strong><\/p>\n\n\n\n<figure class=\"wp-block-image size-full\"><img decoding=\"async\" width=\"2560\" height=\"1708\" data-src=\"https:\/\/ineditinnova.com\/wp-content\/uploads\/2025\/02\/Sergi-Arnau-scaled.jpg\" alt=\"\" class=\"wp-image-11040 lazyload\" data-srcset=\"https:\/\/ineditinnova.com\/wp-content\/uploads\/2025\/02\/Sergi-Arnau-scaled.jpg 2560w, https:\/\/ineditinnova.com\/wp-content\/uploads\/2025\/02\/Sergi-Arnau-300x200.jpg 300w\" data-sizes=\"(max-width: 2560px) 100vw, 2560px\" src=\"data:image\/svg+xml;base64,PHN2ZyB3aWR0aD0iMSIgaGVpZ2h0PSIxIiB4bWxucz0iaHR0cDovL3d3dy53My5vcmcvMjAwMC9zdmciPjwvc3ZnPg==\" style=\"--smush-placeholder-width: 2560px; --smush-placeholder-aspect-ratio: 2560\/1708;\" \/><figcaption class=\"wp-element-caption\">Sergi Arnau, especialista en Sostenibilidad de Ferrer. Foto: Robert Ramos \/ in\u00e8dit<\/figcaption><\/figure>\n\n\n\n<p style=\"font-size:25px\"><strong>Sergi Arnau<\/strong>, especialista en Sostenibilidad en <strong>Ferrer<\/strong>, explic\u00f3 que <strong>la empresa se ha comprometido a reducir las emisiones de alcance 3 en un 55% para 2030, aline\u00e1ndose con los objetivos de la Science Based Targets initiative (SBTi).<\/strong> Una de las medidas que implementar\u00e1n en 2025 ser\u00e1n cl\u00e1usulas ambientales en los contratos, solicitando datos de huella de carbono completa a los proveedores. Tambi\u00e9n destac\u00f3 la importancia de la colaboraci\u00f3n sectorial.<\/p>\n\n\n\n<figure class=\"wp-block-image size-full\"><img decoding=\"async\" width=\"2560\" height=\"1708\" data-src=\"https:\/\/ineditinnova.com\/wp-content\/uploads\/2025\/02\/mireia-cammany-scaled.jpg\" alt=\"\" class=\"wp-image-11043 lazyload\" data-srcset=\"https:\/\/ineditinnova.com\/wp-content\/uploads\/2025\/02\/mireia-cammany-scaled.jpg 2560w, https:\/\/ineditinnova.com\/wp-content\/uploads\/2025\/02\/mireia-cammany-300x200.jpg 300w\" data-sizes=\"(max-width: 2560px) 100vw, 2560px\" src=\"data:image\/svg+xml;base64,PHN2ZyB3aWR0aD0iMSIgaGVpZ2h0PSIxIiB4bWxucz0iaHR0cDovL3d3dy53My5vcmcvMjAwMC9zdmciPjwvc3ZnPg==\" style=\"--smush-placeholder-width: 2560px; --smush-placeholder-aspect-ratio: 2560\/1708;\" \/><figcaption class=\"wp-element-caption\">Mireia Cammany, d&#8217;EPI Industries. Foto: Robert Ramos \/ in\u00e8dit<\/figcaption><\/figure>\n\n\n\n<p style=\"font-size:25px\"><strong>Mireia Cammany<\/strong>, directora general adjunta de EPI Industries Family of Companies, explic\u00f3 que su empresa comenz\u00f3 en 2021 a calcular su huella de carbono y obtener certificaciones ambientales debido a la demanda de sus clientes. Cammany destac\u00f3 la importancia de formar a los trabajadores, quienes \u00abse implicaron mucho en el proceso y propusieron muchas acciones\u00bb, as\u00ed como de identificar a los interlocutores clave en la cadena de valor. <strong>\u00abLa descarbonizaci\u00f3n abre nuevos mercados, facilita la financiaci\u00f3n, permite anticiparse a novedades legislativas y facilita la contrataci\u00f3n p\u00fablica\u00bb<\/strong>, afirm\u00f3.<\/p>\n\n\n\n<figure class=\"wp-block-image size-full\"><img decoding=\"async\" width=\"2560\" height=\"1708\" data-src=\"https:\/\/ineditinnova.com\/wp-content\/uploads\/2025\/02\/clara-jounou-scaled.jpg\" alt=\"\" class=\"wp-image-11046 lazyload\" data-srcset=\"https:\/\/ineditinnova.com\/wp-content\/uploads\/2025\/02\/clara-jounou-scaled.jpg 2560w, https:\/\/ineditinnova.com\/wp-content\/uploads\/2025\/02\/clara-jounou-300x200.jpg 300w\" data-sizes=\"(max-width: 2560px) 100vw, 2560px\" src=\"data:image\/svg+xml;base64,PHN2ZyB3aWR0aD0iMSIgaGVpZ2h0PSIxIiB4bWxucz0iaHR0cDovL3d3dy53My5vcmcvMjAwMC9zdmciPjwvc3ZnPg==\" style=\"--smush-placeholder-width: 2560px; --smush-placeholder-aspect-ratio: 2560\/1708;\" \/><figcaption class=\"wp-element-caption\">Clara Jounou, de LedsC4. Foto: Robert Ramos \/ in\u00e8dit<\/figcaption><\/figure>\n\n\n\n<p style=\"font-size:25px\">Para acabar, <strong>Clara Jounou<\/strong>, t\u00e9cnica de Calidad y Medio Ambiente en LedsC4, explic\u00f3 que desde hace tres a\u00f1os calculan y verifican su huella de carbono organizacional y que en 2024 han comenzado a trabajar en su plan de descarbonizaci\u00f3n 2024-2030. En su caso, <strong>elaboran Declaraciones Ambientales de Producto (DAP) porque \u00abes una demanda creciente de los clientes del sector, que cada vez valoran m\u00e1s este tipo de certificaciones\u00bb. <\/strong>Estas herramientas les permiten identificar en qu\u00e9 fases del producto deben priorizar sus esfuerzos.<\/p>\n\n\n\n<h2 class=\"wp-block-heading\"><strong>Pasar a la acci\u00f3n<\/strong><\/h2>\n\n\n\n<figure class=\"wp-block-image size-full\"><img decoding=\"async\" width=\"2560\" height=\"1708\" data-src=\"https:\/\/ineditinnova.com\/wp-content\/uploads\/2025\/02\/carles-gasol-scaled.jpg\" alt=\"\" class=\"wp-image-11049 lazyload\" data-srcset=\"https:\/\/ineditinnova.com\/wp-content\/uploads\/2025\/02\/carles-gasol-scaled.jpg 2560w, https:\/\/ineditinnova.com\/wp-content\/uploads\/2025\/02\/carles-gasol-300x200.jpg 300w\" data-sizes=\"(max-width: 2560px) 100vw, 2560px\" src=\"data:image\/svg+xml;base64,PHN2ZyB3aWR0aD0iMSIgaGVpZ2h0PSIxIiB4bWxucz0iaHR0cDovL3d3dy53My5vcmcvMjAwMC9zdmciPjwvc3ZnPg==\" style=\"--smush-placeholder-width: 2560px; --smush-placeholder-aspect-ratio: 2560\/1708;\" \/><figcaption class=\"wp-element-caption\">Carles Gasol, director de Desarrollo de negocio de in\u00e8dit. Foto: Robert Ramos \/ in\u00e8dit<\/figcaption><\/figure>\n\n\n\n<p style=\"font-size:25px\"><strong>Carles Gasol<\/strong>, director de Desarrollo de Negocio en <strong>in\u00e8dit<\/strong>, cerr\u00f3 el taller se\u00f1alando <strong>las claves para dise\u00f1ar y activar una estrategia de descarbonizaci\u00f3n con los proveedores.<\/strong><\/p>\n\n\n\n<p style=\"font-size:25px\">Este plan se basa en los siguientes pasos:<\/p>\n\n\n\n<ul class=\"wp-block-list\">\n<li style=\"font-size:25px\">&#8211; Identificar y priorizar a los proveedores con mayor contribuci\u00f3n a la huella de carbono de la empresa. <\/li>\n\n\n\n<li style=\"font-size:25px\">&#8211; Conocer la huella de carbono de los proveedores y sus planes de descarbonizaci\u00f3n. <\/li>\n\n\n\n<li style=\"font-size:25px\">&#8211; Involucrar a los proveedores clave y alinear sus objetivos con la estrategia de descarbonizaci\u00f3n de la empresa. <\/li>\n\n\n\n<li style=\"font-size:25px\">&#8211; Establecer un sistema de seguimiento, reporte y apoyo para cumplir los objetivos de descarbonizaci\u00f3n. <\/li>\n\n\n\n<li style=\"font-size:25px\">&#8211; Revisar y mejorar continuamente el plan, asegurando la transparencia en la comunicaci\u00f3n de avances a las partes interesadas.<\/li>\n<\/ul>\n\n\n\n<p style=\"font-size:25px\">Finalmente, a partir de diversos ejemplos inspiradores, present\u00f3 algunas ideas para activar la cadena de suministro en el proceso de descarbonizaci\u00f3n.<\/p>\n\n\n\n<p style=\"font-size:25px\">El pr\u00f3ximo taller sobre descarbonizaci\u00f3n de in\u00e8dit se centrar\u00e1 en log\u00edstica y transporte de productos, clientes y trabajadores, y tendr\u00e1 lugar el 2 de abril.<\/p>\n\n\n\n<p><\/p>\n","protected":false},"excerpt":{"rendered":"<p>Las emisiones de la cadena de suministro de una organizaci\u00f3n son, de media, 26 veces mayores que sus emisiones operacionales. Afrontar este reto es complejo, ya que implica necesariamente la cooperaci\u00f3n con los proveedores a lo largo de toda la cadena de valor. Esto hace que muchas empresas opten por centrarse solo en las emisiones&#8230;  <a class=\"excerpt-read-more\" href=\"https:\/\/ineditinnova.com\/es\/agafar-les-regnes-de-la-descarbonitzacio\/\" title=\"Read Tomar las riendas de la descarbonizaci\u00f3n\">Read more &raquo;<\/a><\/p>\n","protected":false},"author":2,"featured_media":11054,"comment_status":"closed","ping_status":"closed","sticky":false,"template":"","format":"standard","meta":{"_acf_changed":false,"footnotes":""},"categories":[43,31],"tags":[54],"class_list":["post-11057","post","type-post","status-publish","format-standard","has-post-thumbnail","hentry","category-metricas","category-cadena","tag-noticia-es"],"acf":[],"yoast_head":"<!-- This site is optimized with the Yoast SEO plugin v27.5 - https:\/\/yoast.com\/product\/yoast-seo-wordpress\/ -->\n<title>Tomar las riendas de la descarbonizaci\u00f3n - in\u00e8dit<\/title>\n<meta name=\"description\" content=\"Las emisiones de la cadena de suministro de una organizaci\u00f3n son, de media, 26 veces mayores que sus emisiones operacionales. Afrontar este reto es complejo, ya que implica necesariamente la \u00abcooperaci\u00f3n con los proveedores a lo largo de toda la cadena de valor. Esto hace que muchas empresas opten por centrarse solo en las emisiones de alcance 1 y 2, es decir, aquellas generadas por sus propios edificios, maquinaria, activos, log\u00edstica y consumo de energ\u00eda para uso interno.\" \/>\n<meta name=\"robots\" content=\"index, follow, max-snippet:-1, max-image-preview:large, max-video-preview:-1\" \/>\n<link rel=\"canonical\" href=\"https:\/\/ineditinnova.com\/es\/agafar-les-regnes-de-la-descarbonitzacio\/\" \/>\n<meta property=\"og:locale\" content=\"es_ES\" \/>\n<meta property=\"og:type\" content=\"article\" \/>\n<meta property=\"og:title\" content=\"Tomar las riendas de la descarbonizaci\u00f3n - in\u00e8dit\" \/>\n<meta property=\"og:description\" content=\"Las emisiones de la cadena de suministro de una organizaci\u00f3n son, de media, 26 veces mayores que sus emisiones operacionales. Afrontar este reto es complejo, ya que implica necesariamente la \u00abcooperaci\u00f3n con los proveedores a lo largo de toda la cadena de valor. Esto hace que muchas empresas opten por centrarse solo en las emisiones de alcance 1 y 2, es decir, aquellas generadas por sus propios edificios, maquinaria, activos, log\u00edstica y consumo de energ\u00eda para uso interno.\" \/>\n<meta property=\"og:url\" content=\"https:\/\/ineditinnova.com\/es\/agafar-les-regnes-de-la-descarbonitzacio\/\" \/>\n<meta property=\"og:site_name\" content=\"in\u00e8dit\" \/>\n<meta property=\"article:publisher\" content=\"https:\/\/www.facebook.com\/ineditinnovacio\/?ref=page_internal\" \/>\n<meta property=\"article:published_time\" content=\"2025-02-27T16:37:23+00:00\" \/>\n<meta property=\"article:modified_time\" content=\"2025-02-28T08:16:51+00:00\" \/>\n<meta property=\"og:image\" content=\"https:\/\/ineditinnova.com\/wp-content\/uploads\/2025\/02\/sala_plena.jpg\" \/>\n\t<meta property=\"og:image:width\" content=\"1200\" \/>\n\t<meta property=\"og:image:height\" content=\"801\" \/>\n\t<meta property=\"og:image:type\" content=\"image\/jpeg\" \/>\n<meta name=\"author\" content=\"Codina\" \/>\n<meta name=\"twitter:card\" content=\"summary_large_image\" \/>\n<meta name=\"twitter:creator\" content=\"@ineditinnova\" \/>\n<meta name=\"twitter:site\" content=\"@ineditinnova\" \/>\n<meta name=\"twitter:label1\" content=\"Escrito por\" \/>\n\t<meta name=\"twitter:data1\" content=\"Codina\" \/>\n\t<meta name=\"twitter:label2\" content=\"Tiempo de lectura\" \/>\n\t<meta name=\"twitter:data2\" content=\"8 minutos\" \/>\n<script type=\"application\/ld+json\" class=\"yoast-schema-graph\">{\"@context\":\"https:\\\/\\\/schema.org\",\"@graph\":[{\"@type\":\"Article\",\"@id\":\"https:\\\/\\\/ineditinnova.com\\\/es\\\/agafar-les-regnes-de-la-descarbonitzacio\\\/#article\",\"isPartOf\":{\"@id\":\"https:\\\/\\\/ineditinnova.com\\\/es\\\/agafar-les-regnes-de-la-descarbonitzacio\\\/\"},\"author\":{\"name\":\"Codina\",\"@id\":\"https:\\\/\\\/ineditinnova.com\\\/en\\\/#\\\/schema\\\/person\\\/891e1158385858d9972e3d28e2abf5e5\"},\"headline\":\"Tomar las riendas de la descarbonizaci\u00f3n\",\"datePublished\":\"2025-02-27T16:37:23+00:00\",\"dateModified\":\"2025-02-28T08:16:51+00:00\",\"mainEntityOfPage\":{\"@id\":\"https:\\\/\\\/ineditinnova.com\\\/es\\\/agafar-les-regnes-de-la-descarbonitzacio\\\/\"},\"wordCount\":1302,\"image\":{\"@id\":\"https:\\\/\\\/ineditinnova.com\\\/es\\\/agafar-les-regnes-de-la-descarbonitzacio\\\/#primaryimage\"},\"thumbnailUrl\":\"https:\\\/\\\/ineditinnova.com\\\/wp-content\\\/uploads\\\/2025\\\/02\\\/sala_plena.jpg\",\"keywords\":[\"NOTICIA\"],\"articleSection\":[\"CUANTIFICACI\u00d3N DE IMPACTOS AMBIENTALES\",\"ESTRATEGIA DE NEGOCIO SOSTENIBLE\"],\"inLanguage\":\"es\"},{\"@type\":\"WebPage\",\"@id\":\"https:\\\/\\\/ineditinnova.com\\\/es\\\/agafar-les-regnes-de-la-descarbonitzacio\\\/\",\"url\":\"https:\\\/\\\/ineditinnova.com\\\/es\\\/agafar-les-regnes-de-la-descarbonitzacio\\\/\",\"name\":\"Tomar las riendas de la descarbonizaci\u00f3n - in\u00e8dit\",\"isPartOf\":{\"@id\":\"https:\\\/\\\/ineditinnova.com\\\/en\\\/#website\"},\"primaryImageOfPage\":{\"@id\":\"https:\\\/\\\/ineditinnova.com\\\/es\\\/agafar-les-regnes-de-la-descarbonitzacio\\\/#primaryimage\"},\"image\":{\"@id\":\"https:\\\/\\\/ineditinnova.com\\\/es\\\/agafar-les-regnes-de-la-descarbonitzacio\\\/#primaryimage\"},\"thumbnailUrl\":\"https:\\\/\\\/ineditinnova.com\\\/wp-content\\\/uploads\\\/2025\\\/02\\\/sala_plena.jpg\",\"datePublished\":\"2025-02-27T16:37:23+00:00\",\"dateModified\":\"2025-02-28T08:16:51+00:00\",\"author\":{\"@id\":\"https:\\\/\\\/ineditinnova.com\\\/en\\\/#\\\/schema\\\/person\\\/891e1158385858d9972e3d28e2abf5e5\"},\"description\":\"Las emisiones de la cadena de suministro de una organizaci\u00f3n son, de media, 26 veces mayores que sus emisiones operacionales. Afrontar este reto es complejo, ya que implica necesariamente la \u00abcooperaci\u00f3n con los proveedores a lo largo de toda la cadena de valor. Esto hace que muchas empresas opten por centrarse solo en las emisiones de alcance 1 y 2, es decir, aquellas generadas por sus propios edificios, maquinaria, activos, log\u00edstica y consumo de energ\u00eda para uso interno.\",\"breadcrumb\":{\"@id\":\"https:\\\/\\\/ineditinnova.com\\\/es\\\/agafar-les-regnes-de-la-descarbonitzacio\\\/#breadcrumb\"},\"inLanguage\":\"es\",\"potentialAction\":[{\"@type\":\"ReadAction\",\"target\":[\"https:\\\/\\\/ineditinnova.com\\\/es\\\/agafar-les-regnes-de-la-descarbonitzacio\\\/\"]}]},{\"@type\":\"ImageObject\",\"inLanguage\":\"es\",\"@id\":\"https:\\\/\\\/ineditinnova.com\\\/es\\\/agafar-les-regnes-de-la-descarbonitzacio\\\/#primaryimage\",\"url\":\"https:\\\/\\\/ineditinnova.com\\\/wp-content\\\/uploads\\\/2025\\\/02\\\/sala_plena.jpg\",\"contentUrl\":\"https:\\\/\\\/ineditinnova.com\\\/wp-content\\\/uploads\\\/2025\\\/02\\\/sala_plena.jpg\",\"width\":1200,\"height\":801},{\"@type\":\"BreadcrumbList\",\"@id\":\"https:\\\/\\\/ineditinnova.com\\\/es\\\/agafar-les-regnes-de-la-descarbonitzacio\\\/#breadcrumb\",\"itemListElement\":[{\"@type\":\"ListItem\",\"position\":1,\"name\":\"Inici\",\"item\":\"https:\\\/\\\/ineditinnova.com\\\/es\\\/\"},{\"@type\":\"ListItem\",\"position\":2,\"name\":\"Tomar las riendas de la descarbonizaci\u00f3n\"}]},{\"@type\":\"WebSite\",\"@id\":\"https:\\\/\\\/ineditinnova.com\\\/en\\\/#website\",\"url\":\"https:\\\/\\\/ineditinnova.com\\\/en\\\/\",\"name\":\"in\u00e8dit\",\"description\":\"Dise\u00f1amos soluciones circulares y sostenibles para un futuro mejor\",\"potentialAction\":[{\"@type\":\"SearchAction\",\"target\":{\"@type\":\"EntryPoint\",\"urlTemplate\":\"https:\\\/\\\/ineditinnova.com\\\/en\\\/?s={search_term_string}\"},\"query-input\":{\"@type\":\"PropertyValueSpecification\",\"valueRequired\":true,\"valueName\":\"search_term_string\"}}],\"inLanguage\":\"es\"},{\"@type\":\"Person\",\"@id\":\"https:\\\/\\\/ineditinnova.com\\\/en\\\/#\\\/schema\\\/person\\\/891e1158385858d9972e3d28e2abf5e5\",\"name\":\"Codina\",\"image\":{\"@type\":\"ImageObject\",\"inLanguage\":\"es\",\"@id\":\"https:\\\/\\\/secure.gravatar.com\\\/avatar\\\/4fff7c6f6d19e46cfd6c15f0f9b4aeb9970dd1aa4028caf6584e34d95cb8a41d?s=96&d=mm&r=g\",\"url\":\"https:\\\/\\\/secure.gravatar.com\\\/avatar\\\/4fff7c6f6d19e46cfd6c15f0f9b4aeb9970dd1aa4028caf6584e34d95cb8a41d?s=96&d=mm&r=g\",\"contentUrl\":\"https:\\\/\\\/secure.gravatar.com\\\/avatar\\\/4fff7c6f6d19e46cfd6c15f0f9b4aeb9970dd1aa4028caf6584e34d95cb8a41d?s=96&d=mm&r=g\",\"caption\":\"Codina\"},\"url\":\"https:\\\/\\\/ineditinnova.com\\\/es\\\/author\\\/inedit\\\/\"}]}<\/script>\n<!-- \/ Yoast SEO plugin. -->","yoast_head_json":{"title":"Tomar las riendas de la descarbonizaci\u00f3n - in\u00e8dit","description":"Las emisiones de la cadena de suministro de una organizaci\u00f3n son, de media, 26 veces mayores que sus emisiones operacionales. Afrontar este reto es complejo, ya que implica necesariamente la \u00abcooperaci\u00f3n con los proveedores a lo largo de toda la cadena de valor. Esto hace que muchas empresas opten por centrarse solo en las emisiones de alcance 1 y 2, es decir, aquellas generadas por sus propios edificios, maquinaria, activos, log\u00edstica y consumo de energ\u00eda para uso interno.","robots":{"index":"index","follow":"follow","max-snippet":"max-snippet:-1","max-image-preview":"max-image-preview:large","max-video-preview":"max-video-preview:-1"},"canonical":"https:\/\/ineditinnova.com\/es\/agafar-les-regnes-de-la-descarbonitzacio\/","og_locale":"es_ES","og_type":"article","og_title":"Tomar las riendas de la descarbonizaci\u00f3n - in\u00e8dit","og_description":"Las emisiones de la cadena de suministro de una organizaci\u00f3n son, de media, 26 veces mayores que sus emisiones operacionales. Afrontar este reto es complejo, ya que implica necesariamente la \u00abcooperaci\u00f3n con los proveedores a lo largo de toda la cadena de valor. Esto hace que muchas empresas opten por centrarse solo en las emisiones de alcance 1 y 2, es decir, aquellas generadas por sus propios edificios, maquinaria, activos, log\u00edstica y consumo de energ\u00eda para uso interno.","og_url":"https:\/\/ineditinnova.com\/es\/agafar-les-regnes-de-la-descarbonitzacio\/","og_site_name":"in\u00e8dit","article_publisher":"https:\/\/www.facebook.com\/ineditinnovacio\/?ref=page_internal","article_published_time":"2025-02-27T16:37:23+00:00","article_modified_time":"2025-02-28T08:16:51+00:00","og_image":[{"width":1200,"height":801,"url":"https:\/\/ineditinnova.com\/wp-content\/uploads\/2025\/02\/sala_plena.jpg","type":"image\/jpeg"}],"author":"Codina","twitter_card":"summary_large_image","twitter_creator":"@ineditinnova","twitter_site":"@ineditinnova","twitter_misc":{"Escrito por":"Codina","Tiempo de lectura":"8 minutos"},"schema":{"@context":"https:\/\/schema.org","@graph":[{"@type":"Article","@id":"https:\/\/ineditinnova.com\/es\/agafar-les-regnes-de-la-descarbonitzacio\/#article","isPartOf":{"@id":"https:\/\/ineditinnova.com\/es\/agafar-les-regnes-de-la-descarbonitzacio\/"},"author":{"name":"Codina","@id":"https:\/\/ineditinnova.com\/en\/#\/schema\/person\/891e1158385858d9972e3d28e2abf5e5"},"headline":"Tomar las riendas de la descarbonizaci\u00f3n","datePublished":"2025-02-27T16:37:23+00:00","dateModified":"2025-02-28T08:16:51+00:00","mainEntityOfPage":{"@id":"https:\/\/ineditinnova.com\/es\/agafar-les-regnes-de-la-descarbonitzacio\/"},"wordCount":1302,"image":{"@id":"https:\/\/ineditinnova.com\/es\/agafar-les-regnes-de-la-descarbonitzacio\/#primaryimage"},"thumbnailUrl":"https:\/\/ineditinnova.com\/wp-content\/uploads\/2025\/02\/sala_plena.jpg","keywords":["NOTICIA"],"articleSection":["CUANTIFICACI\u00d3N DE IMPACTOS AMBIENTALES","ESTRATEGIA DE NEGOCIO SOSTENIBLE"],"inLanguage":"es"},{"@type":"WebPage","@id":"https:\/\/ineditinnova.com\/es\/agafar-les-regnes-de-la-descarbonitzacio\/","url":"https:\/\/ineditinnova.com\/es\/agafar-les-regnes-de-la-descarbonitzacio\/","name":"Tomar las riendas de la descarbonizaci\u00f3n - in\u00e8dit","isPartOf":{"@id":"https:\/\/ineditinnova.com\/en\/#website"},"primaryImageOfPage":{"@id":"https:\/\/ineditinnova.com\/es\/agafar-les-regnes-de-la-descarbonitzacio\/#primaryimage"},"image":{"@id":"https:\/\/ineditinnova.com\/es\/agafar-les-regnes-de-la-descarbonitzacio\/#primaryimage"},"thumbnailUrl":"https:\/\/ineditinnova.com\/wp-content\/uploads\/2025\/02\/sala_plena.jpg","datePublished":"2025-02-27T16:37:23+00:00","dateModified":"2025-02-28T08:16:51+00:00","author":{"@id":"https:\/\/ineditinnova.com\/en\/#\/schema\/person\/891e1158385858d9972e3d28e2abf5e5"},"description":"Las emisiones de la cadena de suministro de una organizaci\u00f3n son, de media, 26 veces mayores que sus emisiones operacionales. Afrontar este reto es complejo, ya que implica necesariamente la \u00abcooperaci\u00f3n con los proveedores a lo largo de toda la cadena de valor. Esto hace que muchas empresas opten por centrarse solo en las emisiones de alcance 1 y 2, es decir, aquellas generadas por sus propios edificios, maquinaria, activos, log\u00edstica y consumo de energ\u00eda para uso interno.","breadcrumb":{"@id":"https:\/\/ineditinnova.com\/es\/agafar-les-regnes-de-la-descarbonitzacio\/#breadcrumb"},"inLanguage":"es","potentialAction":[{"@type":"ReadAction","target":["https:\/\/ineditinnova.com\/es\/agafar-les-regnes-de-la-descarbonitzacio\/"]}]},{"@type":"ImageObject","inLanguage":"es","@id":"https:\/\/ineditinnova.com\/es\/agafar-les-regnes-de-la-descarbonitzacio\/#primaryimage","url":"https:\/\/ineditinnova.com\/wp-content\/uploads\/2025\/02\/sala_plena.jpg","contentUrl":"https:\/\/ineditinnova.com\/wp-content\/uploads\/2025\/02\/sala_plena.jpg","width":1200,"height":801},{"@type":"BreadcrumbList","@id":"https:\/\/ineditinnova.com\/es\/agafar-les-regnes-de-la-descarbonitzacio\/#breadcrumb","itemListElement":[{"@type":"ListItem","position":1,"name":"Inici","item":"https:\/\/ineditinnova.com\/es\/"},{"@type":"ListItem","position":2,"name":"Tomar las riendas de la descarbonizaci\u00f3n"}]},{"@type":"WebSite","@id":"https:\/\/ineditinnova.com\/en\/#website","url":"https:\/\/ineditinnova.com\/en\/","name":"in\u00e8dit","description":"Dise\u00f1amos soluciones circulares y sostenibles para un futuro mejor","potentialAction":[{"@type":"SearchAction","target":{"@type":"EntryPoint","urlTemplate":"https:\/\/ineditinnova.com\/en\/?s={search_term_string}"},"query-input":{"@type":"PropertyValueSpecification","valueRequired":true,"valueName":"search_term_string"}}],"inLanguage":"es"},{"@type":"Person","@id":"https:\/\/ineditinnova.com\/en\/#\/schema\/person\/891e1158385858d9972e3d28e2abf5e5","name":"Codina","image":{"@type":"ImageObject","inLanguage":"es","@id":"https:\/\/secure.gravatar.com\/avatar\/4fff7c6f6d19e46cfd6c15f0f9b4aeb9970dd1aa4028caf6584e34d95cb8a41d?s=96&d=mm&r=g","url":"https:\/\/secure.gravatar.com\/avatar\/4fff7c6f6d19e46cfd6c15f0f9b4aeb9970dd1aa4028caf6584e34d95cb8a41d?s=96&d=mm&r=g","contentUrl":"https:\/\/secure.gravatar.com\/avatar\/4fff7c6f6d19e46cfd6c15f0f9b4aeb9970dd1aa4028caf6584e34d95cb8a41d?s=96&d=mm&r=g","caption":"Codina"},"url":"https:\/\/ineditinnova.com\/es\/author\/inedit\/"}]}},"_links":{"self":[{"href":"https:\/\/ineditinnova.com\/es\/wp-json\/wp\/v2\/posts\/11057","targetHints":{"allow":["GET"]}}],"collection":[{"href":"https:\/\/ineditinnova.com\/es\/wp-json\/wp\/v2\/posts"}],"about":[{"href":"https:\/\/ineditinnova.com\/es\/wp-json\/wp\/v2\/types\/post"}],"author":[{"embeddable":true,"href":"https:\/\/ineditinnova.com\/es\/wp-json\/wp\/v2\/users\/2"}],"replies":[{"embeddable":true,"href":"https:\/\/ineditinnova.com\/es\/wp-json\/wp\/v2\/comments?post=11057"}],"version-history":[{"count":4,"href":"https:\/\/ineditinnova.com\/es\/wp-json\/wp\/v2\/posts\/11057\/revisions"}],"predecessor-version":[{"id":11065,"href":"https:\/\/ineditinnova.com\/es\/wp-json\/wp\/v2\/posts\/11057\/revisions\/11065"}],"wp:featuredmedia":[{"embeddable":true,"href":"https:\/\/ineditinnova.com\/es\/wp-json\/wp\/v2\/media\/11054"}],"wp:attachment":[{"href":"https:\/\/ineditinnova.com\/es\/wp-json\/wp\/v2\/media?parent=11057"}],"wp:term":[{"taxonomy":"category","embeddable":true,"href":"https:\/\/ineditinnova.com\/es\/wp-json\/wp\/v2\/categories?post=11057"},{"taxonomy":"post_tag","embeddable":true,"href":"https:\/\/ineditinnova.com\/es\/wp-json\/wp\/v2\/tags?post=11057"}],"curies":[{"name":"wp","href":"https:\/\/api.w.org\/{rel}","templated":true}]}}