{"id":11438,"date":"2025-05-21T04:46:17","date_gmt":"2025-05-21T04:46:17","guid":{"rendered":"https:\/\/ineditinnova.com\/obertes-les-inscripcions-a-la-segona-trobada-intersectorial-decodisseny\/"},"modified":"2025-05-21T05:04:09","modified_gmt":"2025-05-21T05:04:09","slug":"obertes-les-inscripcions-a-la-segona-trobada-intersectorial-decodisseny","status":"publish","type":"post","link":"https:\/\/ineditinnova.com\/es\/obertes-les-inscripcions-a-la-segona-trobada-intersectorial-decodisseny\/","title":{"rendered":"Abiertas las inscripciones para el segundo Encuentro Intersectorial de Ecodise\u00f1o"},"content":{"rendered":"\n<p style=\"font-size:25px\">El 17 de junio, a partir de las 9 horas, el Distrito Administrativo de la Generalitat de Catalunya (calle del Foc, 57, Barcelona) acoger\u00e1 la segunda edici\u00f3n del Encuentro Intersectorial de Ecodise\u00f1o, el punto de encuentro de los agentes de la cu\u00e1druple h\u00e9lice \u2015Administraci\u00f3n, centros de conocimiento, sociedad civil y sector privado\u2015 interesados en avanzar hacia un modelo de producci\u00f3n y consumo m\u00e1s sostenible. En la edici\u00f3n de este a\u00f1o se reflexionar\u00e1 sobre la evoluci\u00f3n del ecodise\u00f1o y se dar\u00e1n a conocer algunos casos inspiradores de ecodise\u00f1o y ecoinnovaci\u00f3n que promueven la circularidad. Puedes consultar el programa e inscribirte aqu\u00ed. <strong><a href=\"https:\/\/mediambient.gencat.cat\/es\/05_ambits_dactuacio\/empresa_i_produccio_sostenible\/estrategia_ecodisseny\/trobada-intersectorial-decodisseny\/index.html\">Pod\u00e9is consultar el programa e inscribiros aqu\u00ed.<\/a><\/strong><\/p>\n\n\n\n<p style=\"font-size:25px\">El Encuentro se abrir\u00e1 con una ponencia de <strong>Aloia L\u00f3pez<\/strong>, del despacho de abogados especializado en derecho ambiental <a href=\"https:\/\/www.terraqui.com\/\">Terraqui<\/a>, que explicar\u00e1 cu\u00e1l es el <strong>contexto normativo del ecodise\u00f1o.<\/strong><\/p>\n\n\n\n<p style=\"font-size:25px\">A continuaci\u00f3n, se dar\u00e1 paso al bloque titulado <strong>\u00abUna d\u00e9cada de ecodise\u00f1o en transformaci\u00f3n\u00bb<\/strong>, que incluir\u00e1 una introducci\u00f3n sobre qu\u00e9 es el ecodise\u00f1o, a cargo de <strong>J\u00falia Farriol<\/strong>, responsable de proyectos de in\u00e8dit, y una mesa redonda en la que, con motivo del 10\u00ba aniversario del <a href=\"https:\/\/residus.gencat.cat\/ca\/ambits_dactuacio\/sensibilitzacio\/premis_medi_ambient\/\">Premio Catalu\u00f1a de Ecodise\u00f1o<\/a>, se reflexionar\u00e1 sobre el ecodise\u00f1o y c\u00f3mo ha evolucionado en la \u00faltima d\u00e9cada. Intervendr\u00e1n <strong>Ana Rodr\u00edguez<\/strong>, de <strong>Simon<\/strong>; <strong>Christian Cazorla<\/strong>, de <strong>Breinco<\/strong>; <strong>Jaume Simonet<\/strong>, de <strong>Girbau<\/strong>; y <strong>Gemma Morell<\/strong>, del <strong>ADI-FAD <\/strong>y del <strong>ICTA-UAB<\/strong>.<\/p>\n\n\n\n<p style=\"font-size:25px\">En el segundo bloque, <strong>Jordi Oliver<\/strong>, director ejecutivo de in\u00e8dit, introducir\u00e1 las oportunidades que marcan el futuro del ecodise\u00f1o y la ecoinnovaci\u00f3n empresarial. A continuaci\u00f3n, se presentar\u00e1n casos inspiradores que ejemplifican este camino, con las experiencias de <strong>Camper<\/strong>, con <strong>Cristina Pons<\/strong>; de <strong>Arpe<\/strong>, con <strong>Joan Pera<\/strong>; de <strong>Khama<\/strong>, con <strong>Mario S\u00e1nchez<\/strong>; y de <strong>Pots<\/strong>, con <strong>Marta Sanz<\/strong>.<\/p>\n\n\n\n<p style=\"font-size:25px\"><strong>Sonsoles Letang<\/strong>, directora general de Cambio Clim\u00e1tico y Calidad Ambiental del Departamento de Territorio, Vivienda y Transici\u00f3n Ecol\u00f3gica de la Generalitat de Catalunya, ser\u00e1 la encargada de dar la bienvenida y presentar la jornada. La clausura correr\u00e1 a cargo de <strong>Mar\u00eda Jos\u00e9 Sarrias<\/strong>, jefa del Servicio de Calificaci\u00f3n Ambiental de la Direcci\u00f3n General de Cambio Clim\u00e1tico y Calidad Ambiental de este mismo departamento.<\/p>\n\n\n\n<p style=\"font-size:25px\">El Encuentro Intersectorial de Ecodise\u00f1o se enmarca dentro de la Hoja de Ruta de la Econom\u00eda Circular en Catalu\u00f1a (FRECC). Est\u00e1 organizado por la Direcci\u00f3n General de Cambio Clim\u00e1tico y Calidad Ambiental de la Generalitat de Catalunya con la colaboraci\u00f3n de in\u00e8dit.<\/p>\n","protected":false},"excerpt":{"rendered":"<p>El 17 de junio, a partir de las 9 horas, el Distrito Administrativo de la Generalitat de Catalunya (calle del Foc, 57, Barcelona) acoger\u00e1 la segunda edici\u00f3n del Encuentro Intersectorial de Ecodise\u00f1o, el punto de encuentro de los agentes de la cu\u00e1druple h\u00e9lice \u2015Administraci\u00f3n, centros de conocimiento, sociedad civil y sector privado\u2015 interesados en avanzar&#8230;  <a class=\"excerpt-read-more\" href=\"https:\/\/ineditinnova.com\/es\/obertes-les-inscripcions-a-la-segona-trobada-intersectorial-decodisseny\/\" title=\"Read Abiertas las inscripciones para el segundo Encuentro Intersectorial de Ecodise\u00f1o\">Read more &raquo;<\/a><\/p>\n","protected":false},"author":2,"featured_media":11437,"comment_status":"closed","ping_status":"closed","sticky":false,"template":"","format":"standard","meta":{"_acf_changed":false,"footnotes":""},"categories":[21],"tags":[],"class_list":["post-11438","post","type-post","status-publish","format-standard","has-post-thumbnail","hentry","category-ecodiseno"],"acf":[],"yoast_head":"<!-- This site is optimized with the Yoast SEO plugin v27.5 - https:\/\/yoast.com\/product\/yoast-seo-wordpress\/ -->\n<title>Abiertas las inscripciones para el segundo Encuentro Intersectorial de Ecodise\u00f1o - in\u00e8dit<\/title>\n<meta name=\"description\" content=\"El 17 de juny, a partir de les 9 hores, el districte Administratiu de la Generalitat de Catalunya (carrer del Foc, 57, de Barcelona) acollir\u00e0 la segona edici\u00f3 de la Trobada intersectorial d\u2019ecodisseny, el punt de trobada dels agents de la qu\u00e0druple h\u00e8lix \u2015Administraci\u00f3, centres de coneixement, societat civil i sector privat\u2015 interessats a avan\u00e7ar cap a un model de producci\u00f3 i consum m\u00e9s sostenible. En l\u2019edici\u00f3 d\u2019enguany, es reflexionar\u00e0 sobre l\u2019evoluci\u00f3 de l\u2019ecodisseny i es donaran a con\u00e8ixer alguns casos inspiradors d\u2019ecodisseny i ecoinnovaci\u00f3 que promouen la circularitat.\" \/>\n<meta name=\"robots\" content=\"index, follow, max-snippet:-1, max-image-preview:large, max-video-preview:-1\" \/>\n<link rel=\"canonical\" href=\"https:\/\/ineditinnova.com\/es\/obertes-les-inscripcions-a-la-segona-trobada-intersectorial-decodisseny\/\" \/>\n<meta property=\"og:locale\" content=\"es_ES\" \/>\n<meta property=\"og:type\" content=\"article\" \/>\n<meta property=\"og:title\" content=\"Abiertas las inscripciones para el segundo Encuentro Intersectorial de Ecodise\u00f1o - in\u00e8dit\" \/>\n<meta property=\"og:description\" content=\"El 17 de juny, a partir de les 9 hores, el districte Administratiu de la Generalitat de Catalunya (carrer del Foc, 57, de Barcelona) acollir\u00e0 la segona edici\u00f3 de la Trobada intersectorial d\u2019ecodisseny, el punt de trobada dels agents de la qu\u00e0druple h\u00e8lix \u2015Administraci\u00f3, centres de coneixement, societat civil i sector privat\u2015 interessats a avan\u00e7ar cap a un model de producci\u00f3 i consum m\u00e9s sostenible. En l\u2019edici\u00f3 d\u2019enguany, es reflexionar\u00e0 sobre l\u2019evoluci\u00f3 de l\u2019ecodisseny i es donaran a con\u00e8ixer alguns casos inspiradors d\u2019ecodisseny i ecoinnovaci\u00f3 que promouen la circularitat.\" \/>\n<meta property=\"og:url\" content=\"https:\/\/ineditinnova.com\/es\/obertes-les-inscripcions-a-la-segona-trobada-intersectorial-decodisseny\/\" \/>\n<meta property=\"og:site_name\" content=\"in\u00e8dit\" \/>\n<meta property=\"article:publisher\" content=\"https:\/\/www.facebook.com\/ineditinnovacio\/?ref=page_internal\" \/>\n<meta property=\"article:published_time\" content=\"2025-05-21T04:46:17+00:00\" \/>\n<meta property=\"article:modified_time\" content=\"2025-05-21T05:04:09+00:00\" \/>\n<meta property=\"og:image\" content=\"https:\/\/ineditinnova.com\/wp-content\/uploads\/2025\/05\/Disseny-sense-titol-20.jpg\" \/>\n\t<meta property=\"og:image:width\" content=\"1200\" \/>\n\t<meta property=\"og:image:height\" content=\"800\" \/>\n\t<meta property=\"og:image:type\" content=\"image\/jpeg\" \/>\n<meta name=\"author\" content=\"Codina\" \/>\n<meta name=\"twitter:card\" content=\"summary_large_image\" \/>\n<meta name=\"twitter:creator\" content=\"@ineditinnova\" \/>\n<meta name=\"twitter:site\" content=\"@ineditinnova\" \/>\n<meta name=\"twitter:label1\" content=\"Escrito por\" \/>\n\t<meta name=\"twitter:data1\" content=\"Codina\" \/>\n\t<meta name=\"twitter:label2\" content=\"Tiempo de lectura\" \/>\n\t<meta name=\"twitter:data2\" content=\"3 minutos\" \/>\n<script type=\"application\/ld+json\" class=\"yoast-schema-graph\">{\"@context\":\"https:\\\/\\\/schema.org\",\"@graph\":[{\"@type\":\"Article\",\"@id\":\"https:\\\/\\\/ineditinnova.com\\\/es\\\/obertes-les-inscripcions-a-la-segona-trobada-intersectorial-decodisseny\\\/#article\",\"isPartOf\":{\"@id\":\"https:\\\/\\\/ineditinnova.com\\\/es\\\/obertes-les-inscripcions-a-la-segona-trobada-intersectorial-decodisseny\\\/\"},\"author\":{\"name\":\"Codina\",\"@id\":\"https:\\\/\\\/ineditinnova.com\\\/en\\\/#\\\/schema\\\/person\\\/891e1158385858d9972e3d28e2abf5e5\"},\"headline\":\"Abiertas las inscripciones para el segundo Encuentro Intersectorial de Ecodise\u00f1o\",\"datePublished\":\"2025-05-21T04:46:17+00:00\",\"dateModified\":\"2025-05-21T05:04:09+00:00\",\"mainEntityOfPage\":{\"@id\":\"https:\\\/\\\/ineditinnova.com\\\/es\\\/obertes-les-inscripcions-a-la-segona-trobada-intersectorial-decodisseny\\\/\"},\"wordCount\":441,\"image\":{\"@id\":\"https:\\\/\\\/ineditinnova.com\\\/es\\\/obertes-les-inscripcions-a-la-segona-trobada-intersectorial-decodisseny\\\/#primaryimage\"},\"thumbnailUrl\":\"https:\\\/\\\/ineditinnova.com\\\/wp-content\\\/uploads\\\/2025\\\/05\\\/Disseny-sense-titol-20.jpg\",\"articleSection\":[\"Ecodise\u00f1o de productos y servicios\"],\"inLanguage\":\"es\"},{\"@type\":\"WebPage\",\"@id\":\"https:\\\/\\\/ineditinnova.com\\\/es\\\/obertes-les-inscripcions-a-la-segona-trobada-intersectorial-decodisseny\\\/\",\"url\":\"https:\\\/\\\/ineditinnova.com\\\/es\\\/obertes-les-inscripcions-a-la-segona-trobada-intersectorial-decodisseny\\\/\",\"name\":\"Abiertas las inscripciones para el segundo Encuentro Intersectorial de Ecodise\u00f1o - in\u00e8dit\",\"isPartOf\":{\"@id\":\"https:\\\/\\\/ineditinnova.com\\\/en\\\/#website\"},\"primaryImageOfPage\":{\"@id\":\"https:\\\/\\\/ineditinnova.com\\\/es\\\/obertes-les-inscripcions-a-la-segona-trobada-intersectorial-decodisseny\\\/#primaryimage\"},\"image\":{\"@id\":\"https:\\\/\\\/ineditinnova.com\\\/es\\\/obertes-les-inscripcions-a-la-segona-trobada-intersectorial-decodisseny\\\/#primaryimage\"},\"thumbnailUrl\":\"https:\\\/\\\/ineditinnova.com\\\/wp-content\\\/uploads\\\/2025\\\/05\\\/Disseny-sense-titol-20.jpg\",\"datePublished\":\"2025-05-21T04:46:17+00:00\",\"dateModified\":\"2025-05-21T05:04:09+00:00\",\"author\":{\"@id\":\"https:\\\/\\\/ineditinnova.com\\\/en\\\/#\\\/schema\\\/person\\\/891e1158385858d9972e3d28e2abf5e5\"},\"description\":\"El 17 de juny, a partir de les 9 hores, el districte Administratiu de la Generalitat de Catalunya (carrer del Foc, 57, de Barcelona) acollir\u00e0 la segona edici\u00f3 de la Trobada intersectorial d\u2019ecodisseny, el punt de trobada dels agents de la qu\u00e0druple h\u00e8lix \u2015Administraci\u00f3, centres de coneixement, societat civil i sector privat\u2015 interessats a avan\u00e7ar cap a un model de producci\u00f3 i consum m\u00e9s sostenible. En l\u2019edici\u00f3 d\u2019enguany, es reflexionar\u00e0 sobre l\u2019evoluci\u00f3 de l\u2019ecodisseny i es donaran a con\u00e8ixer alguns casos inspiradors d\u2019ecodisseny i ecoinnovaci\u00f3 que promouen la circularitat.\",\"breadcrumb\":{\"@id\":\"https:\\\/\\\/ineditinnova.com\\\/es\\\/obertes-les-inscripcions-a-la-segona-trobada-intersectorial-decodisseny\\\/#breadcrumb\"},\"inLanguage\":\"es\",\"potentialAction\":[{\"@type\":\"ReadAction\",\"target\":[\"https:\\\/\\\/ineditinnova.com\\\/es\\\/obertes-les-inscripcions-a-la-segona-trobada-intersectorial-decodisseny\\\/\"]}]},{\"@type\":\"ImageObject\",\"inLanguage\":\"es\",\"@id\":\"https:\\\/\\\/ineditinnova.com\\\/es\\\/obertes-les-inscripcions-a-la-segona-trobada-intersectorial-decodisseny\\\/#primaryimage\",\"url\":\"https:\\\/\\\/ineditinnova.com\\\/wp-content\\\/uploads\\\/2025\\\/05\\\/Disseny-sense-titol-20.jpg\",\"contentUrl\":\"https:\\\/\\\/ineditinnova.com\\\/wp-content\\\/uploads\\\/2025\\\/05\\\/Disseny-sense-titol-20.jpg\",\"width\":1200,\"height\":800,\"caption\":\"trobada intersectorial\"},{\"@type\":\"BreadcrumbList\",\"@id\":\"https:\\\/\\\/ineditinnova.com\\\/es\\\/obertes-les-inscripcions-a-la-segona-trobada-intersectorial-decodisseny\\\/#breadcrumb\",\"itemListElement\":[{\"@type\":\"ListItem\",\"position\":1,\"name\":\"Inici\",\"item\":\"https:\\\/\\\/ineditinnova.com\\\/es\\\/\"},{\"@type\":\"ListItem\",\"position\":2,\"name\":\"Abiertas las inscripciones para el segundo Encuentro Intersectorial de Ecodise\u00f1o\"}]},{\"@type\":\"WebSite\",\"@id\":\"https:\\\/\\\/ineditinnova.com\\\/en\\\/#website\",\"url\":\"https:\\\/\\\/ineditinnova.com\\\/en\\\/\",\"name\":\"in\u00e8dit\",\"description\":\"Dise\u00f1amos soluciones circulares y sostenibles para un futuro mejor\",\"potentialAction\":[{\"@type\":\"SearchAction\",\"target\":{\"@type\":\"EntryPoint\",\"urlTemplate\":\"https:\\\/\\\/ineditinnova.com\\\/en\\\/?s={search_term_string}\"},\"query-input\":{\"@type\":\"PropertyValueSpecification\",\"valueRequired\":true,\"valueName\":\"search_term_string\"}}],\"inLanguage\":\"es\"},{\"@type\":\"Person\",\"@id\":\"https:\\\/\\\/ineditinnova.com\\\/en\\\/#\\\/schema\\\/person\\\/891e1158385858d9972e3d28e2abf5e5\",\"name\":\"Codina\",\"image\":{\"@type\":\"ImageObject\",\"inLanguage\":\"es\",\"@id\":\"https:\\\/\\\/secure.gravatar.com\\\/avatar\\\/4fff7c6f6d19e46cfd6c15f0f9b4aeb9970dd1aa4028caf6584e34d95cb8a41d?s=96&d=mm&r=g\",\"url\":\"https:\\\/\\\/secure.gravatar.com\\\/avatar\\\/4fff7c6f6d19e46cfd6c15f0f9b4aeb9970dd1aa4028caf6584e34d95cb8a41d?s=96&d=mm&r=g\",\"contentUrl\":\"https:\\\/\\\/secure.gravatar.com\\\/avatar\\\/4fff7c6f6d19e46cfd6c15f0f9b4aeb9970dd1aa4028caf6584e34d95cb8a41d?s=96&d=mm&r=g\",\"caption\":\"Codina\"},\"url\":\"https:\\\/\\\/ineditinnova.com\\\/es\\\/author\\\/inedit\\\/\"}]}<\/script>\n<!-- \/ Yoast SEO plugin. -->","yoast_head_json":{"title":"Abiertas las inscripciones para el segundo Encuentro Intersectorial de Ecodise\u00f1o - in\u00e8dit","description":"El 17 de juny, a partir de les 9 hores, el districte Administratiu de la Generalitat de Catalunya (carrer del Foc, 57, de Barcelona) acollir\u00e0 la segona edici\u00f3 de la Trobada intersectorial d\u2019ecodisseny, el punt de trobada dels agents de la qu\u00e0druple h\u00e8lix \u2015Administraci\u00f3, centres de coneixement, societat civil i sector privat\u2015 interessats a avan\u00e7ar cap a un model de producci\u00f3 i consum m\u00e9s sostenible. En l\u2019edici\u00f3 d\u2019enguany, es reflexionar\u00e0 sobre l\u2019evoluci\u00f3 de l\u2019ecodisseny i es donaran a con\u00e8ixer alguns casos inspiradors d\u2019ecodisseny i ecoinnovaci\u00f3 que promouen la circularitat.","robots":{"index":"index","follow":"follow","max-snippet":"max-snippet:-1","max-image-preview":"max-image-preview:large","max-video-preview":"max-video-preview:-1"},"canonical":"https:\/\/ineditinnova.com\/es\/obertes-les-inscripcions-a-la-segona-trobada-intersectorial-decodisseny\/","og_locale":"es_ES","og_type":"article","og_title":"Abiertas las inscripciones para el segundo Encuentro Intersectorial de Ecodise\u00f1o - in\u00e8dit","og_description":"El 17 de juny, a partir de les 9 hores, el districte Administratiu de la Generalitat de Catalunya (carrer del Foc, 57, de Barcelona) acollir\u00e0 la segona edici\u00f3 de la Trobada intersectorial d\u2019ecodisseny, el punt de trobada dels agents de la qu\u00e0druple h\u00e8lix \u2015Administraci\u00f3, centres de coneixement, societat civil i sector privat\u2015 interessats a avan\u00e7ar cap a un model de producci\u00f3 i consum m\u00e9s sostenible. En l\u2019edici\u00f3 d\u2019enguany, es reflexionar\u00e0 sobre l\u2019evoluci\u00f3 de l\u2019ecodisseny i es donaran a con\u00e8ixer alguns casos inspiradors d\u2019ecodisseny i ecoinnovaci\u00f3 que promouen la circularitat.","og_url":"https:\/\/ineditinnova.com\/es\/obertes-les-inscripcions-a-la-segona-trobada-intersectorial-decodisseny\/","og_site_name":"in\u00e8dit","article_publisher":"https:\/\/www.facebook.com\/ineditinnovacio\/?ref=page_internal","article_published_time":"2025-05-21T04:46:17+00:00","article_modified_time":"2025-05-21T05:04:09+00:00","og_image":[{"width":1200,"height":800,"url":"https:\/\/ineditinnova.com\/wp-content\/uploads\/2025\/05\/Disseny-sense-titol-20.jpg","type":"image\/jpeg"}],"author":"Codina","twitter_card":"summary_large_image","twitter_creator":"@ineditinnova","twitter_site":"@ineditinnova","twitter_misc":{"Escrito por":"Codina","Tiempo de lectura":"3 minutos"},"schema":{"@context":"https:\/\/schema.org","@graph":[{"@type":"Article","@id":"https:\/\/ineditinnova.com\/es\/obertes-les-inscripcions-a-la-segona-trobada-intersectorial-decodisseny\/#article","isPartOf":{"@id":"https:\/\/ineditinnova.com\/es\/obertes-les-inscripcions-a-la-segona-trobada-intersectorial-decodisseny\/"},"author":{"name":"Codina","@id":"https:\/\/ineditinnova.com\/en\/#\/schema\/person\/891e1158385858d9972e3d28e2abf5e5"},"headline":"Abiertas las inscripciones para el segundo Encuentro Intersectorial de Ecodise\u00f1o","datePublished":"2025-05-21T04:46:17+00:00","dateModified":"2025-05-21T05:04:09+00:00","mainEntityOfPage":{"@id":"https:\/\/ineditinnova.com\/es\/obertes-les-inscripcions-a-la-segona-trobada-intersectorial-decodisseny\/"},"wordCount":441,"image":{"@id":"https:\/\/ineditinnova.com\/es\/obertes-les-inscripcions-a-la-segona-trobada-intersectorial-decodisseny\/#primaryimage"},"thumbnailUrl":"https:\/\/ineditinnova.com\/wp-content\/uploads\/2025\/05\/Disseny-sense-titol-20.jpg","articleSection":["Ecodise\u00f1o de productos y servicios"],"inLanguage":"es"},{"@type":"WebPage","@id":"https:\/\/ineditinnova.com\/es\/obertes-les-inscripcions-a-la-segona-trobada-intersectorial-decodisseny\/","url":"https:\/\/ineditinnova.com\/es\/obertes-les-inscripcions-a-la-segona-trobada-intersectorial-decodisseny\/","name":"Abiertas las inscripciones para el segundo Encuentro Intersectorial de Ecodise\u00f1o - in\u00e8dit","isPartOf":{"@id":"https:\/\/ineditinnova.com\/en\/#website"},"primaryImageOfPage":{"@id":"https:\/\/ineditinnova.com\/es\/obertes-les-inscripcions-a-la-segona-trobada-intersectorial-decodisseny\/#primaryimage"},"image":{"@id":"https:\/\/ineditinnova.com\/es\/obertes-les-inscripcions-a-la-segona-trobada-intersectorial-decodisseny\/#primaryimage"},"thumbnailUrl":"https:\/\/ineditinnova.com\/wp-content\/uploads\/2025\/05\/Disseny-sense-titol-20.jpg","datePublished":"2025-05-21T04:46:17+00:00","dateModified":"2025-05-21T05:04:09+00:00","author":{"@id":"https:\/\/ineditinnova.com\/en\/#\/schema\/person\/891e1158385858d9972e3d28e2abf5e5"},"description":"El 17 de juny, a partir de les 9 hores, el districte Administratiu de la Generalitat de Catalunya (carrer del Foc, 57, de Barcelona) acollir\u00e0 la segona edici\u00f3 de la Trobada intersectorial d\u2019ecodisseny, el punt de trobada dels agents de la qu\u00e0druple h\u00e8lix \u2015Administraci\u00f3, centres de coneixement, societat civil i sector privat\u2015 interessats a avan\u00e7ar cap a un model de producci\u00f3 i consum m\u00e9s sostenible. En l\u2019edici\u00f3 d\u2019enguany, es reflexionar\u00e0 sobre l\u2019evoluci\u00f3 de l\u2019ecodisseny i es donaran a con\u00e8ixer alguns casos inspiradors d\u2019ecodisseny i ecoinnovaci\u00f3 que promouen la circularitat.","breadcrumb":{"@id":"https:\/\/ineditinnova.com\/es\/obertes-les-inscripcions-a-la-segona-trobada-intersectorial-decodisseny\/#breadcrumb"},"inLanguage":"es","potentialAction":[{"@type":"ReadAction","target":["https:\/\/ineditinnova.com\/es\/obertes-les-inscripcions-a-la-segona-trobada-intersectorial-decodisseny\/"]}]},{"@type":"ImageObject","inLanguage":"es","@id":"https:\/\/ineditinnova.com\/es\/obertes-les-inscripcions-a-la-segona-trobada-intersectorial-decodisseny\/#primaryimage","url":"https:\/\/ineditinnova.com\/wp-content\/uploads\/2025\/05\/Disseny-sense-titol-20.jpg","contentUrl":"https:\/\/ineditinnova.com\/wp-content\/uploads\/2025\/05\/Disseny-sense-titol-20.jpg","width":1200,"height":800,"caption":"trobada intersectorial"},{"@type":"BreadcrumbList","@id":"https:\/\/ineditinnova.com\/es\/obertes-les-inscripcions-a-la-segona-trobada-intersectorial-decodisseny\/#breadcrumb","itemListElement":[{"@type":"ListItem","position":1,"name":"Inici","item":"https:\/\/ineditinnova.com\/es\/"},{"@type":"ListItem","position":2,"name":"Abiertas las inscripciones para el segundo Encuentro Intersectorial de Ecodise\u00f1o"}]},{"@type":"WebSite","@id":"https:\/\/ineditinnova.com\/en\/#website","url":"https:\/\/ineditinnova.com\/en\/","name":"in\u00e8dit","description":"Dise\u00f1amos soluciones circulares y sostenibles para un futuro mejor","potentialAction":[{"@type":"SearchAction","target":{"@type":"EntryPoint","urlTemplate":"https:\/\/ineditinnova.com\/en\/?s={search_term_string}"},"query-input":{"@type":"PropertyValueSpecification","valueRequired":true,"valueName":"search_term_string"}}],"inLanguage":"es"},{"@type":"Person","@id":"https:\/\/ineditinnova.com\/en\/#\/schema\/person\/891e1158385858d9972e3d28e2abf5e5","name":"Codina","image":{"@type":"ImageObject","inLanguage":"es","@id":"https:\/\/secure.gravatar.com\/avatar\/4fff7c6f6d19e46cfd6c15f0f9b4aeb9970dd1aa4028caf6584e34d95cb8a41d?s=96&d=mm&r=g","url":"https:\/\/secure.gravatar.com\/avatar\/4fff7c6f6d19e46cfd6c15f0f9b4aeb9970dd1aa4028caf6584e34d95cb8a41d?s=96&d=mm&r=g","contentUrl":"https:\/\/secure.gravatar.com\/avatar\/4fff7c6f6d19e46cfd6c15f0f9b4aeb9970dd1aa4028caf6584e34d95cb8a41d?s=96&d=mm&r=g","caption":"Codina"},"url":"https:\/\/ineditinnova.com\/es\/author\/inedit\/"}]}},"_links":{"self":[{"href":"https:\/\/ineditinnova.com\/es\/wp-json\/wp\/v2\/posts\/11438","targetHints":{"allow":["GET"]}}],"collection":[{"href":"https:\/\/ineditinnova.com\/es\/wp-json\/wp\/v2\/posts"}],"about":[{"href":"https:\/\/ineditinnova.com\/es\/wp-json\/wp\/v2\/types\/post"}],"author":[{"embeddable":true,"href":"https:\/\/ineditinnova.com\/es\/wp-json\/wp\/v2\/users\/2"}],"replies":[{"embeddable":true,"href":"https:\/\/ineditinnova.com\/es\/wp-json\/wp\/v2\/comments?post=11438"}],"version-history":[{"count":2,"href":"https:\/\/ineditinnova.com\/es\/wp-json\/wp\/v2\/posts\/11438\/revisions"}],"predecessor-version":[{"id":11441,"href":"https:\/\/ineditinnova.com\/es\/wp-json\/wp\/v2\/posts\/11438\/revisions\/11441"}],"wp:featuredmedia":[{"embeddable":true,"href":"https:\/\/ineditinnova.com\/es\/wp-json\/wp\/v2\/media\/11437"}],"wp:attachment":[{"href":"https:\/\/ineditinnova.com\/es\/wp-json\/wp\/v2\/media?parent=11438"}],"wp:term":[{"taxonomy":"category","embeddable":true,"href":"https:\/\/ineditinnova.com\/es\/wp-json\/wp\/v2\/categories?post=11438"},{"taxonomy":"post_tag","embeddable":true,"href":"https:\/\/ineditinnova.com\/es\/wp-json\/wp\/v2\/tags?post=11438"}],"curies":[{"name":"wp","href":"https:\/\/api.w.org\/{rel}","templated":true}]}}