{"id":11482,"date":"2025-05-28T08:33:14","date_gmt":"2025-05-28T08:33:14","guid":{"rendered":"https:\/\/ineditinnova.com\/?p=11482"},"modified":"2025-06-07T06:51:58","modified_gmt":"2025-06-07T06:51:58","slug":"tenir-un-pla-de-descarbonitzacio-obligatori-per-a-moltes-organitzacions-un-avantatge-competitiu-per-a-totes","status":"publish","type":"post","link":"https:\/\/ineditinnova.com\/es\/tenir-un-pla-de-descarbonitzacio-obligatori-per-a-moltes-organitzacions-un-avantatge-competitiu-per-a-totes\/","title":{"rendered":"Tener un plan de descarbonizaci\u00f3n: obligatorio para muchas organizaciones, una ventaja competitiva para todas"},"content":{"rendered":"\n<p style=\"font-size:25px\">Con la aprobaci\u00f3n del Real Decreto 214\/2025, las empresas que ya estaban obligadas a calcular e informar anualmente sobre sus emisiones de gases de efecto invernadero \u2014seg\u00fan lo establecido en la Ley 11\/2018\u2014 deber\u00e1n dar un paso m\u00e1s: a partir del 12 de junio, tambi\u00e9n estar\u00e1n obligadas a disponer de un plan de descarbonizaci\u00f3n. Este plan deber\u00e1 fijar objetivos de reducci\u00f3n de emisiones a cinco a\u00f1os vista y publicarse junto con el c\u00e1lculo de la huella de carbono. <\/p>\n\n\n\n<p style=\"font-size:25px\">En cuanto a los plazos, en 2026 deber\u00e1n haber calculado la huella de carbono de 2025 y haber elaborado un plan de descarbonizaci\u00f3n alineado con el Acuerdo de Par\u00eds. <strong>Carles Gasol<\/strong>, director de Desarrollo de Negocio de <strong>in\u00e8dit<\/strong>, valora positivamente este nuevo requisito legislativo: \u00abEl nuevo Real Decreto nos vuelve a colocar en un timing adecuado para cumplir con la Agenda 2030.\u00bb<\/p>\n\n\n\n<h2 class=\"wp-block-heading\"><strong>\u00bfQu\u00e9 organizaciones est\u00e1n afectadas por el RD 214\/2025?<\/strong><\/h2>\n\n\n\n<p style=\"font-size:25px\">Las obligaciones afectan, por un lado, a las empresas con m\u00e1s de 250 trabajadores que tienen la consideraci\u00f3n de entidades de inter\u00e9s p\u00fablico conforme a la legislaci\u00f3n de auditor\u00eda de cuentas, salvo las pymes. Por otro lado, a las empresas con m\u00e1s de 250 trabajadores que, durante dos ejercicios consecutivos, a la fecha de cierre de cada uno de ellos, cumplan al menos una de las siguientes condiciones:<\/p>\n\n\n\n<ul class=\"wp-block-list\">\n<li style=\"font-size:25px\">&#8211; Que el total de las partidas del activo supere los 20 millones de euros.<\/li>\n\n\n\n<li style=\"font-size:25px\">&#8211; Que el importe neto de la cifra anual de negocios supere los 40 millones de euros.<\/li>\n<\/ul>\n\n\n\n<p style=\"font-size:25px\">El nuevo Real Decreto tambi\u00e9n afecta a los departamentos ministeriales de la Administraci\u00f3n General del Estado, sus organismos aut\u00f3nomos, entidades gestoras y servicios comunes de la Seguridad Social, as\u00ed como a otras entidades del sector p\u00fablico administrativo estatal.<\/p>\n\n\n\n<h2 class=\"wp-block-heading\"><strong>Descarbonizarse, una prioridad estrat\u00e9gica<\/strong><\/h2>\n\n\n\n<p style=\"font-size:25px\">Ante este nuevo escenario, las empresas no directamente afectadas por el Real Decreto tampoco pueden bajar la guardia. Calcular la huella de carbono \u2014tanto a nivel de organizaci\u00f3n como de producto\u2014 ser\u00e1 clave para responder a las crecientes demandas de clientes y socios comerciales. La raz\u00f3n es clara: las empresas obligadas a reportar su huella necesitar\u00e1n datos ambientales detallados de toda su cadena de valor para poder calcular el <strong>alcance 3<\/strong>. Y eso incluye especialmente a sus proveedores.<\/p>\n\n\n\n<figure class=\"wp-block-pullquote\"><blockquote><p>Descarbonizarse ya no es solo una cuesti\u00f3n de responsabilidad ambiental, sino que se trata de una prioridad estrat\u00e9gica para las organizaciones que quieren seguir siendo competitivas<\/p><\/blockquote><\/figure>\n\n\n\n<p style=\"font-size:25px\">Este nuevo marco normativo supone, por tanto, un punto de inflexi\u00f3n. M\u00e1s all\u00e1 del cumplimiento legal, la descarbonizaci\u00f3n se convierte en una <strong>prioridad estrat\u00e9gica<\/strong> para todas aquellas organizaciones que quieran seguir siendo competitivas en un contexto de creciente exigencia ambiental. Disponer de <strong>datos fiables sobre la huella de carbono<\/strong> ser\u00e1 un factor diferenciador que permitir\u00e1 a las empresas anticiparse, participar en las decisiones de sus clientes, mejorar su eficiencia y reputaci\u00f3n, y abrir nuevas oportunidades de negocio.<\/p>\n\n\n\n<h2 class=\"wp-block-heading\">\u00bfC\u00f3mo debe ser el plan de reducci\u00f3n de emisiones?<\/h2>\n\n\n\n<p style=\"font-size:25px\">Deber\u00e1 estar alineado con el Acuerdo de Par\u00eds y con el objetivo de alcanzar la neutralidad clim\u00e1tica en 2050 \u2014tal como establece la Ley Europea del Clima\u2014, y deber\u00e1 estar listo en el momento en que las empresas y el sector p\u00fablico estatal est\u00e9n obligados a calcular su huella de carbono.<br>La metodolog\u00eda que nos ayuda a alinearnos con el Acuerdo de Par\u00eds es la de la <strong>Science Based Targets initiative (SBTi)<\/strong>.<\/p>\n\n\n\n<p style=\"font-size:25px\">Los pasos a seguir para elaborar el plan de descarbonizaci\u00f3n son:<\/p>\n\n\n\n<ol class=\"wp-block-list\">\n<li style=\"font-size:25px\"><strong>Fijar los objetivos corporativos de descarbonizaci\u00f3n.<\/strong><\/li>\n\n\n\n<li style=\"font-size:25px\"><strong>Conocer las etapas cr\u00edticas de nuestra huella de carbono <\/strong>para actuar en aquellas con mayor incidencia y con acciones tangibles.<\/li>\n\n\n\n<li style=\"font-size:25px\"><strong>Dise\u00f1ar un buen sistema de gobernanza <\/strong>que alinee el departamento de sostenibilidad con el resto de departamentos.<\/li>\n\n\n\n<li style=\"font-size:25px\"><strong>Involucrar a los proveedores clave y alinear sus objetivos con la estrategia de descarbonizaci\u00f3n de nuestra empresa.<\/strong><\/li>\n\n\n\n<li style=\"font-size:25px\"><strong>Establecer un sistema de seguimiento, informaci\u00f3n y apoyo <\/strong>para alcanzar los objetivos corporativos de descarbonizaci\u00f3n.<\/li>\n\n\n\n<li style=\"font-size:25px\"><strong>Revisar y mejorar continuamente nuestro plan de descarbonizaci\u00f3n <\/strong>y asegurar la transparencia en la comunicaci\u00f3n de los avances a las partes interesadas.<\/li>\n<\/ol>\n\n\n\n<p style=\"font-size:25px\">El compromiso con la descarbonizaci\u00f3n ya no es solo una cuesti\u00f3n de responsabilidad ambiental. Es un requisito para competir en un mercado que avanza hacia la sostenibilidad con paso firme \u2014y, ahora s\u00ed, con plazos claros y obligatorios.<\/p>\n\n\n\n<h2 class=\"wp-block-heading\"><strong>Casos de \u00e9xito: empresas que ya han dado el paso<\/strong><\/h2>\n\n\n\n<p style=\"font-size:25px\">Varias organizaciones ya han iniciado su camino hacia la descarbonizaci\u00f3n con el acompa\u00f1amiento de <strong>in\u00e8dit<\/strong>, adelant\u00e1ndose as\u00ed a los requisitos del nuevo marco normativo y reforzando su competitividad.<\/p>\n\n\n\n<p style=\"font-size:25px\"><strong><a href=\"https:\/\/ineditinnova.com\/casos\/un-pla-de-descarbonitzacio-per-alinear-se-amb-els-objectius-de-la-science-based-target-initiative-sbti\/\">Leng-d\u2019Or<\/a><\/strong>, empresa multinacional l\u00edder en la producci\u00f3n de <em>snack pellets<\/em>, ha elaborado su plan de descarbonizaci\u00f3n con el apoyo de <strong>in\u00e8dit<\/strong> para alinearse con los objetivos de la <strong>Science Based Targets initiative (SBTi)<\/strong>. Este plan contempla acciones en cinco \u00e1reas clave \u2014transici\u00f3n energ\u00e9tica, eficiencia, proveedores, movilidad y packaging\u2014 con el objetivo de reducir un 52\u202f% las emisiones antes de 2030 en comparaci\u00f3n con un escenario de <em>business as usual<\/em>.<\/p>\n\n\n\n<p style=\"font-size:25px\">Tambi\u00e9n <strong><a href=\"https:\/\/ineditinnova.com\/casos\/un-pla-daccio-climatica-per-a-lempresa-lider-en-la-transicio-energetica-a-espanya\/\">Holaluz<\/a><\/strong>, referente en la transici\u00f3n energ\u00e9tica en Espa\u00f1a, ha contado con la experiencia de <strong>in\u00e8dit<\/strong> para dise\u00f1ar un <strong>Plan de Acci\u00f3n Clim\u00e1tica<\/strong> con acciones centradas en la cadena de suministro, la energ\u00eda, la movilidad y los residuos. La hoja de ruta propuesta permitir\u00eda a la empresa alcanzar una reducci\u00f3n potencial del 71\u202f% de su huella de carbono entre 2022 y 2030.<\/p>\n\n\n\n<p style=\"font-size:25px\">Por su parte, <strong><a href=\"https:\/\/ineditinnova.com\/casos\/calcul-de-la-petjada-de-carboni-dorganitzacio-segons-la-metodologia-del-ghg-protocol\/\">Wallapop<\/a><\/strong> ha confiado en <strong>in\u00e8dit<\/strong> para llevar a cabo el c\u00e1lculo de su <strong>huella de carbono organizacional<\/strong> seg\u00fan el <strong>GHG Protocol<\/strong>. El an\u00e1lisis ha revelado que el 99,99\u202f% de las emisiones corresponden al <strong>alcance 3<\/strong>, especialmente en lo que se refiere al transporte y la distribuci\u00f3n aguas abajo \u2014un dato clave para planificar acciones de mitigaci\u00f3n efectivas.<\/p>\n\n\n\n<p style=\"font-size:25px\"><strong>En <strong>in\u00e8dit<\/strong>, ponemos nuestro conocimiento y nuestras herramientas al servicio de las empresas que quieren avanzar hacia una econom\u00eda baja en carbono. \u00bfQuieres empezar a definir tu plan de descarbonizaci\u00f3n? \u00bfNecesitas calcular la huella de carbono de tu organizaci\u00f3n o productos?<\/strong><\/p>\n\n\n\n<div class=\"wp-block-buttons is-content-justification-center is-layout-flex wp-container-core-buttons-is-layout-16018d1d wp-block-buttons-is-layout-flex\">\n<div class=\"wp-block-button has-custom-width wp-block-button__width-75\"><a class=\"wp-block-button__link has-custom-font-size wp-element-button\" href=\"https:\/\/ineditinnova.com\/contacto\/\" style=\"font-size:25px\"><strong>Contacta con nosotros<\/strong><\/a><\/div>\n<\/div>\n\n\n\n<p><\/p>\n\n\n\n<p class=\"has-small-font-size\">*<a href=\"https:\/\/creativecommons.org\/licenses\/by\/2.0\/deed.en\">Foto principal &#8211; Licencia Creative Commons<\/a><\/p>\n\n\n\n<p><\/p>\n","protected":false},"excerpt":{"rendered":"<p>Con la aprobaci\u00f3n del Real Decreto 214\/2025, las empresas que ya estaban obligadas a calcular e informar anualmente sobre sus emisiones de gases de efecto invernadero \u2014seg\u00fan lo establecido en la Ley 11\/2018\u2014 deber\u00e1n dar un paso m\u00e1s: a partir del 12 de junio, tambi\u00e9n estar\u00e1n obligadas a disponer de un plan de descarbonizaci\u00f3n. Este&#8230;  <a class=\"excerpt-read-more\" href=\"https:\/\/ineditinnova.com\/es\/tenir-un-pla-de-descarbonitzacio-obligatori-per-a-moltes-organitzacions-un-avantatge-competitiu-per-a-totes\/\" title=\"Read Tener un plan de descarbonizaci\u00f3n: obligatorio para muchas organizaciones, una ventaja competitiva para todas\">Read more &raquo;<\/a><\/p>\n","protected":false},"author":2,"featured_media":11536,"comment_status":"closed","ping_status":"closed","sticky":false,"template":"","format":"standard","meta":{"_acf_changed":false,"footnotes":""},"categories":[21],"tags":[],"class_list":["post-11482","post","type-post","status-publish","format-standard","has-post-thumbnail","hentry","category-ecodiseno"],"acf":[],"yoast_head":"<!-- This site is optimized with the Yoast SEO plugin v27.5 - https:\/\/yoast.com\/product\/yoast-seo-wordpress\/ -->\n<title>Tener un plan de descarbonizaci\u00f3n: obligatorio para muchas organizaciones, una ventaja competitiva para todas - in\u00e8dit<\/title>\n<meta name=\"description\" content=\"Con la aprobaci\u00f3n del Real Decreto 214\/2025, las empresas que ya estaban obligadas a calcular e informar anualmente sobre sus emisiones de gases de efecto invernadero \u2014seg\u00fan lo establecido en la Ley 11\/2018\u2014 deber\u00e1n dar un paso m\u00e1s: a partir del 12 de junio, tambi\u00e9n estar\u00e1n obligadas a disponer de un plan de descarbonizaci\u00f3n. Este plan deber\u00e1 fijar objetivos de reducci\u00f3n de emisiones a cinco a\u00f1os vista y publicarse junto con el c\u00e1lculo de la huella de carbono.\" \/>\n<meta name=\"robots\" content=\"index, follow, max-snippet:-1, max-image-preview:large, max-video-preview:-1\" \/>\n<link rel=\"canonical\" href=\"https:\/\/ineditinnova.com\/es\/tenir-un-pla-de-descarbonitzacio-obligatori-per-a-moltes-organitzacions-un-avantatge-competitiu-per-a-totes\/\" \/>\n<meta property=\"og:locale\" content=\"es_ES\" \/>\n<meta property=\"og:type\" content=\"article\" \/>\n<meta property=\"og:title\" content=\"Tener un plan de descarbonizaci\u00f3n: obligatorio para muchas organizaciones, una ventaja competitiva para todas - in\u00e8dit\" \/>\n<meta property=\"og:description\" content=\"Con la aprobaci\u00f3n del Real Decreto 214\/2025, las empresas que ya estaban obligadas a calcular e informar anualmente sobre sus emisiones de gases de efecto invernadero \u2014seg\u00fan lo establecido en la Ley 11\/2018\u2014 deber\u00e1n dar un paso m\u00e1s: a partir del 12 de junio, tambi\u00e9n estar\u00e1n obligadas a disponer de un plan de descarbonizaci\u00f3n. Este plan deber\u00e1 fijar objetivos de reducci\u00f3n de emisiones a cinco a\u00f1os vista y publicarse junto con el c\u00e1lculo de la huella de carbono.\" \/>\n<meta property=\"og:url\" content=\"https:\/\/ineditinnova.com\/es\/tenir-un-pla-de-descarbonitzacio-obligatori-per-a-moltes-organitzacions-un-avantatge-competitiu-per-a-totes\/\" \/>\n<meta property=\"og:site_name\" content=\"in\u00e8dit\" \/>\n<meta property=\"article:publisher\" content=\"https:\/\/www.facebook.com\/ineditinnovacio\/?ref=page_internal\" \/>\n<meta property=\"article:published_time\" content=\"2025-05-28T08:33:14+00:00\" \/>\n<meta property=\"article:modified_time\" content=\"2025-06-07T06:51:58+00:00\" \/>\n<meta property=\"og:image\" content=\"https:\/\/ineditinnova.com\/wp-content\/uploads\/2025\/05\/PHOTO-2025-05-28-18-10-30.jpg\" \/>\n\t<meta property=\"og:image:width\" content=\"1283\" \/>\n\t<meta property=\"og:image:height\" content=\"789\" \/>\n\t<meta property=\"og:image:type\" content=\"image\/jpeg\" \/>\n<meta name=\"author\" content=\"Codina\" \/>\n<meta name=\"twitter:card\" content=\"summary_large_image\" \/>\n<meta name=\"twitter:creator\" content=\"@ineditinnova\" \/>\n<meta name=\"twitter:site\" content=\"@ineditinnova\" \/>\n<meta name=\"twitter:label1\" content=\"Escrito por\" \/>\n\t<meta name=\"twitter:data1\" content=\"Codina\" \/>\n\t<meta name=\"twitter:label2\" content=\"Tiempo de lectura\" \/>\n\t<meta name=\"twitter:data2\" content=\"6 minutos\" \/>\n<script type=\"application\/ld+json\" class=\"yoast-schema-graph\">{\"@context\":\"https:\\\/\\\/schema.org\",\"@graph\":[{\"@type\":\"Article\",\"@id\":\"https:\\\/\\\/ineditinnova.com\\\/es\\\/tenir-un-pla-de-descarbonitzacio-obligatori-per-a-moltes-organitzacions-un-avantatge-competitiu-per-a-totes\\\/#article\",\"isPartOf\":{\"@id\":\"https:\\\/\\\/ineditinnova.com\\\/es\\\/tenir-un-pla-de-descarbonitzacio-obligatori-per-a-moltes-organitzacions-un-avantatge-competitiu-per-a-totes\\\/\"},\"author\":{\"name\":\"Codina\",\"@id\":\"https:\\\/\\\/ineditinnova.com\\\/en\\\/#\\\/schema\\\/person\\\/891e1158385858d9972e3d28e2abf5e5\"},\"headline\":\"Tener un plan de descarbonizaci\u00f3n: obligatorio para muchas organizaciones, una ventaja competitiva para todas\",\"datePublished\":\"2025-05-28T08:33:14+00:00\",\"dateModified\":\"2025-06-07T06:51:58+00:00\",\"mainEntityOfPage\":{\"@id\":\"https:\\\/\\\/ineditinnova.com\\\/es\\\/tenir-un-pla-de-descarbonitzacio-obligatori-per-a-moltes-organitzacions-un-avantatge-competitiu-per-a-totes\\\/\"},\"wordCount\":1061,\"image\":{\"@id\":\"https:\\\/\\\/ineditinnova.com\\\/es\\\/tenir-un-pla-de-descarbonitzacio-obligatori-per-a-moltes-organitzacions-un-avantatge-competitiu-per-a-totes\\\/#primaryimage\"},\"thumbnailUrl\":\"https:\\\/\\\/ineditinnova.com\\\/wp-content\\\/uploads\\\/2025\\\/05\\\/PHOTO-2025-05-28-18-10-30.jpg\",\"articleSection\":[\"Ecodise\u00f1o de productos y servicios\"],\"inLanguage\":\"es\"},{\"@type\":\"WebPage\",\"@id\":\"https:\\\/\\\/ineditinnova.com\\\/es\\\/tenir-un-pla-de-descarbonitzacio-obligatori-per-a-moltes-organitzacions-un-avantatge-competitiu-per-a-totes\\\/\",\"url\":\"https:\\\/\\\/ineditinnova.com\\\/es\\\/tenir-un-pla-de-descarbonitzacio-obligatori-per-a-moltes-organitzacions-un-avantatge-competitiu-per-a-totes\\\/\",\"name\":\"Tener un plan de descarbonizaci\u00f3n: obligatorio para muchas organizaciones, una ventaja competitiva para todas - in\u00e8dit\",\"isPartOf\":{\"@id\":\"https:\\\/\\\/ineditinnova.com\\\/en\\\/#website\"},\"primaryImageOfPage\":{\"@id\":\"https:\\\/\\\/ineditinnova.com\\\/es\\\/tenir-un-pla-de-descarbonitzacio-obligatori-per-a-moltes-organitzacions-un-avantatge-competitiu-per-a-totes\\\/#primaryimage\"},\"image\":{\"@id\":\"https:\\\/\\\/ineditinnova.com\\\/es\\\/tenir-un-pla-de-descarbonitzacio-obligatori-per-a-moltes-organitzacions-un-avantatge-competitiu-per-a-totes\\\/#primaryimage\"},\"thumbnailUrl\":\"https:\\\/\\\/ineditinnova.com\\\/wp-content\\\/uploads\\\/2025\\\/05\\\/PHOTO-2025-05-28-18-10-30.jpg\",\"datePublished\":\"2025-05-28T08:33:14+00:00\",\"dateModified\":\"2025-06-07T06:51:58+00:00\",\"author\":{\"@id\":\"https:\\\/\\\/ineditinnova.com\\\/en\\\/#\\\/schema\\\/person\\\/891e1158385858d9972e3d28e2abf5e5\"},\"description\":\"Con la aprobaci\u00f3n del Real Decreto 214\\\/2025, las empresas que ya estaban obligadas a calcular e informar anualmente sobre sus emisiones de gases de efecto invernadero \u2014seg\u00fan lo establecido en la Ley 11\\\/2018\u2014 deber\u00e1n dar un paso m\u00e1s: a partir del 12 de junio, tambi\u00e9n estar\u00e1n obligadas a disponer de un plan de descarbonizaci\u00f3n. Este plan deber\u00e1 fijar objetivos de reducci\u00f3n de emisiones a cinco a\u00f1os vista y publicarse junto con el c\u00e1lculo de la huella de carbono.\",\"breadcrumb\":{\"@id\":\"https:\\\/\\\/ineditinnova.com\\\/es\\\/tenir-un-pla-de-descarbonitzacio-obligatori-per-a-moltes-organitzacions-un-avantatge-competitiu-per-a-totes\\\/#breadcrumb\"},\"inLanguage\":\"es\",\"potentialAction\":[{\"@type\":\"ReadAction\",\"target\":[\"https:\\\/\\\/ineditinnova.com\\\/es\\\/tenir-un-pla-de-descarbonitzacio-obligatori-per-a-moltes-organitzacions-un-avantatge-competitiu-per-a-totes\\\/\"]}]},{\"@type\":\"ImageObject\",\"inLanguage\":\"es\",\"@id\":\"https:\\\/\\\/ineditinnova.com\\\/es\\\/tenir-un-pla-de-descarbonitzacio-obligatori-per-a-moltes-organitzacions-un-avantatge-competitiu-per-a-totes\\\/#primaryimage\",\"url\":\"https:\\\/\\\/ineditinnova.com\\\/wp-content\\\/uploads\\\/2025\\\/05\\\/PHOTO-2025-05-28-18-10-30.jpg\",\"contentUrl\":\"https:\\\/\\\/ineditinnova.com\\\/wp-content\\\/uploads\\\/2025\\\/05\\\/PHOTO-2025-05-28-18-10-30.jpg\",\"width\":1283,\"height\":789,\"caption\":\"descarbonitzaci\u00f3\"},{\"@type\":\"BreadcrumbList\",\"@id\":\"https:\\\/\\\/ineditinnova.com\\\/es\\\/tenir-un-pla-de-descarbonitzacio-obligatori-per-a-moltes-organitzacions-un-avantatge-competitiu-per-a-totes\\\/#breadcrumb\",\"itemListElement\":[{\"@type\":\"ListItem\",\"position\":1,\"name\":\"Inici\",\"item\":\"https:\\\/\\\/ineditinnova.com\\\/es\\\/\"},{\"@type\":\"ListItem\",\"position\":2,\"name\":\"Tener un plan de descarbonizaci\u00f3n: obligatorio para muchas organizaciones, una ventaja competitiva para todas\"}]},{\"@type\":\"WebSite\",\"@id\":\"https:\\\/\\\/ineditinnova.com\\\/en\\\/#website\",\"url\":\"https:\\\/\\\/ineditinnova.com\\\/en\\\/\",\"name\":\"in\u00e8dit\",\"description\":\"Dise\u00f1amos soluciones circulares y sostenibles para un futuro mejor\",\"potentialAction\":[{\"@type\":\"SearchAction\",\"target\":{\"@type\":\"EntryPoint\",\"urlTemplate\":\"https:\\\/\\\/ineditinnova.com\\\/en\\\/?s={search_term_string}\"},\"query-input\":{\"@type\":\"PropertyValueSpecification\",\"valueRequired\":true,\"valueName\":\"search_term_string\"}}],\"inLanguage\":\"es\"},{\"@type\":\"Person\",\"@id\":\"https:\\\/\\\/ineditinnova.com\\\/en\\\/#\\\/schema\\\/person\\\/891e1158385858d9972e3d28e2abf5e5\",\"name\":\"Codina\",\"image\":{\"@type\":\"ImageObject\",\"inLanguage\":\"es\",\"@id\":\"https:\\\/\\\/secure.gravatar.com\\\/avatar\\\/4fff7c6f6d19e46cfd6c15f0f9b4aeb9970dd1aa4028caf6584e34d95cb8a41d?s=96&d=mm&r=g\",\"url\":\"https:\\\/\\\/secure.gravatar.com\\\/avatar\\\/4fff7c6f6d19e46cfd6c15f0f9b4aeb9970dd1aa4028caf6584e34d95cb8a41d?s=96&d=mm&r=g\",\"contentUrl\":\"https:\\\/\\\/secure.gravatar.com\\\/avatar\\\/4fff7c6f6d19e46cfd6c15f0f9b4aeb9970dd1aa4028caf6584e34d95cb8a41d?s=96&d=mm&r=g\",\"caption\":\"Codina\"},\"url\":\"https:\\\/\\\/ineditinnova.com\\\/es\\\/author\\\/inedit\\\/\"}]}<\/script>\n<!-- \/ Yoast SEO plugin. -->","yoast_head_json":{"title":"Tener un plan de descarbonizaci\u00f3n: obligatorio para muchas organizaciones, una ventaja competitiva para todas - in\u00e8dit","description":"Con la aprobaci\u00f3n del Real Decreto 214\/2025, las empresas que ya estaban obligadas a calcular e informar anualmente sobre sus emisiones de gases de efecto invernadero \u2014seg\u00fan lo establecido en la Ley 11\/2018\u2014 deber\u00e1n dar un paso m\u00e1s: a partir del 12 de junio, tambi\u00e9n estar\u00e1n obligadas a disponer de un plan de descarbonizaci\u00f3n. Este plan deber\u00e1 fijar objetivos de reducci\u00f3n de emisiones a cinco a\u00f1os vista y publicarse junto con el c\u00e1lculo de la huella de carbono.","robots":{"index":"index","follow":"follow","max-snippet":"max-snippet:-1","max-image-preview":"max-image-preview:large","max-video-preview":"max-video-preview:-1"},"canonical":"https:\/\/ineditinnova.com\/es\/tenir-un-pla-de-descarbonitzacio-obligatori-per-a-moltes-organitzacions-un-avantatge-competitiu-per-a-totes\/","og_locale":"es_ES","og_type":"article","og_title":"Tener un plan de descarbonizaci\u00f3n: obligatorio para muchas organizaciones, una ventaja competitiva para todas - in\u00e8dit","og_description":"Con la aprobaci\u00f3n del Real Decreto 214\/2025, las empresas que ya estaban obligadas a calcular e informar anualmente sobre sus emisiones de gases de efecto invernadero \u2014seg\u00fan lo establecido en la Ley 11\/2018\u2014 deber\u00e1n dar un paso m\u00e1s: a partir del 12 de junio, tambi\u00e9n estar\u00e1n obligadas a disponer de un plan de descarbonizaci\u00f3n. Este plan deber\u00e1 fijar objetivos de reducci\u00f3n de emisiones a cinco a\u00f1os vista y publicarse junto con el c\u00e1lculo de la huella de carbono.","og_url":"https:\/\/ineditinnova.com\/es\/tenir-un-pla-de-descarbonitzacio-obligatori-per-a-moltes-organitzacions-un-avantatge-competitiu-per-a-totes\/","og_site_name":"in\u00e8dit","article_publisher":"https:\/\/www.facebook.com\/ineditinnovacio\/?ref=page_internal","article_published_time":"2025-05-28T08:33:14+00:00","article_modified_time":"2025-06-07T06:51:58+00:00","og_image":[{"width":1283,"height":789,"url":"https:\/\/ineditinnova.com\/wp-content\/uploads\/2025\/05\/PHOTO-2025-05-28-18-10-30.jpg","type":"image\/jpeg"}],"author":"Codina","twitter_card":"summary_large_image","twitter_creator":"@ineditinnova","twitter_site":"@ineditinnova","twitter_misc":{"Escrito por":"Codina","Tiempo de lectura":"6 minutos"},"schema":{"@context":"https:\/\/schema.org","@graph":[{"@type":"Article","@id":"https:\/\/ineditinnova.com\/es\/tenir-un-pla-de-descarbonitzacio-obligatori-per-a-moltes-organitzacions-un-avantatge-competitiu-per-a-totes\/#article","isPartOf":{"@id":"https:\/\/ineditinnova.com\/es\/tenir-un-pla-de-descarbonitzacio-obligatori-per-a-moltes-organitzacions-un-avantatge-competitiu-per-a-totes\/"},"author":{"name":"Codina","@id":"https:\/\/ineditinnova.com\/en\/#\/schema\/person\/891e1158385858d9972e3d28e2abf5e5"},"headline":"Tener un plan de descarbonizaci\u00f3n: obligatorio para muchas organizaciones, una ventaja competitiva para todas","datePublished":"2025-05-28T08:33:14+00:00","dateModified":"2025-06-07T06:51:58+00:00","mainEntityOfPage":{"@id":"https:\/\/ineditinnova.com\/es\/tenir-un-pla-de-descarbonitzacio-obligatori-per-a-moltes-organitzacions-un-avantatge-competitiu-per-a-totes\/"},"wordCount":1061,"image":{"@id":"https:\/\/ineditinnova.com\/es\/tenir-un-pla-de-descarbonitzacio-obligatori-per-a-moltes-organitzacions-un-avantatge-competitiu-per-a-totes\/#primaryimage"},"thumbnailUrl":"https:\/\/ineditinnova.com\/wp-content\/uploads\/2025\/05\/PHOTO-2025-05-28-18-10-30.jpg","articleSection":["Ecodise\u00f1o de productos y servicios"],"inLanguage":"es"},{"@type":"WebPage","@id":"https:\/\/ineditinnova.com\/es\/tenir-un-pla-de-descarbonitzacio-obligatori-per-a-moltes-organitzacions-un-avantatge-competitiu-per-a-totes\/","url":"https:\/\/ineditinnova.com\/es\/tenir-un-pla-de-descarbonitzacio-obligatori-per-a-moltes-organitzacions-un-avantatge-competitiu-per-a-totes\/","name":"Tener un plan de descarbonizaci\u00f3n: obligatorio para muchas organizaciones, una ventaja competitiva para todas - in\u00e8dit","isPartOf":{"@id":"https:\/\/ineditinnova.com\/en\/#website"},"primaryImageOfPage":{"@id":"https:\/\/ineditinnova.com\/es\/tenir-un-pla-de-descarbonitzacio-obligatori-per-a-moltes-organitzacions-un-avantatge-competitiu-per-a-totes\/#primaryimage"},"image":{"@id":"https:\/\/ineditinnova.com\/es\/tenir-un-pla-de-descarbonitzacio-obligatori-per-a-moltes-organitzacions-un-avantatge-competitiu-per-a-totes\/#primaryimage"},"thumbnailUrl":"https:\/\/ineditinnova.com\/wp-content\/uploads\/2025\/05\/PHOTO-2025-05-28-18-10-30.jpg","datePublished":"2025-05-28T08:33:14+00:00","dateModified":"2025-06-07T06:51:58+00:00","author":{"@id":"https:\/\/ineditinnova.com\/en\/#\/schema\/person\/891e1158385858d9972e3d28e2abf5e5"},"description":"Con la aprobaci\u00f3n del Real Decreto 214\/2025, las empresas que ya estaban obligadas a calcular e informar anualmente sobre sus emisiones de gases de efecto invernadero \u2014seg\u00fan lo establecido en la Ley 11\/2018\u2014 deber\u00e1n dar un paso m\u00e1s: a partir del 12 de junio, tambi\u00e9n estar\u00e1n obligadas a disponer de un plan de descarbonizaci\u00f3n. Este plan deber\u00e1 fijar objetivos de reducci\u00f3n de emisiones a cinco a\u00f1os vista y publicarse junto con el c\u00e1lculo de la huella de carbono.","breadcrumb":{"@id":"https:\/\/ineditinnova.com\/es\/tenir-un-pla-de-descarbonitzacio-obligatori-per-a-moltes-organitzacions-un-avantatge-competitiu-per-a-totes\/#breadcrumb"},"inLanguage":"es","potentialAction":[{"@type":"ReadAction","target":["https:\/\/ineditinnova.com\/es\/tenir-un-pla-de-descarbonitzacio-obligatori-per-a-moltes-organitzacions-un-avantatge-competitiu-per-a-totes\/"]}]},{"@type":"ImageObject","inLanguage":"es","@id":"https:\/\/ineditinnova.com\/es\/tenir-un-pla-de-descarbonitzacio-obligatori-per-a-moltes-organitzacions-un-avantatge-competitiu-per-a-totes\/#primaryimage","url":"https:\/\/ineditinnova.com\/wp-content\/uploads\/2025\/05\/PHOTO-2025-05-28-18-10-30.jpg","contentUrl":"https:\/\/ineditinnova.com\/wp-content\/uploads\/2025\/05\/PHOTO-2025-05-28-18-10-30.jpg","width":1283,"height":789,"caption":"descarbonitzaci\u00f3"},{"@type":"BreadcrumbList","@id":"https:\/\/ineditinnova.com\/es\/tenir-un-pla-de-descarbonitzacio-obligatori-per-a-moltes-organitzacions-un-avantatge-competitiu-per-a-totes\/#breadcrumb","itemListElement":[{"@type":"ListItem","position":1,"name":"Inici","item":"https:\/\/ineditinnova.com\/es\/"},{"@type":"ListItem","position":2,"name":"Tener un plan de descarbonizaci\u00f3n: obligatorio para muchas organizaciones, una ventaja competitiva para todas"}]},{"@type":"WebSite","@id":"https:\/\/ineditinnova.com\/en\/#website","url":"https:\/\/ineditinnova.com\/en\/","name":"in\u00e8dit","description":"Dise\u00f1amos soluciones circulares y sostenibles para un futuro mejor","potentialAction":[{"@type":"SearchAction","target":{"@type":"EntryPoint","urlTemplate":"https:\/\/ineditinnova.com\/en\/?s={search_term_string}"},"query-input":{"@type":"PropertyValueSpecification","valueRequired":true,"valueName":"search_term_string"}}],"inLanguage":"es"},{"@type":"Person","@id":"https:\/\/ineditinnova.com\/en\/#\/schema\/person\/891e1158385858d9972e3d28e2abf5e5","name":"Codina","image":{"@type":"ImageObject","inLanguage":"es","@id":"https:\/\/secure.gravatar.com\/avatar\/4fff7c6f6d19e46cfd6c15f0f9b4aeb9970dd1aa4028caf6584e34d95cb8a41d?s=96&d=mm&r=g","url":"https:\/\/secure.gravatar.com\/avatar\/4fff7c6f6d19e46cfd6c15f0f9b4aeb9970dd1aa4028caf6584e34d95cb8a41d?s=96&d=mm&r=g","contentUrl":"https:\/\/secure.gravatar.com\/avatar\/4fff7c6f6d19e46cfd6c15f0f9b4aeb9970dd1aa4028caf6584e34d95cb8a41d?s=96&d=mm&r=g","caption":"Codina"},"url":"https:\/\/ineditinnova.com\/es\/author\/inedit\/"}]}},"_links":{"self":[{"href":"https:\/\/ineditinnova.com\/es\/wp-json\/wp\/v2\/posts\/11482","targetHints":{"allow":["GET"]}}],"collection":[{"href":"https:\/\/ineditinnova.com\/es\/wp-json\/wp\/v2\/posts"}],"about":[{"href":"https:\/\/ineditinnova.com\/es\/wp-json\/wp\/v2\/types\/post"}],"author":[{"embeddable":true,"href":"https:\/\/ineditinnova.com\/es\/wp-json\/wp\/v2\/users\/2"}],"replies":[{"embeddable":true,"href":"https:\/\/ineditinnova.com\/es\/wp-json\/wp\/v2\/comments?post=11482"}],"version-history":[{"count":8,"href":"https:\/\/ineditinnova.com\/es\/wp-json\/wp\/v2\/posts\/11482\/revisions"}],"predecessor-version":[{"id":11579,"href":"https:\/\/ineditinnova.com\/es\/wp-json\/wp\/v2\/posts\/11482\/revisions\/11579"}],"wp:featuredmedia":[{"embeddable":true,"href":"https:\/\/ineditinnova.com\/es\/wp-json\/wp\/v2\/media\/11536"}],"wp:attachment":[{"href":"https:\/\/ineditinnova.com\/es\/wp-json\/wp\/v2\/media?parent=11482"}],"wp:term":[{"taxonomy":"category","embeddable":true,"href":"https:\/\/ineditinnova.com\/es\/wp-json\/wp\/v2\/categories?post=11482"},{"taxonomy":"post_tag","embeddable":true,"href":"https:\/\/ineditinnova.com\/es\/wp-json\/wp\/v2\/tags?post=11482"}],"curies":[{"name":"wp","href":"https:\/\/api.w.org\/{rel}","templated":true}]}}