{"id":11567,"date":"2025-06-04T05:00:18","date_gmt":"2025-06-04T05:00:18","guid":{"rendered":"https:\/\/ineditinnova.com\/el-sector-gurmet-catala-fa-un-pas-endavant-per-integrar-lecodisseny-en-els-seus-envasos\/"},"modified":"2025-06-04T05:06:59","modified_gmt":"2025-06-04T05:06:59","slug":"el-sector-gurmet-catala-fa-un-pas-endavant-per-integrar-lecodisseny-en-els-seus-envasos","status":"publish","type":"post","link":"https:\/\/ineditinnova.com\/es\/el-sector-gurmet-catala-fa-un-pas-endavant-per-integrar-lecodisseny-en-els-seus-envasos\/","title":{"rendered":"El sector gourmet catal\u00e1n da un paso adelante para integrar el ecodise\u00f1o en sus envases"},"content":{"rendered":"\n<p style=\"font-size:25px\">Los envases de los productos gourmet tambi\u00e9n pueden ser m\u00e1s sostenibles. Este es el punto de partida del proyecto <strong>\u00abSustainable Gourmet Pack\u00bb<\/strong>, liderado por el <strong><a href=\"https:\/\/cfoodretail.cat\/\">Cl\u00faster Food Retail de Catalunya<\/a><\/strong> y el <strong><a href=\"https:\/\/www.innovi.cat\/\">Cl\u00faster Vitivin\u00edcola de Catalunya (INNOVI)<\/a><\/strong>, con <strong>la participaci\u00f3n t\u00e9cnica de in\u00e8dit.<\/strong> El proyecto ha explorado los retos y oportunidades de introducir criterios de ecodise\u00f1o en el envasado de esta categor\u00eda de productos, en la que, adem\u00e1s de la conservaci\u00f3n y la funcionalidad, el factor est\u00e9tico suele tener mucho peso. Las empresas participantes han sido Leo Boeck, Cooperativa d\u2019Artesa, Hort del Silenci, Laboratorios Lamons, Miliunverd, Embotits Mallart, Galetes Trias y Vallformosa.<\/p>\n\n\n\n<p style=\"font-size:25px\">Los resultados se han concretado en <strong>una serie de fichas que recogen diversas ecoestrategias a aplicar.<\/strong> Son fruto de un trabajo de an\u00e1lisis de informaci\u00f3n de base y de dos talleres participativos que permitieron identificar las barreras para integrar el ecodise\u00f1o en los productos gourmet y priorizar estrategias para su implementaci\u00f3n.<\/p>\n\n\n\n<h2 class=\"wp-block-heading\"><strong><strong>Barreras y l\u00edneas de acci\u00f3n para integrar el ecodise\u00f1o en los envases de productos gourmet<\/strong><\/strong><\/h2>\n\n\n\n<p style=\"font-size:25px\">En el marco del proyecto, se celebr\u00f3 un taller en el que las empresas gourmet participantes identificaron las barreras a las que se enfrentan al introducir criterios de ecodise\u00f1o en sus envases. Las barreras detectadas fueron econ\u00f3micas; t\u00e9cnicas; de car\u00e1cter operativo, estructural o de infraestructura; de comunicaci\u00f3n; de gobernanza, y culturales.<\/p>\n\n\n\n<p style=\"font-size:25px\">Una vez identificadas las barreras, se definieron una serie de l\u00edneas de acci\u00f3n para introducir el ecodise\u00f1o del envase en los productos gourmet, que se priorizaron en un segundo taller participativo. El resultado son unas fichas con cada ecoestrategia priorizada, que incluyen una descripci\u00f3n de la estrategia, los objetivos y resultados esperados, los indicadores de circularidad e impacto ambiental a considerar, y los agentes a involucrar en su implementaci\u00f3n.<\/p>\n\n\n\n<p style=\"font-size:25px\">Estas ecoestrategias son:<\/p>\n\n\n\n<ul class=\"wp-block-list\">\n<li style=\"font-size:25px\"><strong>Uso de materiales de origen reciclado<\/strong>, ya sea procedentes de residuos industriales o postconsumo, para fabricar todo el envase o algunos de sus elementos.<\/li>\n\n\n\n<li style=\"font-size:25px\"><strong>Comunicaci\u00f3n con proveedores<\/strong>, para disponer de informaci\u00f3n de calidad sobre el perfil ambiental de las soluciones que ofrecen. En este sentido, se pueden solicitar distintivos y certificaciones que eval\u00faen objetivamente la sostenibilidad del envase y de la propia organizaci\u00f3n.<\/li>\n\n\n\n<li style=\"font-size:25px\"><strong>Uso de materiales alternativos biodegradables y\/o compostables<\/strong>, una estrategia relevante cuando, por el tipo de producto que contiene, el envase puede mancharse con restos de comida. Es importante porque, por las caracter\u00edsticas del envase, su uso o la ineficiencia de las infraestructuras de recogida de residuos, existe el riesgo de que acabe depositado de forma incontrolada.<\/li>\n\n\n\n<li style=\"font-size:25px\"><strong>Aplicaci\u00f3n de un dise\u00f1o de envase m\u00e1s \u00f3ptimo en peso<\/strong>, lo que aporta mejoras en la prevenci\u00f3n del consumo de materiales y una reducci\u00f3n de residuos de envases.<\/li>\n\n\n\n<li style=\"font-size:25px\"><strong>Comunicaci\u00f3n con el consumidor final para mejorar el reciclaje<\/strong>. Esta comunicaci\u00f3n debe hacerse principalmente a trav\u00e9s del propio envase mediante pictogramas o mensajes espec\u00edficos.<\/li>\n\n\n\n<li style=\"font-size:25px\"><strong>Cambio de soluci\u00f3n de envase por opciones m\u00e1s ligeras que reduzcan la cantidad de material por unidad de producto envasado.<\/strong> Esto implica cambios en el uso de materiales, en los procesos de transformaci\u00f3n, la log\u00edstica o la presentaci\u00f3n del producto.<\/li>\n\n\n\n<li style=\"font-size:25px\"><strong>Comunicaci\u00f3n con el consumidor final sobre la sostenibilidad del envase<\/strong>, utilizando mensajes claros, veraces y contrastados. Para ello, pueden emplearse herramientas como etiquetas ecol\u00f3gicas o certificados ambientales.<\/li>\n\n\n\n<li style=\"font-size:25px\"><strong>Cambio de soluci\u00f3n de envase por una de monomaterial<\/strong>, una ecoestrategia que busca simplificar el proceso de reciclaje y mejorar la tasa de recuperaci\u00f3n y reciclaje de materiales con la m\u00e1xima calidad posible.<\/li>\n\n\n\n<li style=\"font-size:25px\"><strong>Venta de producto a granel,<\/strong> una estrategia compleja de implementar pero con gran repercusi\u00f3n en t\u00e9rminos de sostenibilidad y circularidad.<\/li>\n\n\n\n<li style=\"font-size:25px\"><strong>Minimizar el consumo de materiales accesorios,<\/strong> lo que implica identificar los procesos que podr\u00edan simplificarse sin comprometer la funcionalidad del envase.<\/li>\n<\/ul>\n\n\n\n<p style=\"font-size:25px\"><em><em>El proyecto \u00abSustainable Gourmet Pack\u00bb ha contado con el apoyo de la Agencia de Residuos de Catalu\u00f1a dentro de la convocatoria de Ayudas para el fomento de la econom\u00eda circular 2022.<\/em><\/em><\/p>\n\n\n\n<p><\/p>\n\n\n\n<p class=\"has-small-font-size\">Fotograf\u00eda principal: Anthony Rahayel \/ Pexels (licencia CC)<\/p>\n","protected":false},"excerpt":{"rendered":"<p>Los envases de los productos gourmet tambi\u00e9n pueden ser m\u00e1s sostenibles. Este es el punto de partida del proyecto \u00abSustainable Gourmet Pack\u00bb, liderado por el Cl\u00faster Food Retail de Catalunya y el Cl\u00faster Vitivin\u00edcola de Catalunya (INNOVI), con la participaci\u00f3n t\u00e9cnica de in\u00e8dit. El proyecto ha explorado los retos y oportunidades de introducir criterios de&#8230;  <a class=\"excerpt-read-more\" href=\"https:\/\/ineditinnova.com\/es\/el-sector-gurmet-catala-fa-un-pas-endavant-per-integrar-lecodisseny-en-els-seus-envasos\/\" title=\"Read El sector gourmet catal\u00e1n da un paso adelante para integrar el ecodise\u00f1o en sus envases\">Read more &raquo;<\/a><\/p>\n","protected":false},"author":2,"featured_media":11564,"comment_status":"closed","ping_status":"closed","sticky":false,"template":"","format":"standard","meta":{"_acf_changed":false,"footnotes":""},"categories":[21],"tags":[54],"class_list":["post-11567","post","type-post","status-publish","format-standard","has-post-thumbnail","hentry","category-ecodiseno","tag-noticia-es"],"acf":[],"yoast_head":"<!-- This site is optimized with the Yoast SEO plugin v27.5 - https:\/\/yoast.com\/product\/yoast-seo-wordpress\/ -->\n<title>El sector gourmet catal\u00e1n da un paso adelante para integrar el ecodise\u00f1o en sus envases - in\u00e8dit<\/title>\n<meta name=\"description\" content=\"Los envases de los productos gourmet tambi\u00e9n pueden ser m\u00e1s sostenibles. Este es el punto de partida del proyecto \u00abSustainable Gourmet Pack\u00bb, liderado por el Cl\u00faster Food Retail de Catalunya y el Cl\u00faster Vitivin\u00edcola de Catalunya (INNOVI), con la participaci\u00f3n t\u00e9cnica de in\u00e8dit.\" \/>\n<meta name=\"robots\" content=\"index, follow, max-snippet:-1, max-image-preview:large, max-video-preview:-1\" \/>\n<link rel=\"canonical\" href=\"https:\/\/ineditinnova.com\/es\/el-sector-gurmet-catala-fa-un-pas-endavant-per-integrar-lecodisseny-en-els-seus-envasos\/\" \/>\n<meta property=\"og:locale\" content=\"es_ES\" \/>\n<meta property=\"og:type\" content=\"article\" \/>\n<meta property=\"og:title\" content=\"El sector gourmet catal\u00e1n da un paso adelante para integrar el ecodise\u00f1o en sus envases - in\u00e8dit\" \/>\n<meta property=\"og:description\" content=\"Los envases de los productos gourmet tambi\u00e9n pueden ser m\u00e1s sostenibles. Este es el punto de partida del proyecto \u00abSustainable Gourmet Pack\u00bb, liderado por el Cl\u00faster Food Retail de Catalunya y el Cl\u00faster Vitivin\u00edcola de Catalunya (INNOVI), con la participaci\u00f3n t\u00e9cnica de in\u00e8dit.\" \/>\n<meta property=\"og:url\" content=\"https:\/\/ineditinnova.com\/es\/el-sector-gurmet-catala-fa-un-pas-endavant-per-integrar-lecodisseny-en-els-seus-envasos\/\" \/>\n<meta property=\"og:site_name\" content=\"in\u00e8dit\" \/>\n<meta property=\"article:publisher\" content=\"https:\/\/www.facebook.com\/ineditinnovacio\/?ref=page_internal\" \/>\n<meta property=\"article:published_time\" content=\"2025-06-04T05:00:18+00:00\" \/>\n<meta property=\"article:modified_time\" content=\"2025-06-04T05:06:59+00:00\" \/>\n<meta property=\"og:image\" content=\"https:\/\/ineditinnova.com\/wp-content\/uploads\/2025\/06\/pexels-anthony-rahayel.jpg\" \/>\n\t<meta property=\"og:image:width\" content=\"1200\" \/>\n\t<meta property=\"og:image:height\" content=\"799\" \/>\n\t<meta property=\"og:image:type\" content=\"image\/jpeg\" \/>\n<meta name=\"author\" content=\"Codina\" \/>\n<meta name=\"twitter:card\" content=\"summary_large_image\" \/>\n<meta name=\"twitter:creator\" content=\"@ineditinnova\" \/>\n<meta name=\"twitter:site\" content=\"@ineditinnova\" \/>\n<meta name=\"twitter:label1\" content=\"Escrito por\" \/>\n\t<meta name=\"twitter:data1\" content=\"Codina\" \/>\n\t<meta name=\"twitter:label2\" content=\"Tiempo de lectura\" \/>\n\t<meta name=\"twitter:data2\" content=\"4 minutos\" \/>\n<script type=\"application\/ld+json\" class=\"yoast-schema-graph\">{\"@context\":\"https:\\\/\\\/schema.org\",\"@graph\":[{\"@type\":\"Article\",\"@id\":\"https:\\\/\\\/ineditinnova.com\\\/es\\\/el-sector-gurmet-catala-fa-un-pas-endavant-per-integrar-lecodisseny-en-els-seus-envasos\\\/#article\",\"isPartOf\":{\"@id\":\"https:\\\/\\\/ineditinnova.com\\\/es\\\/el-sector-gurmet-catala-fa-un-pas-endavant-per-integrar-lecodisseny-en-els-seus-envasos\\\/\"},\"author\":{\"name\":\"Codina\",\"@id\":\"https:\\\/\\\/ineditinnova.com\\\/en\\\/#\\\/schema\\\/person\\\/891e1158385858d9972e3d28e2abf5e5\"},\"headline\":\"El sector gourmet catal\u00e1n da un paso adelante para integrar el ecodise\u00f1o en sus envases\",\"datePublished\":\"2025-06-04T05:00:18+00:00\",\"dateModified\":\"2025-06-04T05:06:59+00:00\",\"mainEntityOfPage\":{\"@id\":\"https:\\\/\\\/ineditinnova.com\\\/es\\\/el-sector-gurmet-catala-fa-un-pas-endavant-per-integrar-lecodisseny-en-els-seus-envasos\\\/\"},\"wordCount\":719,\"image\":{\"@id\":\"https:\\\/\\\/ineditinnova.com\\\/es\\\/el-sector-gurmet-catala-fa-un-pas-endavant-per-integrar-lecodisseny-en-els-seus-envasos\\\/#primaryimage\"},\"thumbnailUrl\":\"https:\\\/\\\/ineditinnova.com\\\/wp-content\\\/uploads\\\/2025\\\/06\\\/pexels-anthony-rahayel.jpg\",\"keywords\":[\"NOTICIA\"],\"articleSection\":[\"Ecodise\u00f1o de productos y servicios\"],\"inLanguage\":\"es\"},{\"@type\":\"WebPage\",\"@id\":\"https:\\\/\\\/ineditinnova.com\\\/es\\\/el-sector-gurmet-catala-fa-un-pas-endavant-per-integrar-lecodisseny-en-els-seus-envasos\\\/\",\"url\":\"https:\\\/\\\/ineditinnova.com\\\/es\\\/el-sector-gurmet-catala-fa-un-pas-endavant-per-integrar-lecodisseny-en-els-seus-envasos\\\/\",\"name\":\"El sector gourmet catal\u00e1n da un paso adelante para integrar el ecodise\u00f1o en sus envases - in\u00e8dit\",\"isPartOf\":{\"@id\":\"https:\\\/\\\/ineditinnova.com\\\/en\\\/#website\"},\"primaryImageOfPage\":{\"@id\":\"https:\\\/\\\/ineditinnova.com\\\/es\\\/el-sector-gurmet-catala-fa-un-pas-endavant-per-integrar-lecodisseny-en-els-seus-envasos\\\/#primaryimage\"},\"image\":{\"@id\":\"https:\\\/\\\/ineditinnova.com\\\/es\\\/el-sector-gurmet-catala-fa-un-pas-endavant-per-integrar-lecodisseny-en-els-seus-envasos\\\/#primaryimage\"},\"thumbnailUrl\":\"https:\\\/\\\/ineditinnova.com\\\/wp-content\\\/uploads\\\/2025\\\/06\\\/pexels-anthony-rahayel.jpg\",\"datePublished\":\"2025-06-04T05:00:18+00:00\",\"dateModified\":\"2025-06-04T05:06:59+00:00\",\"author\":{\"@id\":\"https:\\\/\\\/ineditinnova.com\\\/en\\\/#\\\/schema\\\/person\\\/891e1158385858d9972e3d28e2abf5e5\"},\"description\":\"Los envases de los productos gourmet tambi\u00e9n pueden ser m\u00e1s sostenibles. Este es el punto de partida del proyecto \u00abSustainable Gourmet Pack\u00bb, liderado por el Cl\u00faster Food Retail de Catalunya y el Cl\u00faster Vitivin\u00edcola de Catalunya (INNOVI), con la participaci\u00f3n t\u00e9cnica de in\u00e8dit.\",\"breadcrumb\":{\"@id\":\"https:\\\/\\\/ineditinnova.com\\\/es\\\/el-sector-gurmet-catala-fa-un-pas-endavant-per-integrar-lecodisseny-en-els-seus-envasos\\\/#breadcrumb\"},\"inLanguage\":\"es\",\"potentialAction\":[{\"@type\":\"ReadAction\",\"target\":[\"https:\\\/\\\/ineditinnova.com\\\/es\\\/el-sector-gurmet-catala-fa-un-pas-endavant-per-integrar-lecodisseny-en-els-seus-envasos\\\/\"]}]},{\"@type\":\"ImageObject\",\"inLanguage\":\"es\",\"@id\":\"https:\\\/\\\/ineditinnova.com\\\/es\\\/el-sector-gurmet-catala-fa-un-pas-endavant-per-integrar-lecodisseny-en-els-seus-envasos\\\/#primaryimage\",\"url\":\"https:\\\/\\\/ineditinnova.com\\\/wp-content\\\/uploads\\\/2025\\\/06\\\/pexels-anthony-rahayel.jpg\",\"contentUrl\":\"https:\\\/\\\/ineditinnova.com\\\/wp-content\\\/uploads\\\/2025\\\/06\\\/pexels-anthony-rahayel.jpg\",\"width\":1200,\"height\":799,\"caption\":\"sustainable gourmet pack\"},{\"@type\":\"BreadcrumbList\",\"@id\":\"https:\\\/\\\/ineditinnova.com\\\/es\\\/el-sector-gurmet-catala-fa-un-pas-endavant-per-integrar-lecodisseny-en-els-seus-envasos\\\/#breadcrumb\",\"itemListElement\":[{\"@type\":\"ListItem\",\"position\":1,\"name\":\"Inici\",\"item\":\"https:\\\/\\\/ineditinnova.com\\\/es\\\/\"},{\"@type\":\"ListItem\",\"position\":2,\"name\":\"El sector gourmet catal\u00e1n da un paso adelante para integrar el ecodise\u00f1o en sus envases\"}]},{\"@type\":\"WebSite\",\"@id\":\"https:\\\/\\\/ineditinnova.com\\\/en\\\/#website\",\"url\":\"https:\\\/\\\/ineditinnova.com\\\/en\\\/\",\"name\":\"in\u00e8dit\",\"description\":\"Dise\u00f1amos soluciones circulares y sostenibles para un futuro mejor\",\"potentialAction\":[{\"@type\":\"SearchAction\",\"target\":{\"@type\":\"EntryPoint\",\"urlTemplate\":\"https:\\\/\\\/ineditinnova.com\\\/en\\\/?s={search_term_string}\"},\"query-input\":{\"@type\":\"PropertyValueSpecification\",\"valueRequired\":true,\"valueName\":\"search_term_string\"}}],\"inLanguage\":\"es\"},{\"@type\":\"Person\",\"@id\":\"https:\\\/\\\/ineditinnova.com\\\/en\\\/#\\\/schema\\\/person\\\/891e1158385858d9972e3d28e2abf5e5\",\"name\":\"Codina\",\"image\":{\"@type\":\"ImageObject\",\"inLanguage\":\"es\",\"@id\":\"https:\\\/\\\/secure.gravatar.com\\\/avatar\\\/4fff7c6f6d19e46cfd6c15f0f9b4aeb9970dd1aa4028caf6584e34d95cb8a41d?s=96&d=mm&r=g\",\"url\":\"https:\\\/\\\/secure.gravatar.com\\\/avatar\\\/4fff7c6f6d19e46cfd6c15f0f9b4aeb9970dd1aa4028caf6584e34d95cb8a41d?s=96&d=mm&r=g\",\"contentUrl\":\"https:\\\/\\\/secure.gravatar.com\\\/avatar\\\/4fff7c6f6d19e46cfd6c15f0f9b4aeb9970dd1aa4028caf6584e34d95cb8a41d?s=96&d=mm&r=g\",\"caption\":\"Codina\"},\"url\":\"https:\\\/\\\/ineditinnova.com\\\/es\\\/author\\\/inedit\\\/\"}]}<\/script>\n<!-- \/ Yoast SEO plugin. -->","yoast_head_json":{"title":"El sector gourmet catal\u00e1n da un paso adelante para integrar el ecodise\u00f1o en sus envases - in\u00e8dit","description":"Los envases de los productos gourmet tambi\u00e9n pueden ser m\u00e1s sostenibles. Este es el punto de partida del proyecto \u00abSustainable Gourmet Pack\u00bb, liderado por el Cl\u00faster Food Retail de Catalunya y el Cl\u00faster Vitivin\u00edcola de Catalunya (INNOVI), con la participaci\u00f3n t\u00e9cnica de in\u00e8dit.","robots":{"index":"index","follow":"follow","max-snippet":"max-snippet:-1","max-image-preview":"max-image-preview:large","max-video-preview":"max-video-preview:-1"},"canonical":"https:\/\/ineditinnova.com\/es\/el-sector-gurmet-catala-fa-un-pas-endavant-per-integrar-lecodisseny-en-els-seus-envasos\/","og_locale":"es_ES","og_type":"article","og_title":"El sector gourmet catal\u00e1n da un paso adelante para integrar el ecodise\u00f1o en sus envases - in\u00e8dit","og_description":"Los envases de los productos gourmet tambi\u00e9n pueden ser m\u00e1s sostenibles. Este es el punto de partida del proyecto \u00abSustainable Gourmet Pack\u00bb, liderado por el Cl\u00faster Food Retail de Catalunya y el Cl\u00faster Vitivin\u00edcola de Catalunya (INNOVI), con la participaci\u00f3n t\u00e9cnica de in\u00e8dit.","og_url":"https:\/\/ineditinnova.com\/es\/el-sector-gurmet-catala-fa-un-pas-endavant-per-integrar-lecodisseny-en-els-seus-envasos\/","og_site_name":"in\u00e8dit","article_publisher":"https:\/\/www.facebook.com\/ineditinnovacio\/?ref=page_internal","article_published_time":"2025-06-04T05:00:18+00:00","article_modified_time":"2025-06-04T05:06:59+00:00","og_image":[{"width":1200,"height":799,"url":"https:\/\/ineditinnova.com\/wp-content\/uploads\/2025\/06\/pexels-anthony-rahayel.jpg","type":"image\/jpeg"}],"author":"Codina","twitter_card":"summary_large_image","twitter_creator":"@ineditinnova","twitter_site":"@ineditinnova","twitter_misc":{"Escrito por":"Codina","Tiempo de lectura":"4 minutos"},"schema":{"@context":"https:\/\/schema.org","@graph":[{"@type":"Article","@id":"https:\/\/ineditinnova.com\/es\/el-sector-gurmet-catala-fa-un-pas-endavant-per-integrar-lecodisseny-en-els-seus-envasos\/#article","isPartOf":{"@id":"https:\/\/ineditinnova.com\/es\/el-sector-gurmet-catala-fa-un-pas-endavant-per-integrar-lecodisseny-en-els-seus-envasos\/"},"author":{"name":"Codina","@id":"https:\/\/ineditinnova.com\/en\/#\/schema\/person\/891e1158385858d9972e3d28e2abf5e5"},"headline":"El sector gourmet catal\u00e1n da un paso adelante para integrar el ecodise\u00f1o en sus envases","datePublished":"2025-06-04T05:00:18+00:00","dateModified":"2025-06-04T05:06:59+00:00","mainEntityOfPage":{"@id":"https:\/\/ineditinnova.com\/es\/el-sector-gurmet-catala-fa-un-pas-endavant-per-integrar-lecodisseny-en-els-seus-envasos\/"},"wordCount":719,"image":{"@id":"https:\/\/ineditinnova.com\/es\/el-sector-gurmet-catala-fa-un-pas-endavant-per-integrar-lecodisseny-en-els-seus-envasos\/#primaryimage"},"thumbnailUrl":"https:\/\/ineditinnova.com\/wp-content\/uploads\/2025\/06\/pexels-anthony-rahayel.jpg","keywords":["NOTICIA"],"articleSection":["Ecodise\u00f1o de productos y servicios"],"inLanguage":"es"},{"@type":"WebPage","@id":"https:\/\/ineditinnova.com\/es\/el-sector-gurmet-catala-fa-un-pas-endavant-per-integrar-lecodisseny-en-els-seus-envasos\/","url":"https:\/\/ineditinnova.com\/es\/el-sector-gurmet-catala-fa-un-pas-endavant-per-integrar-lecodisseny-en-els-seus-envasos\/","name":"El sector gourmet catal\u00e1n da un paso adelante para integrar el ecodise\u00f1o en sus envases - in\u00e8dit","isPartOf":{"@id":"https:\/\/ineditinnova.com\/en\/#website"},"primaryImageOfPage":{"@id":"https:\/\/ineditinnova.com\/es\/el-sector-gurmet-catala-fa-un-pas-endavant-per-integrar-lecodisseny-en-els-seus-envasos\/#primaryimage"},"image":{"@id":"https:\/\/ineditinnova.com\/es\/el-sector-gurmet-catala-fa-un-pas-endavant-per-integrar-lecodisseny-en-els-seus-envasos\/#primaryimage"},"thumbnailUrl":"https:\/\/ineditinnova.com\/wp-content\/uploads\/2025\/06\/pexels-anthony-rahayel.jpg","datePublished":"2025-06-04T05:00:18+00:00","dateModified":"2025-06-04T05:06:59+00:00","author":{"@id":"https:\/\/ineditinnova.com\/en\/#\/schema\/person\/891e1158385858d9972e3d28e2abf5e5"},"description":"Los envases de los productos gourmet tambi\u00e9n pueden ser m\u00e1s sostenibles. Este es el punto de partida del proyecto \u00abSustainable Gourmet Pack\u00bb, liderado por el Cl\u00faster Food Retail de Catalunya y el Cl\u00faster Vitivin\u00edcola de Catalunya (INNOVI), con la participaci\u00f3n t\u00e9cnica de in\u00e8dit.","breadcrumb":{"@id":"https:\/\/ineditinnova.com\/es\/el-sector-gurmet-catala-fa-un-pas-endavant-per-integrar-lecodisseny-en-els-seus-envasos\/#breadcrumb"},"inLanguage":"es","potentialAction":[{"@type":"ReadAction","target":["https:\/\/ineditinnova.com\/es\/el-sector-gurmet-catala-fa-un-pas-endavant-per-integrar-lecodisseny-en-els-seus-envasos\/"]}]},{"@type":"ImageObject","inLanguage":"es","@id":"https:\/\/ineditinnova.com\/es\/el-sector-gurmet-catala-fa-un-pas-endavant-per-integrar-lecodisseny-en-els-seus-envasos\/#primaryimage","url":"https:\/\/ineditinnova.com\/wp-content\/uploads\/2025\/06\/pexels-anthony-rahayel.jpg","contentUrl":"https:\/\/ineditinnova.com\/wp-content\/uploads\/2025\/06\/pexels-anthony-rahayel.jpg","width":1200,"height":799,"caption":"sustainable gourmet pack"},{"@type":"BreadcrumbList","@id":"https:\/\/ineditinnova.com\/es\/el-sector-gurmet-catala-fa-un-pas-endavant-per-integrar-lecodisseny-en-els-seus-envasos\/#breadcrumb","itemListElement":[{"@type":"ListItem","position":1,"name":"Inici","item":"https:\/\/ineditinnova.com\/es\/"},{"@type":"ListItem","position":2,"name":"El sector gourmet catal\u00e1n da un paso adelante para integrar el ecodise\u00f1o en sus envases"}]},{"@type":"WebSite","@id":"https:\/\/ineditinnova.com\/en\/#website","url":"https:\/\/ineditinnova.com\/en\/","name":"in\u00e8dit","description":"Dise\u00f1amos soluciones circulares y sostenibles para un futuro mejor","potentialAction":[{"@type":"SearchAction","target":{"@type":"EntryPoint","urlTemplate":"https:\/\/ineditinnova.com\/en\/?s={search_term_string}"},"query-input":{"@type":"PropertyValueSpecification","valueRequired":true,"valueName":"search_term_string"}}],"inLanguage":"es"},{"@type":"Person","@id":"https:\/\/ineditinnova.com\/en\/#\/schema\/person\/891e1158385858d9972e3d28e2abf5e5","name":"Codina","image":{"@type":"ImageObject","inLanguage":"es","@id":"https:\/\/secure.gravatar.com\/avatar\/4fff7c6f6d19e46cfd6c15f0f9b4aeb9970dd1aa4028caf6584e34d95cb8a41d?s=96&d=mm&r=g","url":"https:\/\/secure.gravatar.com\/avatar\/4fff7c6f6d19e46cfd6c15f0f9b4aeb9970dd1aa4028caf6584e34d95cb8a41d?s=96&d=mm&r=g","contentUrl":"https:\/\/secure.gravatar.com\/avatar\/4fff7c6f6d19e46cfd6c15f0f9b4aeb9970dd1aa4028caf6584e34d95cb8a41d?s=96&d=mm&r=g","caption":"Codina"},"url":"https:\/\/ineditinnova.com\/es\/author\/inedit\/"}]}},"_links":{"self":[{"href":"https:\/\/ineditinnova.com\/es\/wp-json\/wp\/v2\/posts\/11567","targetHints":{"allow":["GET"]}}],"collection":[{"href":"https:\/\/ineditinnova.com\/es\/wp-json\/wp\/v2\/posts"}],"about":[{"href":"https:\/\/ineditinnova.com\/es\/wp-json\/wp\/v2\/types\/post"}],"author":[{"embeddable":true,"href":"https:\/\/ineditinnova.com\/es\/wp-json\/wp\/v2\/users\/2"}],"replies":[{"embeddable":true,"href":"https:\/\/ineditinnova.com\/es\/wp-json\/wp\/v2\/comments?post=11567"}],"version-history":[{"count":3,"href":"https:\/\/ineditinnova.com\/es\/wp-json\/wp\/v2\/posts\/11567\/revisions"}],"predecessor-version":[{"id":11573,"href":"https:\/\/ineditinnova.com\/es\/wp-json\/wp\/v2\/posts\/11567\/revisions\/11573"}],"wp:featuredmedia":[{"embeddable":true,"href":"https:\/\/ineditinnova.com\/es\/wp-json\/wp\/v2\/media\/11564"}],"wp:attachment":[{"href":"https:\/\/ineditinnova.com\/es\/wp-json\/wp\/v2\/media?parent=11567"}],"wp:term":[{"taxonomy":"category","embeddable":true,"href":"https:\/\/ineditinnova.com\/es\/wp-json\/wp\/v2\/categories?post=11567"},{"taxonomy":"post_tag","embeddable":true,"href":"https:\/\/ineditinnova.com\/es\/wp-json\/wp\/v2\/tags?post=11567"}],"curies":[{"name":"wp","href":"https:\/\/api.w.org\/{rel}","templated":true}]}}