{"id":12753,"date":"2025-12-22T13:59:00","date_gmt":"2025-12-22T13:59:00","guid":{"rendered":"https:\/\/ineditinnova.com\/les-novetats-legislatives-per-al-2026-en-economia-circular-i-sostenibilitat\/"},"modified":"2025-12-28T19:33:18","modified_gmt":"2025-12-28T19:33:18","slug":"les-novetats-legislatives-per-al-2026-en-economia-circular-i-sostenibilitat","status":"publish","type":"post","link":"https:\/\/ineditinnova.com\/es\/les-novetats-legislatives-per-al-2026-en-economia-circular-i-sostenibilitat\/","title":{"rendered":"Novedades legislativas para 2026 en econom\u00eda circular y sostenibilidad"},"content":{"rendered":"\n<p>Cerramos un 2025 marcado por un nuevo enfoque de la normativa de sostenibilidad en la Uni\u00f3n Europea, centrado en garantizar la sostenibilidad de la industria y el sector empresarial europeo y reducir la carga administrativa. Hace un a\u00f1o public\u00e1bamos un art\u00edculo sobre la normativa prevista para 2025, y nada hac\u00eda prever la aprobaci\u00f3n de la <a href=\"https:\/\/commission.europa.eu\/topics\/competitiveness\/competitiveness-compass_en\">Br\u00fajula para la Competitividad<\/a> y del <a href=\"https:\/\/commission.europa.eu\/topics\/competitiveness\/clean-industrial-deal_es\">Pacto Industrial Europeo<\/a> como nuevos hitos normativos para los pr\u00f3ximos a\u00f1os, junto con los ocho paquetes \u00d3mnibus que buscan simplificar la legislaci\u00f3n europea.<\/p>\n\n\n\n<p>La etapa de volatilidad jur\u00eddica dificulta anticipar con certeza las novedades normativas para 2026. Aun as\u00ed, nos aventuramos a analizarlas en este art\u00edculo elaborado junto a <a href=\"https:\/\/www.terraqui.com\/\">Terraqui<\/a>.<\/p>\n\n\n\n<h2 class=\"wp-block-heading\"><em><strong>Reporting<\/strong><\/em><strong> de informaci\u00f3n y debida diligencia<\/strong><\/h2>\n\n\n\n<figure class=\"wp-block-image size-large\"><img decoding=\"async\" width=\"1024\" height=\"512\" data-src=\"https:\/\/ineditinnova.com\/wp-content\/uploads\/2025\/12\/Disseny-sense-titol-23-1024x512.jpg\" alt=\"reporting\" class=\"wp-image-12728 lazyload\" data-srcset=\"https:\/\/ineditinnova.com\/wp-content\/uploads\/2025\/12\/Disseny-sense-titol-23-1024x512.jpg 1024w, https:\/\/ineditinnova.com\/wp-content\/uploads\/2025\/12\/Disseny-sense-titol-23-300x150.jpg 300w, https:\/\/ineditinnova.com\/wp-content\/uploads\/2025\/12\/Disseny-sense-titol-23-768x384.jpg 768w, https:\/\/ineditinnova.com\/wp-content\/uploads\/2025\/12\/Disseny-sense-titol-23.jpg 1200w\" data-sizes=\"(max-width: 1024px) 100vw, 1024px\" src=\"data:image\/svg+xml;base64,PHN2ZyB3aWR0aD0iMSIgaGVpZ2h0PSIxIiB4bWxucz0iaHR0cDovL3d3dy53My5vcmcvMjAwMC9zdmciPjwvc3ZnPg==\" style=\"--smush-placeholder-width: 1024px; --smush-placeholder-aspect-ratio: 1024\/512;\" \/><\/figure>\n\n\n\n<p><strong>Se espera la aprobaci\u00f3n formal del paquete normativo \u00d3mnibus I antes de finales de 2025<\/strong>, con el objetivo de simplificar la carga administrativa derivada de la Directiva sobre informaci\u00f3n de sostenibilidad corporativa (CSRD) y la Directiva sobre diligencia debida (CSDDD). Espa\u00f1a deber\u00e1 trasponer estas modificaciones al marco jur\u00eddico nacional una vez publicadas en el DOUE.<\/p>\n\n\n\n<p>El acuerdo del Consejo y el Parlamento establece:<\/p>\n\n\n\n<ul class=\"wp-block-list\">\n<li style=\"font-size:25px\">&#8211; <strong>Directiva CSRD:<\/strong>\n<ul class=\"wp-block-list\">\n<li>&#8211; Umbral de empleados: 1.000, excluyendo pymes cotizadas.<\/li>\n\n\n\n<li>&#8211; Umbral de facturaci\u00f3n: 450 millones de euros, con transiciones escalonadas.<\/li>\n\n\n\n<li>&#8211; Cl\u00e1usula para revisar posible ampliaci\u00f3n del alcance..<\/li>\n<\/ul>\n<\/li>\n\n\n\n<li style=\"font-size:25px\">&#8211; <strong>Directiva CSDDD:<\/strong>\n<ul class=\"wp-block-list\">\n<li>&#8211; Umbral de empleados: 5.000<\/li>\n\n\n\n<li>&#8211; Umbral de facturaci\u00f3n: 1.500 millones de euros<\/li>\n\n\n\n<li>&#8211; Enfoque en \u00e1reas de la cadena de valor con impactos adversos m\u00e1s probables<\/li>\n\n\n\n<li>&#8211; Informaci\u00f3n basada en datos disponibles; se eliminan obligaciones de mapeo exhaustivo y plan de transici\u00f3n clim\u00e1tica<\/li>\n\n\n\n<li>&#8211; L\u00edmite de sanciones: 3% de facturaci\u00f3n neta mundial<\/li>\n<\/ul>\n<\/li>\n<\/ul>\n\n\n\n<h2 class=\"wp-block-heading\"><strong>Reglamento de deforestaci\u00f3n<\/strong> <strong>(EUDR)<\/strong><\/h2>\n\n\n\n<figure class=\"wp-block-image size-large\"><img decoding=\"async\" width=\"1024\" height=\"512\" data-src=\"https:\/\/ineditinnova.com\/wp-content\/uploads\/2025\/12\/desforestacio-1024x512.jpg\" alt=\"\" class=\"wp-image-12719 lazyload\" data-srcset=\"https:\/\/ineditinnova.com\/wp-content\/uploads\/2025\/12\/desforestacio-1024x512.jpg 1024w, https:\/\/ineditinnova.com\/wp-content\/uploads\/2025\/12\/desforestacio-300x150.jpg 300w, https:\/\/ineditinnova.com\/wp-content\/uploads\/2025\/12\/desforestacio-768x384.jpg 768w, https:\/\/ineditinnova.com\/wp-content\/uploads\/2025\/12\/desforestacio.jpg 1200w\" data-sizes=\"(max-width: 1024px) 100vw, 1024px\" src=\"data:image\/svg+xml;base64,PHN2ZyB3aWR0aD0iMSIgaGVpZ2h0PSIxIiB4bWxucz0iaHR0cDovL3d3dy53My5vcmcvMjAwMC9zdmciPjwvc3ZnPg==\" style=\"--smush-placeholder-width: 1024px; --smush-placeholder-aspect-ratio: 1024\/512;\" \/><\/figure>\n\n\n\n<p>El <strong>23 de diciembre<\/strong>, el Parlamento Europeo y el Consejo confirmaron el <strong>aplazamiento y la simplificaci\u00f3n<\/strong> del Reglamento de deforestaci\u00f3n. El nuevo texto pospone <strong>un a\u00f1o<\/strong> la entrada en vigor de las principales obligaciones y establece que el reglamento ser\u00e1 de aplicaci\u00f3n el <strong>30 de diciembre de 2026<\/strong> para las grandes empresas; en el caso de las <strong>micro y peque\u00f1as empresas constituidas antes del 31 de diciembre de 2024<\/strong>, el calendario de aplicaci\u00f3n se retrasa hasta el <strong>30 de junio de 2027<\/strong>. Asimismo, el texto prev\u00e9 una <strong>revisi\u00f3n de las simplificaciones a m\u00e1s tardar el 30 de abril de 2026<\/strong>, para valorar la introducci\u00f3n de nuevas medidas.<\/p>\n\n\n\n<p>Por otra parte, el texto incluye los siguientes cambios:<\/p>\n\n\n\n<ul class=\"wp-block-list\">\n<li style=\"font-size:25px\">&#8211; La <strong>responsabilidad de la diligencia debida<\/strong> recae en el <strong>primer operador<\/strong> que introduce el producto en el mercado de la UE o lo exporta.<\/li>\n\n\n\n<li style=\"font-size:25px\">&#8211; Se establece un <strong>r\u00e9gimen espec\u00edfico con obligaciones simplificadas<\/strong> para los <strong>micro y peque\u00f1os operadores primarios<\/strong> de pa\u00edses clasificados como de <strong>bajo riesgo<\/strong>.<\/li>\n\n\n\n<li style=\"font-size:25px\">&#8211; La <strong>geolocalizaci\u00f3n<\/strong> de las parcelas de producci\u00f3n o de las explotaciones ganaderas podr\u00e1 <strong>sustituirse por la direcci\u00f3n postal<\/strong>, bajo determinadas condiciones.<\/li>\n\n\n\n<li style=\"font-size:25px\">&#8211; Se <strong>excluyen del \u00e1mbito de aplicaci\u00f3n<\/strong> del Reglamento los productos de las <strong>industrias gr\u00e1ficas<\/strong> (C\u00f3digo SA 49).<\/li>\n<\/ul>\n\n\n\n<p><strong>El acuerdo pol\u00edtico alcanzado deber\u00e1 ser adoptado formalmente por el Parlamento Europeo y el Consejo en las pr\u00f3ximas semanas.<\/strong> Espa\u00f1a deber\u00e1 revisar y tramitar el anteproyecto de ley que regula la aplicaci\u00f3n del Reglamento.<\/p>\n\n\n\n<h2 class=\"wp-block-heading\"><strong>Normativa relativa a les alegaciones ambientales<\/strong><\/h2>\n\n\n\n<figure class=\"wp-block-image size-large\"><img decoding=\"async\" width=\"1024\" height=\"512\" data-src=\"https:\/\/ineditinnova.com\/wp-content\/uploads\/2025\/12\/Disseny-sense-titol-24-1024x512.jpg\" alt=\"\" class=\"wp-image-12731 lazyload\" data-srcset=\"https:\/\/ineditinnova.com\/wp-content\/uploads\/2025\/12\/Disseny-sense-titol-24-1024x512.jpg 1024w, https:\/\/ineditinnova.com\/wp-content\/uploads\/2025\/12\/Disseny-sense-titol-24-300x150.jpg 300w, https:\/\/ineditinnova.com\/wp-content\/uploads\/2025\/12\/Disseny-sense-titol-24-768x384.jpg 768w, https:\/\/ineditinnova.com\/wp-content\/uploads\/2025\/12\/Disseny-sense-titol-24.jpg 1200w\" data-sizes=\"(max-width: 1024px) 100vw, 1024px\" src=\"data:image\/svg+xml;base64,PHN2ZyB3aWR0aD0iMSIgaGVpZ2h0PSIxIiB4bWxucz0iaHR0cDovL3d3dy53My5vcmcvMjAwMC9zdmciPjwvc3ZnPg==\" style=\"--smush-placeholder-width: 1024px; --smush-placeholder-aspect-ratio: 1024\/512;\" \/><\/figure>\n\n\n\n<p>La Directiva (UE) 2024\/825, conocida como <strong>Directiva de <em>greenwashing<\/em><\/strong>, est\u00e1 vigente desde 2025 y protege a consumidores frente a pr\u00e1cticas comerciales enga\u00f1osas, prohibiendo declaraciones ambientales vagas o no verificables y exigiendo informaci\u00f3n clara sobre durabilidad y reparabilidad de productos. Su transposici\u00f3n en Espa\u00f1a a\u00fan est\u00e1 pendiente.<\/p>\n\n\n\n<p>La propuesta de <strong>Directiva sobre <em>green claims<\/em><\/strong> sigue con futuro incierto. La Comisi\u00f3n Europea expres\u00f3 en 2025 su intenci\u00f3n de retirarla, pero formalmente no se ha hecho. En 2026 se definir\u00e1 si se retira, modifica o contin\u00faa su tramitaci\u00f3n, junto con la transposici\u00f3n de la Directiva de greenwashing en Espa\u00f1a.<\/p>\n\n\n\n<h2 class=\"wp-block-heading\"><strong>Ley de consumo sostenible<\/strong><\/h2>\n\n\n\n<figure class=\"wp-block-image size-large\"><img decoding=\"async\" width=\"1024\" height=\"512\" data-src=\"https:\/\/ineditinnova.com\/wp-content\/uploads\/2025\/12\/Disseny-sense-titol-25-1024x512.jpg\" alt=\"\" class=\"wp-image-12734 lazyload\" data-srcset=\"https:\/\/ineditinnova.com\/wp-content\/uploads\/2025\/12\/Disseny-sense-titol-25-1024x512.jpg 1024w, https:\/\/ineditinnova.com\/wp-content\/uploads\/2025\/12\/Disseny-sense-titol-25-300x150.jpg 300w, https:\/\/ineditinnova.com\/wp-content\/uploads\/2025\/12\/Disseny-sense-titol-25-768x384.jpg 768w, https:\/\/ineditinnova.com\/wp-content\/uploads\/2025\/12\/Disseny-sense-titol-25.jpg 1200w\" data-sizes=\"(max-width: 1024px) 100vw, 1024px\" src=\"data:image\/svg+xml;base64,PHN2ZyB3aWR0aD0iMSIgaGVpZ2h0PSIxIiB4bWxucz0iaHR0cDovL3d3dy53My5vcmcvMjAwMC9zdmciPjwvc3ZnPg==\" style=\"--smush-placeholder-width: 1024px; --smush-placeholder-aspect-ratio: 1024\/512;\" \/><\/figure>\n\n\n\n<p>Espa\u00f1a ha iniciado la tramitaci\u00f3n de la Ley de consumo sostenible, que incorporar\u00e1 varias directivas europeas: <em>greenwashing<\/em>, <em>green claims<\/em> y la Directiva (UE) 2024\/1799 sobre fomento de la reparaci\u00f3n de bienes. Se esperan avances relevantes durante 2026.<\/p>\n\n\n\n<h2 class=\"wp-block-heading\"><strong>Nuevos residuos sometidos a un r\u00e9gimen de responsabilidad ampliada del productor (RAP)<\/strong><\/h2>\n\n\n\n<figure class=\"wp-block-image size-large\"><img decoding=\"async\" width=\"1024\" height=\"512\" data-src=\"https:\/\/ineditinnova.com\/wp-content\/uploads\/2025\/12\/Disseny-sense-titol-26-1-1024x512.jpg\" alt=\"\" class=\"wp-image-12761 lazyload\" data-srcset=\"https:\/\/ineditinnova.com\/wp-content\/uploads\/2025\/12\/Disseny-sense-titol-26-1-1024x512.jpg 1024w, https:\/\/ineditinnova.com\/wp-content\/uploads\/2025\/12\/Disseny-sense-titol-26-1-300x150.jpg 300w, https:\/\/ineditinnova.com\/wp-content\/uploads\/2025\/12\/Disseny-sense-titol-26-1-768x384.jpg 768w, https:\/\/ineditinnova.com\/wp-content\/uploads\/2025\/12\/Disseny-sense-titol-26-1.jpg 1200w\" data-sizes=\"(max-width: 1024px) 100vw, 1024px\" src=\"data:image\/svg+xml;base64,PHN2ZyB3aWR0aD0iMSIgaGVpZ2h0PSIxIiB4bWxucz0iaHR0cDovL3d3dy53My5vcmcvMjAwMC9zdmciPjwvc3ZnPg==\" style=\"--smush-placeholder-width: 1024px; --smush-placeholder-aspect-ratio: 1024\/512;\" \/><\/figure>\n\n\n\n<p>Se encuentran en tramitaci\u00f3n nuevas normativas que regular\u00e1n la responsabilidad ampliada del productor (RAP) en \u00e1mbitos como los textiles y el calzado, las toallitas h\u00famedas, los globos, as\u00ed como los muebles y utensilios. Adem\u00e1s, de acuerdo con la Ley 7\/2022, tambi\u00e9n deber\u00e1 aprobarse una normativa espec\u00edfica de RAP para las artes de pesca.<\/p>\n\n\n\n<h2 class=\"wp-block-heading\"><strong>Normativa de envases<\/strong><\/h2>\n\n\n\n<figure class=\"wp-block-image size-large\"><img decoding=\"async\" width=\"1024\" height=\"512\" data-src=\"https:\/\/ineditinnova.com\/wp-content\/uploads\/2025\/12\/envasos-1024x512.jpg\" alt=\"\" class=\"wp-image-12722 lazyload\" data-srcset=\"https:\/\/ineditinnova.com\/wp-content\/uploads\/2025\/12\/envasos-1024x512.jpg 1024w, https:\/\/ineditinnova.com\/wp-content\/uploads\/2025\/12\/envasos-300x150.jpg 300w, https:\/\/ineditinnova.com\/wp-content\/uploads\/2025\/12\/envasos-768x384.jpg 768w, https:\/\/ineditinnova.com\/wp-content\/uploads\/2025\/12\/envasos.jpg 1200w\" data-sizes=\"(max-width: 1024px) 100vw, 1024px\" src=\"data:image\/svg+xml;base64,PHN2ZyB3aWR0aD0iMSIgaGVpZ2h0PSIxIiB4bWxucz0iaHR0cDovL3d3dy53My5vcmcvMjAwMC9zdmciPjwvc3ZnPg==\" style=\"--smush-placeholder-width: 1024px; --smush-placeholder-aspect-ratio: 1024\/512;\" \/><\/figure>\n\n\n\n<p>El Reglamento de envases de la Uni\u00f3n Europea comenzar\u00e1 a aplicarse, con car\u00e1cter general, a partir de agosto de 2026, aunque algunas obligaciones cuentan con calendarios espec\u00edficos. En el Estado espa\u00f1ol, ser\u00e1 necesario aprobar un nuevo Real Decreto de envases para adaptar la normativa estatal al reglamento europeo.<\/p>\n\n\n\n<p>La Comisi\u00f3n Europea prev\u00e9 publicar pr\u00f3ximamente documentos de orientaci\u00f3n, como una gu\u00eda y un documento de preguntas frecuentes, as\u00ed como diversos actos delegados para concretar aspectos clave sobre la reutilizaci\u00f3n, posibles exenciones y criterios de flexibilidad. Asimismo, se est\u00e1 trabajando en un formato com\u00fan de registro y reporte de informaci\u00f3n para los productores, con el objetivo de simplificar los tr\u00e1mites administrativos..<\/p>\n\n\n\n<h2 class=\"wp-block-heading\"><strong>Propuesta de actualizaci\u00f3n de la normativa de productos<\/strong><\/h2>\n\n\n\n<p>La Comisi\u00f3n Europea prev\u00e9 presentar, en el segundo trimestre de 2026, una propuesta legislativa para modernizar el marco normativo de los productos. El objetivo es adaptarlo a la econom\u00eda circular y reducir las cargas administrativas, en l\u00ednea con la tendencia de simplificaci\u00f3n normativa.<\/p>\n\n\n\n<p>Entre otros aspectos, la propuesta podr\u00eda regular la implantaci\u00f3n de los pasaportes digitales de producto y reforzar los mecanismos de coordinaci\u00f3n entre los Estados miembros ante productos peligrosos o no conformes.<\/p>\n\n\n\n<h2 class=\"wp-block-heading\"><strong>Propuesta de reglamento de contrataci\u00f3n p\u00fablica de la UE<\/strong><\/h2>\n\n\n\n<figure class=\"wp-block-image size-large\"><img decoding=\"async\" width=\"1024\" height=\"512\" data-src=\"https:\/\/ineditinnova.com\/wp-content\/uploads\/2025\/12\/Disseny-sense-titol-27-1024x512.jpg\" alt=\"\" class=\"wp-image-12737 lazyload\" data-srcset=\"https:\/\/ineditinnova.com\/wp-content\/uploads\/2025\/12\/Disseny-sense-titol-27-1024x512.jpg 1024w, https:\/\/ineditinnova.com\/wp-content\/uploads\/2025\/12\/Disseny-sense-titol-27-300x150.jpg 300w, https:\/\/ineditinnova.com\/wp-content\/uploads\/2025\/12\/Disseny-sense-titol-27-768x384.jpg 768w, https:\/\/ineditinnova.com\/wp-content\/uploads\/2025\/12\/Disseny-sense-titol-27.jpg 1200w\" data-sizes=\"(max-width: 1024px) 100vw, 1024px\" src=\"data:image\/svg+xml;base64,PHN2ZyB3aWR0aD0iMSIgaGVpZ2h0PSIxIiB4bWxucz0iaHR0cDovL3d3dy53My5vcmcvMjAwMC9zdmciPjwvc3ZnPg==\" style=\"--smush-placeholder-width: 1024px; --smush-placeholder-aspect-ratio: 1024\/512;\" \/><\/figure>\n\n\n\n<p>En el marco del Pacto por una Industria Limpia, la Comisi\u00f3n Europea ha iniciado los trabajos para revisar en profundidad la normativa de contrataci\u00f3n p\u00fablica. La reforma pretende superar la fragmentaci\u00f3n actual y permitir que la contrataci\u00f3n p\u00fablica se convierta en una herramienta estrat\u00e9gica para reforzar la competitividad europea.<\/p>\n\n\n\n<p>La propuesta, prevista tambi\u00e9n para el segundo trimestre de 2026, perseguir\u00e1 tres objetivos principales: simplificar los procedimientos, reforzar la seguridad econ\u00f3mica y la industria europea e integrar de manera m\u00e1s efectiva criterios de sostenibilidad e innovaci\u00f3n en la contrataci\u00f3n p\u00fablica.<\/p>\n\n\n\n<h2 class=\"wp-block-heading\"><strong>Reglamento de econom\u00eda circular<\/strong><\/h2>\n\n\n\n<figure class=\"wp-block-image size-large\"><img decoding=\"async\" width=\"1024\" height=\"512\" data-src=\"https:\/\/ineditinnova.com\/wp-content\/uploads\/2025\/12\/Disseny-sense-titol-28-1024x512.jpg\" alt=\"\" class=\"wp-image-12740 lazyload\" data-srcset=\"https:\/\/ineditinnova.com\/wp-content\/uploads\/2025\/12\/Disseny-sense-titol-28-1024x512.jpg 1024w, https:\/\/ineditinnova.com\/wp-content\/uploads\/2025\/12\/Disseny-sense-titol-28-300x150.jpg 300w, https:\/\/ineditinnova.com\/wp-content\/uploads\/2025\/12\/Disseny-sense-titol-28-768x384.jpg 768w, https:\/\/ineditinnova.com\/wp-content\/uploads\/2025\/12\/Disseny-sense-titol-28.jpg 1200w\" data-sizes=\"(max-width: 1024px) 100vw, 1024px\" src=\"data:image\/svg+xml;base64,PHN2ZyB3aWR0aD0iMSIgaGVpZ2h0PSIxIiB4bWxucz0iaHR0cDovL3d3dy53My5vcmcvMjAwMC9zdmciPjwvc3ZnPg==\" style=\"--smush-placeholder-width: 1024px; --smush-placeholder-aspect-ratio: 1024\/512;\" \/><\/figure>\n\n\n\n<p>Previsto para el tercer trimestre de 2026, con aplicaci\u00f3n directa a los Estados miembros. Los objetivos son reforzar la autonom\u00eda estrat\u00e9gica de la UE, reducir ka dependencia de materias primas v\u00edrgenes importadas y superar la fragmentaci\u00f3n del mercado de materias primas secundarias. <\/p>\n\n\n\n<p>La propuesta establecer\u00e1 normas simples y armonizadas para actividades circulares transfronterizas y fomentar\u00e1 un mercado \u00fanico de residuos y materiales reciclados. Como fase previa, la Comisi\u00f3n abri\u00f3 una consulta p\u00fablica previa entre agosto y noviembre de 2025.<\/p>\n\n\n\n<h2 class=\"wp-block-heading\"><strong>\u00d3mnibus de simplificaci\u00f3n ambiental<\/strong><\/h2>\n\n\n\n<figure class=\"wp-block-image size-large\"><img decoding=\"async\" width=\"1024\" height=\"512\" data-src=\"https:\/\/ineditinnova.com\/wp-content\/uploads\/2025\/12\/Disseny-sense-titol-29-1024x512.jpg\" alt=\"\" class=\"wp-image-12743 lazyload\" data-srcset=\"https:\/\/ineditinnova.com\/wp-content\/uploads\/2025\/12\/Disseny-sense-titol-29-1024x512.jpg 1024w, https:\/\/ineditinnova.com\/wp-content\/uploads\/2025\/12\/Disseny-sense-titol-29-300x150.jpg 300w, https:\/\/ineditinnova.com\/wp-content\/uploads\/2025\/12\/Disseny-sense-titol-29-768x384.jpg 768w, https:\/\/ineditinnova.com\/wp-content\/uploads\/2025\/12\/Disseny-sense-titol-29.jpg 1200w\" data-sizes=\"(max-width: 1024px) 100vw, 1024px\" src=\"data:image\/svg+xml;base64,PHN2ZyB3aWR0aD0iMSIgaGVpZ2h0PSIxIiB4bWxucz0iaHR0cDovL3d3dy53My5vcmcvMjAwMC9zdmciPjwvc3ZnPg==\" style=\"--smush-placeholder-width: 1024px; --smush-placeholder-aspect-ratio: 1024\/512;\" \/><\/figure>\n\n\n\n<p>La Comisi\u00f3n Europea ha presentado un \u00d3mnibus ambiental para simplificar la normativa y reducir la carga administrativa. Este paquete incluye modificaciones en \u00e1mbitos como la gesti\u00f3n de residuos, RAP, evaluaci\u00f3n de impacto ambiental y emisiones industriales. Durante 2026 se definir\u00e1 la evoluci\u00f3n de estas propuestas.<\/p>\n\n\n\n<h2 class=\"wp-block-heading\"><strong>Reglamento de la UE sobre Materiales Avanzados<\/strong><\/h2>\n\n\n\n<figure class=\"wp-block-image size-large\"><img decoding=\"async\" width=\"1024\" height=\"512\" data-src=\"https:\/\/ineditinnova.com\/wp-content\/uploads\/2025\/12\/Disseny-sense-titol-30-1024x512.jpg\" alt=\"\" class=\"wp-image-12746 lazyload\" data-srcset=\"https:\/\/ineditinnova.com\/wp-content\/uploads\/2025\/12\/Disseny-sense-titol-30-1024x512.jpg 1024w, https:\/\/ineditinnova.com\/wp-content\/uploads\/2025\/12\/Disseny-sense-titol-30-300x150.jpg 300w, https:\/\/ineditinnova.com\/wp-content\/uploads\/2025\/12\/Disseny-sense-titol-30-768x384.jpg 768w, https:\/\/ineditinnova.com\/wp-content\/uploads\/2025\/12\/Disseny-sense-titol-30.jpg 1200w\" data-sizes=\"(max-width: 1024px) 100vw, 1024px\" src=\"data:image\/svg+xml;base64,PHN2ZyB3aWR0aD0iMSIgaGVpZ2h0PSIxIiB4bWxucz0iaHR0cDovL3d3dy53My5vcmcvMjAwMC9zdmciPjwvc3ZnPg==\" style=\"--smush-placeholder-width: 1024px; --smush-placeholder-aspect-ratio: 1024\/512;\" \/><\/figure>\n\n\n\n<p>Los materiales avanzados se definen como materiales con propiedades o caracter\u00edsticas estructurales nuevas o mejoradas, tanto de alta tecnolog\u00eda como derivados de materiales tradicionales. Ejemplos: materiales biobasados, pl\u00e1sticos reforzados con fibra de carbono reciclables, bater\u00edas de i\u00f3n sodio y recubrimientos biobasados que sustituyen a los PFAS.<\/p>\n\n\n\n<p>La Comisi\u00f3n trabaja en una nueva Ley de Materiales Avanzados para garantizar la soberan\u00eda en la transici\u00f3n ecol\u00f3gica y digital. Actualmente, hay una consulta p\u00fablica abierta hasta el 13 de enero de 2026. El marco regulador incluir\u00e1 reutilizaci\u00f3n, remanufactura, reciclaje, <em>regulatory sandboxes<\/em> y permisos r\u00e1pidos (<em>fast-track<\/em>). La propuesta de Reglamento podr\u00eda adoptarse en el cuarto trimestre de 2026.<\/p>\n\n\n\n<h2 class=\"wp-block-heading\"><strong>Destrucci\u00f3n de productos de consumo no vendidos<\/strong><\/h2>\n\n\n\n<figure class=\"wp-block-image size-large\"><img decoding=\"async\" width=\"1024\" height=\"512\" data-src=\"https:\/\/ineditinnova.com\/wp-content\/uploads\/2025\/12\/textil-2-1024x512.jpg\" alt=\"\" class=\"wp-image-12725 lazyload\" data-srcset=\"https:\/\/ineditinnova.com\/wp-content\/uploads\/2025\/12\/textil-2-1024x512.jpg 1024w, https:\/\/ineditinnova.com\/wp-content\/uploads\/2025\/12\/textil-2-300x150.jpg 300w, https:\/\/ineditinnova.com\/wp-content\/uploads\/2025\/12\/textil-2-768x384.jpg 768w, https:\/\/ineditinnova.com\/wp-content\/uploads\/2025\/12\/textil-2.jpg 1200w\" data-sizes=\"(max-width: 1024px) 100vw, 1024px\" src=\"data:image\/svg+xml;base64,PHN2ZyB3aWR0aD0iMSIgaGVpZ2h0PSIxIiB4bWxucz0iaHR0cDovL3d3dy53My5vcmcvMjAwMC9zdmciPjwvc3ZnPg==\" style=\"--smush-placeholder-width: 1024px; --smush-placeholder-aspect-ratio: 1024\/512;\" \/><\/figure>\n\n\n\n<p>El Reglamento de Ecodise\u00f1o, vigente desde julio de 2024, regula la gesti\u00f3n de productos no vendidos. La destrucci\u00f3n de ropa, calzado y accesorios estar\u00e1 prohibida para grandes empresas desde julio de 2026 y para medianas desde 2030, con excepciones definidas en acto delegado.<\/p>\n\n\n\n<p>Adem\u00e1s, las empresas deber\u00e1n publicar informaci\u00f3n anual sobre productos desechados: cantidad, peso, motivos y tratamiento. El formato y los medios de publicaci\u00f3n se definir\u00e1n en un acto de ejecuci\u00f3n que se adoptar\u00e1 a finales de 2025 o inicios de 2026.<\/p>\n\n\n\n<h2 class=\"wp-block-heading\"><strong>Leyes de biotecnolog\u00eda<\/strong><\/h2>\n\n\n\n<figure class=\"wp-block-image size-large\"><img decoding=\"async\" width=\"1024\" height=\"512\" data-src=\"https:\/\/ineditinnova.com\/wp-content\/uploads\/2025\/12\/Disseny-sense-titol-31-1024x512.jpg\" alt=\"\" class=\"wp-image-12749 lazyload\" data-srcset=\"https:\/\/ineditinnova.com\/wp-content\/uploads\/2025\/12\/Disseny-sense-titol-31-1024x512.jpg 1024w, https:\/\/ineditinnova.com\/wp-content\/uploads\/2025\/12\/Disseny-sense-titol-31-300x150.jpg 300w, https:\/\/ineditinnova.com\/wp-content\/uploads\/2025\/12\/Disseny-sense-titol-31-768x384.jpg 768w, https:\/\/ineditinnova.com\/wp-content\/uploads\/2025\/12\/Disseny-sense-titol-31.jpg 1200w\" data-sizes=\"(max-width: 1024px) 100vw, 1024px\" src=\"data:image\/svg+xml;base64,PHN2ZyB3aWR0aD0iMSIgaGVpZ2h0PSIxIiB4bWxucz0iaHR0cDovL3d3dy53My5vcmcvMjAwMC9zdmciPjwvc3ZnPg==\" style=\"--smush-placeholder-width: 1024px; --smush-placeholder-aspect-ratio: 1024\/512;\" \/><\/figure>\n\n\n\n<p>Seg\u00fan la Estrategia de bioeconom\u00eda de la UE, en 2026 se presentar\u00e1n leyes de biotecnolog\u00eda que establecer\u00e1n permisos r\u00e1pidos y <em>sandboxes<\/em> para probar tecnolog\u00edas biobasadas innovadoras y acelerar su llegada al mercado.<\/p>\n","protected":false},"excerpt":{"rendered":"<p>Cerramos un 2025 marcado por un nuevo enfoque de la normativa de sostenibilidad en la Uni\u00f3n Europea, centrado en garantizar la sostenibilidad de la industria y el sector empresarial europeo y reducir la carga administrativa. Hace un a\u00f1o public\u00e1bamos un art\u00edculo sobre la normativa prevista para 2025, y nada hac\u00eda prever la aprobaci\u00f3n de la&#8230;  <a class=\"excerpt-read-more\" href=\"https:\/\/ineditinnova.com\/es\/les-novetats-legislatives-per-al-2026-en-economia-circular-i-sostenibilitat\/\" title=\"Read Novedades legislativas para 2026 en econom\u00eda circular y sostenibilidad\">Read more &raquo;<\/a><\/p>\n","protected":false},"author":2,"featured_media":12718,"comment_status":"closed","ping_status":"closed","sticky":false,"template":"","format":"standard","meta":{"_acf_changed":false,"footnotes":""},"categories":[43,31,21,49],"tags":[54],"class_list":["post-12753","post","type-post","status-publish","format-standard","has-post-thumbnail","hentry","category-metricas","category-cadena","category-ecodiseno","category-territorio","tag-noticia-es"],"acf":[],"yoast_head":"<!-- This site is optimized with the Yoast SEO plugin v27.5 - https:\/\/yoast.com\/product\/yoast-seo-wordpress\/ -->\n<title>Novedades legislativas para 2026 en econom\u00eda circular y sostenibilidad - in\u00e8dit<\/title>\n<meta name=\"description\" content=\"La etapa de volatilidad jur\u00eddica dificulta anticipar con certeza las novedades normativas para 2026. Aun as\u00ed, nos aventuramos a analizarlas en este art\u00edculo elaborado junto a Terraqui.\" \/>\n<meta name=\"robots\" content=\"index, follow, max-snippet:-1, max-image-preview:large, max-video-preview:-1\" \/>\n<link rel=\"canonical\" href=\"https:\/\/ineditinnova.com\/es\/les-novetats-legislatives-per-al-2026-en-economia-circular-i-sostenibilitat\/\" \/>\n<meta property=\"og:locale\" content=\"es_ES\" \/>\n<meta property=\"og:type\" content=\"article\" \/>\n<meta property=\"og:title\" content=\"Novedades legislativas para 2026 en econom\u00eda circular y sostenibilidad - in\u00e8dit\" \/>\n<meta property=\"og:description\" content=\"La etapa de volatilidad jur\u00eddica dificulta anticipar con certeza las novedades normativas para 2026. Aun as\u00ed, nos aventuramos a analizarlas en este art\u00edculo elaborado junto a Terraqui.\" \/>\n<meta property=\"og:url\" content=\"https:\/\/ineditinnova.com\/es\/les-novetats-legislatives-per-al-2026-en-economia-circular-i-sostenibilitat\/\" \/>\n<meta property=\"og:site_name\" content=\"in\u00e8dit\" \/>\n<meta property=\"article:publisher\" content=\"https:\/\/www.facebook.com\/ineditinnovacio\/?ref=page_internal\" \/>\n<meta property=\"article:published_time\" content=\"2025-12-22T13:59:00+00:00\" \/>\n<meta property=\"article:modified_time\" content=\"2025-12-28T19:33:18+00:00\" \/>\n<meta property=\"og:image\" content=\"https:\/\/ineditinnova.com\/wp-content\/uploads\/2025\/12\/legislacio.jpg\" \/>\n\t<meta property=\"og:image:width\" content=\"1200\" \/>\n\t<meta property=\"og:image:height\" content=\"600\" \/>\n\t<meta property=\"og:image:type\" content=\"image\/jpeg\" \/>\n<meta name=\"author\" content=\"Codina\" \/>\n<meta name=\"twitter:card\" content=\"summary_large_image\" \/>\n<meta name=\"twitter:creator\" content=\"@ineditinnova\" \/>\n<meta name=\"twitter:site\" content=\"@ineditinnova\" \/>\n<meta name=\"twitter:label1\" content=\"Escrito por\" \/>\n\t<meta name=\"twitter:data1\" content=\"Codina\" \/>\n\t<meta name=\"twitter:label2\" content=\"Tiempo de lectura\" \/>\n\t<meta name=\"twitter:data2\" content=\"11 minutos\" \/>\n<script type=\"application\/ld+json\" class=\"yoast-schema-graph\">{\"@context\":\"https:\\\/\\\/schema.org\",\"@graph\":[{\"@type\":\"Article\",\"@id\":\"https:\\\/\\\/ineditinnova.com\\\/es\\\/les-novetats-legislatives-per-al-2026-en-economia-circular-i-sostenibilitat\\\/#article\",\"isPartOf\":{\"@id\":\"https:\\\/\\\/ineditinnova.com\\\/es\\\/les-novetats-legislatives-per-al-2026-en-economia-circular-i-sostenibilitat\\\/\"},\"author\":{\"name\":\"Codina\",\"@id\":\"https:\\\/\\\/ineditinnova.com\\\/en\\\/#\\\/schema\\\/person\\\/891e1158385858d9972e3d28e2abf5e5\"},\"headline\":\"Novedades legislativas para 2026 en econom\u00eda circular y sostenibilidad\",\"datePublished\":\"2025-12-22T13:59:00+00:00\",\"dateModified\":\"2025-12-28T19:33:18+00:00\",\"mainEntityOfPage\":{\"@id\":\"https:\\\/\\\/ineditinnova.com\\\/es\\\/les-novetats-legislatives-per-al-2026-en-economia-circular-i-sostenibilitat\\\/\"},\"wordCount\":1496,\"image\":{\"@id\":\"https:\\\/\\\/ineditinnova.com\\\/es\\\/les-novetats-legislatives-per-al-2026-en-economia-circular-i-sostenibilitat\\\/#primaryimage\"},\"thumbnailUrl\":\"https:\\\/\\\/ineditinnova.com\\\/wp-content\\\/uploads\\\/2025\\\/12\\\/legislacio.jpg\",\"keywords\":[\"NOTICIA\"],\"articleSection\":[\"CUANTIFICACI\u00d3N DE IMPACTOS AMBIENTALES\",\"ESTRATEGIA DE NEGOCIO SOSTENIBLE\",\"Ecodise\u00f1o de productos y servicios\",\"TERRITORIO CIRCULAR\"],\"inLanguage\":\"es\"},{\"@type\":\"WebPage\",\"@id\":\"https:\\\/\\\/ineditinnova.com\\\/es\\\/les-novetats-legislatives-per-al-2026-en-economia-circular-i-sostenibilitat\\\/\",\"url\":\"https:\\\/\\\/ineditinnova.com\\\/es\\\/les-novetats-legislatives-per-al-2026-en-economia-circular-i-sostenibilitat\\\/\",\"name\":\"Novedades legislativas para 2026 en econom\u00eda circular y sostenibilidad - in\u00e8dit\",\"isPartOf\":{\"@id\":\"https:\\\/\\\/ineditinnova.com\\\/en\\\/#website\"},\"primaryImageOfPage\":{\"@id\":\"https:\\\/\\\/ineditinnova.com\\\/es\\\/les-novetats-legislatives-per-al-2026-en-economia-circular-i-sostenibilitat\\\/#primaryimage\"},\"image\":{\"@id\":\"https:\\\/\\\/ineditinnova.com\\\/es\\\/les-novetats-legislatives-per-al-2026-en-economia-circular-i-sostenibilitat\\\/#primaryimage\"},\"thumbnailUrl\":\"https:\\\/\\\/ineditinnova.com\\\/wp-content\\\/uploads\\\/2025\\\/12\\\/legislacio.jpg\",\"datePublished\":\"2025-12-22T13:59:00+00:00\",\"dateModified\":\"2025-12-28T19:33:18+00:00\",\"author\":{\"@id\":\"https:\\\/\\\/ineditinnova.com\\\/en\\\/#\\\/schema\\\/person\\\/891e1158385858d9972e3d28e2abf5e5\"},\"description\":\"La etapa de volatilidad jur\u00eddica dificulta anticipar con certeza las novedades normativas para 2026. Aun as\u00ed, nos aventuramos a analizarlas en este art\u00edculo elaborado junto a Terraqui.\",\"breadcrumb\":{\"@id\":\"https:\\\/\\\/ineditinnova.com\\\/es\\\/les-novetats-legislatives-per-al-2026-en-economia-circular-i-sostenibilitat\\\/#breadcrumb\"},\"inLanguage\":\"es\",\"potentialAction\":[{\"@type\":\"ReadAction\",\"target\":[\"https:\\\/\\\/ineditinnova.com\\\/es\\\/les-novetats-legislatives-per-al-2026-en-economia-circular-i-sostenibilitat\\\/\"]}]},{\"@type\":\"ImageObject\",\"inLanguage\":\"es\",\"@id\":\"https:\\\/\\\/ineditinnova.com\\\/es\\\/les-novetats-legislatives-per-al-2026-en-economia-circular-i-sostenibilitat\\\/#primaryimage\",\"url\":\"https:\\\/\\\/ineditinnova.com\\\/wp-content\\\/uploads\\\/2025\\\/12\\\/legislacio.jpg\",\"contentUrl\":\"https:\\\/\\\/ineditinnova.com\\\/wp-content\\\/uploads\\\/2025\\\/12\\\/legislacio.jpg\",\"width\":1200,\"height\":600,\"caption\":\"legislacio\"},{\"@type\":\"BreadcrumbList\",\"@id\":\"https:\\\/\\\/ineditinnova.com\\\/es\\\/les-novetats-legislatives-per-al-2026-en-economia-circular-i-sostenibilitat\\\/#breadcrumb\",\"itemListElement\":[{\"@type\":\"ListItem\",\"position\":1,\"name\":\"Inici\",\"item\":\"https:\\\/\\\/ineditinnova.com\\\/es\\\/\"},{\"@type\":\"ListItem\",\"position\":2,\"name\":\"Novedades legislativas para 2026 en econom\u00eda circular y sostenibilidad\"}]},{\"@type\":\"WebSite\",\"@id\":\"https:\\\/\\\/ineditinnova.com\\\/en\\\/#website\",\"url\":\"https:\\\/\\\/ineditinnova.com\\\/en\\\/\",\"name\":\"in\u00e8dit\",\"description\":\"Dise\u00f1amos soluciones circulares y sostenibles para un futuro mejor\",\"potentialAction\":[{\"@type\":\"SearchAction\",\"target\":{\"@type\":\"EntryPoint\",\"urlTemplate\":\"https:\\\/\\\/ineditinnova.com\\\/en\\\/?s={search_term_string}\"},\"query-input\":{\"@type\":\"PropertyValueSpecification\",\"valueRequired\":true,\"valueName\":\"search_term_string\"}}],\"inLanguage\":\"es\"},{\"@type\":\"Person\",\"@id\":\"https:\\\/\\\/ineditinnova.com\\\/en\\\/#\\\/schema\\\/person\\\/891e1158385858d9972e3d28e2abf5e5\",\"name\":\"Codina\",\"image\":{\"@type\":\"ImageObject\",\"inLanguage\":\"es\",\"@id\":\"https:\\\/\\\/secure.gravatar.com\\\/avatar\\\/4fff7c6f6d19e46cfd6c15f0f9b4aeb9970dd1aa4028caf6584e34d95cb8a41d?s=96&d=mm&r=g\",\"url\":\"https:\\\/\\\/secure.gravatar.com\\\/avatar\\\/4fff7c6f6d19e46cfd6c15f0f9b4aeb9970dd1aa4028caf6584e34d95cb8a41d?s=96&d=mm&r=g\",\"contentUrl\":\"https:\\\/\\\/secure.gravatar.com\\\/avatar\\\/4fff7c6f6d19e46cfd6c15f0f9b4aeb9970dd1aa4028caf6584e34d95cb8a41d?s=96&d=mm&r=g\",\"caption\":\"Codina\"},\"url\":\"https:\\\/\\\/ineditinnova.com\\\/es\\\/author\\\/inedit\\\/\"}]}<\/script>\n<!-- \/ Yoast SEO plugin. -->","yoast_head_json":{"title":"Novedades legislativas para 2026 en econom\u00eda circular y sostenibilidad - in\u00e8dit","description":"La etapa de volatilidad jur\u00eddica dificulta anticipar con certeza las novedades normativas para 2026. Aun as\u00ed, nos aventuramos a analizarlas en este art\u00edculo elaborado junto a Terraqui.","robots":{"index":"index","follow":"follow","max-snippet":"max-snippet:-1","max-image-preview":"max-image-preview:large","max-video-preview":"max-video-preview:-1"},"canonical":"https:\/\/ineditinnova.com\/es\/les-novetats-legislatives-per-al-2026-en-economia-circular-i-sostenibilitat\/","og_locale":"es_ES","og_type":"article","og_title":"Novedades legislativas para 2026 en econom\u00eda circular y sostenibilidad - in\u00e8dit","og_description":"La etapa de volatilidad jur\u00eddica dificulta anticipar con certeza las novedades normativas para 2026. Aun as\u00ed, nos aventuramos a analizarlas en este art\u00edculo elaborado junto a Terraqui.","og_url":"https:\/\/ineditinnova.com\/es\/les-novetats-legislatives-per-al-2026-en-economia-circular-i-sostenibilitat\/","og_site_name":"in\u00e8dit","article_publisher":"https:\/\/www.facebook.com\/ineditinnovacio\/?ref=page_internal","article_published_time":"2025-12-22T13:59:00+00:00","article_modified_time":"2025-12-28T19:33:18+00:00","og_image":[{"width":1200,"height":600,"url":"https:\/\/ineditinnova.com\/wp-content\/uploads\/2025\/12\/legislacio.jpg","type":"image\/jpeg"}],"author":"Codina","twitter_card":"summary_large_image","twitter_creator":"@ineditinnova","twitter_site":"@ineditinnova","twitter_misc":{"Escrito por":"Codina","Tiempo de lectura":"11 minutos"},"schema":{"@context":"https:\/\/schema.org","@graph":[{"@type":"Article","@id":"https:\/\/ineditinnova.com\/es\/les-novetats-legislatives-per-al-2026-en-economia-circular-i-sostenibilitat\/#article","isPartOf":{"@id":"https:\/\/ineditinnova.com\/es\/les-novetats-legislatives-per-al-2026-en-economia-circular-i-sostenibilitat\/"},"author":{"name":"Codina","@id":"https:\/\/ineditinnova.com\/en\/#\/schema\/person\/891e1158385858d9972e3d28e2abf5e5"},"headline":"Novedades legislativas para 2026 en econom\u00eda circular y sostenibilidad","datePublished":"2025-12-22T13:59:00+00:00","dateModified":"2025-12-28T19:33:18+00:00","mainEntityOfPage":{"@id":"https:\/\/ineditinnova.com\/es\/les-novetats-legislatives-per-al-2026-en-economia-circular-i-sostenibilitat\/"},"wordCount":1496,"image":{"@id":"https:\/\/ineditinnova.com\/es\/les-novetats-legislatives-per-al-2026-en-economia-circular-i-sostenibilitat\/#primaryimage"},"thumbnailUrl":"https:\/\/ineditinnova.com\/wp-content\/uploads\/2025\/12\/legislacio.jpg","keywords":["NOTICIA"],"articleSection":["CUANTIFICACI\u00d3N DE IMPACTOS AMBIENTALES","ESTRATEGIA DE NEGOCIO SOSTENIBLE","Ecodise\u00f1o de productos y servicios","TERRITORIO CIRCULAR"],"inLanguage":"es"},{"@type":"WebPage","@id":"https:\/\/ineditinnova.com\/es\/les-novetats-legislatives-per-al-2026-en-economia-circular-i-sostenibilitat\/","url":"https:\/\/ineditinnova.com\/es\/les-novetats-legislatives-per-al-2026-en-economia-circular-i-sostenibilitat\/","name":"Novedades legislativas para 2026 en econom\u00eda circular y sostenibilidad - in\u00e8dit","isPartOf":{"@id":"https:\/\/ineditinnova.com\/en\/#website"},"primaryImageOfPage":{"@id":"https:\/\/ineditinnova.com\/es\/les-novetats-legislatives-per-al-2026-en-economia-circular-i-sostenibilitat\/#primaryimage"},"image":{"@id":"https:\/\/ineditinnova.com\/es\/les-novetats-legislatives-per-al-2026-en-economia-circular-i-sostenibilitat\/#primaryimage"},"thumbnailUrl":"https:\/\/ineditinnova.com\/wp-content\/uploads\/2025\/12\/legislacio.jpg","datePublished":"2025-12-22T13:59:00+00:00","dateModified":"2025-12-28T19:33:18+00:00","author":{"@id":"https:\/\/ineditinnova.com\/en\/#\/schema\/person\/891e1158385858d9972e3d28e2abf5e5"},"description":"La etapa de volatilidad jur\u00eddica dificulta anticipar con certeza las novedades normativas para 2026. Aun as\u00ed, nos aventuramos a analizarlas en este art\u00edculo elaborado junto a Terraqui.","breadcrumb":{"@id":"https:\/\/ineditinnova.com\/es\/les-novetats-legislatives-per-al-2026-en-economia-circular-i-sostenibilitat\/#breadcrumb"},"inLanguage":"es","potentialAction":[{"@type":"ReadAction","target":["https:\/\/ineditinnova.com\/es\/les-novetats-legislatives-per-al-2026-en-economia-circular-i-sostenibilitat\/"]}]},{"@type":"ImageObject","inLanguage":"es","@id":"https:\/\/ineditinnova.com\/es\/les-novetats-legislatives-per-al-2026-en-economia-circular-i-sostenibilitat\/#primaryimage","url":"https:\/\/ineditinnova.com\/wp-content\/uploads\/2025\/12\/legislacio.jpg","contentUrl":"https:\/\/ineditinnova.com\/wp-content\/uploads\/2025\/12\/legislacio.jpg","width":1200,"height":600,"caption":"legislacio"},{"@type":"BreadcrumbList","@id":"https:\/\/ineditinnova.com\/es\/les-novetats-legislatives-per-al-2026-en-economia-circular-i-sostenibilitat\/#breadcrumb","itemListElement":[{"@type":"ListItem","position":1,"name":"Inici","item":"https:\/\/ineditinnova.com\/es\/"},{"@type":"ListItem","position":2,"name":"Novedades legislativas para 2026 en econom\u00eda circular y sostenibilidad"}]},{"@type":"WebSite","@id":"https:\/\/ineditinnova.com\/en\/#website","url":"https:\/\/ineditinnova.com\/en\/","name":"in\u00e8dit","description":"Dise\u00f1amos soluciones circulares y sostenibles para un futuro mejor","potentialAction":[{"@type":"SearchAction","target":{"@type":"EntryPoint","urlTemplate":"https:\/\/ineditinnova.com\/en\/?s={search_term_string}"},"query-input":{"@type":"PropertyValueSpecification","valueRequired":true,"valueName":"search_term_string"}}],"inLanguage":"es"},{"@type":"Person","@id":"https:\/\/ineditinnova.com\/en\/#\/schema\/person\/891e1158385858d9972e3d28e2abf5e5","name":"Codina","image":{"@type":"ImageObject","inLanguage":"es","@id":"https:\/\/secure.gravatar.com\/avatar\/4fff7c6f6d19e46cfd6c15f0f9b4aeb9970dd1aa4028caf6584e34d95cb8a41d?s=96&d=mm&r=g","url":"https:\/\/secure.gravatar.com\/avatar\/4fff7c6f6d19e46cfd6c15f0f9b4aeb9970dd1aa4028caf6584e34d95cb8a41d?s=96&d=mm&r=g","contentUrl":"https:\/\/secure.gravatar.com\/avatar\/4fff7c6f6d19e46cfd6c15f0f9b4aeb9970dd1aa4028caf6584e34d95cb8a41d?s=96&d=mm&r=g","caption":"Codina"},"url":"https:\/\/ineditinnova.com\/es\/author\/inedit\/"}]}},"_links":{"self":[{"href":"https:\/\/ineditinnova.com\/es\/wp-json\/wp\/v2\/posts\/12753","targetHints":{"allow":["GET"]}}],"collection":[{"href":"https:\/\/ineditinnova.com\/es\/wp-json\/wp\/v2\/posts"}],"about":[{"href":"https:\/\/ineditinnova.com\/es\/wp-json\/wp\/v2\/types\/post"}],"author":[{"embeddable":true,"href":"https:\/\/ineditinnova.com\/es\/wp-json\/wp\/v2\/users\/2"}],"replies":[{"embeddable":true,"href":"https:\/\/ineditinnova.com\/es\/wp-json\/wp\/v2\/comments?post=12753"}],"version-history":[{"count":6,"href":"https:\/\/ineditinnova.com\/es\/wp-json\/wp\/v2\/posts\/12753\/revisions"}],"predecessor-version":[{"id":12795,"href":"https:\/\/ineditinnova.com\/es\/wp-json\/wp\/v2\/posts\/12753\/revisions\/12795"}],"wp:featuredmedia":[{"embeddable":true,"href":"https:\/\/ineditinnova.com\/es\/wp-json\/wp\/v2\/media\/12718"}],"wp:attachment":[{"href":"https:\/\/ineditinnova.com\/es\/wp-json\/wp\/v2\/media?parent=12753"}],"wp:term":[{"taxonomy":"category","embeddable":true,"href":"https:\/\/ineditinnova.com\/es\/wp-json\/wp\/v2\/categories?post=12753"},{"taxonomy":"post_tag","embeddable":true,"href":"https:\/\/ineditinnova.com\/es\/wp-json\/wp\/v2\/tags?post=12753"}],"curies":[{"name":"wp","href":"https:\/\/api.w.org\/{rel}","templated":true}]}}