{"id":12783,"date":"2025-12-22T16:05:36","date_gmt":"2025-12-22T16:05:36","guid":{"rendered":"https:\/\/ineditinnova.com\/com-generar-noves-vies-de-negoci-amb-impacte-real\/"},"modified":"2025-12-22T16:18:43","modified_gmt":"2025-12-22T16:18:43","slug":"com-generar-noves-vies-de-negoci-amb-impacte-real","status":"publish","type":"post","link":"https:\/\/ineditinnova.com\/es\/com-generar-noves-vies-de-negoci-amb-impacte-real\/","title":{"rendered":"C\u00f3mo generar nuevas v\u00edas de negocio con impacto real"},"content":{"rendered":"\n<p>La econom\u00eda circular ha dejado de ser un concepto aspiracional para convertirse en una palanca real de competitividad, resiliencia y crecimiento empresarial. Esta fue una de las ideas centrales de la mesa redonda organizada por <strong><a href=\"https:\/\/www.atrevia.com\/\">ATREVIA<\/a><\/strong> e <strong>in\u00e8dit<\/strong> el 15 de diciembre, que reuni\u00f3 a empresas y representantes institucionales para reflexionar sobre c\u00f3mo la sostenibilidad se integra, cada vez m\u00e1s, en la estrategia de negocio.<\/p>\n\n\n\n<p>La jornada puso el foco en la necesidad de anticiparse a los cambios \u2014tanto regulatorios, de mercado como sociales\u2014 y de alinear los incentivos empresariales con modelos productivos m\u00e1s eficientes en el uso de los recursos. <strong>Jordi Oliver i Sol\u00e0<\/strong>, director ejecutivo de in\u00e8dit, subray\u00f3 que la transici\u00f3n hacia la circularidad tiene dos dimensiones indisolubles: la privada y la p\u00fablica.<strong> \u00abLos procesos productivos ocurren en un territorio concreto, y por eso el papel de la Administraci\u00f3n es clave\u00bb<\/strong>, apunt\u00f3, y destac\u00f3 que Catalu\u00f1a se encuentra en \u00abun buen momento de maduraci\u00f3n en este \u00e1mbito\u00bb.<\/p>\n\n\n\n<h2 class=\"wp-block-heading\"><strong>Ser circulares para ser competitivos y resilientes<\/strong><\/h2>\n\n\n\n<figure class=\"wp-block-image size-large\"><img decoding=\"async\" width=\"1024\" height=\"683\" data-src=\"https:\/\/ineditinnova.com\/wp-content\/uploads\/2025\/12\/atrevia_3-1-1024x683.jpg\" alt=\"\" class=\"wp-image-12776 lazyload\" data-srcset=\"https:\/\/ineditinnova.com\/wp-content\/uploads\/2025\/12\/atrevia_3-1-1024x683.jpg 1024w, https:\/\/ineditinnova.com\/wp-content\/uploads\/2025\/12\/atrevia_3-1-300x200.jpg 300w, https:\/\/ineditinnova.com\/wp-content\/uploads\/2025\/12\/atrevia_3-1-768x512.jpg 768w, https:\/\/ineditinnova.com\/wp-content\/uploads\/2025\/12\/atrevia_3-1.jpg 1200w\" data-sizes=\"(max-width: 1024px) 100vw, 1024px\" src=\"data:image\/svg+xml;base64,PHN2ZyB3aWR0aD0iMSIgaGVpZ2h0PSIxIiB4bWxucz0iaHR0cDovL3d3dy53My5vcmcvMjAwMC9zdmciPjwvc3ZnPg==\" style=\"--smush-placeholder-width: 1024px; --smush-placeholder-aspect-ratio: 1024\/683;\" \/><figcaption class=\"wp-element-caption\">Jordi Oliver i Sol\u00e0, director ejecutivo de in\u00e8dit. durante la apertura del evento<\/figcaption><\/figure>\n\n\n\n<p>La mesa redonda cont\u00f3 con la participaci\u00f3n de <strong>bon\u00c0rea Agrupa<\/strong>, <strong>Vallformosa<\/strong>, <strong>Pangea Propulsion<\/strong> y <strong>Girbau<\/strong>, cuatro empresas que ejemplifican c\u00f3mo la circularidad puede formar parte del ADN empresarial y convertirse en una ventaja competitiva. <strong>Adriana Sanz Mirabal<\/strong>, responsable de proyectos de in\u00e8dit, fue una de las moderadoras.<\/p>\n\n\n\n<p>Para<strong> Jaume Alsina<\/strong>, director general de <strong>bon\u00c0rea Agrupa<\/strong>, aprovechar y reutilizar los recursos \u00abforma parte de la manera de hacer de la gente de Guissona\u00bb. En este sentido, para el grupo agroalimentario el t\u00e9rmino econom\u00eda circular no implica m\u00e1s que poner nombre y valor a pr\u00e1cticas que ya exist\u00edan y que permiten generar ahorros y reforzar las capacidades de la empresa.<\/p>\n\n\n\n<p>Desde <strong>Vallformosa<\/strong>, la directora general, <strong>Marta Vidal<\/strong>, explic\u00f3 que la gran palanca de cambio ha sido la propia finca y la capacidad de identificar y poner en valor activos que ya exist\u00edan. As\u00ed, la transformaci\u00f3n que ha experimentado Vallformosa ha sido, sobre todo, en la cultura empresarial. \u00abLo que nos preocupa es c\u00f3mo hacemos las cosas. Queremos hacerlas bien, y esa es nuestra palanca\u00bb, afirm\u00f3.<\/p>\n\n\n\n<p>En el caso de <strong>Pangea Propulsion<\/strong>, <strong>Adri\u00e0 Argem\u00ed<\/strong>, uno de los fundadores y director general, remarc\u00f3 que, para la empresa, la sostenibilidad ambiental y econ\u00f3mica era una necesidad desde el primer momento para poder competir internacionalmente. Innovar en tecnolog\u00edas, materiales y combustibles, as\u00ed como cumplir con un marco normativo exigente como el europeo, forma parte de su propuesta de valor y de su posicionamiento en el mercado.<\/p>\n\n\n\n<p>El responsable de Sostenibilidad de <strong>Girbau<\/strong>, <strong>Joan Vilaseca<\/strong>, record\u00f3 que la compa\u00f1\u00eda naci\u00f3 como un taller de reparaci\u00f3n, con la circularidad integrada de manera natural en el modelo de negocio. En 2019, la empresa decidi\u00f3 explicitar su prop\u00f3sito \u2014el futuro y el planeta\u2014 y convertir la sostenibilidad en un elemento clave de diferenciaci\u00f3n, resiliencia y competitividad. \u00abSomos caros porque hacemos las cosas de manera diferente\u00bb, resumi\u00f3, y defendi\u00f3 la apuesta por la sostenibilidad como estrategia para que la empresa sea resiliente y competitiva. Y tambi\u00e9n para los clientes. \u00abQueremos que los clientes est\u00e9n preparados para las exigencias normativas\u00bb, apunt\u00f3.<\/p>\n\n\n\n<h2 class=\"wp-block-heading\"><strong>Proyectos ic\u00f3nicos y retos compartidos<\/strong><\/h2>\n\n\n\n<figure class=\"wp-block-image size-large\"><img decoding=\"async\" width=\"1024\" height=\"684\" data-src=\"https:\/\/ineditinnova.com\/wp-content\/uploads\/2025\/12\/atrevia_2-1-1024x684.jpg\" alt=\"\" class=\"wp-image-12773 lazyload\" data-srcset=\"https:\/\/ineditinnova.com\/wp-content\/uploads\/2025\/12\/atrevia_2-1-1024x684.jpg 1024w, https:\/\/ineditinnova.com\/wp-content\/uploads\/2025\/12\/atrevia_2-1-300x200.jpg 300w, https:\/\/ineditinnova.com\/wp-content\/uploads\/2025\/12\/atrevia_2-1-768x513.jpg 768w, https:\/\/ineditinnova.com\/wp-content\/uploads\/2025\/12\/atrevia_2-1.jpg 1200w\" data-sizes=\"(max-width: 1024px) 100vw, 1024px\" src=\"data:image\/svg+xml;base64,PHN2ZyB3aWR0aD0iMSIgaGVpZ2h0PSIxIiB4bWxucz0iaHR0cDovL3d3dy53My5vcmcvMjAwMC9zdmciPjwvc3ZnPg==\" style=\"--smush-placeholder-width: 1024px; --smush-placeholder-aspect-ratio: 1024\/684;\" \/><figcaption class=\"wp-element-caption\">Adriana Sanz Mirabal, Jaume Alsina, Marta Vidal, Adri\u00e0 Argem\u00ed, Joan Vilaseca y Elena Soler (ATREVIA)<\/figcaption><\/figure>\n\n\n\n<p>Durante la sesi\u00f3n se presentaron diversos proyectos que muestran c\u00f3mo la circularidad puede materializarse en innovaciones concretas. <strong>Girbau destac\u00f3 el ecodise\u00f1o como condici\u00f3n imprescindible para cualquier producto circular<\/strong>, pensado para tener una vida larga y tambi\u00e9n para generar impacto social. <strong>Vallformosa present\u00f3 un tap\u00f3n monomaterial reutilizable<\/strong>, y recalc\u00f3 la voluntad de la empresa de compartir avances en materia de sostenibilidad, como este, con todo el sector. Por su parte, el representante de <strong>bon\u00c0rea expuso los resultados del envase Retorna<\/strong>, pionero en la distribuci\u00f3n, con ratios de retorno superiores al 80% y ahorros significativos de pl\u00e1stico y emisiones. <strong>Pangea<\/strong>, finalmente, <strong>explic\u00f3 c\u00f3mo sus sistemas de propulsi\u00f3n reutilizables permiten ahorrar energ\u00eda y materiales<\/strong>, y abren nuevos escenarios tecnol\u00f3gicos.<\/p>\n\n\n\n<p>A pesar de los avances, tambi\u00e9n se pusieron sobre la mesa obst\u00e1culos persistentes, como una legislaci\u00f3n que puede ser palanca pero tambi\u00e9n freno; los retos log\u00edsticos asociados a la valorizaci\u00f3n de residuos o las barreras culturales, por ejemplo en la reutilizaci\u00f3n del agua.<\/p>\n\n\n\n<h2 class=\"wp-block-heading\"><strong>Comunicar con datos, coherencia y transparencia<\/strong><\/h2>\n\n\n\n<p>Otro de los ejes clave de la jornada fue la comunicaci\u00f3n. Las empresas participantes coincidieron en la importancia de comunicar a partir de datos reales, siendo fieles a la identidad de cada organizaci\u00f3n y manteniendo la coherencia en el relato. La transparencia, incluso a la hora de explicar errores o fracasos, emergi\u00f3 como un factor clave para generar credibilidad y <em>engagement<\/em>.<\/p>\n\n\n\n<h2 class=\"wp-block-heading\"><strong>El papel de la Administraci\u00f3n y las palancas de cambio<\/strong><\/h2>\n\n\n\n<figure class=\"wp-block-image size-large\"><img decoding=\"async\" width=\"1024\" height=\"683\" data-src=\"https:\/\/ineditinnova.com\/wp-content\/uploads\/2025\/12\/atrevia_4-1-1024x683.jpg\" alt=\"\" class=\"wp-image-12779 lazyload\" data-srcset=\"https:\/\/ineditinnova.com\/wp-content\/uploads\/2025\/12\/atrevia_4-1-1024x683.jpg 1024w, https:\/\/ineditinnova.com\/wp-content\/uploads\/2025\/12\/atrevia_4-1-300x200.jpg 300w, https:\/\/ineditinnova.com\/wp-content\/uploads\/2025\/12\/atrevia_4-1-768x512.jpg 768w, https:\/\/ineditinnova.com\/wp-content\/uploads\/2025\/12\/atrevia_4-1.jpg 1200w\" data-sizes=\"(max-width: 1024px) 100vw, 1024px\" src=\"data:image\/svg+xml;base64,PHN2ZyB3aWR0aD0iMSIgaGVpZ2h0PSIxIiB4bWxucz0iaHR0cDovL3d3dy53My5vcmcvMjAwMC9zdmciPjwvc3ZnPg==\" style=\"--smush-placeholder-width: 1024px; --smush-placeholder-aspect-ratio: 1024\/683;\" \/><figcaption class=\"wp-element-caption\">El conseller S\u00e0mper y S\u00f2nia Recasens, directora de Estrategia Corporativa y Asuntos P\u00fablicos de ATREVIA<\/figcaption><\/figure>\n\n\n\n<p>La clausura institucional corri\u00f3 a cargo del <strong>conseller de Empresa y Trabajo de la Generalitat de Catalu\u00f1a<\/strong>, <strong>Miquel S\u00e0mper<\/strong>, que defendi\u00f3 que frente al cambio clim\u00e1tico s\u00ed se puede actuar. Puso en valor el papel de los empresarios que se anticipan a la normativa y reivindic\u00f3 la colaboraci\u00f3n p\u00fablico-privada como instrumento imprescindible para avanzar.<\/p>\n\n\n\n<p>En la misma l\u00ednea,<strong> Joan Mart\u00ed<\/strong>, de <strong>ACCI\u00d3<\/strong>, record\u00f3 que hoy existen cinco grandes palancas que empujan a las empresas a replantearse su prop\u00f3sito: los consumidores, la legislaci\u00f3n, la financiaci\u00f3n, el talento y las oportunidades de negocio. Mart\u00ed concluy\u00f3 que, en el contexto actual, sin sostenibilidad ya no es posible generar beneficios.<\/p>\n\n\n\n<p>La jornada dej\u00f3 claro que la sostenibilidad ya no es solo una cuesti\u00f3n de impacto: es estrategia, es negocio y es una condici\u00f3n indispensable para competir en el presente y en el futuro.<\/p>\n","protected":false},"excerpt":{"rendered":"<p>La econom\u00eda circular ha dejado de ser un concepto aspiracional para convertirse en una palanca real de competitividad, resiliencia y crecimiento empresarial. Esta fue una de las ideas centrales de la mesa redonda organizada por ATREVIA e in\u00e8dit el 15 de diciembre, que reuni\u00f3 a empresas y representantes institucionales para reflexionar sobre c\u00f3mo la sostenibilidad&#8230;  <a class=\"excerpt-read-more\" href=\"https:\/\/ineditinnova.com\/es\/com-generar-noves-vies-de-negoci-amb-impacte-real\/\" title=\"Read C\u00f3mo generar nuevas v\u00edas de negocio con impacto real\">Read more &raquo;<\/a><\/p>\n","protected":false},"author":2,"featured_media":12790,"comment_status":"closed","ping_status":"closed","sticky":false,"template":"","format":"standard","meta":{"_acf_changed":false,"footnotes":""},"categories":[31],"tags":[],"class_list":["post-12783","post","type-post","status-publish","format-standard","has-post-thumbnail","hentry","category-cadena"],"acf":[],"yoast_head":"<!-- This site is optimized with the Yoast SEO plugin v27.5 - https:\/\/yoast.com\/product\/yoast-seo-wordpress\/ -->\n<title>C\u00f3mo generar nuevas v\u00edas de negocio con impacto real - in\u00e8dit<\/title>\n<meta name=\"description\" content=\"La econom\u00eda circular ha dejado de ser un concepto aspiracional para convertirse en una palanca real de competitividad, resiliencia y crecimiento empresarial. Esta fue una de las ideas centrales de la mesa redonda organizada por ATREVIA e in\u00e8dit el 15 de diciembre, que reuni\u00f3 a empresas y representantes institucionales para reflexionar sobre c\u00f3mo la sostenibilidad se integra, cada vez m\u00e1s, en la estrategia de negocio.\" \/>\n<meta name=\"robots\" content=\"index, follow, max-snippet:-1, max-image-preview:large, max-video-preview:-1\" \/>\n<link rel=\"canonical\" href=\"https:\/\/ineditinnova.com\/es\/com-generar-noves-vies-de-negoci-amb-impacte-real\/\" \/>\n<meta property=\"og:locale\" content=\"es_ES\" \/>\n<meta property=\"og:type\" content=\"article\" \/>\n<meta property=\"og:title\" content=\"C\u00f3mo generar nuevas v\u00edas de negocio con impacto real - in\u00e8dit\" \/>\n<meta property=\"og:description\" content=\"La econom\u00eda circular ha dejado de ser un concepto aspiracional para convertirse en una palanca real de competitividad, resiliencia y crecimiento empresarial. Esta fue una de las ideas centrales de la mesa redonda organizada por ATREVIA e in\u00e8dit el 15 de diciembre, que reuni\u00f3 a empresas y representantes institucionales para reflexionar sobre c\u00f3mo la sostenibilidad se integra, cada vez m\u00e1s, en la estrategia de negocio.\" \/>\n<meta property=\"og:url\" content=\"https:\/\/ineditinnova.com\/es\/com-generar-noves-vies-de-negoci-amb-impacte-real\/\" \/>\n<meta property=\"og:site_name\" content=\"in\u00e8dit\" \/>\n<meta property=\"article:publisher\" content=\"https:\/\/www.facebook.com\/ineditinnovacio\/?ref=page_internal\" \/>\n<meta property=\"article:published_time\" content=\"2025-12-22T16:05:36+00:00\" \/>\n<meta property=\"article:modified_time\" content=\"2025-12-22T16:18:43+00:00\" \/>\n<meta property=\"og:image\" content=\"https:\/\/ineditinnova.com\/wp-content\/uploads\/2025\/12\/atrevia.jpg\" \/>\n\t<meta property=\"og:image:width\" content=\"1200\" \/>\n\t<meta property=\"og:image:height\" content=\"675\" \/>\n\t<meta property=\"og:image:type\" content=\"image\/jpeg\" \/>\n<meta name=\"author\" content=\"Codina\" \/>\n<meta name=\"twitter:card\" content=\"summary_large_image\" \/>\n<meta name=\"twitter:creator\" content=\"@ineditinnova\" \/>\n<meta name=\"twitter:site\" content=\"@ineditinnova\" \/>\n<meta name=\"twitter:label1\" content=\"Escrito por\" \/>\n\t<meta name=\"twitter:data1\" content=\"Codina\" \/>\n\t<meta name=\"twitter:label2\" content=\"Tiempo de lectura\" \/>\n\t<meta name=\"twitter:data2\" content=\"6 minutos\" \/>\n<script type=\"application\/ld+json\" class=\"yoast-schema-graph\">{\"@context\":\"https:\\\/\\\/schema.org\",\"@graph\":[{\"@type\":\"Article\",\"@id\":\"https:\\\/\\\/ineditinnova.com\\\/es\\\/com-generar-noves-vies-de-negoci-amb-impacte-real\\\/#article\",\"isPartOf\":{\"@id\":\"https:\\\/\\\/ineditinnova.com\\\/es\\\/com-generar-noves-vies-de-negoci-amb-impacte-real\\\/\"},\"author\":{\"name\":\"Codina\",\"@id\":\"https:\\\/\\\/ineditinnova.com\\\/en\\\/#\\\/schema\\\/person\\\/891e1158385858d9972e3d28e2abf5e5\"},\"headline\":\"C\u00f3mo generar nuevas v\u00edas de negocio con impacto real\",\"datePublished\":\"2025-12-22T16:05:36+00:00\",\"dateModified\":\"2025-12-22T16:18:43+00:00\",\"mainEntityOfPage\":{\"@id\":\"https:\\\/\\\/ineditinnova.com\\\/es\\\/com-generar-noves-vies-de-negoci-amb-impacte-real\\\/\"},\"wordCount\":1007,\"image\":{\"@id\":\"https:\\\/\\\/ineditinnova.com\\\/es\\\/com-generar-noves-vies-de-negoci-amb-impacte-real\\\/#primaryimage\"},\"thumbnailUrl\":\"https:\\\/\\\/ineditinnova.com\\\/wp-content\\\/uploads\\\/2025\\\/12\\\/atrevia.jpg\",\"articleSection\":[\"ESTRATEGIA DE NEGOCIO SOSTENIBLE\"],\"inLanguage\":\"es\"},{\"@type\":\"WebPage\",\"@id\":\"https:\\\/\\\/ineditinnova.com\\\/es\\\/com-generar-noves-vies-de-negoci-amb-impacte-real\\\/\",\"url\":\"https:\\\/\\\/ineditinnova.com\\\/es\\\/com-generar-noves-vies-de-negoci-amb-impacte-real\\\/\",\"name\":\"C\u00f3mo generar nuevas v\u00edas de negocio con impacto real - in\u00e8dit\",\"isPartOf\":{\"@id\":\"https:\\\/\\\/ineditinnova.com\\\/en\\\/#website\"},\"primaryImageOfPage\":{\"@id\":\"https:\\\/\\\/ineditinnova.com\\\/es\\\/com-generar-noves-vies-de-negoci-amb-impacte-real\\\/#primaryimage\"},\"image\":{\"@id\":\"https:\\\/\\\/ineditinnova.com\\\/es\\\/com-generar-noves-vies-de-negoci-amb-impacte-real\\\/#primaryimage\"},\"thumbnailUrl\":\"https:\\\/\\\/ineditinnova.com\\\/wp-content\\\/uploads\\\/2025\\\/12\\\/atrevia.jpg\",\"datePublished\":\"2025-12-22T16:05:36+00:00\",\"dateModified\":\"2025-12-22T16:18:43+00:00\",\"author\":{\"@id\":\"https:\\\/\\\/ineditinnova.com\\\/en\\\/#\\\/schema\\\/person\\\/891e1158385858d9972e3d28e2abf5e5\"},\"description\":\"La econom\u00eda circular ha dejado de ser un concepto aspiracional para convertirse en una palanca real de competitividad, resiliencia y crecimiento empresarial. Esta fue una de las ideas centrales de la mesa redonda organizada por ATREVIA e in\u00e8dit el 15 de diciembre, que reuni\u00f3 a empresas y representantes institucionales para reflexionar sobre c\u00f3mo la sostenibilidad se integra, cada vez m\u00e1s, en la estrategia de negocio.\",\"breadcrumb\":{\"@id\":\"https:\\\/\\\/ineditinnova.com\\\/es\\\/com-generar-noves-vies-de-negoci-amb-impacte-real\\\/#breadcrumb\"},\"inLanguage\":\"es\",\"potentialAction\":[{\"@type\":\"ReadAction\",\"target\":[\"https:\\\/\\\/ineditinnova.com\\\/es\\\/com-generar-noves-vies-de-negoci-amb-impacte-real\\\/\"]}]},{\"@type\":\"ImageObject\",\"inLanguage\":\"es\",\"@id\":\"https:\\\/\\\/ineditinnova.com\\\/es\\\/com-generar-noves-vies-de-negoci-amb-impacte-real\\\/#primaryimage\",\"url\":\"https:\\\/\\\/ineditinnova.com\\\/wp-content\\\/uploads\\\/2025\\\/12\\\/atrevia.jpg\",\"contentUrl\":\"https:\\\/\\\/ineditinnova.com\\\/wp-content\\\/uploads\\\/2025\\\/12\\\/atrevia.jpg\",\"width\":1200,\"height\":675},{\"@type\":\"BreadcrumbList\",\"@id\":\"https:\\\/\\\/ineditinnova.com\\\/es\\\/com-generar-noves-vies-de-negoci-amb-impacte-real\\\/#breadcrumb\",\"itemListElement\":[{\"@type\":\"ListItem\",\"position\":1,\"name\":\"Inici\",\"item\":\"https:\\\/\\\/ineditinnova.com\\\/es\\\/\"},{\"@type\":\"ListItem\",\"position\":2,\"name\":\"C\u00f3mo generar nuevas v\u00edas de negocio con impacto real\"}]},{\"@type\":\"WebSite\",\"@id\":\"https:\\\/\\\/ineditinnova.com\\\/en\\\/#website\",\"url\":\"https:\\\/\\\/ineditinnova.com\\\/en\\\/\",\"name\":\"in\u00e8dit\",\"description\":\"Dise\u00f1amos soluciones circulares y sostenibles para un futuro mejor\",\"potentialAction\":[{\"@type\":\"SearchAction\",\"target\":{\"@type\":\"EntryPoint\",\"urlTemplate\":\"https:\\\/\\\/ineditinnova.com\\\/en\\\/?s={search_term_string}\"},\"query-input\":{\"@type\":\"PropertyValueSpecification\",\"valueRequired\":true,\"valueName\":\"search_term_string\"}}],\"inLanguage\":\"es\"},{\"@type\":\"Person\",\"@id\":\"https:\\\/\\\/ineditinnova.com\\\/en\\\/#\\\/schema\\\/person\\\/891e1158385858d9972e3d28e2abf5e5\",\"name\":\"Codina\",\"image\":{\"@type\":\"ImageObject\",\"inLanguage\":\"es\",\"@id\":\"https:\\\/\\\/secure.gravatar.com\\\/avatar\\\/4fff7c6f6d19e46cfd6c15f0f9b4aeb9970dd1aa4028caf6584e34d95cb8a41d?s=96&d=mm&r=g\",\"url\":\"https:\\\/\\\/secure.gravatar.com\\\/avatar\\\/4fff7c6f6d19e46cfd6c15f0f9b4aeb9970dd1aa4028caf6584e34d95cb8a41d?s=96&d=mm&r=g\",\"contentUrl\":\"https:\\\/\\\/secure.gravatar.com\\\/avatar\\\/4fff7c6f6d19e46cfd6c15f0f9b4aeb9970dd1aa4028caf6584e34d95cb8a41d?s=96&d=mm&r=g\",\"caption\":\"Codina\"},\"url\":\"https:\\\/\\\/ineditinnova.com\\\/es\\\/author\\\/inedit\\\/\"}]}<\/script>\n<!-- \/ Yoast SEO plugin. -->","yoast_head_json":{"title":"C\u00f3mo generar nuevas v\u00edas de negocio con impacto real - in\u00e8dit","description":"La econom\u00eda circular ha dejado de ser un concepto aspiracional para convertirse en una palanca real de competitividad, resiliencia y crecimiento empresarial. Esta fue una de las ideas centrales de la mesa redonda organizada por ATREVIA e in\u00e8dit el 15 de diciembre, que reuni\u00f3 a empresas y representantes institucionales para reflexionar sobre c\u00f3mo la sostenibilidad se integra, cada vez m\u00e1s, en la estrategia de negocio.","robots":{"index":"index","follow":"follow","max-snippet":"max-snippet:-1","max-image-preview":"max-image-preview:large","max-video-preview":"max-video-preview:-1"},"canonical":"https:\/\/ineditinnova.com\/es\/com-generar-noves-vies-de-negoci-amb-impacte-real\/","og_locale":"es_ES","og_type":"article","og_title":"C\u00f3mo generar nuevas v\u00edas de negocio con impacto real - in\u00e8dit","og_description":"La econom\u00eda circular ha dejado de ser un concepto aspiracional para convertirse en una palanca real de competitividad, resiliencia y crecimiento empresarial. Esta fue una de las ideas centrales de la mesa redonda organizada por ATREVIA e in\u00e8dit el 15 de diciembre, que reuni\u00f3 a empresas y representantes institucionales para reflexionar sobre c\u00f3mo la sostenibilidad se integra, cada vez m\u00e1s, en la estrategia de negocio.","og_url":"https:\/\/ineditinnova.com\/es\/com-generar-noves-vies-de-negoci-amb-impacte-real\/","og_site_name":"in\u00e8dit","article_publisher":"https:\/\/www.facebook.com\/ineditinnovacio\/?ref=page_internal","article_published_time":"2025-12-22T16:05:36+00:00","article_modified_time":"2025-12-22T16:18:43+00:00","og_image":[{"width":1200,"height":675,"url":"https:\/\/ineditinnova.com\/wp-content\/uploads\/2025\/12\/atrevia.jpg","type":"image\/jpeg"}],"author":"Codina","twitter_card":"summary_large_image","twitter_creator":"@ineditinnova","twitter_site":"@ineditinnova","twitter_misc":{"Escrito por":"Codina","Tiempo de lectura":"6 minutos"},"schema":{"@context":"https:\/\/schema.org","@graph":[{"@type":"Article","@id":"https:\/\/ineditinnova.com\/es\/com-generar-noves-vies-de-negoci-amb-impacte-real\/#article","isPartOf":{"@id":"https:\/\/ineditinnova.com\/es\/com-generar-noves-vies-de-negoci-amb-impacte-real\/"},"author":{"name":"Codina","@id":"https:\/\/ineditinnova.com\/en\/#\/schema\/person\/891e1158385858d9972e3d28e2abf5e5"},"headline":"C\u00f3mo generar nuevas v\u00edas de negocio con impacto real","datePublished":"2025-12-22T16:05:36+00:00","dateModified":"2025-12-22T16:18:43+00:00","mainEntityOfPage":{"@id":"https:\/\/ineditinnova.com\/es\/com-generar-noves-vies-de-negoci-amb-impacte-real\/"},"wordCount":1007,"image":{"@id":"https:\/\/ineditinnova.com\/es\/com-generar-noves-vies-de-negoci-amb-impacte-real\/#primaryimage"},"thumbnailUrl":"https:\/\/ineditinnova.com\/wp-content\/uploads\/2025\/12\/atrevia.jpg","articleSection":["ESTRATEGIA DE NEGOCIO SOSTENIBLE"],"inLanguage":"es"},{"@type":"WebPage","@id":"https:\/\/ineditinnova.com\/es\/com-generar-noves-vies-de-negoci-amb-impacte-real\/","url":"https:\/\/ineditinnova.com\/es\/com-generar-noves-vies-de-negoci-amb-impacte-real\/","name":"C\u00f3mo generar nuevas v\u00edas de negocio con impacto real - in\u00e8dit","isPartOf":{"@id":"https:\/\/ineditinnova.com\/en\/#website"},"primaryImageOfPage":{"@id":"https:\/\/ineditinnova.com\/es\/com-generar-noves-vies-de-negoci-amb-impacte-real\/#primaryimage"},"image":{"@id":"https:\/\/ineditinnova.com\/es\/com-generar-noves-vies-de-negoci-amb-impacte-real\/#primaryimage"},"thumbnailUrl":"https:\/\/ineditinnova.com\/wp-content\/uploads\/2025\/12\/atrevia.jpg","datePublished":"2025-12-22T16:05:36+00:00","dateModified":"2025-12-22T16:18:43+00:00","author":{"@id":"https:\/\/ineditinnova.com\/en\/#\/schema\/person\/891e1158385858d9972e3d28e2abf5e5"},"description":"La econom\u00eda circular ha dejado de ser un concepto aspiracional para convertirse en una palanca real de competitividad, resiliencia y crecimiento empresarial. Esta fue una de las ideas centrales de la mesa redonda organizada por ATREVIA e in\u00e8dit el 15 de diciembre, que reuni\u00f3 a empresas y representantes institucionales para reflexionar sobre c\u00f3mo la sostenibilidad se integra, cada vez m\u00e1s, en la estrategia de negocio.","breadcrumb":{"@id":"https:\/\/ineditinnova.com\/es\/com-generar-noves-vies-de-negoci-amb-impacte-real\/#breadcrumb"},"inLanguage":"es","potentialAction":[{"@type":"ReadAction","target":["https:\/\/ineditinnova.com\/es\/com-generar-noves-vies-de-negoci-amb-impacte-real\/"]}]},{"@type":"ImageObject","inLanguage":"es","@id":"https:\/\/ineditinnova.com\/es\/com-generar-noves-vies-de-negoci-amb-impacte-real\/#primaryimage","url":"https:\/\/ineditinnova.com\/wp-content\/uploads\/2025\/12\/atrevia.jpg","contentUrl":"https:\/\/ineditinnova.com\/wp-content\/uploads\/2025\/12\/atrevia.jpg","width":1200,"height":675},{"@type":"BreadcrumbList","@id":"https:\/\/ineditinnova.com\/es\/com-generar-noves-vies-de-negoci-amb-impacte-real\/#breadcrumb","itemListElement":[{"@type":"ListItem","position":1,"name":"Inici","item":"https:\/\/ineditinnova.com\/es\/"},{"@type":"ListItem","position":2,"name":"C\u00f3mo generar nuevas v\u00edas de negocio con impacto real"}]},{"@type":"WebSite","@id":"https:\/\/ineditinnova.com\/en\/#website","url":"https:\/\/ineditinnova.com\/en\/","name":"in\u00e8dit","description":"Dise\u00f1amos soluciones circulares y sostenibles para un futuro mejor","potentialAction":[{"@type":"SearchAction","target":{"@type":"EntryPoint","urlTemplate":"https:\/\/ineditinnova.com\/en\/?s={search_term_string}"},"query-input":{"@type":"PropertyValueSpecification","valueRequired":true,"valueName":"search_term_string"}}],"inLanguage":"es"},{"@type":"Person","@id":"https:\/\/ineditinnova.com\/en\/#\/schema\/person\/891e1158385858d9972e3d28e2abf5e5","name":"Codina","image":{"@type":"ImageObject","inLanguage":"es","@id":"https:\/\/secure.gravatar.com\/avatar\/4fff7c6f6d19e46cfd6c15f0f9b4aeb9970dd1aa4028caf6584e34d95cb8a41d?s=96&d=mm&r=g","url":"https:\/\/secure.gravatar.com\/avatar\/4fff7c6f6d19e46cfd6c15f0f9b4aeb9970dd1aa4028caf6584e34d95cb8a41d?s=96&d=mm&r=g","contentUrl":"https:\/\/secure.gravatar.com\/avatar\/4fff7c6f6d19e46cfd6c15f0f9b4aeb9970dd1aa4028caf6584e34d95cb8a41d?s=96&d=mm&r=g","caption":"Codina"},"url":"https:\/\/ineditinnova.com\/es\/author\/inedit\/"}]}},"_links":{"self":[{"href":"https:\/\/ineditinnova.com\/es\/wp-json\/wp\/v2\/posts\/12783","targetHints":{"allow":["GET"]}}],"collection":[{"href":"https:\/\/ineditinnova.com\/es\/wp-json\/wp\/v2\/posts"}],"about":[{"href":"https:\/\/ineditinnova.com\/es\/wp-json\/wp\/v2\/types\/post"}],"author":[{"embeddable":true,"href":"https:\/\/ineditinnova.com\/es\/wp-json\/wp\/v2\/users\/2"}],"replies":[{"embeddable":true,"href":"https:\/\/ineditinnova.com\/es\/wp-json\/wp\/v2\/comments?post=12783"}],"version-history":[{"count":3,"href":"https:\/\/ineditinnova.com\/es\/wp-json\/wp\/v2\/posts\/12783\/revisions"}],"predecessor-version":[{"id":12792,"href":"https:\/\/ineditinnova.com\/es\/wp-json\/wp\/v2\/posts\/12783\/revisions\/12792"}],"wp:featuredmedia":[{"embeddable":true,"href":"https:\/\/ineditinnova.com\/es\/wp-json\/wp\/v2\/media\/12790"}],"wp:attachment":[{"href":"https:\/\/ineditinnova.com\/es\/wp-json\/wp\/v2\/media?parent=12783"}],"wp:term":[{"taxonomy":"category","embeddable":true,"href":"https:\/\/ineditinnova.com\/es\/wp-json\/wp\/v2\/categories?post=12783"},{"taxonomy":"post_tag","embeddable":true,"href":"https:\/\/ineditinnova.com\/es\/wp-json\/wp\/v2\/tags?post=12783"}],"curies":[{"name":"wp","href":"https:\/\/api.w.org\/{rel}","templated":true}]}}