{"id":12843,"date":"2026-01-16T11:45:29","date_gmt":"2026-01-16T11:45:29","guid":{"rendered":"https:\/\/ineditinnova.com\/el-medi-ambient-perd-pes-en-el-ranquing-dels-riscos-globals-a-curt-termini-segons-el-forum-economic-mundial\/"},"modified":"2026-01-16T11:56:50","modified_gmt":"2026-01-16T11:56:50","slug":"el-medi-ambient-perd-pes-en-el-ranquing-dels-riscos-globals-a-curt-termini-segons-el-forum-economic-mundial","status":"publish","type":"post","link":"https:\/\/ineditinnova.com\/es\/el-medi-ambient-perd-pes-en-el-ranquing-dels-riscos-globals-a-curt-termini-segons-el-forum-economic-mundial\/","title":{"rendered":"El medio ambiente pierde peso en el ranking de riesgos globales a corto plazo, seg\u00fan el Foro Econ\u00f3mico Mundial"},"content":{"rendered":"\n<p>Como ya es tradici\u00f3n, pocos d\u00edas antes de su reuni\u00f3n anual en Davos, el <a href=\"https:\/\/www.weforum.org\/\">Foro Econ\u00f3mico Mundial (WEF) <\/a>ha publicado una nueva edici\u00f3n del <em><em><a href=\"https:\/\/www.weforum.org\/stories\/2026\/01\/global-risks-2026-top-10-two-and-ten-year-horizon\/\">Global Risks Report<\/a><\/em><\/em>, el informe de referencia que analiza los principales riesgos globales a corto y largo plazo con el objetivo de ayudar a los responsables de la toma de decisiones a equilibrar la gesti\u00f3n de las crisis inmediatas con las prioridades estructurales de futuro. El informe pone de manifiesto que <strong>los riesgos ambientales han perdido posiciones en el ranking de riesgos globales a corto plazo<\/strong>: mientras que en el <em>Global Risks Report 2025<\/em> el segundo riesgo m\u00e1s grave a dos a\u00f1os vista eran los fen\u00f3menos meteorol\u00f3gicos extremos, en la edici\u00f3n de este a\u00f1o han descendido hasta la cuarta posici\u00f3n. Sin embargo, en el horizonte de diez a\u00f1os, los riesgos directamente vinculados a la crisis clim\u00e1tica siguen dominando los primeros puestos.<\/p>\n\n\n\n<p>En palabras de <strong>Jordi Oliver i Sol\u00e0<\/strong>, director ejecutivo de in\u00e8dit: \u00abEn el informe se repite un patr\u00f3n habitual: aunque los retos clave, aquellos que afectan a los fundamentos, son prioritarios a diez a\u00f1os vista, siempre aparecen desaf\u00edos inmediatos y m\u00e1s urgentes\u00bb. Oliver advierte de que,<strong> si este patr\u00f3n se mantiene, \u00ablas problem\u00e1ticas de fondo seguir\u00e1n agrav\u00e1ndose\u00bb<\/strong>. Por ello, a\u00f1ade, <strong>\u00abes fundamental abordar hoy aquello que ma\u00f1ana ser\u00e1 central y prioritario, y pasar a la acci\u00f3n lo antes posible\u00bb<\/strong>. En este sentido, in\u00e8dit acompa\u00f1a a empresas e instituciones para que puedan anticiparse a estos riesgos.<\/p>\n\n\n\n<figure class=\"wp-block-image size-large\"><img decoding=\"async\" width=\"819\" height=\"1024\" data-src=\"https:\/\/ineditinnova.com\/wp-content\/uploads\/2026\/01\/riscos-819x1024.webp\" alt=\"\" class=\"wp-image-12836 lazyload\" data-srcset=\"https:\/\/ineditinnova.com\/wp-content\/uploads\/2026\/01\/riscos-819x1024.webp 819w, https:\/\/ineditinnova.com\/wp-content\/uploads\/2026\/01\/riscos-240x300.webp 240w, https:\/\/ineditinnova.com\/wp-content\/uploads\/2026\/01\/riscos-768x960.webp 768w, https:\/\/ineditinnova.com\/wp-content\/uploads\/2026\/01\/riscos.webp 850w\" data-sizes=\"(max-width: 819px) 100vw, 819px\" src=\"data:image\/svg+xml;base64,PHN2ZyB3aWR0aD0iMSIgaGVpZ2h0PSIxIiB4bWxucz0iaHR0cDovL3d3dy53My5vcmcvMjAwMC9zdmciPjwvc3ZnPg==\" style=\"--smush-placeholder-width: 819px; --smush-placeholder-aspect-ratio: 819\/1024;\" \/><figcaption class=\"wp-element-caption\">Global risks ranked by severity &#8211; Global Risks Report 2026<\/figcaption><\/figure>\n\n\n\n<h2 class=\"wp-block-heading\"><strong>Un futuro incierto<\/strong><\/h2>\n\n\n\n<p>Si hay un concepto que planea sobre la edici\u00f3n de 2026, ese es la<strong> incertidumbre<\/strong>. En comparaci\u00f3n con el a\u00f1o pasado, la preocupaci\u00f3n por lo que suceder\u00e1 a corto plazo se ha intensificado de forma notable. Seg\u00fan los resultados de la Encuesta Global de Percepci\u00f3n de Riesgos (<em>Global Risks Perception Survey<\/em>, GRPS), <strong>el 50 % de las personas encuestadas anticipan un escenario turbulento o tempestuoso en los pr\u00f3ximos dos a\u00f1os<\/strong>, una cifra que se eleva hasta el 57 % cuando se observa un horizonte de diez a\u00f1os.<\/p>\n\n\n\n<h2 class=\"wp-block-heading\"><strong>El retroceso del multilateralismo y la confrontaci\u00f3n geoecon\u00f3mica<\/strong><\/h2>\n\n\n\n<p>El informe alerta de que, a medida que los riesgos globales aumentan en escala, interconexi\u00f3n y velocidad, el mundo entra en una nueva era de competencia. Se debilitan los mecanismos de cooperaci\u00f3n internacional, retrocede el multilateralismo y crece la desconfianza entre los Estados; todo ello configura un aut\u00e9ntico c\u00f3ctel Molotov para la estabilidad global. En este contexto, <strong>la confrontaci\u00f3n geoecon\u00f3mica emerge como el riesgo con mayor potencial para desencadenar una crisis global en 2026 seg\u00fan el 17 % de las personas encuestadas,<\/strong> seguida de los conflictos armados entre Estados.<\/p>\n\n\n\n<h2 class=\"wp-block-heading\"><strong>Aumento de los riesgos econ\u00f3micos, tecnol\u00f3gicos y sociales<\/strong><\/h2>\n\n\n\n<p>Los riesgos econ\u00f3micos son los que m\u00e1s escalan en el ranking a corto plazo. <strong>La desaceleraci\u00f3n econ\u00f3mica y la inflaci\u00f3n suben ocho posiciones respecto al a\u00f1o anterior<\/strong>, mientras que el riesgo de que estalle una burbuja de activos tambi\u00e9n gana peso. La combinaci\u00f3n de un endeudamiento creciente, posibles burbujas financieras y tensiones geoecon\u00f3micas podr\u00eda dar lugar a una nueva fase de volatilidad con impactos profundos tanto en las empresas como en el conjunto de la sociedad.<\/p>\n\n\n\n<p>En paralelo, <strong>los riesgos tecnol\u00f3gicos contin\u00faan creciendo de forma acelerada.<\/strong> La desinformaci\u00f3n y la inseguridad cibern\u00e9tica se sit\u00faan entre los principales riesgos a corto plazo, mientras que los efectos adversos de la inteligencia artificial son los que m\u00e1s escalan a largo plazo y se sit\u00faan entre los cinco principales riesgos globales en un horizonte de diez a\u00f1os.<\/p>\n\n\n\n<p>Estas din\u00e1micas tecnol\u00f3gicas se entrelazan con crecientes tensiones sociales. La polarizaci\u00f3n pol\u00edtica y social, el aumento de las desigualdades y la desconfianza hacia las instituciones democr\u00e1ticas ponen a prueba el contrato social. As\u00ed, la desigualdad es, por segundo a\u00f1o consecutivo, el riesgo que act\u00faa como factor multiplicador del resto.<\/p>\n\n\n\n<h2 class=\"wp-block-heading\"><strong>El medio ambient, relegado a corto plazo<\/strong><\/h2>\n\n\n\n<p>Tal como ya se ha apuntado, el informe concluye que <strong>los riesgos ambientales han dejado de ocupar una posici\u00f3n central a corto plazo<\/strong>. Fen\u00f3menos como los eventos meteorol\u00f3gicos extremos, la p\u00e9rdida de biodiversidad o los cambios cr\u00edticos en los sistemas terrestres \u2014es decir, alteraciones profundas y potencialmente irreversibles del clima, los oc\u00e9anos o los grandes ecosistemas\u2014 siguen siendo extremadamente graves, si bien han descendido varias posiciones en el ranking a dos a\u00f1os vista. <strong>A largo plazo, sin embargo, el medio ambiente se mantiene como el \u00e1mbito de riesgo m\u00e1s severo<\/strong>, con la mitad de los diez principales riesgos directamente vinculados a la crisis clim\u00e1tica.<\/p>\n\n\n\n<h2 class=\"wp-block-heading\"><strong>Un futuro abierto, pero no neutro<\/strong><\/h2>\n\n\n\n<p>El <em>Global Risks Report 2026<\/em> dibuja un mundo en transici\u00f3n hacia un orden m\u00e1s fragmentado y competitivo, en el que el 68 % de las personas encuestadas prev\u00e9n un escenario multipolar en el que distintas potencias compiten por definir e imponer sus propias reglas del juego. No obstante, el informe recuerda que el futuro no est\u00e1 escrito. Lo que ocurra depender\u00e1 de las decisiones colectivas que se tomen hoy, especialmente en lo relativo a la cooperaci\u00f3n internacional, la gobernanza tecnol\u00f3gica, la cohesi\u00f3n social y la respuesta a la crisis clim\u00e1tica.<\/p>\n\n\n\n<p><\/p>\n","protected":false},"excerpt":{"rendered":"<p>Como ya es tradici\u00f3n, pocos d\u00edas antes de su reuni\u00f3n anual en Davos, el Foro Econ\u00f3mico Mundial (WEF) ha publicado una nueva edici\u00f3n del Global Risks Report, el informe de referencia que analiza los principales riesgos globales a corto y largo plazo con el objetivo de ayudar a los responsables de la toma de decisiones&#8230;  <a class=\"excerpt-read-more\" href=\"https:\/\/ineditinnova.com\/es\/el-medi-ambient-perd-pes-en-el-ranquing-dels-riscos-globals-a-curt-termini-segons-el-forum-economic-mundial\/\" title=\"Read El medio ambiente pierde peso en el ranking de riesgos globales a corto plazo, seg\u00fan el Foro Econ\u00f3mico Mundial\">Read more &raquo;<\/a><\/p>\n","protected":false},"author":2,"featured_media":12853,"comment_status":"closed","ping_status":"closed","sticky":false,"template":"","format":"standard","meta":{"_acf_changed":false,"footnotes":""},"categories":[21],"tags":[54],"class_list":["post-12843","post","type-post","status-publish","format-standard","has-post-thumbnail","hentry","category-ecodiseno","tag-noticia-es"],"acf":[],"yoast_head":"<!-- This site is optimized with the Yoast SEO plugin v27.5 - https:\/\/yoast.com\/product\/yoast-seo-wordpress\/ -->\n<title>El medio ambiente pierde peso en el ranking de riesgos globales a corto plazo, seg\u00fan el Foro Econ\u00f3mico Mundial - in\u00e8dit<\/title>\n<meta name=\"robots\" content=\"index, follow, max-snippet:-1, max-image-preview:large, max-video-preview:-1\" \/>\n<link rel=\"canonical\" href=\"https:\/\/ineditinnova.com\/es\/el-medi-ambient-perd-pes-en-el-ranquing-dels-riscos-globals-a-curt-termini-segons-el-forum-economic-mundial\/\" \/>\n<meta property=\"og:locale\" content=\"es_ES\" \/>\n<meta property=\"og:type\" content=\"article\" \/>\n<meta property=\"og:title\" content=\"El medio ambiente pierde peso en el ranking de riesgos globales a corto plazo, seg\u00fan el Foro Econ\u00f3mico Mundial - in\u00e8dit\" \/>\n<meta property=\"og:description\" content=\"Como ya es tradici\u00f3n, pocos d\u00edas antes de su reuni\u00f3n anual en Davos, el Foro Econ\u00f3mico Mundial (WEF) ha publicado una nueva edici\u00f3n del Global Risks Report, el informe de referencia que analiza los principales riesgos globales a corto y largo plazo con el objetivo de ayudar a los responsables de la toma de decisiones... Read more &raquo;\" \/>\n<meta property=\"og:url\" content=\"https:\/\/ineditinnova.com\/es\/el-medi-ambient-perd-pes-en-el-ranquing-dels-riscos-globals-a-curt-termini-segons-el-forum-economic-mundial\/\" \/>\n<meta property=\"og:site_name\" content=\"in\u00e8dit\" \/>\n<meta property=\"article:publisher\" content=\"https:\/\/www.facebook.com\/ineditinnovacio\/?ref=page_internal\" \/>\n<meta property=\"article:published_time\" content=\"2026-01-16T11:45:29+00:00\" \/>\n<meta property=\"article:modified_time\" content=\"2026-01-16T11:56:50+00:00\" \/>\n<meta property=\"og:image\" content=\"https:\/\/ineditinnova.com\/wp-content\/uploads\/2026\/01\/wef.jpg\" \/>\n\t<meta property=\"og:image:width\" content=\"1005\" \/>\n\t<meta property=\"og:image:height\" content=\"565\" \/>\n\t<meta property=\"og:image:type\" content=\"image\/jpeg\" \/>\n<meta name=\"author\" content=\"Codina\" \/>\n<meta name=\"twitter:card\" content=\"summary_large_image\" \/>\n<meta name=\"twitter:creator\" content=\"@ineditinnova\" \/>\n<meta name=\"twitter:site\" content=\"@ineditinnova\" \/>\n<meta name=\"twitter:label1\" content=\"Escrito por\" \/>\n\t<meta name=\"twitter:data1\" content=\"Codina\" \/>\n\t<meta name=\"twitter:label2\" content=\"Tiempo de lectura\" \/>\n\t<meta name=\"twitter:data2\" content=\"5 minutos\" \/>\n<script type=\"application\/ld+json\" class=\"yoast-schema-graph\">{\"@context\":\"https:\\\/\\\/schema.org\",\"@graph\":[{\"@type\":\"Article\",\"@id\":\"https:\\\/\\\/ineditinnova.com\\\/es\\\/el-medi-ambient-perd-pes-en-el-ranquing-dels-riscos-globals-a-curt-termini-segons-el-forum-economic-mundial\\\/#article\",\"isPartOf\":{\"@id\":\"https:\\\/\\\/ineditinnova.com\\\/es\\\/el-medi-ambient-perd-pes-en-el-ranquing-dels-riscos-globals-a-curt-termini-segons-el-forum-economic-mundial\\\/\"},\"author\":{\"name\":\"Codina\",\"@id\":\"https:\\\/\\\/ineditinnova.com\\\/en\\\/#\\\/schema\\\/person\\\/891e1158385858d9972e3d28e2abf5e5\"},\"headline\":\"El medio ambiente pierde peso en el ranking de riesgos globales a corto plazo, seg\u00fan el Foro Econ\u00f3mico Mundial\",\"datePublished\":\"2026-01-16T11:45:29+00:00\",\"dateModified\":\"2026-01-16T11:56:50+00:00\",\"mainEntityOfPage\":{\"@id\":\"https:\\\/\\\/ineditinnova.com\\\/es\\\/el-medi-ambient-perd-pes-en-el-ranquing-dels-riscos-globals-a-curt-termini-segons-el-forum-economic-mundial\\\/\"},\"wordCount\":932,\"image\":{\"@id\":\"https:\\\/\\\/ineditinnova.com\\\/es\\\/el-medi-ambient-perd-pes-en-el-ranquing-dels-riscos-globals-a-curt-termini-segons-el-forum-economic-mundial\\\/#primaryimage\"},\"thumbnailUrl\":\"https:\\\/\\\/ineditinnova.com\\\/wp-content\\\/uploads\\\/2026\\\/01\\\/wef.jpg\",\"keywords\":[\"NOTICIA\"],\"articleSection\":[\"Ecodise\u00f1o de productos y servicios\"],\"inLanguage\":\"es\"},{\"@type\":\"WebPage\",\"@id\":\"https:\\\/\\\/ineditinnova.com\\\/es\\\/el-medi-ambient-perd-pes-en-el-ranquing-dels-riscos-globals-a-curt-termini-segons-el-forum-economic-mundial\\\/\",\"url\":\"https:\\\/\\\/ineditinnova.com\\\/es\\\/el-medi-ambient-perd-pes-en-el-ranquing-dels-riscos-globals-a-curt-termini-segons-el-forum-economic-mundial\\\/\",\"name\":\"El medio ambiente pierde peso en el ranking de riesgos globales a corto plazo, seg\u00fan el Foro Econ\u00f3mico Mundial - in\u00e8dit\",\"isPartOf\":{\"@id\":\"https:\\\/\\\/ineditinnova.com\\\/en\\\/#website\"},\"primaryImageOfPage\":{\"@id\":\"https:\\\/\\\/ineditinnova.com\\\/es\\\/el-medi-ambient-perd-pes-en-el-ranquing-dels-riscos-globals-a-curt-termini-segons-el-forum-economic-mundial\\\/#primaryimage\"},\"image\":{\"@id\":\"https:\\\/\\\/ineditinnova.com\\\/es\\\/el-medi-ambient-perd-pes-en-el-ranquing-dels-riscos-globals-a-curt-termini-segons-el-forum-economic-mundial\\\/#primaryimage\"},\"thumbnailUrl\":\"https:\\\/\\\/ineditinnova.com\\\/wp-content\\\/uploads\\\/2026\\\/01\\\/wef.jpg\",\"datePublished\":\"2026-01-16T11:45:29+00:00\",\"dateModified\":\"2026-01-16T11:56:50+00:00\",\"author\":{\"@id\":\"https:\\\/\\\/ineditinnova.com\\\/en\\\/#\\\/schema\\\/person\\\/891e1158385858d9972e3d28e2abf5e5\"},\"breadcrumb\":{\"@id\":\"https:\\\/\\\/ineditinnova.com\\\/es\\\/el-medi-ambient-perd-pes-en-el-ranquing-dels-riscos-globals-a-curt-termini-segons-el-forum-economic-mundial\\\/#breadcrumb\"},\"inLanguage\":\"es\",\"potentialAction\":[{\"@type\":\"ReadAction\",\"target\":[\"https:\\\/\\\/ineditinnova.com\\\/es\\\/el-medi-ambient-perd-pes-en-el-ranquing-dels-riscos-globals-a-curt-termini-segons-el-forum-economic-mundial\\\/\"]}]},{\"@type\":\"ImageObject\",\"inLanguage\":\"es\",\"@id\":\"https:\\\/\\\/ineditinnova.com\\\/es\\\/el-medi-ambient-perd-pes-en-el-ranquing-dels-riscos-globals-a-curt-termini-segons-el-forum-economic-mundial\\\/#primaryimage\",\"url\":\"https:\\\/\\\/ineditinnova.com\\\/wp-content\\\/uploads\\\/2026\\\/01\\\/wef.jpg\",\"contentUrl\":\"https:\\\/\\\/ineditinnova.com\\\/wp-content\\\/uploads\\\/2026\\\/01\\\/wef.jpg\",\"width\":1005,\"height\":565,\"caption\":\"wef\"},{\"@type\":\"BreadcrumbList\",\"@id\":\"https:\\\/\\\/ineditinnova.com\\\/es\\\/el-medi-ambient-perd-pes-en-el-ranquing-dels-riscos-globals-a-curt-termini-segons-el-forum-economic-mundial\\\/#breadcrumb\",\"itemListElement\":[{\"@type\":\"ListItem\",\"position\":1,\"name\":\"Inici\",\"item\":\"https:\\\/\\\/ineditinnova.com\\\/es\\\/\"},{\"@type\":\"ListItem\",\"position\":2,\"name\":\"El medio ambiente pierde peso en el ranking de riesgos globales a corto plazo, seg\u00fan el Foro Econ\u00f3mico Mundial\"}]},{\"@type\":\"WebSite\",\"@id\":\"https:\\\/\\\/ineditinnova.com\\\/en\\\/#website\",\"url\":\"https:\\\/\\\/ineditinnova.com\\\/en\\\/\",\"name\":\"in\u00e8dit\",\"description\":\"Dise\u00f1amos soluciones circulares y sostenibles para un futuro mejor\",\"potentialAction\":[{\"@type\":\"SearchAction\",\"target\":{\"@type\":\"EntryPoint\",\"urlTemplate\":\"https:\\\/\\\/ineditinnova.com\\\/en\\\/?s={search_term_string}\"},\"query-input\":{\"@type\":\"PropertyValueSpecification\",\"valueRequired\":true,\"valueName\":\"search_term_string\"}}],\"inLanguage\":\"es\"},{\"@type\":\"Person\",\"@id\":\"https:\\\/\\\/ineditinnova.com\\\/en\\\/#\\\/schema\\\/person\\\/891e1158385858d9972e3d28e2abf5e5\",\"name\":\"Codina\",\"image\":{\"@type\":\"ImageObject\",\"inLanguage\":\"es\",\"@id\":\"https:\\\/\\\/secure.gravatar.com\\\/avatar\\\/4fff7c6f6d19e46cfd6c15f0f9b4aeb9970dd1aa4028caf6584e34d95cb8a41d?s=96&d=mm&r=g\",\"url\":\"https:\\\/\\\/secure.gravatar.com\\\/avatar\\\/4fff7c6f6d19e46cfd6c15f0f9b4aeb9970dd1aa4028caf6584e34d95cb8a41d?s=96&d=mm&r=g\",\"contentUrl\":\"https:\\\/\\\/secure.gravatar.com\\\/avatar\\\/4fff7c6f6d19e46cfd6c15f0f9b4aeb9970dd1aa4028caf6584e34d95cb8a41d?s=96&d=mm&r=g\",\"caption\":\"Codina\"},\"url\":\"https:\\\/\\\/ineditinnova.com\\\/es\\\/author\\\/inedit\\\/\"}]}<\/script>\n<!-- \/ Yoast SEO plugin. -->","yoast_head_json":{"title":"El medio ambiente pierde peso en el ranking de riesgos globales a corto plazo, seg\u00fan el Foro Econ\u00f3mico Mundial - in\u00e8dit","robots":{"index":"index","follow":"follow","max-snippet":"max-snippet:-1","max-image-preview":"max-image-preview:large","max-video-preview":"max-video-preview:-1"},"canonical":"https:\/\/ineditinnova.com\/es\/el-medi-ambient-perd-pes-en-el-ranquing-dels-riscos-globals-a-curt-termini-segons-el-forum-economic-mundial\/","og_locale":"es_ES","og_type":"article","og_title":"El medio ambiente pierde peso en el ranking de riesgos globales a corto plazo, seg\u00fan el Foro Econ\u00f3mico Mundial - in\u00e8dit","og_description":"Como ya es tradici\u00f3n, pocos d\u00edas antes de su reuni\u00f3n anual en Davos, el Foro Econ\u00f3mico Mundial (WEF) ha publicado una nueva edici\u00f3n del Global Risks Report, el informe de referencia que analiza los principales riesgos globales a corto y largo plazo con el objetivo de ayudar a los responsables de la toma de decisiones... Read more &raquo;","og_url":"https:\/\/ineditinnova.com\/es\/el-medi-ambient-perd-pes-en-el-ranquing-dels-riscos-globals-a-curt-termini-segons-el-forum-economic-mundial\/","og_site_name":"in\u00e8dit","article_publisher":"https:\/\/www.facebook.com\/ineditinnovacio\/?ref=page_internal","article_published_time":"2026-01-16T11:45:29+00:00","article_modified_time":"2026-01-16T11:56:50+00:00","og_image":[{"width":1005,"height":565,"url":"https:\/\/ineditinnova.com\/wp-content\/uploads\/2026\/01\/wef.jpg","type":"image\/jpeg"}],"author":"Codina","twitter_card":"summary_large_image","twitter_creator":"@ineditinnova","twitter_site":"@ineditinnova","twitter_misc":{"Escrito por":"Codina","Tiempo de lectura":"5 minutos"},"schema":{"@context":"https:\/\/schema.org","@graph":[{"@type":"Article","@id":"https:\/\/ineditinnova.com\/es\/el-medi-ambient-perd-pes-en-el-ranquing-dels-riscos-globals-a-curt-termini-segons-el-forum-economic-mundial\/#article","isPartOf":{"@id":"https:\/\/ineditinnova.com\/es\/el-medi-ambient-perd-pes-en-el-ranquing-dels-riscos-globals-a-curt-termini-segons-el-forum-economic-mundial\/"},"author":{"name":"Codina","@id":"https:\/\/ineditinnova.com\/en\/#\/schema\/person\/891e1158385858d9972e3d28e2abf5e5"},"headline":"El medio ambiente pierde peso en el ranking de riesgos globales a corto plazo, seg\u00fan el Foro Econ\u00f3mico Mundial","datePublished":"2026-01-16T11:45:29+00:00","dateModified":"2026-01-16T11:56:50+00:00","mainEntityOfPage":{"@id":"https:\/\/ineditinnova.com\/es\/el-medi-ambient-perd-pes-en-el-ranquing-dels-riscos-globals-a-curt-termini-segons-el-forum-economic-mundial\/"},"wordCount":932,"image":{"@id":"https:\/\/ineditinnova.com\/es\/el-medi-ambient-perd-pes-en-el-ranquing-dels-riscos-globals-a-curt-termini-segons-el-forum-economic-mundial\/#primaryimage"},"thumbnailUrl":"https:\/\/ineditinnova.com\/wp-content\/uploads\/2026\/01\/wef.jpg","keywords":["NOTICIA"],"articleSection":["Ecodise\u00f1o de productos y servicios"],"inLanguage":"es"},{"@type":"WebPage","@id":"https:\/\/ineditinnova.com\/es\/el-medi-ambient-perd-pes-en-el-ranquing-dels-riscos-globals-a-curt-termini-segons-el-forum-economic-mundial\/","url":"https:\/\/ineditinnova.com\/es\/el-medi-ambient-perd-pes-en-el-ranquing-dels-riscos-globals-a-curt-termini-segons-el-forum-economic-mundial\/","name":"El medio ambiente pierde peso en el ranking de riesgos globales a corto plazo, seg\u00fan el Foro Econ\u00f3mico Mundial - in\u00e8dit","isPartOf":{"@id":"https:\/\/ineditinnova.com\/en\/#website"},"primaryImageOfPage":{"@id":"https:\/\/ineditinnova.com\/es\/el-medi-ambient-perd-pes-en-el-ranquing-dels-riscos-globals-a-curt-termini-segons-el-forum-economic-mundial\/#primaryimage"},"image":{"@id":"https:\/\/ineditinnova.com\/es\/el-medi-ambient-perd-pes-en-el-ranquing-dels-riscos-globals-a-curt-termini-segons-el-forum-economic-mundial\/#primaryimage"},"thumbnailUrl":"https:\/\/ineditinnova.com\/wp-content\/uploads\/2026\/01\/wef.jpg","datePublished":"2026-01-16T11:45:29+00:00","dateModified":"2026-01-16T11:56:50+00:00","author":{"@id":"https:\/\/ineditinnova.com\/en\/#\/schema\/person\/891e1158385858d9972e3d28e2abf5e5"},"breadcrumb":{"@id":"https:\/\/ineditinnova.com\/es\/el-medi-ambient-perd-pes-en-el-ranquing-dels-riscos-globals-a-curt-termini-segons-el-forum-economic-mundial\/#breadcrumb"},"inLanguage":"es","potentialAction":[{"@type":"ReadAction","target":["https:\/\/ineditinnova.com\/es\/el-medi-ambient-perd-pes-en-el-ranquing-dels-riscos-globals-a-curt-termini-segons-el-forum-economic-mundial\/"]}]},{"@type":"ImageObject","inLanguage":"es","@id":"https:\/\/ineditinnova.com\/es\/el-medi-ambient-perd-pes-en-el-ranquing-dels-riscos-globals-a-curt-termini-segons-el-forum-economic-mundial\/#primaryimage","url":"https:\/\/ineditinnova.com\/wp-content\/uploads\/2026\/01\/wef.jpg","contentUrl":"https:\/\/ineditinnova.com\/wp-content\/uploads\/2026\/01\/wef.jpg","width":1005,"height":565,"caption":"wef"},{"@type":"BreadcrumbList","@id":"https:\/\/ineditinnova.com\/es\/el-medi-ambient-perd-pes-en-el-ranquing-dels-riscos-globals-a-curt-termini-segons-el-forum-economic-mundial\/#breadcrumb","itemListElement":[{"@type":"ListItem","position":1,"name":"Inici","item":"https:\/\/ineditinnova.com\/es\/"},{"@type":"ListItem","position":2,"name":"El medio ambiente pierde peso en el ranking de riesgos globales a corto plazo, seg\u00fan el Foro Econ\u00f3mico Mundial"}]},{"@type":"WebSite","@id":"https:\/\/ineditinnova.com\/en\/#website","url":"https:\/\/ineditinnova.com\/en\/","name":"in\u00e8dit","description":"Dise\u00f1amos soluciones circulares y sostenibles para un futuro mejor","potentialAction":[{"@type":"SearchAction","target":{"@type":"EntryPoint","urlTemplate":"https:\/\/ineditinnova.com\/en\/?s={search_term_string}"},"query-input":{"@type":"PropertyValueSpecification","valueRequired":true,"valueName":"search_term_string"}}],"inLanguage":"es"},{"@type":"Person","@id":"https:\/\/ineditinnova.com\/en\/#\/schema\/person\/891e1158385858d9972e3d28e2abf5e5","name":"Codina","image":{"@type":"ImageObject","inLanguage":"es","@id":"https:\/\/secure.gravatar.com\/avatar\/4fff7c6f6d19e46cfd6c15f0f9b4aeb9970dd1aa4028caf6584e34d95cb8a41d?s=96&d=mm&r=g","url":"https:\/\/secure.gravatar.com\/avatar\/4fff7c6f6d19e46cfd6c15f0f9b4aeb9970dd1aa4028caf6584e34d95cb8a41d?s=96&d=mm&r=g","contentUrl":"https:\/\/secure.gravatar.com\/avatar\/4fff7c6f6d19e46cfd6c15f0f9b4aeb9970dd1aa4028caf6584e34d95cb8a41d?s=96&d=mm&r=g","caption":"Codina"},"url":"https:\/\/ineditinnova.com\/es\/author\/inedit\/"}]}},"_links":{"self":[{"href":"https:\/\/ineditinnova.com\/es\/wp-json\/wp\/v2\/posts\/12843","targetHints":{"allow":["GET"]}}],"collection":[{"href":"https:\/\/ineditinnova.com\/es\/wp-json\/wp\/v2\/posts"}],"about":[{"href":"https:\/\/ineditinnova.com\/es\/wp-json\/wp\/v2\/types\/post"}],"author":[{"embeddable":true,"href":"https:\/\/ineditinnova.com\/es\/wp-json\/wp\/v2\/users\/2"}],"replies":[{"embeddable":true,"href":"https:\/\/ineditinnova.com\/es\/wp-json\/wp\/v2\/comments?post=12843"}],"version-history":[{"count":2,"href":"https:\/\/ineditinnova.com\/es\/wp-json\/wp\/v2\/posts\/12843\/revisions"}],"predecessor-version":[{"id":12855,"href":"https:\/\/ineditinnova.com\/es\/wp-json\/wp\/v2\/posts\/12843\/revisions\/12855"}],"wp:featuredmedia":[{"embeddable":true,"href":"https:\/\/ineditinnova.com\/es\/wp-json\/wp\/v2\/media\/12853"}],"wp:attachment":[{"href":"https:\/\/ineditinnova.com\/es\/wp-json\/wp\/v2\/media?parent=12843"}],"wp:term":[{"taxonomy":"category","embeddable":true,"href":"https:\/\/ineditinnova.com\/es\/wp-json\/wp\/v2\/categories?post=12843"},{"taxonomy":"post_tag","embeddable":true,"href":"https:\/\/ineditinnova.com\/es\/wp-json\/wp\/v2\/tags?post=12843"}],"curies":[{"name":"wp","href":"https:\/\/api.w.org\/{rel}","templated":true}]}}