{"id":13569,"date":"2026-03-09T10:28:19","date_gmt":"2026-03-09T10:28:19","guid":{"rendered":"https:\/\/ineditinnova.com\/rubi-accelera-la-seva-transicio-circular-amb-el-suport-dinedit\/"},"modified":"2026-03-09T10:36:09","modified_gmt":"2026-03-09T10:36:09","slug":"rubi-accelera-la-seva-transicio-circular-amb-el-suport-dinedit","status":"publish","type":"post","link":"https:\/\/ineditinnova.com\/es\/rubi-accelera-la-seva-transicio-circular-amb-el-suport-dinedit\/","title":{"rendered":"Rub\u00ed acelera su transici\u00f3n circular con el apoyo de in\u00e8dit"},"content":{"rendered":"\n<p>in\u00e8dit asesorar\u00e1 a diversas empresas de Rub\u00ed (Vall\u00e8s Occidental) en la identificaci\u00f3n y priorizaci\u00f3n de sus principales retos y en la implementaci\u00f3n de acciones en el \u00e1mbito de la econom\u00eda circular. El asesoramiento se ofrece dentro del cat\u00e1logo de servicios de la <a href=\"https:\/\/www.rubi.cat\/ca\/temes\/empresa\/empresa\/cataleg-de-serveis\/economia-circular-i-digital\">Xarxa d\u2019Economia Circular de Rub\u00ed (XEC Rub\u00ed)<\/a>, con el objetivo de <strong>proporcionar a las empresas del municipio una bolsa de horas de acompa\u00f1amiento especializado <\/strong>para mejorar su capacidad de generar impacto en sostenibilidad, competitividad, innovaci\u00f3n y colaboraci\u00f3n empresarial. El programa es gratuito y se puede solicitar a trav\u00e9s de <a href=\"https:\/\/www.rubi.cat\/ca\/temes\/empresa\/empresa\/cataleg-de-serveis\/economia-circular-i-digital\/rubi-es-transforma-sumat-a-leconomia-circular-i-digital-amb-la-xec-rubi-i-sigues-part-del-canvi\/actua-ara-adhereixte-a-la-xec-rubi\">este enlace<\/a>.<\/p>\n\n\n\n<p>in\u00e8dit ofrecer\u00e1 asesoramiento personalizado y acompa\u00f1amiento en proyectos en los siguientes \u00e1mbitos:<\/p>\n\n\n\n<ul class=\"wp-block-list\">\n<li style=\"font-size:25px\">&#8211; <strong>M\u00e9triques circulares:<\/strong> apoyo en c\u00e1lculos ambientales (huella de carbono, huella h\u00eddrica, ACV) y en la hoja de ruta hacia la descarbonizaci\u00f3n.<\/li>\n\n\n\n<li style=\"font-size:25px\"><strong>&#8211; Cadena de valor:<\/strong> definici\u00f3n de criterios de evaluaci\u00f3n ambiental de proveedores (maquinaria, log\u00edstica, energ\u00eda, etc.).<\/li>\n\n\n\n<li style=\"font-size:25px\"><strong>&#8211; Ecodise\u00f1o de producto y de <em>packaging<\/em>:<\/strong> evaluaci\u00f3n de los sistemas de packaging actuales e identificaci\u00f3n de propuestas de mejora; formaci\u00f3n en ecodise\u00f1o de productos y servicios; talleres para explorar mejoras en el redise\u00f1o de producto y <em>packaging<\/em>; sesiones de ideaci\u00f3n sobre la experiencia de usuario\/consumidor para identificar oportunidades de mejora en sostenibilidad.<\/li>\n\n\n\n<li style=\"font-size:25px\"><strong>&#8211; Residuos:<\/strong> revisi\u00f3n del sistema actual de gesti\u00f3n y valorizaci\u00f3n de residuos y elaboraci\u00f3n de un informe con propuestas de mejora.<\/li>\n\n\n\n<li style=\"font-size:25px\"><strong>&#8211; Estrategia de sostenibilidad y certificaci\u00f3n: <\/strong>Reflexi\u00f3n estrat\u00e9gica sobre el modelo de negocio futur.<\/li>\n<\/ul>\n\n\n\n<p>Adem\u00e1s, el programa ofrece apoyo en \u00e1mbitos transversales como la facilitaci\u00f3n de contactos con expertos en sostenibilidad (proveedores, cl\u00fasteres, gremios o centros tecnol\u00f3gicos, entre otros); la identificaci\u00f3n de l\u00edneas de financiaci\u00f3n y convocatorias de ayudas y subvenciones; el mapeo de la normativa aplicable a la empresa en materia de sostenibilidad; y el asesoramiento en procesos de certificaci\u00f3n como <strong>Science Based Targets initiative (SBTi)<\/strong>, <strong>ISO 14001<\/strong> o <strong>B Corp<\/strong>.<\/p>\n\n\n\n<p>Este es el tercer a\u00f1o que in\u00e8dit ofrece su asesoramiento a las empresas de la XEC Rub\u00ed. En los dos \u00faltimos a\u00f1os ha acompa\u00f1ado a diez empresas del municipio, entre ellas <strong>Eurofragance<\/strong>, <strong>Arogreen<\/strong>, <strong>Submer<\/strong>, <strong>RUBI (Germans Boada)<\/strong> o <strong>KAO Chimigraf<\/strong>.<\/p>\n\n\n\n<p><\/p>\n\n\n\n<p><strong><em>Fotografia principal: <\/em>&nbsp;<\/strong><em>Ajuntament de&nbsp;Rub\u00ed&nbsp;\u2013 Localpres.<\/em><\/p>\n","protected":false},"excerpt":{"rendered":"<p>in\u00e8dit asesorar\u00e1 a diversas empresas de Rub\u00ed (Vall\u00e8s Occidental) en la identificaci\u00f3n y priorizaci\u00f3n de sus principales retos y en la implementaci\u00f3n de acciones en el \u00e1mbito de la econom\u00eda circular. El asesoramiento se ofrece dentro del cat\u00e1logo de servicios de la Xarxa d\u2019Economia Circular de Rub\u00ed (XEC Rub\u00ed), con el objetivo de proporcionar a&#8230;  <a class=\"excerpt-read-more\" href=\"https:\/\/ineditinnova.com\/es\/rubi-accelera-la-seva-transicio-circular-amb-el-suport-dinedit\/\" title=\"Read Rub\u00ed acelera su transici\u00f3n circular con el apoyo de in\u00e8dit\">Read more &raquo;<\/a><\/p>\n","protected":false},"author":2,"featured_media":13566,"comment_status":"closed","ping_status":"closed","sticky":false,"template":"","format":"standard","meta":{"_acf_changed":false,"footnotes":""},"categories":[31],"tags":[54],"class_list":["post-13569","post","type-post","status-publish","format-standard","has-post-thumbnail","hentry","category-cadena","tag-noticia-es"],"acf":[],"yoast_head":"<!-- This site is optimized with the Yoast SEO plugin v27.5 - https:\/\/yoast.com\/product\/yoast-seo-wordpress\/ -->\n<title>Rub\u00ed acelera su transici\u00f3n circular con el apoyo de in\u00e8dit - in\u00e8dit<\/title>\n<meta name=\"description\" content=\"in\u00e8dit asesorar\u00e1 a diversas empresas de Rub\u00ed (Vall\u00e8s Occidental) en la identificaci\u00f3n y priorizaci\u00f3n de sus principales retos y en la implementaci\u00f3n de acciones en el \u00e1mbito de la econom\u00eda circular. El asesoramiento se ofrece dentro del cat\u00e1logo de servicios de la Xarxa d\u2019Economia Circular de Rub\u00ed (XEC), con el objetivo de proporcionar a las empresas del municipio una bolsa de horas de acompa\u00f1amiento especializado para mejorar su capacidad de generar impacto en sostenibilidad, competitividad, innovaci\u00f3n y colaboraci\u00f3n empresarial.\" \/>\n<meta name=\"robots\" content=\"index, follow, max-snippet:-1, max-image-preview:large, max-video-preview:-1\" \/>\n<link rel=\"canonical\" href=\"https:\/\/ineditinnova.com\/es\/rubi-accelera-la-seva-transicio-circular-amb-el-suport-dinedit\/\" \/>\n<meta property=\"og:locale\" content=\"es_ES\" \/>\n<meta property=\"og:type\" content=\"article\" \/>\n<meta property=\"og:title\" content=\"Rub\u00ed acelera su transici\u00f3n circular con el apoyo de in\u00e8dit - in\u00e8dit\" \/>\n<meta property=\"og:description\" content=\"in\u00e8dit asesorar\u00e1 a diversas empresas de Rub\u00ed (Vall\u00e8s Occidental) en la identificaci\u00f3n y priorizaci\u00f3n de sus principales retos y en la implementaci\u00f3n de acciones en el \u00e1mbito de la econom\u00eda circular. El asesoramiento se ofrece dentro del cat\u00e1logo de servicios de la Xarxa d\u2019Economia Circular de Rub\u00ed (XEC), con el objetivo de proporcionar a las empresas del municipio una bolsa de horas de acompa\u00f1amiento especializado para mejorar su capacidad de generar impacto en sostenibilidad, competitividad, innovaci\u00f3n y colaboraci\u00f3n empresarial.\" \/>\n<meta property=\"og:url\" content=\"https:\/\/ineditinnova.com\/es\/rubi-accelera-la-seva-transicio-circular-amb-el-suport-dinedit\/\" \/>\n<meta property=\"og:site_name\" content=\"in\u00e8dit\" \/>\n<meta property=\"article:publisher\" content=\"https:\/\/www.facebook.com\/ineditinnovacio\/?ref=page_internal\" \/>\n<meta property=\"article:published_time\" content=\"2026-03-09T10:28:19+00:00\" \/>\n<meta property=\"article:modified_time\" content=\"2026-03-09T10:36:09+00:00\" \/>\n<meta property=\"og:image\" content=\"https:\/\/ineditinnova.com\/wp-content\/uploads\/2026\/03\/rubi.jpg\" \/>\n\t<meta property=\"og:image:width\" content=\"1200\" \/>\n\t<meta property=\"og:image:height\" content=\"674\" \/>\n\t<meta property=\"og:image:type\" content=\"image\/jpeg\" \/>\n<meta name=\"author\" content=\"Codina\" \/>\n<meta name=\"twitter:card\" content=\"summary_large_image\" \/>\n<meta name=\"twitter:creator\" content=\"@ineditinnova\" \/>\n<meta name=\"twitter:site\" content=\"@ineditinnova\" \/>\n<meta name=\"twitter:label1\" content=\"Escrito por\" \/>\n\t<meta name=\"twitter:data1\" content=\"Codina\" \/>\n\t<meta name=\"twitter:label2\" content=\"Tiempo de lectura\" \/>\n\t<meta name=\"twitter:data2\" content=\"3 minutos\" \/>\n<script type=\"application\/ld+json\" class=\"yoast-schema-graph\">{\"@context\":\"https:\\\/\\\/schema.org\",\"@graph\":[{\"@type\":\"Article\",\"@id\":\"https:\\\/\\\/ineditinnova.com\\\/es\\\/rubi-accelera-la-seva-transicio-circular-amb-el-suport-dinedit\\\/#article\",\"isPartOf\":{\"@id\":\"https:\\\/\\\/ineditinnova.com\\\/es\\\/rubi-accelera-la-seva-transicio-circular-amb-el-suport-dinedit\\\/\"},\"author\":{\"name\":\"Codina\",\"@id\":\"https:\\\/\\\/ineditinnova.com\\\/en\\\/#\\\/schema\\\/person\\\/891e1158385858d9972e3d28e2abf5e5\"},\"headline\":\"Rub\u00ed acelera su transici\u00f3n circular con el apoyo de in\u00e8dit\",\"datePublished\":\"2026-03-09T10:28:19+00:00\",\"dateModified\":\"2026-03-09T10:36:09+00:00\",\"mainEntityOfPage\":{\"@id\":\"https:\\\/\\\/ineditinnova.com\\\/es\\\/rubi-accelera-la-seva-transicio-circular-amb-el-suport-dinedit\\\/\"},\"wordCount\":408,\"image\":{\"@id\":\"https:\\\/\\\/ineditinnova.com\\\/es\\\/rubi-accelera-la-seva-transicio-circular-amb-el-suport-dinedit\\\/#primaryimage\"},\"thumbnailUrl\":\"https:\\\/\\\/ineditinnova.com\\\/wp-content\\\/uploads\\\/2026\\\/03\\\/rubi.jpg\",\"keywords\":[\"NOTICIA\"],\"articleSection\":[\"ESTRATEGIA DE NEGOCIO SOSTENIBLE\"],\"inLanguage\":\"es\"},{\"@type\":\"WebPage\",\"@id\":\"https:\\\/\\\/ineditinnova.com\\\/es\\\/rubi-accelera-la-seva-transicio-circular-amb-el-suport-dinedit\\\/\",\"url\":\"https:\\\/\\\/ineditinnova.com\\\/es\\\/rubi-accelera-la-seva-transicio-circular-amb-el-suport-dinedit\\\/\",\"name\":\"Rub\u00ed acelera su transici\u00f3n circular con el apoyo de in\u00e8dit - in\u00e8dit\",\"isPartOf\":{\"@id\":\"https:\\\/\\\/ineditinnova.com\\\/en\\\/#website\"},\"primaryImageOfPage\":{\"@id\":\"https:\\\/\\\/ineditinnova.com\\\/es\\\/rubi-accelera-la-seva-transicio-circular-amb-el-suport-dinedit\\\/#primaryimage\"},\"image\":{\"@id\":\"https:\\\/\\\/ineditinnova.com\\\/es\\\/rubi-accelera-la-seva-transicio-circular-amb-el-suport-dinedit\\\/#primaryimage\"},\"thumbnailUrl\":\"https:\\\/\\\/ineditinnova.com\\\/wp-content\\\/uploads\\\/2026\\\/03\\\/rubi.jpg\",\"datePublished\":\"2026-03-09T10:28:19+00:00\",\"dateModified\":\"2026-03-09T10:36:09+00:00\",\"author\":{\"@id\":\"https:\\\/\\\/ineditinnova.com\\\/en\\\/#\\\/schema\\\/person\\\/891e1158385858d9972e3d28e2abf5e5\"},\"description\":\"in\u00e8dit asesorar\u00e1 a diversas empresas de Rub\u00ed (Vall\u00e8s Occidental) en la identificaci\u00f3n y priorizaci\u00f3n de sus principales retos y en la implementaci\u00f3n de acciones en el \u00e1mbito de la econom\u00eda circular. El asesoramiento se ofrece dentro del cat\u00e1logo de servicios de la Xarxa d\u2019Economia Circular de Rub\u00ed (XEC), con el objetivo de proporcionar a las empresas del municipio una bolsa de horas de acompa\u00f1amiento especializado para mejorar su capacidad de generar impacto en sostenibilidad, competitividad, innovaci\u00f3n y colaboraci\u00f3n empresarial.\",\"breadcrumb\":{\"@id\":\"https:\\\/\\\/ineditinnova.com\\\/es\\\/rubi-accelera-la-seva-transicio-circular-amb-el-suport-dinedit\\\/#breadcrumb\"},\"inLanguage\":\"es\",\"potentialAction\":[{\"@type\":\"ReadAction\",\"target\":[\"https:\\\/\\\/ineditinnova.com\\\/es\\\/rubi-accelera-la-seva-transicio-circular-amb-el-suport-dinedit\\\/\"]}]},{\"@type\":\"ImageObject\",\"inLanguage\":\"es\",\"@id\":\"https:\\\/\\\/ineditinnova.com\\\/es\\\/rubi-accelera-la-seva-transicio-circular-amb-el-suport-dinedit\\\/#primaryimage\",\"url\":\"https:\\\/\\\/ineditinnova.com\\\/wp-content\\\/uploads\\\/2026\\\/03\\\/rubi.jpg\",\"contentUrl\":\"https:\\\/\\\/ineditinnova.com\\\/wp-content\\\/uploads\\\/2026\\\/03\\\/rubi.jpg\",\"width\":1200,\"height\":674,\"caption\":\"Ajuntament de Rub\u00ed \u2013 Localpres.\"},{\"@type\":\"BreadcrumbList\",\"@id\":\"https:\\\/\\\/ineditinnova.com\\\/es\\\/rubi-accelera-la-seva-transicio-circular-amb-el-suport-dinedit\\\/#breadcrumb\",\"itemListElement\":[{\"@type\":\"ListItem\",\"position\":1,\"name\":\"Inici\",\"item\":\"https:\\\/\\\/ineditinnova.com\\\/es\\\/\"},{\"@type\":\"ListItem\",\"position\":2,\"name\":\"Rub\u00ed acelera su transici\u00f3n circular con el apoyo de in\u00e8dit\"}]},{\"@type\":\"WebSite\",\"@id\":\"https:\\\/\\\/ineditinnova.com\\\/en\\\/#website\",\"url\":\"https:\\\/\\\/ineditinnova.com\\\/en\\\/\",\"name\":\"in\u00e8dit\",\"description\":\"Dise\u00f1amos soluciones circulares y sostenibles para un futuro mejor\",\"potentialAction\":[{\"@type\":\"SearchAction\",\"target\":{\"@type\":\"EntryPoint\",\"urlTemplate\":\"https:\\\/\\\/ineditinnova.com\\\/en\\\/?s={search_term_string}\"},\"query-input\":{\"@type\":\"PropertyValueSpecification\",\"valueRequired\":true,\"valueName\":\"search_term_string\"}}],\"inLanguage\":\"es\"},{\"@type\":\"Person\",\"@id\":\"https:\\\/\\\/ineditinnova.com\\\/en\\\/#\\\/schema\\\/person\\\/891e1158385858d9972e3d28e2abf5e5\",\"name\":\"Codina\",\"image\":{\"@type\":\"ImageObject\",\"inLanguage\":\"es\",\"@id\":\"https:\\\/\\\/secure.gravatar.com\\\/avatar\\\/4fff7c6f6d19e46cfd6c15f0f9b4aeb9970dd1aa4028caf6584e34d95cb8a41d?s=96&d=mm&r=g\",\"url\":\"https:\\\/\\\/secure.gravatar.com\\\/avatar\\\/4fff7c6f6d19e46cfd6c15f0f9b4aeb9970dd1aa4028caf6584e34d95cb8a41d?s=96&d=mm&r=g\",\"contentUrl\":\"https:\\\/\\\/secure.gravatar.com\\\/avatar\\\/4fff7c6f6d19e46cfd6c15f0f9b4aeb9970dd1aa4028caf6584e34d95cb8a41d?s=96&d=mm&r=g\",\"caption\":\"Codina\"},\"url\":\"https:\\\/\\\/ineditinnova.com\\\/es\\\/author\\\/inedit\\\/\"}]}<\/script>\n<!-- \/ Yoast SEO plugin. -->","yoast_head_json":{"title":"Rub\u00ed acelera su transici\u00f3n circular con el apoyo de in\u00e8dit - in\u00e8dit","description":"in\u00e8dit asesorar\u00e1 a diversas empresas de Rub\u00ed (Vall\u00e8s Occidental) en la identificaci\u00f3n y priorizaci\u00f3n de sus principales retos y en la implementaci\u00f3n de acciones en el \u00e1mbito de la econom\u00eda circular. El asesoramiento se ofrece dentro del cat\u00e1logo de servicios de la Xarxa d\u2019Economia Circular de Rub\u00ed (XEC), con el objetivo de proporcionar a las empresas del municipio una bolsa de horas de acompa\u00f1amiento especializado para mejorar su capacidad de generar impacto en sostenibilidad, competitividad, innovaci\u00f3n y colaboraci\u00f3n empresarial.","robots":{"index":"index","follow":"follow","max-snippet":"max-snippet:-1","max-image-preview":"max-image-preview:large","max-video-preview":"max-video-preview:-1"},"canonical":"https:\/\/ineditinnova.com\/es\/rubi-accelera-la-seva-transicio-circular-amb-el-suport-dinedit\/","og_locale":"es_ES","og_type":"article","og_title":"Rub\u00ed acelera su transici\u00f3n circular con el apoyo de in\u00e8dit - in\u00e8dit","og_description":"in\u00e8dit asesorar\u00e1 a diversas empresas de Rub\u00ed (Vall\u00e8s Occidental) en la identificaci\u00f3n y priorizaci\u00f3n de sus principales retos y en la implementaci\u00f3n de acciones en el \u00e1mbito de la econom\u00eda circular. El asesoramiento se ofrece dentro del cat\u00e1logo de servicios de la Xarxa d\u2019Economia Circular de Rub\u00ed (XEC), con el objetivo de proporcionar a las empresas del municipio una bolsa de horas de acompa\u00f1amiento especializado para mejorar su capacidad de generar impacto en sostenibilidad, competitividad, innovaci\u00f3n y colaboraci\u00f3n empresarial.","og_url":"https:\/\/ineditinnova.com\/es\/rubi-accelera-la-seva-transicio-circular-amb-el-suport-dinedit\/","og_site_name":"in\u00e8dit","article_publisher":"https:\/\/www.facebook.com\/ineditinnovacio\/?ref=page_internal","article_published_time":"2026-03-09T10:28:19+00:00","article_modified_time":"2026-03-09T10:36:09+00:00","og_image":[{"width":1200,"height":674,"url":"https:\/\/ineditinnova.com\/wp-content\/uploads\/2026\/03\/rubi.jpg","type":"image\/jpeg"}],"author":"Codina","twitter_card":"summary_large_image","twitter_creator":"@ineditinnova","twitter_site":"@ineditinnova","twitter_misc":{"Escrito por":"Codina","Tiempo de lectura":"3 minutos"},"schema":{"@context":"https:\/\/schema.org","@graph":[{"@type":"Article","@id":"https:\/\/ineditinnova.com\/es\/rubi-accelera-la-seva-transicio-circular-amb-el-suport-dinedit\/#article","isPartOf":{"@id":"https:\/\/ineditinnova.com\/es\/rubi-accelera-la-seva-transicio-circular-amb-el-suport-dinedit\/"},"author":{"name":"Codina","@id":"https:\/\/ineditinnova.com\/en\/#\/schema\/person\/891e1158385858d9972e3d28e2abf5e5"},"headline":"Rub\u00ed acelera su transici\u00f3n circular con el apoyo de in\u00e8dit","datePublished":"2026-03-09T10:28:19+00:00","dateModified":"2026-03-09T10:36:09+00:00","mainEntityOfPage":{"@id":"https:\/\/ineditinnova.com\/es\/rubi-accelera-la-seva-transicio-circular-amb-el-suport-dinedit\/"},"wordCount":408,"image":{"@id":"https:\/\/ineditinnova.com\/es\/rubi-accelera-la-seva-transicio-circular-amb-el-suport-dinedit\/#primaryimage"},"thumbnailUrl":"https:\/\/ineditinnova.com\/wp-content\/uploads\/2026\/03\/rubi.jpg","keywords":["NOTICIA"],"articleSection":["ESTRATEGIA DE NEGOCIO SOSTENIBLE"],"inLanguage":"es"},{"@type":"WebPage","@id":"https:\/\/ineditinnova.com\/es\/rubi-accelera-la-seva-transicio-circular-amb-el-suport-dinedit\/","url":"https:\/\/ineditinnova.com\/es\/rubi-accelera-la-seva-transicio-circular-amb-el-suport-dinedit\/","name":"Rub\u00ed acelera su transici\u00f3n circular con el apoyo de in\u00e8dit - in\u00e8dit","isPartOf":{"@id":"https:\/\/ineditinnova.com\/en\/#website"},"primaryImageOfPage":{"@id":"https:\/\/ineditinnova.com\/es\/rubi-accelera-la-seva-transicio-circular-amb-el-suport-dinedit\/#primaryimage"},"image":{"@id":"https:\/\/ineditinnova.com\/es\/rubi-accelera-la-seva-transicio-circular-amb-el-suport-dinedit\/#primaryimage"},"thumbnailUrl":"https:\/\/ineditinnova.com\/wp-content\/uploads\/2026\/03\/rubi.jpg","datePublished":"2026-03-09T10:28:19+00:00","dateModified":"2026-03-09T10:36:09+00:00","author":{"@id":"https:\/\/ineditinnova.com\/en\/#\/schema\/person\/891e1158385858d9972e3d28e2abf5e5"},"description":"in\u00e8dit asesorar\u00e1 a diversas empresas de Rub\u00ed (Vall\u00e8s Occidental) en la identificaci\u00f3n y priorizaci\u00f3n de sus principales retos y en la implementaci\u00f3n de acciones en el \u00e1mbito de la econom\u00eda circular. El asesoramiento se ofrece dentro del cat\u00e1logo de servicios de la Xarxa d\u2019Economia Circular de Rub\u00ed (XEC), con el objetivo de proporcionar a las empresas del municipio una bolsa de horas de acompa\u00f1amiento especializado para mejorar su capacidad de generar impacto en sostenibilidad, competitividad, innovaci\u00f3n y colaboraci\u00f3n empresarial.","breadcrumb":{"@id":"https:\/\/ineditinnova.com\/es\/rubi-accelera-la-seva-transicio-circular-amb-el-suport-dinedit\/#breadcrumb"},"inLanguage":"es","potentialAction":[{"@type":"ReadAction","target":["https:\/\/ineditinnova.com\/es\/rubi-accelera-la-seva-transicio-circular-amb-el-suport-dinedit\/"]}]},{"@type":"ImageObject","inLanguage":"es","@id":"https:\/\/ineditinnova.com\/es\/rubi-accelera-la-seva-transicio-circular-amb-el-suport-dinedit\/#primaryimage","url":"https:\/\/ineditinnova.com\/wp-content\/uploads\/2026\/03\/rubi.jpg","contentUrl":"https:\/\/ineditinnova.com\/wp-content\/uploads\/2026\/03\/rubi.jpg","width":1200,"height":674,"caption":"Ajuntament de Rub\u00ed \u2013 Localpres."},{"@type":"BreadcrumbList","@id":"https:\/\/ineditinnova.com\/es\/rubi-accelera-la-seva-transicio-circular-amb-el-suport-dinedit\/#breadcrumb","itemListElement":[{"@type":"ListItem","position":1,"name":"Inici","item":"https:\/\/ineditinnova.com\/es\/"},{"@type":"ListItem","position":2,"name":"Rub\u00ed acelera su transici\u00f3n circular con el apoyo de in\u00e8dit"}]},{"@type":"WebSite","@id":"https:\/\/ineditinnova.com\/en\/#website","url":"https:\/\/ineditinnova.com\/en\/","name":"in\u00e8dit","description":"Dise\u00f1amos soluciones circulares y sostenibles para un futuro mejor","potentialAction":[{"@type":"SearchAction","target":{"@type":"EntryPoint","urlTemplate":"https:\/\/ineditinnova.com\/en\/?s={search_term_string}"},"query-input":{"@type":"PropertyValueSpecification","valueRequired":true,"valueName":"search_term_string"}}],"inLanguage":"es"},{"@type":"Person","@id":"https:\/\/ineditinnova.com\/en\/#\/schema\/person\/891e1158385858d9972e3d28e2abf5e5","name":"Codina","image":{"@type":"ImageObject","inLanguage":"es","@id":"https:\/\/secure.gravatar.com\/avatar\/4fff7c6f6d19e46cfd6c15f0f9b4aeb9970dd1aa4028caf6584e34d95cb8a41d?s=96&d=mm&r=g","url":"https:\/\/secure.gravatar.com\/avatar\/4fff7c6f6d19e46cfd6c15f0f9b4aeb9970dd1aa4028caf6584e34d95cb8a41d?s=96&d=mm&r=g","contentUrl":"https:\/\/secure.gravatar.com\/avatar\/4fff7c6f6d19e46cfd6c15f0f9b4aeb9970dd1aa4028caf6584e34d95cb8a41d?s=96&d=mm&r=g","caption":"Codina"},"url":"https:\/\/ineditinnova.com\/es\/author\/inedit\/"}]}},"_links":{"self":[{"href":"https:\/\/ineditinnova.com\/es\/wp-json\/wp\/v2\/posts\/13569","targetHints":{"allow":["GET"]}}],"collection":[{"href":"https:\/\/ineditinnova.com\/es\/wp-json\/wp\/v2\/posts"}],"about":[{"href":"https:\/\/ineditinnova.com\/es\/wp-json\/wp\/v2\/types\/post"}],"author":[{"embeddable":true,"href":"https:\/\/ineditinnova.com\/es\/wp-json\/wp\/v2\/users\/2"}],"replies":[{"embeddable":true,"href":"https:\/\/ineditinnova.com\/es\/wp-json\/wp\/v2\/comments?post=13569"}],"version-history":[{"count":2,"href":"https:\/\/ineditinnova.com\/es\/wp-json\/wp\/v2\/posts\/13569\/revisions"}],"predecessor-version":[{"id":13572,"href":"https:\/\/ineditinnova.com\/es\/wp-json\/wp\/v2\/posts\/13569\/revisions\/13572"}],"wp:featuredmedia":[{"embeddable":true,"href":"https:\/\/ineditinnova.com\/es\/wp-json\/wp\/v2\/media\/13566"}],"wp:attachment":[{"href":"https:\/\/ineditinnova.com\/es\/wp-json\/wp\/v2\/media?parent=13569"}],"wp:term":[{"taxonomy":"category","embeddable":true,"href":"https:\/\/ineditinnova.com\/es\/wp-json\/wp\/v2\/categories?post=13569"},{"taxonomy":"post_tag","embeddable":true,"href":"https:\/\/ineditinnova.com\/es\/wp-json\/wp\/v2\/tags?post=13569"}],"curies":[{"name":"wp","href":"https:\/\/api.w.org\/{rel}","templated":true}]}}