{"id":13963,"date":"2026-04-27T05:36:58","date_gmt":"2026-04-27T05:36:58","guid":{"rendered":"https:\/\/ineditinnova.com\/?p=13963"},"modified":"2026-04-29T05:41:25","modified_gmt":"2026-04-29T05:41:25","slug":"la-sostenibilidad-ya-no-se-detiene-los-criterios-esg-se-imponen-y-las-empresas-deben-prepararse","status":"publish","type":"post","link":"https:\/\/ineditinnova.com\/es\/la-sostenibilidad-ya-no-se-detiene-los-criterios-esg-se-imponen-y-las-empresas-deben-prepararse\/","title":{"rendered":"La sostenibilidad ya no se detiene: los criterios ESG se imponen y las empresas deben prepararse"},"content":{"rendered":"\n<p>\u00abEl mercado, los inversores y la regulaci\u00f3n ya demandan sostenibilidad. Y la sostenibilidad es ya una bola de nieve que rueda, y rueda, y no se detendr\u00e1. Ante este contexto, es urgente que las empresas empiecen a trabajar en la incorporaci\u00f3n de los criterios ESG\u00bb. Esta cita de <strong>Jordi Oliver<\/strong>, director ejecutivo de in\u00e8dit, resume en pocas palabras las conclusiones de la jornada <strong>\u00abTransformar el negocio con criterios ESG\u00bb<\/strong>, que organiz\u00f3 in\u00e8dit en Barcelona el 21 de abril. La jornada incluy\u00f3 una intervenci\u00f3n de <strong>Pau Virtudes<\/strong>, l\u00edder del equipo de Valor Compartido de <a href=\"https:\/\/www.accio.gencat.cat\/\">ACCI\u00d3<\/a>, y otra de <strong>Elena Rico,<\/strong> <em>managing partner<\/em> de <a href=\"https:\/\/www.impact-partners.com\/es\/\">Impact Partners Iberia<\/a>, adem\u00e1s de <strong>dos mesas redondas<\/strong>: una en la que se dio voz a <strong>empresas que integran los criterios ESG<\/strong> como palanca de competitividad y creaci\u00f3n de valor empresarial, y otra sobre <strong>las certificaciones de impacto.<\/strong><\/p>\n\n\n\n<h2 class=\"wp-block-heading\"><strong><strong>\u00bfSe puede crecer en un planeta en riesgo de colapso?<\/strong><\/strong><\/h2>\n\n\n\n<p>Para <strong>Pau Virtudes<\/strong>, s\u00ed, siempre que sea \u00abhaciendo el bien\u00bb. Tal y como explic\u00f3 el representante de ACCI\u00d3, en los \u00faltimos a\u00f1os se ha ido consolidando una nueva narrativa seg\u00fan la cual las empresas ya no pueden limitarse a generar beneficios, sino que tambi\u00e9n deben integrar en su actividad el impacto social y ambiental, entendi\u00e9ndolo como una parte inseparable del \u00e9xito econ\u00f3mico. En este contexto, defendi\u00f3 que las empresas con un prop\u00f3sito s\u00f3lido y coherente son, precisamente, las m\u00e1s rentables.<\/p>\n\n\n\n<figure class=\"wp-block-pullquote\"><blockquote><p>Las empresas ya no pueden limitarse a generar beneficios, sino que tienen que integrar el impacto social y ambiental, seg\u00fan la nueva narrativa empresarial<\/p><\/blockquote><\/figure>\n\n\n\n<p>Virtudes cerr\u00f3 su intervenci\u00f3n hablando del <strong>Valor Compartido<\/strong>, un concepto acu\u00f1ado por Michael Porter que plantea que el prop\u00f3sito de las compa\u00f1\u00edas debe redefinirse a partir de la creaci\u00f3n de valor compartido, y no solo de la maximizaci\u00f3n del beneficio. En este marco, present\u00f3 el programa de Valor Compartido de ACCI\u00d3.<\/p>\n\n\n\n<h2 class=\"wp-block-heading\"><strong>Los criterios ESG como palanca de competitividad<\/strong><\/h2>\n\n\n\n<p>\u00bfC\u00f3mo integran las empresas los criterios ESG? <strong>Esteve Espu\u00f1a<\/strong>, CEO de <strong><a href=\"https:\/\/www.espuna.cat\/\">Espu\u00f1a<\/a><\/strong>; <strong>Merc\u00e8 Pomares<\/strong>, <em>sustainability reporting manager<\/em> de <strong><a href=\"https:\/\/www.fluidra.com\/\">Fluidra<\/a><\/strong>; <strong>Gabriel Lazar<\/strong>, <em>Head of Sustainability<\/em> de <strong><a href=\"https:\/\/submer.com\/\">Submer<\/a><\/strong>, y Marta Sas, <em>Sustainability Manager <\/em>de <strong><a href=\"https:\/\/certifiedorigins.com\/\">Certified Origins<\/a><\/strong>, compartieron sus experiencias y puntos de vista en una mesa redonda moderada por <strong>Adriana Sanz Mirabal<\/strong>, consultora s\u00e9nior y gestora de cuentas estrat\u00e9gicas de in\u00e8dit.<\/p>\n\n\n\n<figure class=\"wp-block-pullquote\"><blockquote><p>La integraci\u00f3n de los criterios ESG responde a la demanda de los clientes, y representa una opotunidad para que las empresas se transformen internamente; al mismo tiempo, sirve para dar confianza a los clientes<\/p><\/blockquote><\/figure>\n\n\n\n<p>Los cuatro ponentes coincidieron en afirmar que la incorporaci\u00f3n de los criterios ESG en sus empresas responde a una <strong>demanda de los clientes<\/strong>, y que aprovechan esta demanda para transformar el sistema interno de la empresa, tal como apunt\u00f3 Espu\u00f1a. Para Marta Sas, responsable de sostenibilidad de Certified Origins, <strong>incorporar criterios ESG les permite generar confianza entre sus clientes<\/strong>. Certified Origins fabrica productos alimentarios de marca blanca para diversas compa\u00f1\u00edas, motivo por el cual, seg\u00fan Sas, \u00abla reputaci\u00f3n del cliente est\u00e1 en nuestras manos\u00bb. Por ello, afirm\u00f3, \u00abes fundamental que tenga nuestra confianza a la hora de colocar nuestros productos en sus estanter\u00edas\u00bb.<\/p>\n\n\n\n<figure class=\"wp-block-pullquote\"><blockquote><p>En las empresas globales y cotizadas como Fluidra, son los inversores los que cada vez m\u00e1s exigen el cumplimiento de los criterios ESG<\/p><\/blockquote><\/figure>\n\n\n\n<p>Otro de los temas que se puso sobre la mesa fue la casu\u00edstica de empresas globales y cotizadas como Fluidra. En este caso, Pomares explic\u00f3 que son los inversores quienes cada vez exigen m\u00e1s el cumplimiento de los criterios ESG, y que uno de los retos desde el punto de vista del marketing es c\u00f3mo integrar la sostenibilidad en los mensajes en funci\u00f3n de la cultura empresarial de cada pa\u00eds. As\u00ed, en pa\u00edses no europeos, por ejemplo, el mensaje de la sostenibilidad puede quedar en segundo plano y resultar m\u00e1s eficaz poner el acento en el ahorro que comporta incorporar estos criterios.<\/p>\n\n\n\n<h2 class=\"wp-block-heading\"><strong>El punto de vista de los fondos de inversi\u00f3n<\/strong><\/h2>\n\n\n\n<p>A pesar de la simplificaci\u00f3n que ha supuesto el paquete \u00d3mnibus, para los inversores el <em>reporting<\/em> sigue siendo muy importante a la hora de considerar una inversi\u00f3n, seg\u00fan la experiencia de <strong>Elena Rico<\/strong>, <em>managing partner<\/em> de Impact Partners Iberia. Se trata de un fondo de inversi\u00f3n que apuesta por emprendedores que impulsan la transici\u00f3n hacia una sociedad sostenible, justa e inclusiva, y en el que todo el capital est\u00e1 vinculado a los ESG. Para Rico, y desde la visi\u00f3n de un fondo de inversi\u00f3n como Impact Partners, \u00abintegrar el ESG significa ir m\u00e1s all\u00e1\u00bb, y esta exigencia hace que muchas empresas no superen el filtro. Por otra parte, se\u00f1al\u00f3 que pedir a una empresa que incorpore el ESG equivale, en cierto modo, \u00aba hacerle un an\u00e1lisis de riesgos\u00bb.<\/p>\n\n\n\n<h2 class=\"wp-block-heading\"><strong>Les certificacions d\u2019impacte<\/strong>: <strong>BCorp i EcoVadis<\/strong><\/h2>\n\n\n\n<p>\u00bfSon necesarias certificaciones de impacto como <strong><a href=\"https:\/\/www.bcorpspain.es\/\">BCorp<\/a><\/strong> o <strong><a href=\"https:\/\/ecovadis.com\/\">EcoVadis<\/a><\/strong>? \u00bfQu\u00e9 aportan a las compa\u00f1\u00edas? Estas preguntas fueron el punto de partida de una mesa redonda en la que participaron representantes de tres empresas que cuentan con ambas certificaciones: <strong>Joan Luque<\/strong>, responsable de sostenibilidad de <strong><a href=\"https:\/\/alier.com\/ca\/\">Alier<\/a><\/strong>; <strong>Quico Escud\u00e9<\/strong>, responsable de compras y sostenibilidad de <strong><a href=\"https:\/\/www.lamp.es\/\">Lamp<\/a><\/strong>, y <strong>Al\u00edcia Alegret<\/strong>, directora de ESG, Sostenibilidad e Impacto de <strong><a href=\"https:\/\/www.delafruit.com\/\">Delafruit<\/a><\/strong>. La mesa fue moderada por <strong>Carles Gasol<\/strong>, director de Desarrollo de Negocio de in\u00e8dit.<\/p>\n\n\n\n<figure class=\"wp-block-pullquote\"><blockquote><p>El movimento BCorp forma parte de la esencia y la manera de hacer de las empresas certificadas, al mismo tiempo que act\u00faa como una certificaci\u00f3n que les permite posicionarse en el mercado<\/p><\/blockquote><\/figure>\n\n\n\n<p>Los ponentes definieron BCorp como un movimiento con el que se sienten identificados, que forma parte de su ADN y de su manera de hacer. Para Luque, \u00abes un club selecto al que es dif\u00edcil entrar, y para hacerlo es necesario haber llevado a cabo previamente una transformaci\u00f3n interna\u00bb. Tambi\u00e9n sirve a las empresas para posicionarse y vincular toda su actividad con una estrategia de sostenibilidad. En cuanto a la certificaci\u00f3n de EcoVadis, en general la valoran desde una perspectiva muy pragm\u00e1tica: es un requisito de los clientes y, por tanto, abre la puerta a nuevos clientes, a licitaciones p\u00fablicas europeas y a concursos privados de empresas.<\/p>\n","protected":false},"excerpt":{"rendered":"<p>\u00abEl mercado, los inversores y la regulaci\u00f3n ya demandan sostenibilidad. Y la sostenibilidad es ya una bola de nieve que rueda, y rueda, y no se detendr\u00e1. Ante este contexto, es urgente que las empresas empiecen a trabajar en la incorporaci\u00f3n de los criterios ESG\u00bb. Esta cita de Jordi Oliver, director ejecutivo de in\u00e8dit, resume&#8230;  <a class=\"excerpt-read-more\" href=\"https:\/\/ineditinnova.com\/es\/la-sostenibilidad-ya-no-se-detiene-los-criterios-esg-se-imponen-y-las-empresas-deben-prepararse\/\" title=\"Read La sostenibilidad ya no se detiene: los criterios ESG se imponen y las empresas deben prepararse\">Read more &raquo;<\/a><\/p>\n","protected":false},"author":2,"featured_media":13978,"comment_status":"closed","ping_status":"closed","sticky":false,"template":"","format":"standard","meta":{"_acf_changed":false,"footnotes":""},"categories":[31],"tags":[124],"class_list":["post-13963","post","type-post","status-publish","format-standard","has-post-thumbnail","hentry","category-cadena","tag-reportatge"],"acf":[],"yoast_head":"<!-- This site is optimized with the Yoast SEO plugin v27.5 - https:\/\/yoast.com\/product\/yoast-seo-wordpress\/ -->\n<title>La sostenibilidad ya no se detiene: los criterios ESG se imponen y las empresas deben prepararse - in\u00e8dit<\/title>\n<meta name=\"description\" content=\"\u00abEl mercat, els inversors i la regulaci\u00f3 ja demanen sostenibilitat. I la sostenibilitat ja \u00e9s una bola de neu que rodola, i rodola, i no s\u2019aturar\u00e0. Davant d\u2019aquest context, \u00e9s urgent que les empreses comencin a treballar en la incorporaci\u00f3 dels criteris ESG\u00bb. Aquesta cita de Jordi Oliver, director executiu d\u2019in\u00e8dit, resumeix en poques paraules les conclusions de la jornada \u00abTransformar el negoci amb criteris ESG\u00bb, que va organitzar in\u00e8dit a Barcelona el 21 d\u2019abril\" \/>\n<meta name=\"robots\" content=\"index, follow, max-snippet:-1, max-image-preview:large, max-video-preview:-1\" \/>\n<link rel=\"canonical\" href=\"https:\/\/ineditinnova.com\/es\/la-sostenibilidad-ya-no-se-detiene-los-criterios-esg-se-imponen-y-las-empresas-deben-prepararse\/\" \/>\n<meta property=\"og:locale\" content=\"es_ES\" \/>\n<meta property=\"og:type\" content=\"article\" \/>\n<meta property=\"og:title\" content=\"La sostenibilidad ya no se detiene: los criterios ESG se imponen y las empresas deben prepararse - in\u00e8dit\" \/>\n<meta property=\"og:description\" content=\"\u00abEl mercat, els inversors i la regulaci\u00f3 ja demanen sostenibilitat. I la sostenibilitat ja \u00e9s una bola de neu que rodola, i rodola, i no s\u2019aturar\u00e0. Davant d\u2019aquest context, \u00e9s urgent que les empreses comencin a treballar en la incorporaci\u00f3 dels criteris ESG\u00bb. Aquesta cita de Jordi Oliver, director executiu d\u2019in\u00e8dit, resumeix en poques paraules les conclusions de la jornada \u00abTransformar el negoci amb criteris ESG\u00bb, que va organitzar in\u00e8dit a Barcelona el 21 d\u2019abril\" \/>\n<meta property=\"og:url\" content=\"https:\/\/ineditinnova.com\/es\/la-sostenibilidad-ya-no-se-detiene-los-criterios-esg-se-imponen-y-las-empresas-deben-prepararse\/\" \/>\n<meta property=\"og:site_name\" content=\"in\u00e8dit\" \/>\n<meta property=\"article:publisher\" content=\"https:\/\/www.facebook.com\/ineditinnovacio\/?ref=page_internal\" \/>\n<meta property=\"article:published_time\" content=\"2026-04-27T05:36:58+00:00\" \/>\n<meta property=\"article:modified_time\" content=\"2026-04-29T05:41:25+00:00\" \/>\n<meta property=\"og:image\" content=\"https:\/\/ineditinnova.com\/wp-content\/uploads\/2026\/04\/transformar-esg-1.jpg\" \/>\n\t<meta property=\"og:image:width\" content=\"1200\" \/>\n\t<meta property=\"og:image:height\" content=\"675\" \/>\n\t<meta property=\"og:image:type\" content=\"image\/jpeg\" \/>\n<meta name=\"author\" content=\"Codina\" \/>\n<meta name=\"twitter:card\" content=\"summary_large_image\" \/>\n<meta name=\"twitter:creator\" content=\"@ineditinnova\" \/>\n<meta name=\"twitter:site\" content=\"@ineditinnova\" \/>\n<meta name=\"twitter:label1\" content=\"Escrito por\" \/>\n\t<meta name=\"twitter:data1\" content=\"Codina\" \/>\n\t<meta name=\"twitter:label2\" content=\"Tiempo de lectura\" \/>\n\t<meta name=\"twitter:data2\" content=\"6 minutos\" \/>\n<script type=\"application\/ld+json\" class=\"yoast-schema-graph\">{\"@context\":\"https:\\\/\\\/schema.org\",\"@graph\":[{\"@type\":\"Article\",\"@id\":\"https:\\\/\\\/ineditinnova.com\\\/es\\\/la-sostenibilidad-ya-no-se-detiene-los-criterios-esg-se-imponen-y-las-empresas-deben-prepararse\\\/#article\",\"isPartOf\":{\"@id\":\"https:\\\/\\\/ineditinnova.com\\\/es\\\/la-sostenibilidad-ya-no-se-detiene-los-criterios-esg-se-imponen-y-las-empresas-deben-prepararse\\\/\"},\"author\":{\"name\":\"Codina\",\"@id\":\"https:\\\/\\\/ineditinnova.com\\\/en\\\/#\\\/schema\\\/person\\\/891e1158385858d9972e3d28e2abf5e5\"},\"headline\":\"La sostenibilidad ya no se detiene: los criterios ESG se imponen y las empresas deben prepararse\",\"datePublished\":\"2026-04-27T05:36:58+00:00\",\"dateModified\":\"2026-04-29T05:41:25+00:00\",\"mainEntityOfPage\":{\"@id\":\"https:\\\/\\\/ineditinnova.com\\\/es\\\/la-sostenibilidad-ya-no-se-detiene-los-criterios-esg-se-imponen-y-las-empresas-deben-prepararse\\\/\"},\"wordCount\":1076,\"image\":{\"@id\":\"https:\\\/\\\/ineditinnova.com\\\/es\\\/la-sostenibilidad-ya-no-se-detiene-los-criterios-esg-se-imponen-y-las-empresas-deben-prepararse\\\/#primaryimage\"},\"thumbnailUrl\":\"https:\\\/\\\/ineditinnova.com\\\/wp-content\\\/uploads\\\/2026\\\/04\\\/transformar-esg-1.jpg\",\"keywords\":[\"REPORTATGE\"],\"articleSection\":[\"ESTRATEGIA DE NEGOCIO SOSTENIBLE\"],\"inLanguage\":\"es\"},{\"@type\":\"WebPage\",\"@id\":\"https:\\\/\\\/ineditinnova.com\\\/es\\\/la-sostenibilidad-ya-no-se-detiene-los-criterios-esg-se-imponen-y-las-empresas-deben-prepararse\\\/\",\"url\":\"https:\\\/\\\/ineditinnova.com\\\/es\\\/la-sostenibilidad-ya-no-se-detiene-los-criterios-esg-se-imponen-y-las-empresas-deben-prepararse\\\/\",\"name\":\"La sostenibilidad ya no se detiene: los criterios ESG se imponen y las empresas deben prepararse - in\u00e8dit\",\"isPartOf\":{\"@id\":\"https:\\\/\\\/ineditinnova.com\\\/en\\\/#website\"},\"primaryImageOfPage\":{\"@id\":\"https:\\\/\\\/ineditinnova.com\\\/es\\\/la-sostenibilidad-ya-no-se-detiene-los-criterios-esg-se-imponen-y-las-empresas-deben-prepararse\\\/#primaryimage\"},\"image\":{\"@id\":\"https:\\\/\\\/ineditinnova.com\\\/es\\\/la-sostenibilidad-ya-no-se-detiene-los-criterios-esg-se-imponen-y-las-empresas-deben-prepararse\\\/#primaryimage\"},\"thumbnailUrl\":\"https:\\\/\\\/ineditinnova.com\\\/wp-content\\\/uploads\\\/2026\\\/04\\\/transformar-esg-1.jpg\",\"datePublished\":\"2026-04-27T05:36:58+00:00\",\"dateModified\":\"2026-04-29T05:41:25+00:00\",\"author\":{\"@id\":\"https:\\\/\\\/ineditinnova.com\\\/en\\\/#\\\/schema\\\/person\\\/891e1158385858d9972e3d28e2abf5e5\"},\"description\":\"\u00abEl mercat, els inversors i la regulaci\u00f3 ja demanen sostenibilitat. I la sostenibilitat ja \u00e9s una bola de neu que rodola, i rodola, i no s\u2019aturar\u00e0. Davant d\u2019aquest context, \u00e9s urgent que les empreses comencin a treballar en la incorporaci\u00f3 dels criteris ESG\u00bb. Aquesta cita de Jordi Oliver, director executiu d\u2019in\u00e8dit, resumeix en poques paraules les conclusions de la jornada \u00abTransformar el negoci amb criteris ESG\u00bb, que va organitzar in\u00e8dit a Barcelona el 21 d\u2019abril\",\"breadcrumb\":{\"@id\":\"https:\\\/\\\/ineditinnova.com\\\/es\\\/la-sostenibilidad-ya-no-se-detiene-los-criterios-esg-se-imponen-y-las-empresas-deben-prepararse\\\/#breadcrumb\"},\"inLanguage\":\"es\",\"potentialAction\":[{\"@type\":\"ReadAction\",\"target\":[\"https:\\\/\\\/ineditinnova.com\\\/es\\\/la-sostenibilidad-ya-no-se-detiene-los-criterios-esg-se-imponen-y-las-empresas-deben-prepararse\\\/\"]}]},{\"@type\":\"ImageObject\",\"inLanguage\":\"es\",\"@id\":\"https:\\\/\\\/ineditinnova.com\\\/es\\\/la-sostenibilidad-ya-no-se-detiene-los-criterios-esg-se-imponen-y-las-empresas-deben-prepararse\\\/#primaryimage\",\"url\":\"https:\\\/\\\/ineditinnova.com\\\/wp-content\\\/uploads\\\/2026\\\/04\\\/transformar-esg-1.jpg\",\"contentUrl\":\"https:\\\/\\\/ineditinnova.com\\\/wp-content\\\/uploads\\\/2026\\\/04\\\/transformar-esg-1.jpg\",\"width\":1200,\"height\":675,\"caption\":\"ESG inedit\"},{\"@type\":\"BreadcrumbList\",\"@id\":\"https:\\\/\\\/ineditinnova.com\\\/es\\\/la-sostenibilidad-ya-no-se-detiene-los-criterios-esg-se-imponen-y-las-empresas-deben-prepararse\\\/#breadcrumb\",\"itemListElement\":[{\"@type\":\"ListItem\",\"position\":1,\"name\":\"Inici\",\"item\":\"https:\\\/\\\/ineditinnova.com\\\/es\\\/\"},{\"@type\":\"ListItem\",\"position\":2,\"name\":\"La sostenibilidad ya no se detiene: los criterios ESG se imponen y las empresas deben prepararse\"}]},{\"@type\":\"WebSite\",\"@id\":\"https:\\\/\\\/ineditinnova.com\\\/en\\\/#website\",\"url\":\"https:\\\/\\\/ineditinnova.com\\\/en\\\/\",\"name\":\"in\u00e8dit\",\"description\":\"Dise\u00f1amos soluciones circulares y sostenibles para un futuro mejor\",\"potentialAction\":[{\"@type\":\"SearchAction\",\"target\":{\"@type\":\"EntryPoint\",\"urlTemplate\":\"https:\\\/\\\/ineditinnova.com\\\/en\\\/?s={search_term_string}\"},\"query-input\":{\"@type\":\"PropertyValueSpecification\",\"valueRequired\":true,\"valueName\":\"search_term_string\"}}],\"inLanguage\":\"es\"},{\"@type\":\"Person\",\"@id\":\"https:\\\/\\\/ineditinnova.com\\\/en\\\/#\\\/schema\\\/person\\\/891e1158385858d9972e3d28e2abf5e5\",\"name\":\"Codina\",\"image\":{\"@type\":\"ImageObject\",\"inLanguage\":\"es\",\"@id\":\"https:\\\/\\\/secure.gravatar.com\\\/avatar\\\/4fff7c6f6d19e46cfd6c15f0f9b4aeb9970dd1aa4028caf6584e34d95cb8a41d?s=96&d=mm&r=g\",\"url\":\"https:\\\/\\\/secure.gravatar.com\\\/avatar\\\/4fff7c6f6d19e46cfd6c15f0f9b4aeb9970dd1aa4028caf6584e34d95cb8a41d?s=96&d=mm&r=g\",\"contentUrl\":\"https:\\\/\\\/secure.gravatar.com\\\/avatar\\\/4fff7c6f6d19e46cfd6c15f0f9b4aeb9970dd1aa4028caf6584e34d95cb8a41d?s=96&d=mm&r=g\",\"caption\":\"Codina\"},\"url\":\"https:\\\/\\\/ineditinnova.com\\\/es\\\/author\\\/inedit\\\/\"}]}<\/script>\n<!-- \/ Yoast SEO plugin. -->","yoast_head_json":{"title":"La sostenibilidad ya no se detiene: los criterios ESG se imponen y las empresas deben prepararse - in\u00e8dit","description":"\u00abEl mercat, els inversors i la regulaci\u00f3 ja demanen sostenibilitat. I la sostenibilitat ja \u00e9s una bola de neu que rodola, i rodola, i no s\u2019aturar\u00e0. Davant d\u2019aquest context, \u00e9s urgent que les empreses comencin a treballar en la incorporaci\u00f3 dels criteris ESG\u00bb. Aquesta cita de Jordi Oliver, director executiu d\u2019in\u00e8dit, resumeix en poques paraules les conclusions de la jornada \u00abTransformar el negoci amb criteris ESG\u00bb, que va organitzar in\u00e8dit a Barcelona el 21 d\u2019abril","robots":{"index":"index","follow":"follow","max-snippet":"max-snippet:-1","max-image-preview":"max-image-preview:large","max-video-preview":"max-video-preview:-1"},"canonical":"https:\/\/ineditinnova.com\/es\/la-sostenibilidad-ya-no-se-detiene-los-criterios-esg-se-imponen-y-las-empresas-deben-prepararse\/","og_locale":"es_ES","og_type":"article","og_title":"La sostenibilidad ya no se detiene: los criterios ESG se imponen y las empresas deben prepararse - in\u00e8dit","og_description":"\u00abEl mercat, els inversors i la regulaci\u00f3 ja demanen sostenibilitat. I la sostenibilitat ja \u00e9s una bola de neu que rodola, i rodola, i no s\u2019aturar\u00e0. Davant d\u2019aquest context, \u00e9s urgent que les empreses comencin a treballar en la incorporaci\u00f3 dels criteris ESG\u00bb. Aquesta cita de Jordi Oliver, director executiu d\u2019in\u00e8dit, resumeix en poques paraules les conclusions de la jornada \u00abTransformar el negoci amb criteris ESG\u00bb, que va organitzar in\u00e8dit a Barcelona el 21 d\u2019abril","og_url":"https:\/\/ineditinnova.com\/es\/la-sostenibilidad-ya-no-se-detiene-los-criterios-esg-se-imponen-y-las-empresas-deben-prepararse\/","og_site_name":"in\u00e8dit","article_publisher":"https:\/\/www.facebook.com\/ineditinnovacio\/?ref=page_internal","article_published_time":"2026-04-27T05:36:58+00:00","article_modified_time":"2026-04-29T05:41:25+00:00","og_image":[{"width":1200,"height":675,"url":"https:\/\/ineditinnova.com\/wp-content\/uploads\/2026\/04\/transformar-esg-1.jpg","type":"image\/jpeg"}],"author":"Codina","twitter_card":"summary_large_image","twitter_creator":"@ineditinnova","twitter_site":"@ineditinnova","twitter_misc":{"Escrito por":"Codina","Tiempo de lectura":"6 minutos"},"schema":{"@context":"https:\/\/schema.org","@graph":[{"@type":"Article","@id":"https:\/\/ineditinnova.com\/es\/la-sostenibilidad-ya-no-se-detiene-los-criterios-esg-se-imponen-y-las-empresas-deben-prepararse\/#article","isPartOf":{"@id":"https:\/\/ineditinnova.com\/es\/la-sostenibilidad-ya-no-se-detiene-los-criterios-esg-se-imponen-y-las-empresas-deben-prepararse\/"},"author":{"name":"Codina","@id":"https:\/\/ineditinnova.com\/en\/#\/schema\/person\/891e1158385858d9972e3d28e2abf5e5"},"headline":"La sostenibilidad ya no se detiene: los criterios ESG se imponen y las empresas deben prepararse","datePublished":"2026-04-27T05:36:58+00:00","dateModified":"2026-04-29T05:41:25+00:00","mainEntityOfPage":{"@id":"https:\/\/ineditinnova.com\/es\/la-sostenibilidad-ya-no-se-detiene-los-criterios-esg-se-imponen-y-las-empresas-deben-prepararse\/"},"wordCount":1076,"image":{"@id":"https:\/\/ineditinnova.com\/es\/la-sostenibilidad-ya-no-se-detiene-los-criterios-esg-se-imponen-y-las-empresas-deben-prepararse\/#primaryimage"},"thumbnailUrl":"https:\/\/ineditinnova.com\/wp-content\/uploads\/2026\/04\/transformar-esg-1.jpg","keywords":["REPORTATGE"],"articleSection":["ESTRATEGIA DE NEGOCIO SOSTENIBLE"],"inLanguage":"es"},{"@type":"WebPage","@id":"https:\/\/ineditinnova.com\/es\/la-sostenibilidad-ya-no-se-detiene-los-criterios-esg-se-imponen-y-las-empresas-deben-prepararse\/","url":"https:\/\/ineditinnova.com\/es\/la-sostenibilidad-ya-no-se-detiene-los-criterios-esg-se-imponen-y-las-empresas-deben-prepararse\/","name":"La sostenibilidad ya no se detiene: los criterios ESG se imponen y las empresas deben prepararse - in\u00e8dit","isPartOf":{"@id":"https:\/\/ineditinnova.com\/en\/#website"},"primaryImageOfPage":{"@id":"https:\/\/ineditinnova.com\/es\/la-sostenibilidad-ya-no-se-detiene-los-criterios-esg-se-imponen-y-las-empresas-deben-prepararse\/#primaryimage"},"image":{"@id":"https:\/\/ineditinnova.com\/es\/la-sostenibilidad-ya-no-se-detiene-los-criterios-esg-se-imponen-y-las-empresas-deben-prepararse\/#primaryimage"},"thumbnailUrl":"https:\/\/ineditinnova.com\/wp-content\/uploads\/2026\/04\/transformar-esg-1.jpg","datePublished":"2026-04-27T05:36:58+00:00","dateModified":"2026-04-29T05:41:25+00:00","author":{"@id":"https:\/\/ineditinnova.com\/en\/#\/schema\/person\/891e1158385858d9972e3d28e2abf5e5"},"description":"\u00abEl mercat, els inversors i la regulaci\u00f3 ja demanen sostenibilitat. I la sostenibilitat ja \u00e9s una bola de neu que rodola, i rodola, i no s\u2019aturar\u00e0. Davant d\u2019aquest context, \u00e9s urgent que les empreses comencin a treballar en la incorporaci\u00f3 dels criteris ESG\u00bb. Aquesta cita de Jordi Oliver, director executiu d\u2019in\u00e8dit, resumeix en poques paraules les conclusions de la jornada \u00abTransformar el negoci amb criteris ESG\u00bb, que va organitzar in\u00e8dit a Barcelona el 21 d\u2019abril","breadcrumb":{"@id":"https:\/\/ineditinnova.com\/es\/la-sostenibilidad-ya-no-se-detiene-los-criterios-esg-se-imponen-y-las-empresas-deben-prepararse\/#breadcrumb"},"inLanguage":"es","potentialAction":[{"@type":"ReadAction","target":["https:\/\/ineditinnova.com\/es\/la-sostenibilidad-ya-no-se-detiene-los-criterios-esg-se-imponen-y-las-empresas-deben-prepararse\/"]}]},{"@type":"ImageObject","inLanguage":"es","@id":"https:\/\/ineditinnova.com\/es\/la-sostenibilidad-ya-no-se-detiene-los-criterios-esg-se-imponen-y-las-empresas-deben-prepararse\/#primaryimage","url":"https:\/\/ineditinnova.com\/wp-content\/uploads\/2026\/04\/transformar-esg-1.jpg","contentUrl":"https:\/\/ineditinnova.com\/wp-content\/uploads\/2026\/04\/transformar-esg-1.jpg","width":1200,"height":675,"caption":"ESG inedit"},{"@type":"BreadcrumbList","@id":"https:\/\/ineditinnova.com\/es\/la-sostenibilidad-ya-no-se-detiene-los-criterios-esg-se-imponen-y-las-empresas-deben-prepararse\/#breadcrumb","itemListElement":[{"@type":"ListItem","position":1,"name":"Inici","item":"https:\/\/ineditinnova.com\/es\/"},{"@type":"ListItem","position":2,"name":"La sostenibilidad ya no se detiene: los criterios ESG se imponen y las empresas deben prepararse"}]},{"@type":"WebSite","@id":"https:\/\/ineditinnova.com\/en\/#website","url":"https:\/\/ineditinnova.com\/en\/","name":"in\u00e8dit","description":"Dise\u00f1amos soluciones circulares y sostenibles para un futuro mejor","potentialAction":[{"@type":"SearchAction","target":{"@type":"EntryPoint","urlTemplate":"https:\/\/ineditinnova.com\/en\/?s={search_term_string}"},"query-input":{"@type":"PropertyValueSpecification","valueRequired":true,"valueName":"search_term_string"}}],"inLanguage":"es"},{"@type":"Person","@id":"https:\/\/ineditinnova.com\/en\/#\/schema\/person\/891e1158385858d9972e3d28e2abf5e5","name":"Codina","image":{"@type":"ImageObject","inLanguage":"es","@id":"https:\/\/secure.gravatar.com\/avatar\/4fff7c6f6d19e46cfd6c15f0f9b4aeb9970dd1aa4028caf6584e34d95cb8a41d?s=96&d=mm&r=g","url":"https:\/\/secure.gravatar.com\/avatar\/4fff7c6f6d19e46cfd6c15f0f9b4aeb9970dd1aa4028caf6584e34d95cb8a41d?s=96&d=mm&r=g","contentUrl":"https:\/\/secure.gravatar.com\/avatar\/4fff7c6f6d19e46cfd6c15f0f9b4aeb9970dd1aa4028caf6584e34d95cb8a41d?s=96&d=mm&r=g","caption":"Codina"},"url":"https:\/\/ineditinnova.com\/es\/author\/inedit\/"}]}},"_links":{"self":[{"href":"https:\/\/ineditinnova.com\/es\/wp-json\/wp\/v2\/posts\/13963","targetHints":{"allow":["GET"]}}],"collection":[{"href":"https:\/\/ineditinnova.com\/es\/wp-json\/wp\/v2\/posts"}],"about":[{"href":"https:\/\/ineditinnova.com\/es\/wp-json\/wp\/v2\/types\/post"}],"author":[{"embeddable":true,"href":"https:\/\/ineditinnova.com\/es\/wp-json\/wp\/v2\/users\/2"}],"replies":[{"embeddable":true,"href":"https:\/\/ineditinnova.com\/es\/wp-json\/wp\/v2\/comments?post=13963"}],"version-history":[{"count":3,"href":"https:\/\/ineditinnova.com\/es\/wp-json\/wp\/v2\/posts\/13963\/revisions"}],"predecessor-version":[{"id":13982,"href":"https:\/\/ineditinnova.com\/es\/wp-json\/wp\/v2\/posts\/13963\/revisions\/13982"}],"wp:featuredmedia":[{"embeddable":true,"href":"https:\/\/ineditinnova.com\/es\/wp-json\/wp\/v2\/media\/13978"}],"wp:attachment":[{"href":"https:\/\/ineditinnova.com\/es\/wp-json\/wp\/v2\/media?parent=13963"}],"wp:term":[{"taxonomy":"category","embeddable":true,"href":"https:\/\/ineditinnova.com\/es\/wp-json\/wp\/v2\/categories?post=13963"},{"taxonomy":"post_tag","embeddable":true,"href":"https:\/\/ineditinnova.com\/es\/wp-json\/wp\/v2\/tags?post=13963"}],"curies":[{"name":"wp","href":"https:\/\/api.w.org\/{rel}","templated":true}]}}