{"id":3385,"date":"2022-09-16T12:27:12","date_gmt":"2022-09-16T12:27:12","guid":{"rendered":"https:\/\/ineditinnova.com\/?p=3385"},"modified":"2023-10-22T23:29:37","modified_gmt":"2023-10-22T23:29:37","slug":"nos-adherimos-al-club-camara-de-camara-zaragoza","status":"publish","type":"post","link":"https:\/\/ineditinnova.com\/es\/nos-adherimos-al-club-camara-de-camara-zaragoza\/","title":{"rendered":"Nos adherimos al Club C\u00e1mara de C\u00e1mara Zaragoza"},"content":{"rendered":"\r\n<div class=\"wp-block-spacer\" style=\"height: 112px;\" aria-hidden=\"true\">\u00a0<\/div>\r\n\r\n\r\n\r\n<div class=\"wp-block-spacer\" style=\"height: 41px;\" aria-hidden=\"true\">\u00a0<\/div>\r\n\r\n\r\n\r\n<p style=\"font-size: 25px;\">Este mes de septiembre, hemos celebrado la incorporaci\u00f3n de in\u00e8dit al <a href=\"https:\/\/www.camarazaragoza.com\/category\/club-camara\/\" target=\"_blank\" rel=\"noreferrer noopener\">Club C\u00e1mara<\/a> de <a href=\"https:\/\/www.linkedin.com\/company\/camara-de-comercio-e-industria-de-zaragoza\/\" target=\"_blank\" rel=\"noreferrer noopener\">C\u00e1mara de Comercio de Zaragoza<\/a>, la principal agrupaci\u00f3n empresarial aragonesa. Hace a\u00f1os que trabajamos en Arag\u00f3n y recientemente hemos abierto una sede en Zaragoza, as\u00ed que nos pareci\u00f3 una oportunidad perfecta para colaborar con el tejido empresarial e impulsar nuevos proyectos de econom\u00eda circular.<\/p>\r\n\r\n\r\n\r\n<div class=\"wp-block-spacer\" style=\"height: 36px;\" aria-hidden=\"true\">\u00a0<\/div>\r\n\r\n\r\n<hr class=\"wp-block-separator has-text-color has-alpha-channel-opacity has-background is-style-wide\" style=\"background-color: #e84d20; color: #e84d20;\" \/>\r\n\r\n\r\n<p class=\"has-black-color has-text-color\" style=\"font-size: 25px;\">\u00abNuestro prop\u00f3sito m\u00e1ximo es conseguir cambios reales, tangibles, que creen impacto y que est\u00e9n adaptados a las necesidades de las entidades con las que trabajamos\u00bb <mark class=\"has-inline-color has-black-color\" style=\"background-color: rgba(0, 0, 0, 0);\">\u2013 <em>Adriana Sanz Mirabal<\/em><\/mark><\/p>\r\n\r\n\r\n<hr class=\"wp-block-separator has-text-color has-alpha-channel-opacity has-background is-style-wide\" style=\"background-color: #e84d20; color: #e84d20;\" \/>\r\n\r\n\r\n<div class=\"wp-block-spacer\" style=\"height: 36px;\" aria-hidden=\"true\">\u00a0<\/div>\r\n\r\n\r\n\r\n<p style=\"font-size: 25px;\">Nuestra compa\u00f1era Adriana Sanz Mirabal, responsable senior de proyectos, visit\u00f3 las instalaciones de C\u00e1mara Comercio y present\u00f3 nuestros valores y prop\u00f3sitos, as\u00ed como <a href=\"https:\/\/ineditinnova.com\/es\/servicios\/\">los servicios que ofrecemos<\/a> (empresa circular, ecodise\u00f1o de productos y servicios, m\u00e9tricas circulares y territorio circular).<\/p>\r\n\r\n\r\n\r\n<div class=\"wp-block-spacer\" style=\"height: 36px;\" aria-hidden=\"true\">\u00a0<\/div>\r\n\r\n\r\n\r\n<figure class=\"wp-block-embed aligncenter is-type-video is-provider-youtube wp-block-embed-youtube wp-embed-aspect-16-9 wp-has-aspect-ratio\">\r\n<div class=\"wp-block-embed__wrapper\">https:\/\/youtu.be\/yi8xf2Yipv0<\/div>\r\n<\/figure>\r\n","protected":false},"excerpt":{"rendered":"<p>Una oportunidad perfecta para colaborar con el tejido empresarial de Arag\u00f3n e impulsar nuevos proyectos de econom\u00eda circular<\/p>\n","protected":false},"author":2,"featured_media":6865,"comment_status":"closed","ping_status":"closed","sticky":false,"template":"","format":"standard","meta":{"_acf_changed":false,"footnotes":""},"categories":[],"tags":[54],"class_list":["post-3385","post","type-post","status-publish","format-standard","has-post-thumbnail","hentry","tag-noticia-es"],"acf":[],"yoast_head":"<!-- This site is optimized with the Yoast SEO plugin v27.5 - https:\/\/yoast.com\/product\/yoast-seo-wordpress\/ -->\n<title>Nos adherimos al Club C\u00e1mara de C\u00e1mara Zaragoza - in\u00e8dit<\/title>\n<meta name=\"robots\" content=\"index, follow, max-snippet:-1, max-image-preview:large, max-video-preview:-1\" \/>\n<link rel=\"canonical\" href=\"https:\/\/ineditinnova.com\/es\/nos-adherimos-al-club-camara-de-camara-zaragoza\/\" \/>\n<meta property=\"og:locale\" content=\"es_ES\" \/>\n<meta property=\"og:type\" content=\"article\" \/>\n<meta property=\"og:title\" content=\"Nos adherimos al Club C\u00e1mara de C\u00e1mara Zaragoza - in\u00e8dit\" \/>\n<meta property=\"og:description\" content=\"Una oportunidad perfecta para colaborar con el tejido empresarial de Arag\u00f3n e impulsar nuevos proyectos de econom\u00eda circular\" \/>\n<meta property=\"og:url\" content=\"https:\/\/ineditinnova.com\/es\/nos-adherimos-al-club-camara-de-camara-zaragoza\/\" \/>\n<meta property=\"og:site_name\" content=\"in\u00e8dit\" \/>\n<meta property=\"article:publisher\" content=\"https:\/\/www.facebook.com\/ineditinnovacio\/?ref=page_internal\" \/>\n<meta property=\"article:published_time\" content=\"2022-09-16T12:27:12+00:00\" \/>\n<meta property=\"article:modified_time\" content=\"2023-10-22T23:29:37+00:00\" \/>\n<meta property=\"og:image\" content=\"https:\/\/ineditinnova.com\/wp-content\/uploads\/2022\/09\/image-17-1.jpg\" \/>\n\t<meta property=\"og:image:width\" content=\"1374\" \/>\n\t<meta property=\"og:image:height\" content=\"701\" \/>\n\t<meta property=\"og:image:type\" content=\"image\/jpeg\" \/>\n<meta name=\"author\" content=\"Codina\" \/>\n<meta name=\"twitter:card\" content=\"summary_large_image\" \/>\n<meta name=\"twitter:creator\" content=\"@ineditinnova\" \/>\n<meta name=\"twitter:site\" content=\"@ineditinnova\" \/>\n<meta name=\"twitter:label1\" content=\"Escrito por\" \/>\n\t<meta name=\"twitter:data1\" content=\"Codina\" \/>\n\t<meta name=\"twitter:label2\" content=\"Tiempo de lectura\" \/>\n\t<meta name=\"twitter:data2\" content=\"1 minuto\" \/>\n<script type=\"application\/ld+json\" class=\"yoast-schema-graph\">{\"@context\":\"https:\\\/\\\/schema.org\",\"@graph\":[{\"@type\":\"Article\",\"@id\":\"https:\\\/\\\/ineditinnova.com\\\/es\\\/nos-adherimos-al-club-camara-de-camara-zaragoza\\\/#article\",\"isPartOf\":{\"@id\":\"https:\\\/\\\/ineditinnova.com\\\/es\\\/nos-adherimos-al-club-camara-de-camara-zaragoza\\\/\"},\"author\":{\"name\":\"Codina\",\"@id\":\"https:\\\/\\\/ineditinnova.com\\\/en\\\/#\\\/schema\\\/person\\\/891e1158385858d9972e3d28e2abf5e5\"},\"headline\":\"Nos adherimos al Club C\u00e1mara de C\u00e1mara Zaragoza\",\"datePublished\":\"2022-09-16T12:27:12+00:00\",\"dateModified\":\"2023-10-22T23:29:37+00:00\",\"mainEntityOfPage\":{\"@id\":\"https:\\\/\\\/ineditinnova.com\\\/es\\\/nos-adherimos-al-club-camara-de-camara-zaragoza\\\/\"},\"wordCount\":157,\"image\":{\"@id\":\"https:\\\/\\\/ineditinnova.com\\\/es\\\/nos-adherimos-al-club-camara-de-camara-zaragoza\\\/#primaryimage\"},\"thumbnailUrl\":\"https:\\\/\\\/ineditinnova.com\\\/wp-content\\\/uploads\\\/2022\\\/09\\\/image-17-1.jpg\",\"keywords\":[\"NOTICIA\"],\"inLanguage\":\"es\"},{\"@type\":\"WebPage\",\"@id\":\"https:\\\/\\\/ineditinnova.com\\\/es\\\/nos-adherimos-al-club-camara-de-camara-zaragoza\\\/\",\"url\":\"https:\\\/\\\/ineditinnova.com\\\/es\\\/nos-adherimos-al-club-camara-de-camara-zaragoza\\\/\",\"name\":\"Nos adherimos al Club C\u00e1mara de C\u00e1mara Zaragoza - in\u00e8dit\",\"isPartOf\":{\"@id\":\"https:\\\/\\\/ineditinnova.com\\\/en\\\/#website\"},\"primaryImageOfPage\":{\"@id\":\"https:\\\/\\\/ineditinnova.com\\\/es\\\/nos-adherimos-al-club-camara-de-camara-zaragoza\\\/#primaryimage\"},\"image\":{\"@id\":\"https:\\\/\\\/ineditinnova.com\\\/es\\\/nos-adherimos-al-club-camara-de-camara-zaragoza\\\/#primaryimage\"},\"thumbnailUrl\":\"https:\\\/\\\/ineditinnova.com\\\/wp-content\\\/uploads\\\/2022\\\/09\\\/image-17-1.jpg\",\"datePublished\":\"2022-09-16T12:27:12+00:00\",\"dateModified\":\"2023-10-22T23:29:37+00:00\",\"author\":{\"@id\":\"https:\\\/\\\/ineditinnova.com\\\/en\\\/#\\\/schema\\\/person\\\/891e1158385858d9972e3d28e2abf5e5\"},\"breadcrumb\":{\"@id\":\"https:\\\/\\\/ineditinnova.com\\\/es\\\/nos-adherimos-al-club-camara-de-camara-zaragoza\\\/#breadcrumb\"},\"inLanguage\":\"es\",\"potentialAction\":[{\"@type\":\"ReadAction\",\"target\":[\"https:\\\/\\\/ineditinnova.com\\\/es\\\/nos-adherimos-al-club-camara-de-camara-zaragoza\\\/\"]}]},{\"@type\":\"ImageObject\",\"inLanguage\":\"es\",\"@id\":\"https:\\\/\\\/ineditinnova.com\\\/es\\\/nos-adherimos-al-club-camara-de-camara-zaragoza\\\/#primaryimage\",\"url\":\"https:\\\/\\\/ineditinnova.com\\\/wp-content\\\/uploads\\\/2022\\\/09\\\/image-17-1.jpg\",\"contentUrl\":\"https:\\\/\\\/ineditinnova.com\\\/wp-content\\\/uploads\\\/2022\\\/09\\\/image-17-1.jpg\",\"width\":1374,\"height\":701},{\"@type\":\"BreadcrumbList\",\"@id\":\"https:\\\/\\\/ineditinnova.com\\\/es\\\/nos-adherimos-al-club-camara-de-camara-zaragoza\\\/#breadcrumb\",\"itemListElement\":[{\"@type\":\"ListItem\",\"position\":1,\"name\":\"Inici\",\"item\":\"https:\\\/\\\/ineditinnova.com\\\/es\\\/\"},{\"@type\":\"ListItem\",\"position\":2,\"name\":\"Nos adherimos al Club C\u00e1mara de C\u00e1mara Zaragoza\"}]},{\"@type\":\"WebSite\",\"@id\":\"https:\\\/\\\/ineditinnova.com\\\/en\\\/#website\",\"url\":\"https:\\\/\\\/ineditinnova.com\\\/en\\\/\",\"name\":\"in\u00e8dit\",\"description\":\"Dise\u00f1amos soluciones circulares y sostenibles para un futuro mejor\",\"potentialAction\":[{\"@type\":\"SearchAction\",\"target\":{\"@type\":\"EntryPoint\",\"urlTemplate\":\"https:\\\/\\\/ineditinnova.com\\\/en\\\/?s={search_term_string}\"},\"query-input\":{\"@type\":\"PropertyValueSpecification\",\"valueRequired\":true,\"valueName\":\"search_term_string\"}}],\"inLanguage\":\"es\"},{\"@type\":\"Person\",\"@id\":\"https:\\\/\\\/ineditinnova.com\\\/en\\\/#\\\/schema\\\/person\\\/891e1158385858d9972e3d28e2abf5e5\",\"name\":\"Codina\",\"image\":{\"@type\":\"ImageObject\",\"inLanguage\":\"es\",\"@id\":\"https:\\\/\\\/secure.gravatar.com\\\/avatar\\\/4fff7c6f6d19e46cfd6c15f0f9b4aeb9970dd1aa4028caf6584e34d95cb8a41d?s=96&d=mm&r=g\",\"url\":\"https:\\\/\\\/secure.gravatar.com\\\/avatar\\\/4fff7c6f6d19e46cfd6c15f0f9b4aeb9970dd1aa4028caf6584e34d95cb8a41d?s=96&d=mm&r=g\",\"contentUrl\":\"https:\\\/\\\/secure.gravatar.com\\\/avatar\\\/4fff7c6f6d19e46cfd6c15f0f9b4aeb9970dd1aa4028caf6584e34d95cb8a41d?s=96&d=mm&r=g\",\"caption\":\"Codina\"},\"url\":\"https:\\\/\\\/ineditinnova.com\\\/es\\\/author\\\/inedit\\\/\"}]}<\/script>\n<!-- \/ Yoast SEO plugin. -->","yoast_head_json":{"title":"Nos adherimos al Club C\u00e1mara de C\u00e1mara Zaragoza - in\u00e8dit","robots":{"index":"index","follow":"follow","max-snippet":"max-snippet:-1","max-image-preview":"max-image-preview:large","max-video-preview":"max-video-preview:-1"},"canonical":"https:\/\/ineditinnova.com\/es\/nos-adherimos-al-club-camara-de-camara-zaragoza\/","og_locale":"es_ES","og_type":"article","og_title":"Nos adherimos al Club C\u00e1mara de C\u00e1mara Zaragoza - in\u00e8dit","og_description":"Una oportunidad perfecta para colaborar con el tejido empresarial de Arag\u00f3n e impulsar nuevos proyectos de econom\u00eda circular","og_url":"https:\/\/ineditinnova.com\/es\/nos-adherimos-al-club-camara-de-camara-zaragoza\/","og_site_name":"in\u00e8dit","article_publisher":"https:\/\/www.facebook.com\/ineditinnovacio\/?ref=page_internal","article_published_time":"2022-09-16T12:27:12+00:00","article_modified_time":"2023-10-22T23:29:37+00:00","og_image":[{"width":1374,"height":701,"url":"https:\/\/ineditinnova.com\/wp-content\/uploads\/2022\/09\/image-17-1.jpg","type":"image\/jpeg"}],"author":"Codina","twitter_card":"summary_large_image","twitter_creator":"@ineditinnova","twitter_site":"@ineditinnova","twitter_misc":{"Escrito por":"Codina","Tiempo de lectura":"1 minuto"},"schema":{"@context":"https:\/\/schema.org","@graph":[{"@type":"Article","@id":"https:\/\/ineditinnova.com\/es\/nos-adherimos-al-club-camara-de-camara-zaragoza\/#article","isPartOf":{"@id":"https:\/\/ineditinnova.com\/es\/nos-adherimos-al-club-camara-de-camara-zaragoza\/"},"author":{"name":"Codina","@id":"https:\/\/ineditinnova.com\/en\/#\/schema\/person\/891e1158385858d9972e3d28e2abf5e5"},"headline":"Nos adherimos al Club C\u00e1mara de C\u00e1mara Zaragoza","datePublished":"2022-09-16T12:27:12+00:00","dateModified":"2023-10-22T23:29:37+00:00","mainEntityOfPage":{"@id":"https:\/\/ineditinnova.com\/es\/nos-adherimos-al-club-camara-de-camara-zaragoza\/"},"wordCount":157,"image":{"@id":"https:\/\/ineditinnova.com\/es\/nos-adherimos-al-club-camara-de-camara-zaragoza\/#primaryimage"},"thumbnailUrl":"https:\/\/ineditinnova.com\/wp-content\/uploads\/2022\/09\/image-17-1.jpg","keywords":["NOTICIA"],"inLanguage":"es"},{"@type":"WebPage","@id":"https:\/\/ineditinnova.com\/es\/nos-adherimos-al-club-camara-de-camara-zaragoza\/","url":"https:\/\/ineditinnova.com\/es\/nos-adherimos-al-club-camara-de-camara-zaragoza\/","name":"Nos adherimos al Club C\u00e1mara de C\u00e1mara Zaragoza - in\u00e8dit","isPartOf":{"@id":"https:\/\/ineditinnova.com\/en\/#website"},"primaryImageOfPage":{"@id":"https:\/\/ineditinnova.com\/es\/nos-adherimos-al-club-camara-de-camara-zaragoza\/#primaryimage"},"image":{"@id":"https:\/\/ineditinnova.com\/es\/nos-adherimos-al-club-camara-de-camara-zaragoza\/#primaryimage"},"thumbnailUrl":"https:\/\/ineditinnova.com\/wp-content\/uploads\/2022\/09\/image-17-1.jpg","datePublished":"2022-09-16T12:27:12+00:00","dateModified":"2023-10-22T23:29:37+00:00","author":{"@id":"https:\/\/ineditinnova.com\/en\/#\/schema\/person\/891e1158385858d9972e3d28e2abf5e5"},"breadcrumb":{"@id":"https:\/\/ineditinnova.com\/es\/nos-adherimos-al-club-camara-de-camara-zaragoza\/#breadcrumb"},"inLanguage":"es","potentialAction":[{"@type":"ReadAction","target":["https:\/\/ineditinnova.com\/es\/nos-adherimos-al-club-camara-de-camara-zaragoza\/"]}]},{"@type":"ImageObject","inLanguage":"es","@id":"https:\/\/ineditinnova.com\/es\/nos-adherimos-al-club-camara-de-camara-zaragoza\/#primaryimage","url":"https:\/\/ineditinnova.com\/wp-content\/uploads\/2022\/09\/image-17-1.jpg","contentUrl":"https:\/\/ineditinnova.com\/wp-content\/uploads\/2022\/09\/image-17-1.jpg","width":1374,"height":701},{"@type":"BreadcrumbList","@id":"https:\/\/ineditinnova.com\/es\/nos-adherimos-al-club-camara-de-camara-zaragoza\/#breadcrumb","itemListElement":[{"@type":"ListItem","position":1,"name":"Inici","item":"https:\/\/ineditinnova.com\/es\/"},{"@type":"ListItem","position":2,"name":"Nos adherimos al Club C\u00e1mara de C\u00e1mara Zaragoza"}]},{"@type":"WebSite","@id":"https:\/\/ineditinnova.com\/en\/#website","url":"https:\/\/ineditinnova.com\/en\/","name":"in\u00e8dit","description":"Dise\u00f1amos soluciones circulares y sostenibles para un futuro mejor","potentialAction":[{"@type":"SearchAction","target":{"@type":"EntryPoint","urlTemplate":"https:\/\/ineditinnova.com\/en\/?s={search_term_string}"},"query-input":{"@type":"PropertyValueSpecification","valueRequired":true,"valueName":"search_term_string"}}],"inLanguage":"es"},{"@type":"Person","@id":"https:\/\/ineditinnova.com\/en\/#\/schema\/person\/891e1158385858d9972e3d28e2abf5e5","name":"Codina","image":{"@type":"ImageObject","inLanguage":"es","@id":"https:\/\/secure.gravatar.com\/avatar\/4fff7c6f6d19e46cfd6c15f0f9b4aeb9970dd1aa4028caf6584e34d95cb8a41d?s=96&d=mm&r=g","url":"https:\/\/secure.gravatar.com\/avatar\/4fff7c6f6d19e46cfd6c15f0f9b4aeb9970dd1aa4028caf6584e34d95cb8a41d?s=96&d=mm&r=g","contentUrl":"https:\/\/secure.gravatar.com\/avatar\/4fff7c6f6d19e46cfd6c15f0f9b4aeb9970dd1aa4028caf6584e34d95cb8a41d?s=96&d=mm&r=g","caption":"Codina"},"url":"https:\/\/ineditinnova.com\/es\/author\/inedit\/"}]}},"_links":{"self":[{"href":"https:\/\/ineditinnova.com\/es\/wp-json\/wp\/v2\/posts\/3385","targetHints":{"allow":["GET"]}}],"collection":[{"href":"https:\/\/ineditinnova.com\/es\/wp-json\/wp\/v2\/posts"}],"about":[{"href":"https:\/\/ineditinnova.com\/es\/wp-json\/wp\/v2\/types\/post"}],"author":[{"embeddable":true,"href":"https:\/\/ineditinnova.com\/es\/wp-json\/wp\/v2\/users\/2"}],"replies":[{"embeddable":true,"href":"https:\/\/ineditinnova.com\/es\/wp-json\/wp\/v2\/comments?post=3385"}],"version-history":[{"count":10,"href":"https:\/\/ineditinnova.com\/es\/wp-json\/wp\/v2\/posts\/3385\/revisions"}],"predecessor-version":[{"id":6867,"href":"https:\/\/ineditinnova.com\/es\/wp-json\/wp\/v2\/posts\/3385\/revisions\/6867"}],"wp:featuredmedia":[{"embeddable":true,"href":"https:\/\/ineditinnova.com\/es\/wp-json\/wp\/v2\/media\/6865"}],"wp:attachment":[{"href":"https:\/\/ineditinnova.com\/es\/wp-json\/wp\/v2\/media?parent=3385"}],"wp:term":[{"taxonomy":"category","embeddable":true,"href":"https:\/\/ineditinnova.com\/es\/wp-json\/wp\/v2\/categories?post=3385"},{"taxonomy":"post_tag","embeddable":true,"href":"https:\/\/ineditinnova.com\/es\/wp-json\/wp\/v2\/tags?post=3385"}],"curies":[{"name":"wp","href":"https:\/\/api.w.org\/{rel}","templated":true}]}}