{"id":3567,"date":"2022-06-08T16:03:00","date_gmt":"2022-06-08T16:03:00","guid":{"rendered":"https:\/\/ineditinnova.com\/?p=3567"},"modified":"2023-12-27T07:32:50","modified_gmt":"2023-12-27T07:32:50","slug":"entendemos-el-ecodiseno-como-una-disciplina-total","status":"publish","type":"post","link":"https:\/\/ineditinnova.com\/es\/entendemos-el-ecodiseno-como-una-disciplina-total\/","title":{"rendered":"Entendemos el ecodise\u00f1o como una disciplina total"},"content":{"rendered":"\n<div class=\"wp-block-spacer\" style=\"height: 112px;\" aria-hidden=\"true\">\u00a0<\/div>\n\n\n\n<div class=\"wp-block-spacer\" style=\"height: 41px;\" aria-hidden=\"true\">\u00a0<\/div>\n\n\n\n<p style=\"font-size:25px\">Para nosotros hablar de ecodise\u00f1o no es \u00fanicamente hablar de productos, sino tambi\u00e9n de servicios y sistemas. <strong>Es una disciplina total y una estrategia clave para implementar principios de econom\u00eda circular<\/strong>, optimizar el uso de recursos y alcanzar valor a\u00f1adido en el mercado de cara a los clientes y a los consumidores finales. Con todo ello, mejoramos el impacto a nivel medioambiental, econ\u00f3mico y social.<\/p>\n\n\n\n<div class=\"wp-block-spacer\" style=\"height: 36px;\" aria-hidden=\"true\">\u00a0<\/div>\n\n\n\n<p style=\"font-size:25px\">Sof\u00eda Gar\u00edn, responsable de proyectos, presenta nuestra \u00e1rea de <a href=\"https:\/\/ineditinnova.com\/es\/servicios\/#servicio-ecodiseno\">Ecodise\u00f1o de productos y servicios<\/a>.<\/p>\n\n\n\n<div class=\"wp-block-spacer\" style=\"height: 36px;\" aria-hidden=\"true\">\u00a0<\/div>\n\n\n\n<figure class=\"wp-block-embed aligncenter is-type-video is-provider-vimeo wp-block-embed-vimeo wp-embed-aspect-16-9 wp-has-aspect-ratio\"><div class=\"wp-block-embed__wrapper\">\n<iframe title=\"Ecodise&amp;ntilde;o de productos y servicios\" data-src=\"https:\/\/player.vimeo.com\/video\/715310022?h=5d9b673d19&amp;dnt=1&amp;app_id=122963\" width=\"680\" height=\"383\" frameborder=\"0\" allow=\"autoplay; fullscreen; picture-in-picture\" allowfullscreen src=\"data:image\/svg+xml;base64,PHN2ZyB3aWR0aD0iMSIgaGVpZ2h0PSIxIiB4bWxucz0iaHR0cDovL3d3dy53My5vcmcvMjAwMC9zdmciPjwvc3ZnPg==\" class=\"lazyload\" data-load-mode=\"1\"><\/iframe>\n<\/div><\/figure>\n\n\n\n<div style=\"height:36px\" aria-hidden=\"true\" class=\"wp-block-spacer\"><\/div>\n\n\n\n<p style=\"font-size:25px\">Lluch Essence \u2013una empresa que abastece aromas y fragancias en la industria de la perfumer\u00eda, detergencia y alimentaci\u00f3n humana y animal\u2013 es uno de los casos de \u00e9xito. Con ella hemos trabajado en un proyecto de ecodise\u00f1o para optimizar sus envases secundarios de muestras con el objetivo de reducir el impacto ambiental. Mar Mulero, responsable de Regulatory Affairs de Lluch Essence, lo explica en el siguiente video.<\/p>\n\n\n\n<div style=\"height:36px\" aria-hidden=\"true\" class=\"wp-block-spacer\"><\/div>\n\n\n\n<figure class=\"wp-block-embed aligncenter is-type-video is-provider-vimeo wp-block-embed-vimeo wp-embed-aspect-16-9 wp-has-aspect-ratio\"><div class=\"wp-block-embed__wrapper\">\n<iframe title=\"Lluch Essence &amp;middot; Caso de &amp;eacute;xito\" data-src=\"https:\/\/player.vimeo.com\/video\/785739932?h=c60da5f4a6&amp;dnt=1&amp;app_id=122963\" width=\"680\" height=\"383\" frameborder=\"0\" allow=\"autoplay; fullscreen; picture-in-picture\" allowfullscreen src=\"data:image\/svg+xml;base64,PHN2ZyB3aWR0aD0iMSIgaGVpZ2h0PSIxIiB4bWxucz0iaHR0cDovL3d3dy53My5vcmcvMjAwMC9zdmciPjwvc3ZnPg==\" class=\"lazyload\" data-load-mode=\"1\"><\/iframe>\n<\/div><\/figure>\n","protected":false},"excerpt":{"rendered":"<p>Para nosotros hablar de ecodise\u00f1o no es \u00fanicamente hablar de productos, sino tambi\u00e9n de servicios y sistemas. Es una disciplina total y una estrategia clave para implementar principios de econom\u00eda circular, optimizar el uso de recursos y alcanzar valor a\u00f1adido en el mercado de cara a los clientes y a los consumidores finales. Con todo&#8230;  <a class=\"excerpt-read-more\" href=\"https:\/\/ineditinnova.com\/es\/entendemos-el-ecodiseno-como-una-disciplina-total\/\" title=\"Read Entendemos el ecodise\u00f1o como una disciplina total\">Read more &raquo;<\/a><\/p>\n","protected":false},"author":2,"featured_media":6888,"comment_status":"closed","ping_status":"closed","sticky":false,"template":"","format":"standard","meta":{"_acf_changed":false,"footnotes":""},"categories":[21],"tags":[],"class_list":["post-3567","post","type-post","status-publish","format-standard","has-post-thumbnail","hentry","category-ecodiseno"],"acf":[],"yoast_head":"<!-- This site is optimized with the Yoast SEO plugin v27.5 - https:\/\/yoast.com\/product\/yoast-seo-wordpress\/ -->\n<title>Entendemos el ecodise\u00f1o como una disciplina total - in\u00e8dit<\/title>\n<meta name=\"robots\" content=\"index, follow, max-snippet:-1, max-image-preview:large, max-video-preview:-1\" \/>\n<link rel=\"canonical\" href=\"https:\/\/ineditinnova.com\/es\/entendemos-el-ecodiseno-como-una-disciplina-total\/\" \/>\n<meta property=\"og:locale\" content=\"es_ES\" \/>\n<meta property=\"og:type\" content=\"article\" \/>\n<meta property=\"og:title\" content=\"Entendemos el ecodise\u00f1o como una disciplina total - in\u00e8dit\" \/>\n<meta property=\"og:description\" content=\"Para nosotros hablar de ecodise\u00f1o no es \u00fanicamente hablar de productos, sino tambi\u00e9n de servicios y sistemas. Es una disciplina total y una estrategia clave para implementar principios de econom\u00eda circular, optimizar el uso de recursos y alcanzar valor a\u00f1adido en el mercado de cara a los clientes y a los consumidores finales. Con todo... Read more &raquo;\" \/>\n<meta property=\"og:url\" content=\"https:\/\/ineditinnova.com\/es\/entendemos-el-ecodiseno-como-una-disciplina-total\/\" \/>\n<meta property=\"og:site_name\" content=\"in\u00e8dit\" \/>\n<meta property=\"article:publisher\" content=\"https:\/\/www.facebook.com\/ineditinnovacio\/?ref=page_internal\" \/>\n<meta property=\"article:published_time\" content=\"2022-06-08T16:03:00+00:00\" \/>\n<meta property=\"article:modified_time\" content=\"2023-12-27T07:32:50+00:00\" \/>\n<meta property=\"og:image\" content=\"https:\/\/ineditinnova.com\/wp-content\/uploads\/2022\/06\/Territori_ES_04-1.jpg\" \/>\n\t<meta property=\"og:image:width\" content=\"1400\" \/>\n\t<meta property=\"og:image:height\" content=\"682\" \/>\n\t<meta property=\"og:image:type\" content=\"image\/jpeg\" \/>\n<meta name=\"author\" content=\"Codina\" \/>\n<meta name=\"twitter:card\" content=\"summary_large_image\" \/>\n<meta name=\"twitter:creator\" content=\"@ineditinnova\" \/>\n<meta name=\"twitter:site\" content=\"@ineditinnova\" \/>\n<meta name=\"twitter:label1\" content=\"Escrito por\" \/>\n\t<meta name=\"twitter:data1\" content=\"Codina\" \/>\n\t<meta name=\"twitter:label2\" content=\"Tiempo de lectura\" \/>\n\t<meta name=\"twitter:data2\" content=\"1 minuto\" \/>\n<script type=\"application\/ld+json\" class=\"yoast-schema-graph\">{\"@context\":\"https:\\\/\\\/schema.org\",\"@graph\":[{\"@type\":\"Article\",\"@id\":\"https:\\\/\\\/ineditinnova.com\\\/es\\\/entendemos-el-ecodiseno-como-una-disciplina-total\\\/#article\",\"isPartOf\":{\"@id\":\"https:\\\/\\\/ineditinnova.com\\\/es\\\/entendemos-el-ecodiseno-como-una-disciplina-total\\\/\"},\"author\":{\"name\":\"Codina\",\"@id\":\"https:\\\/\\\/ineditinnova.com\\\/en\\\/#\\\/schema\\\/person\\\/891e1158385858d9972e3d28e2abf5e5\"},\"headline\":\"Entendemos el ecodise\u00f1o como una disciplina total\",\"datePublished\":\"2022-06-08T16:03:00+00:00\",\"dateModified\":\"2023-12-27T07:32:50+00:00\",\"mainEntityOfPage\":{\"@id\":\"https:\\\/\\\/ineditinnova.com\\\/es\\\/entendemos-el-ecodiseno-como-una-disciplina-total\\\/\"},\"wordCount\":171,\"image\":{\"@id\":\"https:\\\/\\\/ineditinnova.com\\\/es\\\/entendemos-el-ecodiseno-como-una-disciplina-total\\\/#primaryimage\"},\"thumbnailUrl\":\"https:\\\/\\\/ineditinnova.com\\\/wp-content\\\/uploads\\\/2022\\\/06\\\/Territori_ES_04-1.jpg\",\"articleSection\":[\"Ecodise\u00f1o de productos y servicios\"],\"inLanguage\":\"es\"},{\"@type\":\"WebPage\",\"@id\":\"https:\\\/\\\/ineditinnova.com\\\/es\\\/entendemos-el-ecodiseno-como-una-disciplina-total\\\/\",\"url\":\"https:\\\/\\\/ineditinnova.com\\\/es\\\/entendemos-el-ecodiseno-como-una-disciplina-total\\\/\",\"name\":\"Entendemos el ecodise\u00f1o como una disciplina total - in\u00e8dit\",\"isPartOf\":{\"@id\":\"https:\\\/\\\/ineditinnova.com\\\/en\\\/#website\"},\"primaryImageOfPage\":{\"@id\":\"https:\\\/\\\/ineditinnova.com\\\/es\\\/entendemos-el-ecodiseno-como-una-disciplina-total\\\/#primaryimage\"},\"image\":{\"@id\":\"https:\\\/\\\/ineditinnova.com\\\/es\\\/entendemos-el-ecodiseno-como-una-disciplina-total\\\/#primaryimage\"},\"thumbnailUrl\":\"https:\\\/\\\/ineditinnova.com\\\/wp-content\\\/uploads\\\/2022\\\/06\\\/Territori_ES_04-1.jpg\",\"datePublished\":\"2022-06-08T16:03:00+00:00\",\"dateModified\":\"2023-12-27T07:32:50+00:00\",\"author\":{\"@id\":\"https:\\\/\\\/ineditinnova.com\\\/en\\\/#\\\/schema\\\/person\\\/891e1158385858d9972e3d28e2abf5e5\"},\"breadcrumb\":{\"@id\":\"https:\\\/\\\/ineditinnova.com\\\/es\\\/entendemos-el-ecodiseno-como-una-disciplina-total\\\/#breadcrumb\"},\"inLanguage\":\"es\",\"potentialAction\":[{\"@type\":\"ReadAction\",\"target\":[\"https:\\\/\\\/ineditinnova.com\\\/es\\\/entendemos-el-ecodiseno-como-una-disciplina-total\\\/\"]}]},{\"@type\":\"ImageObject\",\"inLanguage\":\"es\",\"@id\":\"https:\\\/\\\/ineditinnova.com\\\/es\\\/entendemos-el-ecodiseno-como-una-disciplina-total\\\/#primaryimage\",\"url\":\"https:\\\/\\\/ineditinnova.com\\\/wp-content\\\/uploads\\\/2022\\\/06\\\/Territori_ES_04-1.jpg\",\"contentUrl\":\"https:\\\/\\\/ineditinnova.com\\\/wp-content\\\/uploads\\\/2022\\\/06\\\/Territori_ES_04-1.jpg\",\"width\":1400,\"height\":682},{\"@type\":\"BreadcrumbList\",\"@id\":\"https:\\\/\\\/ineditinnova.com\\\/es\\\/entendemos-el-ecodiseno-como-una-disciplina-total\\\/#breadcrumb\",\"itemListElement\":[{\"@type\":\"ListItem\",\"position\":1,\"name\":\"Inici\",\"item\":\"https:\\\/\\\/ineditinnova.com\\\/es\\\/\"},{\"@type\":\"ListItem\",\"position\":2,\"name\":\"Entendemos el ecodise\u00f1o como una disciplina total\"}]},{\"@type\":\"WebSite\",\"@id\":\"https:\\\/\\\/ineditinnova.com\\\/en\\\/#website\",\"url\":\"https:\\\/\\\/ineditinnova.com\\\/en\\\/\",\"name\":\"in\u00e8dit\",\"description\":\"Dise\u00f1amos soluciones circulares y sostenibles para un futuro mejor\",\"potentialAction\":[{\"@type\":\"SearchAction\",\"target\":{\"@type\":\"EntryPoint\",\"urlTemplate\":\"https:\\\/\\\/ineditinnova.com\\\/en\\\/?s={search_term_string}\"},\"query-input\":{\"@type\":\"PropertyValueSpecification\",\"valueRequired\":true,\"valueName\":\"search_term_string\"}}],\"inLanguage\":\"es\"},{\"@type\":\"Person\",\"@id\":\"https:\\\/\\\/ineditinnova.com\\\/en\\\/#\\\/schema\\\/person\\\/891e1158385858d9972e3d28e2abf5e5\",\"name\":\"Codina\",\"image\":{\"@type\":\"ImageObject\",\"inLanguage\":\"es\",\"@id\":\"https:\\\/\\\/secure.gravatar.com\\\/avatar\\\/4fff7c6f6d19e46cfd6c15f0f9b4aeb9970dd1aa4028caf6584e34d95cb8a41d?s=96&d=mm&r=g\",\"url\":\"https:\\\/\\\/secure.gravatar.com\\\/avatar\\\/4fff7c6f6d19e46cfd6c15f0f9b4aeb9970dd1aa4028caf6584e34d95cb8a41d?s=96&d=mm&r=g\",\"contentUrl\":\"https:\\\/\\\/secure.gravatar.com\\\/avatar\\\/4fff7c6f6d19e46cfd6c15f0f9b4aeb9970dd1aa4028caf6584e34d95cb8a41d?s=96&d=mm&r=g\",\"caption\":\"Codina\"},\"url\":\"https:\\\/\\\/ineditinnova.com\\\/es\\\/author\\\/inedit\\\/\"}]}<\/script>\n<!-- \/ Yoast SEO plugin. -->","yoast_head_json":{"title":"Entendemos el ecodise\u00f1o como una disciplina total - in\u00e8dit","robots":{"index":"index","follow":"follow","max-snippet":"max-snippet:-1","max-image-preview":"max-image-preview:large","max-video-preview":"max-video-preview:-1"},"canonical":"https:\/\/ineditinnova.com\/es\/entendemos-el-ecodiseno-como-una-disciplina-total\/","og_locale":"es_ES","og_type":"article","og_title":"Entendemos el ecodise\u00f1o como una disciplina total - in\u00e8dit","og_description":"Para nosotros hablar de ecodise\u00f1o no es \u00fanicamente hablar de productos, sino tambi\u00e9n de servicios y sistemas. Es una disciplina total y una estrategia clave para implementar principios de econom\u00eda circular, optimizar el uso de recursos y alcanzar valor a\u00f1adido en el mercado de cara a los clientes y a los consumidores finales. Con todo... Read more &raquo;","og_url":"https:\/\/ineditinnova.com\/es\/entendemos-el-ecodiseno-como-una-disciplina-total\/","og_site_name":"in\u00e8dit","article_publisher":"https:\/\/www.facebook.com\/ineditinnovacio\/?ref=page_internal","article_published_time":"2022-06-08T16:03:00+00:00","article_modified_time":"2023-12-27T07:32:50+00:00","og_image":[{"width":1400,"height":682,"url":"https:\/\/ineditinnova.com\/wp-content\/uploads\/2022\/06\/Territori_ES_04-1.jpg","type":"image\/jpeg"}],"author":"Codina","twitter_card":"summary_large_image","twitter_creator":"@ineditinnova","twitter_site":"@ineditinnova","twitter_misc":{"Escrito por":"Codina","Tiempo de lectura":"1 minuto"},"schema":{"@context":"https:\/\/schema.org","@graph":[{"@type":"Article","@id":"https:\/\/ineditinnova.com\/es\/entendemos-el-ecodiseno-como-una-disciplina-total\/#article","isPartOf":{"@id":"https:\/\/ineditinnova.com\/es\/entendemos-el-ecodiseno-como-una-disciplina-total\/"},"author":{"name":"Codina","@id":"https:\/\/ineditinnova.com\/en\/#\/schema\/person\/891e1158385858d9972e3d28e2abf5e5"},"headline":"Entendemos el ecodise\u00f1o como una disciplina total","datePublished":"2022-06-08T16:03:00+00:00","dateModified":"2023-12-27T07:32:50+00:00","mainEntityOfPage":{"@id":"https:\/\/ineditinnova.com\/es\/entendemos-el-ecodiseno-como-una-disciplina-total\/"},"wordCount":171,"image":{"@id":"https:\/\/ineditinnova.com\/es\/entendemos-el-ecodiseno-como-una-disciplina-total\/#primaryimage"},"thumbnailUrl":"https:\/\/ineditinnova.com\/wp-content\/uploads\/2022\/06\/Territori_ES_04-1.jpg","articleSection":["Ecodise\u00f1o de productos y servicios"],"inLanguage":"es"},{"@type":"WebPage","@id":"https:\/\/ineditinnova.com\/es\/entendemos-el-ecodiseno-como-una-disciplina-total\/","url":"https:\/\/ineditinnova.com\/es\/entendemos-el-ecodiseno-como-una-disciplina-total\/","name":"Entendemos el ecodise\u00f1o como una disciplina total - in\u00e8dit","isPartOf":{"@id":"https:\/\/ineditinnova.com\/en\/#website"},"primaryImageOfPage":{"@id":"https:\/\/ineditinnova.com\/es\/entendemos-el-ecodiseno-como-una-disciplina-total\/#primaryimage"},"image":{"@id":"https:\/\/ineditinnova.com\/es\/entendemos-el-ecodiseno-como-una-disciplina-total\/#primaryimage"},"thumbnailUrl":"https:\/\/ineditinnova.com\/wp-content\/uploads\/2022\/06\/Territori_ES_04-1.jpg","datePublished":"2022-06-08T16:03:00+00:00","dateModified":"2023-12-27T07:32:50+00:00","author":{"@id":"https:\/\/ineditinnova.com\/en\/#\/schema\/person\/891e1158385858d9972e3d28e2abf5e5"},"breadcrumb":{"@id":"https:\/\/ineditinnova.com\/es\/entendemos-el-ecodiseno-como-una-disciplina-total\/#breadcrumb"},"inLanguage":"es","potentialAction":[{"@type":"ReadAction","target":["https:\/\/ineditinnova.com\/es\/entendemos-el-ecodiseno-como-una-disciplina-total\/"]}]},{"@type":"ImageObject","inLanguage":"es","@id":"https:\/\/ineditinnova.com\/es\/entendemos-el-ecodiseno-como-una-disciplina-total\/#primaryimage","url":"https:\/\/ineditinnova.com\/wp-content\/uploads\/2022\/06\/Territori_ES_04-1.jpg","contentUrl":"https:\/\/ineditinnova.com\/wp-content\/uploads\/2022\/06\/Territori_ES_04-1.jpg","width":1400,"height":682},{"@type":"BreadcrumbList","@id":"https:\/\/ineditinnova.com\/es\/entendemos-el-ecodiseno-como-una-disciplina-total\/#breadcrumb","itemListElement":[{"@type":"ListItem","position":1,"name":"Inici","item":"https:\/\/ineditinnova.com\/es\/"},{"@type":"ListItem","position":2,"name":"Entendemos el ecodise\u00f1o como una disciplina total"}]},{"@type":"WebSite","@id":"https:\/\/ineditinnova.com\/en\/#website","url":"https:\/\/ineditinnova.com\/en\/","name":"in\u00e8dit","description":"Dise\u00f1amos soluciones circulares y sostenibles para un futuro mejor","potentialAction":[{"@type":"SearchAction","target":{"@type":"EntryPoint","urlTemplate":"https:\/\/ineditinnova.com\/en\/?s={search_term_string}"},"query-input":{"@type":"PropertyValueSpecification","valueRequired":true,"valueName":"search_term_string"}}],"inLanguage":"es"},{"@type":"Person","@id":"https:\/\/ineditinnova.com\/en\/#\/schema\/person\/891e1158385858d9972e3d28e2abf5e5","name":"Codina","image":{"@type":"ImageObject","inLanguage":"es","@id":"https:\/\/secure.gravatar.com\/avatar\/4fff7c6f6d19e46cfd6c15f0f9b4aeb9970dd1aa4028caf6584e34d95cb8a41d?s=96&d=mm&r=g","url":"https:\/\/secure.gravatar.com\/avatar\/4fff7c6f6d19e46cfd6c15f0f9b4aeb9970dd1aa4028caf6584e34d95cb8a41d?s=96&d=mm&r=g","contentUrl":"https:\/\/secure.gravatar.com\/avatar\/4fff7c6f6d19e46cfd6c15f0f9b4aeb9970dd1aa4028caf6584e34d95cb8a41d?s=96&d=mm&r=g","caption":"Codina"},"url":"https:\/\/ineditinnova.com\/es\/author\/inedit\/"}]}},"_links":{"self":[{"href":"https:\/\/ineditinnova.com\/es\/wp-json\/wp\/v2\/posts\/3567","targetHints":{"allow":["GET"]}}],"collection":[{"href":"https:\/\/ineditinnova.com\/es\/wp-json\/wp\/v2\/posts"}],"about":[{"href":"https:\/\/ineditinnova.com\/es\/wp-json\/wp\/v2\/types\/post"}],"author":[{"embeddable":true,"href":"https:\/\/ineditinnova.com\/es\/wp-json\/wp\/v2\/users\/2"}],"replies":[{"embeddable":true,"href":"https:\/\/ineditinnova.com\/es\/wp-json\/wp\/v2\/comments?post=3567"}],"version-history":[{"count":9,"href":"https:\/\/ineditinnova.com\/es\/wp-json\/wp\/v2\/posts\/3567\/revisions"}],"predecessor-version":[{"id":7425,"href":"https:\/\/ineditinnova.com\/es\/wp-json\/wp\/v2\/posts\/3567\/revisions\/7425"}],"wp:featuredmedia":[{"embeddable":true,"href":"https:\/\/ineditinnova.com\/es\/wp-json\/wp\/v2\/media\/6888"}],"wp:attachment":[{"href":"https:\/\/ineditinnova.com\/es\/wp-json\/wp\/v2\/media?parent=3567"}],"wp:term":[{"taxonomy":"category","embeddable":true,"href":"https:\/\/ineditinnova.com\/es\/wp-json\/wp\/v2\/categories?post=3567"},{"taxonomy":"post_tag","embeddable":true,"href":"https:\/\/ineditinnova.com\/es\/wp-json\/wp\/v2\/tags?post=3567"}],"curies":[{"name":"wp","href":"https:\/\/api.w.org\/{rel}","templated":true}]}}