{"id":3919,"date":"2021-02-02T15:47:00","date_gmt":"2021-02-02T15:47:00","guid":{"rendered":"https:\/\/ineditinnova.com\/?p=3919"},"modified":"2023-10-22T23:48:52","modified_gmt":"2023-10-22T23:48:52","slug":"la-guia-fanta-de-buenas-practicas-sostenibles-en-el-cultivo-de-citricos","status":"publish","type":"post","link":"https:\/\/ineditinnova.com\/es\/la-guia-fanta-de-buenas-practicas-sostenibles-en-el-cultivo-de-citricos\/","title":{"rendered":"La gu\u00eda Fanta de buenas pr\u00e1cticas sostenibles en el cultivo de c\u00edtricos"},"content":{"rendered":"\r\n<div class=\"wp-block-spacer\" style=\"height: 112px;\" aria-hidden=\"true\">\u00a0<\/div>\r\n\r\n\r\n\r\n<div class=\"wp-block-spacer\" style=\"height: 41px;\" aria-hidden=\"true\">\u00a0<\/div>\r\n\r\n\r\n\r\n<p style=\"font-size: 25px;\">Espa\u00f1a es uno de los pa\u00edses m\u00e1s secos de Europa y la zona de Valencia, Tarragona y Murcia una de las regiones con m\u00e1s estr\u00e9s h\u00eddrico. <strong>El cultivo de c\u00edtricos es un importante consumidor de agua y tambi\u00e9n un actor clave para la econom\u00eda local.<\/strong> El proyecto <em>Citrus farmers water-savers<\/em>, dentro del programa <em>Replenish<\/em> de la Fundaci\u00f3n Coca-Cola, implic\u00f3 y trabaj\u00f3 entre 2017 y 2019 con los agricultores de c\u00edtricos de la zona para <strong>garantizar la sostenibilidad a largo plazo de los recursos h\u00eddricos y, a la vez, mantener el rendimiento de los cultivos.<\/strong><\/p>\r\n\r\n\r\n\r\n<div class=\"wp-block-spacer\" style=\"height: 41px;\" aria-hidden=\"true\">\u00a0<\/div>\r\n\r\n\r\n\r\n<p style=\"font-size: 25px;\">Desde in\u00e8dit, junto con el <a href=\"https:\/\/www.irta.cat\/es\/\" target=\"_blank\" rel=\"noreferrer noopener\">Instituto de Investigaci\u00f3n y Tecnolog\u00eda Agroalimentarias (IRTA)<\/a> del Gobierno de Catalu\u00f1a y la <a href=\"https:\/\/www.uji.es\/?urlRedirect=https:\/\/www.uji.es\/&amp;url=\/\" target=\"_blank\" rel=\"noreferrer noopener\">Universitat Jaume I<\/a>, fuimos socios de la iniciativa.\u00a0Actualmente, validamos, durante 5 a\u00f1os despu\u00e9s de haber terminado el proyecto, que los productores de c\u00edtricos que participaron en el proyecto se siguen beneficiando del mismo gracias a las pr\u00e1cticas sostenibles de riego y fertilizaci\u00f3n implementadas para <strong>reducir el consumo y el impacto ambiental asociado a su producci\u00f3n<\/strong>.<\/p>\r\n\r\n\r\n\r\n<div class=\"wp-block-spacer\" style=\"height: 41px;\" aria-hidden=\"true\">\u00a0<\/div>\r\n\r\n\r\n\r\n<p style=\"font-size: 25px;\">En esta misma l\u00ednea, en 2014, publicamos la <a href=\"https:\/\/drive.google.com\/file\/d\/1w0YMjWvyN9lnj8rXJ1OPLquEQv7_7CrB\/view?usp=sharing\" target=\"_blank\" rel=\"noreferrer noopener\">\u00abGu\u00eda Fanta de buenas pr\u00e1cticas sostenibles en el cultivo de c\u00edtricos\u00bb<\/a>, patrocinada por Coca-Cola, con la participaci\u00f3n de IRTA, FRUSA y IberianPartners y coordinada por nuestro equipo.<\/p>\r\n\r\n\r\n\r\n<div class=\"wp-block-spacer\" style=\"height: 41px;\" aria-hidden=\"true\">\u00a0<\/div>\r\n\r\n\r\n<hr class=\"wp-block-separator has-text-color has-alpha-channel-opacity has-background\" style=\"background-color: #e84d20; color: #e84d20;\" \/>\r\n\r\n\r\n<p style=\"font-size: 25px;\">Seg\u00fan la Gu\u00eda Fanta, <strong>una fertilizaci\u00f3n eficiente permite ahorrar un 23% de emisiones de CO\u2082<\/strong>, mientras que <strong>disminuir el consumo de agua baja 8,8 \u20ac los costes de producci\u00f3n por tonelada de c\u00edtricos<\/strong>.<\/p>\r\n\r\n\r\n<hr class=\"wp-block-separator has-text-color has-alpha-channel-opacity has-background\" style=\"background-color: #e84d20; color: #e84d20;\" \/>\r\n\r\n\r\n<div class=\"wp-block-spacer\" style=\"height: 41px;\" aria-hidden=\"true\">\u00a0<\/div>\r\n\r\n\r\n\r\n<p style=\"font-size: 25px;\">Esta gu\u00eda es un manual que se basa en los aspectos sostenibles y de sistemas de gesti\u00f3n de los principios fundamentales de la agricultura sostenible. As\u00ed, a trav\u00e9s de doce puntos b\u00e1sicos, <strong>se resumen las principales actuaciones que deben llevar a cabo los agricultores para mejorar la productividad de sus cultivos y lograr la eficiencia y sostenibilidad de sus fincas<\/strong>.<\/p>\r\n\r\n\r\n\r\n<div class=\"wp-block-spacer\" style=\"height: 41px;\" aria-hidden=\"true\">\u00a0<\/div>\r\n\r\n\r\n<div class=\"wp-block-image\">\r\n<figure class=\"aligncenter size-large is-resized\"><a href=\"https:\/\/ineditinnova.com\/wp-content\/uploads\/2023\/01\/fanta-06-scaled.jpg\"><img decoding=\"async\" class=\"wp-image-3921 lazyload\" data-src=\"https:\/\/ineditinnova.com\/wp-content\/uploads\/2023\/01\/fanta-06-1005x1024.jpg\" alt=\"\" width=\"569\" height=\"578\" src=\"data:image\/svg+xml;base64,PHN2ZyB3aWR0aD0iMSIgaGVpZ2h0PSIxIiB4bWxucz0iaHR0cDovL3d3dy53My5vcmcvMjAwMC9zdmciPjwvc3ZnPg==\" style=\"--smush-placeholder-width: 569px; --smush-placeholder-aspect-ratio: 569\/578;\" \/><\/a><\/figure>\r\n<\/div>\r\n\r\n\r\n<div class=\"wp-block-spacer\" style=\"height: 41px;\" aria-hidden=\"true\">\u00a0<\/div>\r\n\r\n\r\n\r\n<p style=\"font-size: 25px;\"><a href=\"https:\/\/drive.google.com\/file\/d\/1w0YMjWvyN9lnj8rXJ1OPLquEQv7_7CrB\/view?usp=sharing\" target=\"_blank\" rel=\"noreferrer noopener\">Desc<\/a><a href=\"https:\/\/drive.google.com\/file\/d\/1w0YMjWvyN9lnj8rXJ1OPLquEQv7_7CrB\/view?usp=sharing\" target=\"_blank\" rel=\"noreferrer noopener\">\u00e1<\/a><a href=\"https:\/\/drive.google.com\/file\/d\/1w0YMjWvyN9lnj8rXJ1OPLquEQv7_7CrB\/view?usp=sharing\" target=\"_blank\" rel=\"noreferrer noopener\">rgate la gu\u00eda<\/a> y descubre m\u00e1s detalles <a href=\"https:\/\/www.cocacolaespana.es\/sostenibilidad\/medioambiente\/agua\/citricos-sostenibles\" target=\"_blank\" rel=\"noreferrer noopener\">aqu\u00ed<\/a>.<\/p>\r\n\r\n\r\n<hr class=\"wp-block-separator has-text-color has-alpha-channel-opacity has-background\" style=\"background-color: #e84d20; color: #e84d20;\" \/>\r\n\r\n\r\n<div class=\"wp-block-spacer\" style=\"height: 65px;\" aria-hidden=\"true\">\u00a0<\/div>\r\n\r\n\r\n\r\n<figure class=\"wp-block-gallery has-nested-images columns-default is-cropped wp-block-gallery-1 is-layout-flex wp-block-gallery-is-layout-flex\">\r\n<figure class=\"wp-block-image size-large\"><a href=\"https:\/\/ineditinnova.com\/wp-content\/uploads\/2023\/01\/Captura-de-pantalla-2023-01-09-a-les-17.07.22.png\"><img decoding=\"async\" width=\"661\" height=\"940\" data-id=\"3930\" class=\"wp-image-3930 lazyload\" data-src=\"https:\/\/ineditinnova.com\/wp-content\/uploads\/2023\/01\/Captura-de-pantalla-2023-01-09-a-les-17.07.22.png\" alt=\"\" data-srcset=\"https:\/\/ineditinnova.com\/wp-content\/uploads\/2023\/01\/Captura-de-pantalla-2023-01-09-a-les-17.07.22.png 661w, https:\/\/ineditinnova.com\/wp-content\/uploads\/2023\/01\/Captura-de-pantalla-2023-01-09-a-les-17.07.22-211x300.png 211w\" data-sizes=\"(max-width: 661px) 100vw, 661px\" src=\"data:image\/svg+xml;base64,PHN2ZyB3aWR0aD0iMSIgaGVpZ2h0PSIxIiB4bWxucz0iaHR0cDovL3d3dy53My5vcmcvMjAwMC9zdmciPjwvc3ZnPg==\" style=\"--smush-placeholder-width: 661px; --smush-placeholder-aspect-ratio: 661\/940;\" \/><\/a><\/figure>\r\n\r\n\r\n\r\n<figure class=\"wp-block-image size-large\"><a href=\"https:\/\/ineditinnova.com\/wp-content\/uploads\/2023\/01\/Captura-de-pantalla-2023-01-09-a-les-17.08.03.png\"><img decoding=\"async\" width=\"664\" height=\"942\" data-id=\"3927\" class=\"wp-image-3927 lazyload\" data-src=\"https:\/\/ineditinnova.com\/wp-content\/uploads\/2023\/01\/Captura-de-pantalla-2023-01-09-a-les-17.08.03.png\" alt=\"\" data-srcset=\"https:\/\/ineditinnova.com\/wp-content\/uploads\/2023\/01\/Captura-de-pantalla-2023-01-09-a-les-17.08.03.png 664w, https:\/\/ineditinnova.com\/wp-content\/uploads\/2023\/01\/Captura-de-pantalla-2023-01-09-a-les-17.08.03-211x300.png 211w\" data-sizes=\"(max-width: 664px) 100vw, 664px\" src=\"data:image\/svg+xml;base64,PHN2ZyB3aWR0aD0iMSIgaGVpZ2h0PSIxIiB4bWxucz0iaHR0cDovL3d3dy53My5vcmcvMjAwMC9zdmciPjwvc3ZnPg==\" style=\"--smush-placeholder-width: 664px; --smush-placeholder-aspect-ratio: 664\/942;\" \/><\/a><\/figure>\r\n<\/figure>\r\n","protected":false},"excerpt":{"rendered":"<p>Espa\u00f1a es uno de los pa\u00edses m\u00e1s secos de Europa y la zona de Valencia, Tarragona y Murcia una de las regiones con m\u00e1s estr\u00e9s h\u00eddrico. El cultivo de c\u00edtricos es un importante consumidor de agua y tambi\u00e9n un actor clave para la econom\u00eda local. El proyecto Citrus farmers water-savers, dentro del programa Replenish de&#8230;  <a class=\"excerpt-read-more\" href=\"https:\/\/ineditinnova.com\/es\/la-guia-fanta-de-buenas-practicas-sostenibles-en-el-cultivo-de-citricos\/\" title=\"Read La gu\u00eda Fanta de buenas pr\u00e1cticas sostenibles en el cultivo de c\u00edtricos\">Read more &raquo;<\/a><\/p>\n","protected":false},"author":2,"featured_media":6935,"comment_status":"open","ping_status":"open","sticky":false,"template":"","format":"standard","meta":{"_acf_changed":false,"footnotes":""},"categories":[21],"tags":[56],"class_list":["post-3919","post","type-post","status-publish","format-standard","has-post-thumbnail","hentry","category-ecodiseno","tag-informe-es"],"acf":[],"yoast_head":"<!-- This site is optimized with the Yoast SEO plugin v27.5 - https:\/\/yoast.com\/product\/yoast-seo-wordpress\/ -->\n<title>La gu\u00eda Fanta de buenas pr\u00e1cticas sostenibles en el cultivo de c\u00edtricos - in\u00e8dit<\/title>\n<meta name=\"robots\" content=\"index, follow, max-snippet:-1, max-image-preview:large, max-video-preview:-1\" \/>\n<link rel=\"canonical\" href=\"https:\/\/ineditinnova.com\/es\/la-guia-fanta-de-buenas-practicas-sostenibles-en-el-cultivo-de-citricos\/\" \/>\n<meta property=\"og:locale\" content=\"es_ES\" \/>\n<meta property=\"og:type\" content=\"article\" \/>\n<meta property=\"og:title\" content=\"La gu\u00eda Fanta de buenas pr\u00e1cticas sostenibles en el cultivo de c\u00edtricos - in\u00e8dit\" \/>\n<meta property=\"og:description\" content=\"Espa\u00f1a es uno de los pa\u00edses m\u00e1s secos de Europa y la zona de Valencia, Tarragona y Murcia una de las regiones con m\u00e1s estr\u00e9s h\u00eddrico. El cultivo de c\u00edtricos es un importante consumidor de agua y tambi\u00e9n un actor clave para la econom\u00eda local. El proyecto Citrus farmers water-savers, dentro del programa Replenish de... Read more &raquo;\" \/>\n<meta property=\"og:url\" content=\"https:\/\/ineditinnova.com\/es\/la-guia-fanta-de-buenas-practicas-sostenibles-en-el-cultivo-de-citricos\/\" \/>\n<meta property=\"og:site_name\" content=\"in\u00e8dit\" \/>\n<meta property=\"article:publisher\" content=\"https:\/\/www.facebook.com\/ineditinnovacio\/?ref=page_internal\" \/>\n<meta property=\"article:published_time\" content=\"2021-02-02T15:47:00+00:00\" \/>\n<meta property=\"article:modified_time\" content=\"2023-10-22T23:48:52+00:00\" \/>\n<meta property=\"og:image\" content=\"https:\/\/ineditinnova.com\/wp-content\/uploads\/2021\/02\/Guia_fanta-1.jpg\" \/>\n\t<meta property=\"og:image:width\" content=\"1425\" \/>\n\t<meta property=\"og:image:height\" content=\"718\" \/>\n\t<meta property=\"og:image:type\" content=\"image\/jpeg\" \/>\n<meta name=\"author\" content=\"Codina\" \/>\n<meta name=\"twitter:card\" content=\"summary_large_image\" \/>\n<meta name=\"twitter:creator\" content=\"@ineditinnova\" \/>\n<meta name=\"twitter:site\" content=\"@ineditinnova\" \/>\n<meta name=\"twitter:label1\" content=\"Escrito por\" \/>\n\t<meta name=\"twitter:data1\" content=\"Codina\" \/>\n\t<meta name=\"twitter:label2\" content=\"Tiempo de lectura\" \/>\n\t<meta name=\"twitter:data2\" content=\"3 minutos\" \/>\n<script type=\"application\/ld+json\" class=\"yoast-schema-graph\">{\"@context\":\"https:\\\/\\\/schema.org\",\"@graph\":[{\"@type\":\"Article\",\"@id\":\"https:\\\/\\\/ineditinnova.com\\\/es\\\/la-guia-fanta-de-buenas-practicas-sostenibles-en-el-cultivo-de-citricos\\\/#article\",\"isPartOf\":{\"@id\":\"https:\\\/\\\/ineditinnova.com\\\/es\\\/la-guia-fanta-de-buenas-practicas-sostenibles-en-el-cultivo-de-citricos\\\/\"},\"author\":{\"name\":\"Codina\",\"@id\":\"https:\\\/\\\/ineditinnova.com\\\/en\\\/#\\\/schema\\\/person\\\/891e1158385858d9972e3d28e2abf5e5\"},\"headline\":\"La gu\u00eda Fanta de buenas pr\u00e1cticas sostenibles en el cultivo de c\u00edtricos\",\"datePublished\":\"2021-02-02T15:47:00+00:00\",\"dateModified\":\"2023-10-22T23:48:52+00:00\",\"mainEntityOfPage\":{\"@id\":\"https:\\\/\\\/ineditinnova.com\\\/es\\\/la-guia-fanta-de-buenas-practicas-sostenibles-en-el-cultivo-de-citricos\\\/\"},\"wordCount\":351,\"commentCount\":0,\"image\":{\"@id\":\"https:\\\/\\\/ineditinnova.com\\\/es\\\/la-guia-fanta-de-buenas-practicas-sostenibles-en-el-cultivo-de-citricos\\\/#primaryimage\"},\"thumbnailUrl\":\"https:\\\/\\\/ineditinnova.com\\\/wp-content\\\/uploads\\\/2021\\\/02\\\/Guia_fanta-1.jpg\",\"keywords\":[\"INFORME\"],\"articleSection\":[\"Ecodise\u00f1o de productos y servicios\"],\"inLanguage\":\"es\",\"potentialAction\":[{\"@type\":\"CommentAction\",\"name\":\"Comment\",\"target\":[\"https:\\\/\\\/ineditinnova.com\\\/es\\\/la-guia-fanta-de-buenas-practicas-sostenibles-en-el-cultivo-de-citricos\\\/#respond\"]}]},{\"@type\":\"WebPage\",\"@id\":\"https:\\\/\\\/ineditinnova.com\\\/es\\\/la-guia-fanta-de-buenas-practicas-sostenibles-en-el-cultivo-de-citricos\\\/\",\"url\":\"https:\\\/\\\/ineditinnova.com\\\/es\\\/la-guia-fanta-de-buenas-practicas-sostenibles-en-el-cultivo-de-citricos\\\/\",\"name\":\"La gu\u00eda Fanta de buenas pr\u00e1cticas sostenibles en el cultivo de c\u00edtricos - in\u00e8dit\",\"isPartOf\":{\"@id\":\"https:\\\/\\\/ineditinnova.com\\\/en\\\/#website\"},\"primaryImageOfPage\":{\"@id\":\"https:\\\/\\\/ineditinnova.com\\\/es\\\/la-guia-fanta-de-buenas-practicas-sostenibles-en-el-cultivo-de-citricos\\\/#primaryimage\"},\"image\":{\"@id\":\"https:\\\/\\\/ineditinnova.com\\\/es\\\/la-guia-fanta-de-buenas-practicas-sostenibles-en-el-cultivo-de-citricos\\\/#primaryimage\"},\"thumbnailUrl\":\"https:\\\/\\\/ineditinnova.com\\\/wp-content\\\/uploads\\\/2021\\\/02\\\/Guia_fanta-1.jpg\",\"datePublished\":\"2021-02-02T15:47:00+00:00\",\"dateModified\":\"2023-10-22T23:48:52+00:00\",\"author\":{\"@id\":\"https:\\\/\\\/ineditinnova.com\\\/en\\\/#\\\/schema\\\/person\\\/891e1158385858d9972e3d28e2abf5e5\"},\"breadcrumb\":{\"@id\":\"https:\\\/\\\/ineditinnova.com\\\/es\\\/la-guia-fanta-de-buenas-practicas-sostenibles-en-el-cultivo-de-citricos\\\/#breadcrumb\"},\"inLanguage\":\"es\",\"potentialAction\":[{\"@type\":\"ReadAction\",\"target\":[\"https:\\\/\\\/ineditinnova.com\\\/es\\\/la-guia-fanta-de-buenas-practicas-sostenibles-en-el-cultivo-de-citricos\\\/\"]}]},{\"@type\":\"ImageObject\",\"inLanguage\":\"es\",\"@id\":\"https:\\\/\\\/ineditinnova.com\\\/es\\\/la-guia-fanta-de-buenas-practicas-sostenibles-en-el-cultivo-de-citricos\\\/#primaryimage\",\"url\":\"https:\\\/\\\/ineditinnova.com\\\/wp-content\\\/uploads\\\/2021\\\/02\\\/Guia_fanta-1.jpg\",\"contentUrl\":\"https:\\\/\\\/ineditinnova.com\\\/wp-content\\\/uploads\\\/2021\\\/02\\\/Guia_fanta-1.jpg\",\"width\":1425,\"height\":718},{\"@type\":\"BreadcrumbList\",\"@id\":\"https:\\\/\\\/ineditinnova.com\\\/es\\\/la-guia-fanta-de-buenas-practicas-sostenibles-en-el-cultivo-de-citricos\\\/#breadcrumb\",\"itemListElement\":[{\"@type\":\"ListItem\",\"position\":1,\"name\":\"Inici\",\"item\":\"https:\\\/\\\/ineditinnova.com\\\/es\\\/\"},{\"@type\":\"ListItem\",\"position\":2,\"name\":\"La gu\u00eda Fanta de buenas pr\u00e1cticas sostenibles en el cultivo de c\u00edtricos\"}]},{\"@type\":\"WebSite\",\"@id\":\"https:\\\/\\\/ineditinnova.com\\\/en\\\/#website\",\"url\":\"https:\\\/\\\/ineditinnova.com\\\/en\\\/\",\"name\":\"in\u00e8dit\",\"description\":\"Dise\u00f1amos soluciones circulares y sostenibles para un futuro mejor\",\"potentialAction\":[{\"@type\":\"SearchAction\",\"target\":{\"@type\":\"EntryPoint\",\"urlTemplate\":\"https:\\\/\\\/ineditinnova.com\\\/en\\\/?s={search_term_string}\"},\"query-input\":{\"@type\":\"PropertyValueSpecification\",\"valueRequired\":true,\"valueName\":\"search_term_string\"}}],\"inLanguage\":\"es\"},{\"@type\":\"Person\",\"@id\":\"https:\\\/\\\/ineditinnova.com\\\/en\\\/#\\\/schema\\\/person\\\/891e1158385858d9972e3d28e2abf5e5\",\"name\":\"Codina\",\"image\":{\"@type\":\"ImageObject\",\"inLanguage\":\"es\",\"@id\":\"https:\\\/\\\/secure.gravatar.com\\\/avatar\\\/4fff7c6f6d19e46cfd6c15f0f9b4aeb9970dd1aa4028caf6584e34d95cb8a41d?s=96&d=mm&r=g\",\"url\":\"https:\\\/\\\/secure.gravatar.com\\\/avatar\\\/4fff7c6f6d19e46cfd6c15f0f9b4aeb9970dd1aa4028caf6584e34d95cb8a41d?s=96&d=mm&r=g\",\"contentUrl\":\"https:\\\/\\\/secure.gravatar.com\\\/avatar\\\/4fff7c6f6d19e46cfd6c15f0f9b4aeb9970dd1aa4028caf6584e34d95cb8a41d?s=96&d=mm&r=g\",\"caption\":\"Codina\"},\"url\":\"https:\\\/\\\/ineditinnova.com\\\/es\\\/author\\\/inedit\\\/\"}]}<\/script>\n<!-- \/ Yoast SEO plugin. -->","yoast_head_json":{"title":"La gu\u00eda Fanta de buenas pr\u00e1cticas sostenibles en el cultivo de c\u00edtricos - in\u00e8dit","robots":{"index":"index","follow":"follow","max-snippet":"max-snippet:-1","max-image-preview":"max-image-preview:large","max-video-preview":"max-video-preview:-1"},"canonical":"https:\/\/ineditinnova.com\/es\/la-guia-fanta-de-buenas-practicas-sostenibles-en-el-cultivo-de-citricos\/","og_locale":"es_ES","og_type":"article","og_title":"La gu\u00eda Fanta de buenas pr\u00e1cticas sostenibles en el cultivo de c\u00edtricos - in\u00e8dit","og_description":"Espa\u00f1a es uno de los pa\u00edses m\u00e1s secos de Europa y la zona de Valencia, Tarragona y Murcia una de las regiones con m\u00e1s estr\u00e9s h\u00eddrico. El cultivo de c\u00edtricos es un importante consumidor de agua y tambi\u00e9n un actor clave para la econom\u00eda local. El proyecto Citrus farmers water-savers, dentro del programa Replenish de... Read more &raquo;","og_url":"https:\/\/ineditinnova.com\/es\/la-guia-fanta-de-buenas-practicas-sostenibles-en-el-cultivo-de-citricos\/","og_site_name":"in\u00e8dit","article_publisher":"https:\/\/www.facebook.com\/ineditinnovacio\/?ref=page_internal","article_published_time":"2021-02-02T15:47:00+00:00","article_modified_time":"2023-10-22T23:48:52+00:00","og_image":[{"width":1425,"height":718,"url":"https:\/\/ineditinnova.com\/wp-content\/uploads\/2021\/02\/Guia_fanta-1.jpg","type":"image\/jpeg"}],"author":"Codina","twitter_card":"summary_large_image","twitter_creator":"@ineditinnova","twitter_site":"@ineditinnova","twitter_misc":{"Escrito por":"Codina","Tiempo de lectura":"3 minutos"},"schema":{"@context":"https:\/\/schema.org","@graph":[{"@type":"Article","@id":"https:\/\/ineditinnova.com\/es\/la-guia-fanta-de-buenas-practicas-sostenibles-en-el-cultivo-de-citricos\/#article","isPartOf":{"@id":"https:\/\/ineditinnova.com\/es\/la-guia-fanta-de-buenas-practicas-sostenibles-en-el-cultivo-de-citricos\/"},"author":{"name":"Codina","@id":"https:\/\/ineditinnova.com\/en\/#\/schema\/person\/891e1158385858d9972e3d28e2abf5e5"},"headline":"La gu\u00eda Fanta de buenas pr\u00e1cticas sostenibles en el cultivo de c\u00edtricos","datePublished":"2021-02-02T15:47:00+00:00","dateModified":"2023-10-22T23:48:52+00:00","mainEntityOfPage":{"@id":"https:\/\/ineditinnova.com\/es\/la-guia-fanta-de-buenas-practicas-sostenibles-en-el-cultivo-de-citricos\/"},"wordCount":351,"commentCount":0,"image":{"@id":"https:\/\/ineditinnova.com\/es\/la-guia-fanta-de-buenas-practicas-sostenibles-en-el-cultivo-de-citricos\/#primaryimage"},"thumbnailUrl":"https:\/\/ineditinnova.com\/wp-content\/uploads\/2021\/02\/Guia_fanta-1.jpg","keywords":["INFORME"],"articleSection":["Ecodise\u00f1o de productos y servicios"],"inLanguage":"es","potentialAction":[{"@type":"CommentAction","name":"Comment","target":["https:\/\/ineditinnova.com\/es\/la-guia-fanta-de-buenas-practicas-sostenibles-en-el-cultivo-de-citricos\/#respond"]}]},{"@type":"WebPage","@id":"https:\/\/ineditinnova.com\/es\/la-guia-fanta-de-buenas-practicas-sostenibles-en-el-cultivo-de-citricos\/","url":"https:\/\/ineditinnova.com\/es\/la-guia-fanta-de-buenas-practicas-sostenibles-en-el-cultivo-de-citricos\/","name":"La gu\u00eda Fanta de buenas pr\u00e1cticas sostenibles en el cultivo de c\u00edtricos - in\u00e8dit","isPartOf":{"@id":"https:\/\/ineditinnova.com\/en\/#website"},"primaryImageOfPage":{"@id":"https:\/\/ineditinnova.com\/es\/la-guia-fanta-de-buenas-practicas-sostenibles-en-el-cultivo-de-citricos\/#primaryimage"},"image":{"@id":"https:\/\/ineditinnova.com\/es\/la-guia-fanta-de-buenas-practicas-sostenibles-en-el-cultivo-de-citricos\/#primaryimage"},"thumbnailUrl":"https:\/\/ineditinnova.com\/wp-content\/uploads\/2021\/02\/Guia_fanta-1.jpg","datePublished":"2021-02-02T15:47:00+00:00","dateModified":"2023-10-22T23:48:52+00:00","author":{"@id":"https:\/\/ineditinnova.com\/en\/#\/schema\/person\/891e1158385858d9972e3d28e2abf5e5"},"breadcrumb":{"@id":"https:\/\/ineditinnova.com\/es\/la-guia-fanta-de-buenas-practicas-sostenibles-en-el-cultivo-de-citricos\/#breadcrumb"},"inLanguage":"es","potentialAction":[{"@type":"ReadAction","target":["https:\/\/ineditinnova.com\/es\/la-guia-fanta-de-buenas-practicas-sostenibles-en-el-cultivo-de-citricos\/"]}]},{"@type":"ImageObject","inLanguage":"es","@id":"https:\/\/ineditinnova.com\/es\/la-guia-fanta-de-buenas-practicas-sostenibles-en-el-cultivo-de-citricos\/#primaryimage","url":"https:\/\/ineditinnova.com\/wp-content\/uploads\/2021\/02\/Guia_fanta-1.jpg","contentUrl":"https:\/\/ineditinnova.com\/wp-content\/uploads\/2021\/02\/Guia_fanta-1.jpg","width":1425,"height":718},{"@type":"BreadcrumbList","@id":"https:\/\/ineditinnova.com\/es\/la-guia-fanta-de-buenas-practicas-sostenibles-en-el-cultivo-de-citricos\/#breadcrumb","itemListElement":[{"@type":"ListItem","position":1,"name":"Inici","item":"https:\/\/ineditinnova.com\/es\/"},{"@type":"ListItem","position":2,"name":"La gu\u00eda Fanta de buenas pr\u00e1cticas sostenibles en el cultivo de c\u00edtricos"}]},{"@type":"WebSite","@id":"https:\/\/ineditinnova.com\/en\/#website","url":"https:\/\/ineditinnova.com\/en\/","name":"in\u00e8dit","description":"Dise\u00f1amos soluciones circulares y sostenibles para un futuro mejor","potentialAction":[{"@type":"SearchAction","target":{"@type":"EntryPoint","urlTemplate":"https:\/\/ineditinnova.com\/en\/?s={search_term_string}"},"query-input":{"@type":"PropertyValueSpecification","valueRequired":true,"valueName":"search_term_string"}}],"inLanguage":"es"},{"@type":"Person","@id":"https:\/\/ineditinnova.com\/en\/#\/schema\/person\/891e1158385858d9972e3d28e2abf5e5","name":"Codina","image":{"@type":"ImageObject","inLanguage":"es","@id":"https:\/\/secure.gravatar.com\/avatar\/4fff7c6f6d19e46cfd6c15f0f9b4aeb9970dd1aa4028caf6584e34d95cb8a41d?s=96&d=mm&r=g","url":"https:\/\/secure.gravatar.com\/avatar\/4fff7c6f6d19e46cfd6c15f0f9b4aeb9970dd1aa4028caf6584e34d95cb8a41d?s=96&d=mm&r=g","contentUrl":"https:\/\/secure.gravatar.com\/avatar\/4fff7c6f6d19e46cfd6c15f0f9b4aeb9970dd1aa4028caf6584e34d95cb8a41d?s=96&d=mm&r=g","caption":"Codina"},"url":"https:\/\/ineditinnova.com\/es\/author\/inedit\/"}]}},"_links":{"self":[{"href":"https:\/\/ineditinnova.com\/es\/wp-json\/wp\/v2\/posts\/3919","targetHints":{"allow":["GET"]}}],"collection":[{"href":"https:\/\/ineditinnova.com\/es\/wp-json\/wp\/v2\/posts"}],"about":[{"href":"https:\/\/ineditinnova.com\/es\/wp-json\/wp\/v2\/types\/post"}],"author":[{"embeddable":true,"href":"https:\/\/ineditinnova.com\/es\/wp-json\/wp\/v2\/users\/2"}],"replies":[{"embeddable":true,"href":"https:\/\/ineditinnova.com\/es\/wp-json\/wp\/v2\/comments?post=3919"}],"version-history":[{"count":10,"href":"https:\/\/ineditinnova.com\/es\/wp-json\/wp\/v2\/posts\/3919\/revisions"}],"predecessor-version":[{"id":6937,"href":"https:\/\/ineditinnova.com\/es\/wp-json\/wp\/v2\/posts\/3919\/revisions\/6937"}],"wp:featuredmedia":[{"embeddable":true,"href":"https:\/\/ineditinnova.com\/es\/wp-json\/wp\/v2\/media\/6935"}],"wp:attachment":[{"href":"https:\/\/ineditinnova.com\/es\/wp-json\/wp\/v2\/media?parent=3919"}],"wp:term":[{"taxonomy":"category","embeddable":true,"href":"https:\/\/ineditinnova.com\/es\/wp-json\/wp\/v2\/categories?post=3919"},{"taxonomy":"post_tag","embeddable":true,"href":"https:\/\/ineditinnova.com\/es\/wp-json\/wp\/v2\/tags?post=3919"}],"curies":[{"name":"wp","href":"https:\/\/api.w.org\/{rel}","templated":true}]}}