{"id":5657,"date":"2023-06-27T14:23:20","date_gmt":"2023-06-27T14:23:20","guid":{"rendered":"https:\/\/ineditinnova.com\/?p=5657"},"modified":"2023-10-22T22:47:52","modified_gmt":"2023-10-22T22:47:52","slug":"mesurar-per-accelerar-la-transicio-de-les-empreses-cap-a-leconomia-circular","status":"publish","type":"post","link":"https:\/\/ineditinnova.com\/es\/mesurar-per-accelerar-la-transicio-de-les-empreses-cap-a-leconomia-circular\/","title":{"rendered":"Medir para acelerar la transici\u00f3n de las empresas hacia la econom\u00eda circular"},"content":{"rendered":"\r\n<p>&nbsp;<\/p>\r\n\r\n\r\n\r\n<p>&nbsp;<\/p>\r\n\r\n\r\n\r\n<p style=\"font-size: 25px;\">La econom\u00eda circular puede reducir hasta un 40% las emisiones globales de gases de efecto invernadero, pero actualmente solo el 7,2% de la econom\u00eda global es circular. Aunque las empresas son cada vez m\u00e1s conscientes de la importancia de abogar por una transici\u00f3n hacia un mundo neutro en carbono,<strong> la circularidad se enfrenta un desaf\u00edo urgente: establecer m\u00e9tricas que permitan medir su avance y su impacto en la sostenibilidad de manera fiable y consistente. <\/strong>En este sentido, es destacable la labor del <a href=\"https:\/\/www.wbcsd.org\/\">World Business Council for Sustainable Development (WBCSD)<\/a>, que ha definido los llamados Indicadores de Transici\u00f3n Circular (Circular Transition Indicators, CTI), de los que <a href=\"https:\/\/www.wbcsd.org\/Programs\/Circular-Economy\/Metrics-Measurement\/Resources\/Circular-Transition-Indicators-v4.0-Metrics-for-business-by-business\">acaba de publicar su versi\u00f3n 4.0.<\/a><\/p>\r\n\r\n\r\n\r\n<p style=\"font-size: 25px;\">Esta nueva edici\u00f3n de los Indicadores de Transici\u00f3n Circular proporciona <strong>un marco universal y consistente para evaluar el nivel de circularidad de una empresa, identificar nuevos objetivos de mejora y monitorear su progreso. <\/strong>De este modo, los CTI permiten cuantificar y comunicar los beneficios clim\u00e1ticos y naturales de las iniciativas circulares, fortalecer las capacidades de reporte y guiar a las empresas para aumentar su circularidad mediante la identificaci\u00f3n de acciones pr\u00e1cticas para optimizar el uso de los recursos, reducir los residuos y maximizar el potencial de circularidad.<\/p>\r\n\r\n\r\n\r\n<p style=\"font-size: 25px;\">El WBCSD es una comunidad global liderada por los directores generales de m\u00e1s de 200 empresas sostenibles l\u00edderes en el mundo, entre las que se encuentran, por ejemplo, Apple, Acciona, Roche, Fujitsu o Iberdrola, que trabajan colectivamente para acelerar las transformaciones del sistema que permitan lograr un futuro neutro en carbono, positivo para la naturaleza y m\u00e1s equitativo.<\/p>\r\n\r\n\r\n\r\n<div class=\"wp-block-buttons is-layout-flex wp-block-buttons-is-layout-flex\">\r\n<div class=\"wp-block-button has-custom-width wp-block-button__width-100 has-custom-font-size\" style=\"font-size: 25px;\"><a class=\"wp-block-button__link has-text-align-center wp-element-button\" target=\"_blank\" rel=\"noreferrer noopener\">Consultad aqu\u00ed la publicaci\u00f3n: <strong><em>Circular Transition Indicators v4.0<\/em><\/strong><\/a><\/div>\r\n<\/div>\r\n","protected":false},"excerpt":{"rendered":"<p>&nbsp; &nbsp; La econom\u00eda circular puede reducir hasta un 40% las emisiones globales de gases de efecto invernadero, pero actualmente solo el 7,2% de la econom\u00eda global es circular. Aunque las empresas son cada vez m\u00e1s conscientes de la importancia de abogar por una transici\u00f3n hacia un mundo neutro en carbono, la circularidad se enfrenta&#8230;  <a class=\"excerpt-read-more\" href=\"https:\/\/ineditinnova.com\/es\/mesurar-per-accelerar-la-transicio-de-les-empreses-cap-a-leconomia-circular\/\" title=\"Read Medir para acelerar la transici\u00f3n de las empresas hacia la econom\u00eda circular\">Read more &raquo;<\/a><\/p>\n","protected":false},"author":2,"featured_media":6721,"comment_status":"closed","ping_status":"closed","sticky":false,"template":"","format":"standard","meta":{"_acf_changed":false,"footnotes":""},"categories":[43,31],"tags":[56],"class_list":["post-5657","post","type-post","status-publish","format-standard","has-post-thumbnail","hentry","category-metricas","category-cadena","tag-informe-es"],"acf":[],"yoast_head":"<!-- This site is optimized with the Yoast SEO plugin v27.5 - https:\/\/yoast.com\/product\/yoast-seo-wordpress\/ -->\n<title>Medir para acelerar la transici\u00f3n de las empresas hacia la econom\u00eda circular - in\u00e8dit<\/title>\n<meta name=\"description\" content=\"El World Business Council for Sustainable Development ha definido indicadores para medir la circularidad y acelerar la econom\u00eda circular\" \/>\n<meta name=\"robots\" content=\"index, follow, max-snippet:-1, max-image-preview:large, max-video-preview:-1\" \/>\n<link rel=\"canonical\" href=\"https:\/\/ineditinnova.com\/es\/mesurar-per-accelerar-la-transicio-de-les-empreses-cap-a-leconomia-circular\/\" \/>\n<meta property=\"og:locale\" content=\"es_ES\" \/>\n<meta property=\"og:type\" content=\"article\" \/>\n<meta property=\"og:title\" content=\"Medir para acelerar la transici\u00f3n de las empresas hacia la econom\u00eda circular - in\u00e8dit\" \/>\n<meta property=\"og:description\" content=\"El World Business Council for Sustainable Development ha definido indicadores para medir la circularidad y acelerar la econom\u00eda circular\" \/>\n<meta property=\"og:url\" content=\"https:\/\/ineditinnova.com\/es\/mesurar-per-accelerar-la-transicio-de-les-empreses-cap-a-leconomia-circular\/\" \/>\n<meta property=\"og:site_name\" content=\"in\u00e8dit\" \/>\n<meta property=\"article:publisher\" content=\"https:\/\/www.facebook.com\/ineditinnovacio\/?ref=page_internal\" \/>\n<meta property=\"article:published_time\" content=\"2023-06-27T14:23:20+00:00\" \/>\n<meta property=\"article:modified_time\" content=\"2023-10-22T22:47:52+00:00\" \/>\n<meta property=\"og:image\" content=\"https:\/\/ineditinnova.com\/wp-content\/uploads\/2023\/06\/CTI_WBCSD-fotor-20230627162011-1.jpg\" \/>\n\t<meta property=\"og:image:width\" content=\"800\" \/>\n\t<meta property=\"og:image:height\" content=\"533\" \/>\n\t<meta property=\"og:image:type\" content=\"image\/jpeg\" \/>\n<meta name=\"author\" content=\"Codina\" \/>\n<meta name=\"twitter:card\" content=\"summary_large_image\" \/>\n<meta name=\"twitter:creator\" content=\"@ineditinnova\" \/>\n<meta name=\"twitter:site\" content=\"@ineditinnova\" \/>\n<meta name=\"twitter:label1\" content=\"Escrito por\" \/>\n\t<meta name=\"twitter:data1\" content=\"Codina\" \/>\n\t<meta name=\"twitter:label2\" content=\"Tiempo de lectura\" \/>\n\t<meta name=\"twitter:data2\" content=\"2 minutos\" \/>\n<script type=\"application\/ld+json\" class=\"yoast-schema-graph\">{\"@context\":\"https:\\\/\\\/schema.org\",\"@graph\":[{\"@type\":\"Article\",\"@id\":\"https:\\\/\\\/ineditinnova.com\\\/es\\\/mesurar-per-accelerar-la-transicio-de-les-empreses-cap-a-leconomia-circular\\\/#article\",\"isPartOf\":{\"@id\":\"https:\\\/\\\/ineditinnova.com\\\/es\\\/mesurar-per-accelerar-la-transicio-de-les-empreses-cap-a-leconomia-circular\\\/\"},\"author\":{\"name\":\"Codina\",\"@id\":\"https:\\\/\\\/ineditinnova.com\\\/en\\\/#\\\/schema\\\/person\\\/891e1158385858d9972e3d28e2abf5e5\"},\"headline\":\"Medir para acelerar la transici\u00f3n de las empresas hacia la econom\u00eda circular\",\"datePublished\":\"2023-06-27T14:23:20+00:00\",\"dateModified\":\"2023-10-22T22:47:52+00:00\",\"mainEntityOfPage\":{\"@id\":\"https:\\\/\\\/ineditinnova.com\\\/es\\\/mesurar-per-accelerar-la-transicio-de-les-empreses-cap-a-leconomia-circular\\\/\"},\"wordCount\":293,\"image\":{\"@id\":\"https:\\\/\\\/ineditinnova.com\\\/es\\\/mesurar-per-accelerar-la-transicio-de-les-empreses-cap-a-leconomia-circular\\\/#primaryimage\"},\"thumbnailUrl\":\"https:\\\/\\\/ineditinnova.com\\\/wp-content\\\/uploads\\\/2023\\\/06\\\/CTI_WBCSD-fotor-20230627162011-1.jpg\",\"keywords\":[\"INFORME\"],\"articleSection\":[\"CUANTIFICACI\u00d3N DE IMPACTOS AMBIENTALES\",\"ESTRATEGIA DE NEGOCIO SOSTENIBLE\"],\"inLanguage\":\"es\"},{\"@type\":\"WebPage\",\"@id\":\"https:\\\/\\\/ineditinnova.com\\\/es\\\/mesurar-per-accelerar-la-transicio-de-les-empreses-cap-a-leconomia-circular\\\/\",\"url\":\"https:\\\/\\\/ineditinnova.com\\\/es\\\/mesurar-per-accelerar-la-transicio-de-les-empreses-cap-a-leconomia-circular\\\/\",\"name\":\"Medir para acelerar la transici\u00f3n de las empresas hacia la econom\u00eda circular - in\u00e8dit\",\"isPartOf\":{\"@id\":\"https:\\\/\\\/ineditinnova.com\\\/en\\\/#website\"},\"primaryImageOfPage\":{\"@id\":\"https:\\\/\\\/ineditinnova.com\\\/es\\\/mesurar-per-accelerar-la-transicio-de-les-empreses-cap-a-leconomia-circular\\\/#primaryimage\"},\"image\":{\"@id\":\"https:\\\/\\\/ineditinnova.com\\\/es\\\/mesurar-per-accelerar-la-transicio-de-les-empreses-cap-a-leconomia-circular\\\/#primaryimage\"},\"thumbnailUrl\":\"https:\\\/\\\/ineditinnova.com\\\/wp-content\\\/uploads\\\/2023\\\/06\\\/CTI_WBCSD-fotor-20230627162011-1.jpg\",\"datePublished\":\"2023-06-27T14:23:20+00:00\",\"dateModified\":\"2023-10-22T22:47:52+00:00\",\"author\":{\"@id\":\"https:\\\/\\\/ineditinnova.com\\\/en\\\/#\\\/schema\\\/person\\\/891e1158385858d9972e3d28e2abf5e5\"},\"description\":\"El World Business Council for Sustainable Development ha definido indicadores para medir la circularidad y acelerar la econom\u00eda circular\",\"breadcrumb\":{\"@id\":\"https:\\\/\\\/ineditinnova.com\\\/es\\\/mesurar-per-accelerar-la-transicio-de-les-empreses-cap-a-leconomia-circular\\\/#breadcrumb\"},\"inLanguage\":\"es\",\"potentialAction\":[{\"@type\":\"ReadAction\",\"target\":[\"https:\\\/\\\/ineditinnova.com\\\/es\\\/mesurar-per-accelerar-la-transicio-de-les-empreses-cap-a-leconomia-circular\\\/\"]}]},{\"@type\":\"ImageObject\",\"inLanguage\":\"es\",\"@id\":\"https:\\\/\\\/ineditinnova.com\\\/es\\\/mesurar-per-accelerar-la-transicio-de-les-empreses-cap-a-leconomia-circular\\\/#primaryimage\",\"url\":\"https:\\\/\\\/ineditinnova.com\\\/wp-content\\\/uploads\\\/2023\\\/06\\\/CTI_WBCSD-fotor-20230627162011-1.jpg\",\"contentUrl\":\"https:\\\/\\\/ineditinnova.com\\\/wp-content\\\/uploads\\\/2023\\\/06\\\/CTI_WBCSD-fotor-20230627162011-1.jpg\",\"width\":800,\"height\":533},{\"@type\":\"BreadcrumbList\",\"@id\":\"https:\\\/\\\/ineditinnova.com\\\/es\\\/mesurar-per-accelerar-la-transicio-de-les-empreses-cap-a-leconomia-circular\\\/#breadcrumb\",\"itemListElement\":[{\"@type\":\"ListItem\",\"position\":1,\"name\":\"Inici\",\"item\":\"https:\\\/\\\/ineditinnova.com\\\/es\\\/\"},{\"@type\":\"ListItem\",\"position\":2,\"name\":\"Medir para acelerar la transici\u00f3n de las empresas hacia la econom\u00eda circular\"}]},{\"@type\":\"WebSite\",\"@id\":\"https:\\\/\\\/ineditinnova.com\\\/en\\\/#website\",\"url\":\"https:\\\/\\\/ineditinnova.com\\\/en\\\/\",\"name\":\"in\u00e8dit\",\"description\":\"Dise\u00f1amos soluciones circulares y sostenibles para un futuro mejor\",\"potentialAction\":[{\"@type\":\"SearchAction\",\"target\":{\"@type\":\"EntryPoint\",\"urlTemplate\":\"https:\\\/\\\/ineditinnova.com\\\/en\\\/?s={search_term_string}\"},\"query-input\":{\"@type\":\"PropertyValueSpecification\",\"valueRequired\":true,\"valueName\":\"search_term_string\"}}],\"inLanguage\":\"es\"},{\"@type\":\"Person\",\"@id\":\"https:\\\/\\\/ineditinnova.com\\\/en\\\/#\\\/schema\\\/person\\\/891e1158385858d9972e3d28e2abf5e5\",\"name\":\"Codina\",\"image\":{\"@type\":\"ImageObject\",\"inLanguage\":\"es\",\"@id\":\"https:\\\/\\\/secure.gravatar.com\\\/avatar\\\/4fff7c6f6d19e46cfd6c15f0f9b4aeb9970dd1aa4028caf6584e34d95cb8a41d?s=96&d=mm&r=g\",\"url\":\"https:\\\/\\\/secure.gravatar.com\\\/avatar\\\/4fff7c6f6d19e46cfd6c15f0f9b4aeb9970dd1aa4028caf6584e34d95cb8a41d?s=96&d=mm&r=g\",\"contentUrl\":\"https:\\\/\\\/secure.gravatar.com\\\/avatar\\\/4fff7c6f6d19e46cfd6c15f0f9b4aeb9970dd1aa4028caf6584e34d95cb8a41d?s=96&d=mm&r=g\",\"caption\":\"Codina\"},\"url\":\"https:\\\/\\\/ineditinnova.com\\\/es\\\/author\\\/inedit\\\/\"}]}<\/script>\n<!-- \/ Yoast SEO plugin. -->","yoast_head_json":{"title":"Medir para acelerar la transici\u00f3n de las empresas hacia la econom\u00eda circular - in\u00e8dit","description":"El World Business Council for Sustainable Development ha definido indicadores para medir la circularidad y acelerar la econom\u00eda circular","robots":{"index":"index","follow":"follow","max-snippet":"max-snippet:-1","max-image-preview":"max-image-preview:large","max-video-preview":"max-video-preview:-1"},"canonical":"https:\/\/ineditinnova.com\/es\/mesurar-per-accelerar-la-transicio-de-les-empreses-cap-a-leconomia-circular\/","og_locale":"es_ES","og_type":"article","og_title":"Medir para acelerar la transici\u00f3n de las empresas hacia la econom\u00eda circular - in\u00e8dit","og_description":"El World Business Council for Sustainable Development ha definido indicadores para medir la circularidad y acelerar la econom\u00eda circular","og_url":"https:\/\/ineditinnova.com\/es\/mesurar-per-accelerar-la-transicio-de-les-empreses-cap-a-leconomia-circular\/","og_site_name":"in\u00e8dit","article_publisher":"https:\/\/www.facebook.com\/ineditinnovacio\/?ref=page_internal","article_published_time":"2023-06-27T14:23:20+00:00","article_modified_time":"2023-10-22T22:47:52+00:00","og_image":[{"width":800,"height":533,"url":"https:\/\/ineditinnova.com\/wp-content\/uploads\/2023\/06\/CTI_WBCSD-fotor-20230627162011-1.jpg","type":"image\/jpeg"}],"author":"Codina","twitter_card":"summary_large_image","twitter_creator":"@ineditinnova","twitter_site":"@ineditinnova","twitter_misc":{"Escrito por":"Codina","Tiempo de lectura":"2 minutos"},"schema":{"@context":"https:\/\/schema.org","@graph":[{"@type":"Article","@id":"https:\/\/ineditinnova.com\/es\/mesurar-per-accelerar-la-transicio-de-les-empreses-cap-a-leconomia-circular\/#article","isPartOf":{"@id":"https:\/\/ineditinnova.com\/es\/mesurar-per-accelerar-la-transicio-de-les-empreses-cap-a-leconomia-circular\/"},"author":{"name":"Codina","@id":"https:\/\/ineditinnova.com\/en\/#\/schema\/person\/891e1158385858d9972e3d28e2abf5e5"},"headline":"Medir para acelerar la transici\u00f3n de las empresas hacia la econom\u00eda circular","datePublished":"2023-06-27T14:23:20+00:00","dateModified":"2023-10-22T22:47:52+00:00","mainEntityOfPage":{"@id":"https:\/\/ineditinnova.com\/es\/mesurar-per-accelerar-la-transicio-de-les-empreses-cap-a-leconomia-circular\/"},"wordCount":293,"image":{"@id":"https:\/\/ineditinnova.com\/es\/mesurar-per-accelerar-la-transicio-de-les-empreses-cap-a-leconomia-circular\/#primaryimage"},"thumbnailUrl":"https:\/\/ineditinnova.com\/wp-content\/uploads\/2023\/06\/CTI_WBCSD-fotor-20230627162011-1.jpg","keywords":["INFORME"],"articleSection":["CUANTIFICACI\u00d3N DE IMPACTOS AMBIENTALES","ESTRATEGIA DE NEGOCIO SOSTENIBLE"],"inLanguage":"es"},{"@type":"WebPage","@id":"https:\/\/ineditinnova.com\/es\/mesurar-per-accelerar-la-transicio-de-les-empreses-cap-a-leconomia-circular\/","url":"https:\/\/ineditinnova.com\/es\/mesurar-per-accelerar-la-transicio-de-les-empreses-cap-a-leconomia-circular\/","name":"Medir para acelerar la transici\u00f3n de las empresas hacia la econom\u00eda circular - in\u00e8dit","isPartOf":{"@id":"https:\/\/ineditinnova.com\/en\/#website"},"primaryImageOfPage":{"@id":"https:\/\/ineditinnova.com\/es\/mesurar-per-accelerar-la-transicio-de-les-empreses-cap-a-leconomia-circular\/#primaryimage"},"image":{"@id":"https:\/\/ineditinnova.com\/es\/mesurar-per-accelerar-la-transicio-de-les-empreses-cap-a-leconomia-circular\/#primaryimage"},"thumbnailUrl":"https:\/\/ineditinnova.com\/wp-content\/uploads\/2023\/06\/CTI_WBCSD-fotor-20230627162011-1.jpg","datePublished":"2023-06-27T14:23:20+00:00","dateModified":"2023-10-22T22:47:52+00:00","author":{"@id":"https:\/\/ineditinnova.com\/en\/#\/schema\/person\/891e1158385858d9972e3d28e2abf5e5"},"description":"El World Business Council for Sustainable Development ha definido indicadores para medir la circularidad y acelerar la econom\u00eda circular","breadcrumb":{"@id":"https:\/\/ineditinnova.com\/es\/mesurar-per-accelerar-la-transicio-de-les-empreses-cap-a-leconomia-circular\/#breadcrumb"},"inLanguage":"es","potentialAction":[{"@type":"ReadAction","target":["https:\/\/ineditinnova.com\/es\/mesurar-per-accelerar-la-transicio-de-les-empreses-cap-a-leconomia-circular\/"]}]},{"@type":"ImageObject","inLanguage":"es","@id":"https:\/\/ineditinnova.com\/es\/mesurar-per-accelerar-la-transicio-de-les-empreses-cap-a-leconomia-circular\/#primaryimage","url":"https:\/\/ineditinnova.com\/wp-content\/uploads\/2023\/06\/CTI_WBCSD-fotor-20230627162011-1.jpg","contentUrl":"https:\/\/ineditinnova.com\/wp-content\/uploads\/2023\/06\/CTI_WBCSD-fotor-20230627162011-1.jpg","width":800,"height":533},{"@type":"BreadcrumbList","@id":"https:\/\/ineditinnova.com\/es\/mesurar-per-accelerar-la-transicio-de-les-empreses-cap-a-leconomia-circular\/#breadcrumb","itemListElement":[{"@type":"ListItem","position":1,"name":"Inici","item":"https:\/\/ineditinnova.com\/es\/"},{"@type":"ListItem","position":2,"name":"Medir para acelerar la transici\u00f3n de las empresas hacia la econom\u00eda circular"}]},{"@type":"WebSite","@id":"https:\/\/ineditinnova.com\/en\/#website","url":"https:\/\/ineditinnova.com\/en\/","name":"in\u00e8dit","description":"Dise\u00f1amos soluciones circulares y sostenibles para un futuro mejor","potentialAction":[{"@type":"SearchAction","target":{"@type":"EntryPoint","urlTemplate":"https:\/\/ineditinnova.com\/en\/?s={search_term_string}"},"query-input":{"@type":"PropertyValueSpecification","valueRequired":true,"valueName":"search_term_string"}}],"inLanguage":"es"},{"@type":"Person","@id":"https:\/\/ineditinnova.com\/en\/#\/schema\/person\/891e1158385858d9972e3d28e2abf5e5","name":"Codina","image":{"@type":"ImageObject","inLanguage":"es","@id":"https:\/\/secure.gravatar.com\/avatar\/4fff7c6f6d19e46cfd6c15f0f9b4aeb9970dd1aa4028caf6584e34d95cb8a41d?s=96&d=mm&r=g","url":"https:\/\/secure.gravatar.com\/avatar\/4fff7c6f6d19e46cfd6c15f0f9b4aeb9970dd1aa4028caf6584e34d95cb8a41d?s=96&d=mm&r=g","contentUrl":"https:\/\/secure.gravatar.com\/avatar\/4fff7c6f6d19e46cfd6c15f0f9b4aeb9970dd1aa4028caf6584e34d95cb8a41d?s=96&d=mm&r=g","caption":"Codina"},"url":"https:\/\/ineditinnova.com\/es\/author\/inedit\/"}]}},"_links":{"self":[{"href":"https:\/\/ineditinnova.com\/es\/wp-json\/wp\/v2\/posts\/5657","targetHints":{"allow":["GET"]}}],"collection":[{"href":"https:\/\/ineditinnova.com\/es\/wp-json\/wp\/v2\/posts"}],"about":[{"href":"https:\/\/ineditinnova.com\/es\/wp-json\/wp\/v2\/types\/post"}],"author":[{"embeddable":true,"href":"https:\/\/ineditinnova.com\/es\/wp-json\/wp\/v2\/users\/2"}],"replies":[{"embeddable":true,"href":"https:\/\/ineditinnova.com\/es\/wp-json\/wp\/v2\/comments?post=5657"}],"version-history":[{"count":6,"href":"https:\/\/ineditinnova.com\/es\/wp-json\/wp\/v2\/posts\/5657\/revisions"}],"predecessor-version":[{"id":6723,"href":"https:\/\/ineditinnova.com\/es\/wp-json\/wp\/v2\/posts\/5657\/revisions\/6723"}],"wp:featuredmedia":[{"embeddable":true,"href":"https:\/\/ineditinnova.com\/es\/wp-json\/wp\/v2\/media\/6721"}],"wp:attachment":[{"href":"https:\/\/ineditinnova.com\/es\/wp-json\/wp\/v2\/media?parent=5657"}],"wp:term":[{"taxonomy":"category","embeddable":true,"href":"https:\/\/ineditinnova.com\/es\/wp-json\/wp\/v2\/categories?post=5657"},{"taxonomy":"post_tag","embeddable":true,"href":"https:\/\/ineditinnova.com\/es\/wp-json\/wp\/v2\/tags?post=5657"}],"curies":[{"name":"wp","href":"https:\/\/api.w.org\/{rel}","templated":true}]}}