{"id":5743,"date":"2023-07-19T08:28:31","date_gmt":"2023-07-19T08:28:31","guid":{"rendered":"https:\/\/ineditinnova.com\/?p=5743"},"modified":"2023-10-22T22:44:33","modified_gmt":"2023-10-22T22:44:33","slug":"inedit-collaborara-amb-circulartec-per-impulsar-leconomia-circular-lecodisseny-i-la-descarbonitzacio-al-nord-de-xile","status":"publish","type":"post","link":"https:\/\/ineditinnova.com\/es\/inedit-collaborara-amb-circulartec-per-impulsar-leconomia-circular-lecodisseny-i-la-descarbonitzacio-al-nord-de-xile\/","title":{"rendered":"In\u00e8dit colaborar\u00e1 con CircularTec para impulsar la econom\u00eda circular, el ecodise\u00f1o y la descarbonizaci\u00f3n en el norte de Chile"},"content":{"rendered":"\r\n\r\n\r\n<p style=\"font-size: 25px;\">In\u00e8dit es el nuevo socio estrat\u00e9gico internacional del <a href=\"https:\/\/circulartec.cl\/\" target=\"_blank\" rel=\"noreferrer noopener\">Centro Tecnol\u00f3gico de Econom\u00eda Circular (CircularTec)<\/a>, una corporaci\u00f3n sin \u00e1nimo de lucro que tiene por misi\u00f3n impulsar la investigaci\u00f3n, desarrollo e innovaci\u00f3n colaborativa con base al modelo de econom\u00eda circular para generar valor econ\u00f3mico, social y ambiental en la macrozona norte de Chile. En el marco del acuerdo de colaboraci\u00f3n, in\u00e8dit brindar\u00e1 apoyo en los proyectos de CircularTec que fomenten la sostenibilidad, la econom\u00eda circular, la gesti\u00f3n sostenible de los recursos y la mitigaci\u00f3n y adaptaci\u00f3n al cambio clim\u00e1tico.<\/p>\r\n\r\n\r\n\r\n<p style=\"font-size: 25px;\"><strong>\u00abPara in\u00e8dit, formalizar este acuerdo de colaboraci\u00f3n con CircularTec es una gran oportunidad para seguir generando impacto positivo en alianza con una de las organizaciones l\u00edderes en econom\u00eda circular en Am\u00e9rica Latina\u00bb<\/strong>, afirma el director ejecutivo de in\u00e8dit, <strong>Jordi Oliver<\/strong>.<\/p>\r\n\r\n\r\n\r\n<p style=\"font-size: 25px;\">Por su parte, <strong>Andre\u00e9 Henr\u00edquez<\/strong>, director ejecutivo de CircularTec, explica la importancia de esta iniciativa indicando que \u00abin\u00e8dit es una instituci\u00f3n l\u00edder a nivel global en materia de econom\u00eda circular y desarrollo sostenible y <strong>estamos muy orgullosos de haber firmado este convenio de colaboraci\u00f3n que nos va a permitir desarrollar proyectos conjuntos, tanto en Chile como tambi\u00e9n en el extranjero<\/strong>, con transferencia metodol\u00f3gica y buenas pr\u00e1cticas en materia de econom\u00eda circular, avanzando tambi\u00e9n en el posicionamiento de este nuevo modelo de producci\u00f3n y consumo. Dentro de CircularTec siempre hemos planteado una relaci\u00f3n horizontal con cada una de las instituciones con las cuales trabajamos y esperamos que este paso sea uno m\u00e1s en lo que significa nuestro posicionamiento internacional en materia de econom\u00eda circular\u00bb.<\/p>\r\n\r\n\r\n\r\n<figure class=\"wp-block-image size-full\"><img decoding=\"async\" width=\"1024\" height=\"768\" class=\"wp-image-5737 lazyload\" data-src=\"https:\/\/ineditinnova.com\/wp-content\/uploads\/2023\/07\/reunion-inedit-1.jpeg\" alt=\"\" data-srcset=\"https:\/\/ineditinnova.com\/wp-content\/uploads\/2023\/07\/reunion-inedit-1.jpeg 1024w, https:\/\/ineditinnova.com\/wp-content\/uploads\/2023\/07\/reunion-inedit-1-300x225.jpeg 300w, https:\/\/ineditinnova.com\/wp-content\/uploads\/2023\/07\/reunion-inedit-1-768x576.jpeg 768w\" data-sizes=\"(max-width: 1024px) 100vw, 1024px\" src=\"data:image\/svg+xml;base64,PHN2ZyB3aWR0aD0iMSIgaGVpZ2h0PSIxIiB4bWxucz0iaHR0cDovL3d3dy53My5vcmcvMjAwMC9zdmciPjwvc3ZnPg==\" style=\"--smush-placeholder-width: 1024px; --smush-placeholder-aspect-ratio: 1024\/768;\" \/><\/figure>\r\n\r\n\r\n\r\n<p class=\"has-text-align-center\" style=\"font-size: 14px;\"><em>Momento de la firma virtual del convenio entre CircularTec e in\u00e8dit. Fuente: CircularTec<\/em><\/p>\r\n\r\n\r\n\r\n<p style=\"font-size: 25px;\">As\u00ed, in\u00e8dit colaborar\u00e1 en la identificaci\u00f3n de oportunidades de proyectos y aportar\u00e1 soluciones y servicios a CircularTec que puedan ser de su inter\u00e9s, y pondr\u00e1 a su disposici\u00f3n profesionales y contactos clave que puedan serle de utilidad. Tambi\u00e9n trabajar\u00e1 con CircularTec en la realizaci\u00f3n de proyectos relacionados con la econom\u00eda circular, el ecodise\u00f1o y la descarbonizaci\u00f3n, y ofrecer\u00e1 formaci\u00f3n espec\u00edfica sobre alg\u00fan tema de inter\u00e9s para el p\u00fablico objetivo de CircularTec en el que in\u00e8dit tenga experiencia.<\/p>\r\n","protected":false},"excerpt":{"rendered":"<p>In\u00e8dit es el nuevo socio estrat\u00e9gico internacional del Centro Tecnol\u00f3gico de Econom\u00eda Circular (CircularTec), una corporaci\u00f3n sin \u00e1nimo de lucro que tiene por misi\u00f3n impulsar la investigaci\u00f3n, desarrollo e innovaci\u00f3n colaborativa con base al modelo de econom\u00eda circular para generar valor econ\u00f3mico, social y ambiental en la macrozona norte de Chile. En el marco del&#8230;  <a class=\"excerpt-read-more\" href=\"https:\/\/ineditinnova.com\/es\/inedit-collaborara-amb-circulartec-per-impulsar-leconomia-circular-lecodisseny-i-la-descarbonitzacio-al-nord-de-xile\/\" title=\"Read In\u00e8dit colaborar\u00e1 con CircularTec para impulsar la econom\u00eda circular, el ecodise\u00f1o y la descarbonizaci\u00f3n en el norte de Chile\">Read more &raquo;<\/a><\/p>\n","protected":false},"author":2,"featured_media":6709,"comment_status":"closed","ping_status":"closed","sticky":false,"template":"","format":"standard","meta":{"_acf_changed":false,"footnotes":""},"categories":[43,31,21,49],"tags":[54],"class_list":["post-5743","post","type-post","status-publish","format-standard","has-post-thumbnail","hentry","category-metricas","category-cadena","category-ecodiseno","category-territorio","tag-noticia-es"],"acf":[],"yoast_head":"<!-- This site is optimized with the Yoast SEO plugin v27.5 - https:\/\/yoast.com\/product\/yoast-seo-wordpress\/ -->\n<title>In\u00e8dit colaborar\u00e1 con CircularTec para impulsar la econom\u00eda circular, el ecodise\u00f1o y la descarbonizaci\u00f3n en el norte de Chile - in\u00e8dit<\/title>\n<meta name=\"description\" content=\"In\u00e8dit, nuevo socio estrat\u00e8gico de la corporaci\u00f3n, que impulsa la investigaci\u00f3n, desarrollo e innovaci\u00f3n colaborativa basada en el modelo de econom\u00eda circular en el norte de Chile\" \/>\n<meta name=\"robots\" content=\"index, follow, max-snippet:-1, max-image-preview:large, max-video-preview:-1\" \/>\n<link rel=\"canonical\" href=\"https:\/\/ineditinnova.com\/es\/inedit-collaborara-amb-circulartec-per-impulsar-leconomia-circular-lecodisseny-i-la-descarbonitzacio-al-nord-de-xile\/\" \/>\n<meta property=\"og:locale\" content=\"es_ES\" \/>\n<meta property=\"og:type\" content=\"article\" \/>\n<meta property=\"og:title\" content=\"In\u00e8dit colaborar\u00e1 con CircularTec para impulsar la econom\u00eda circular, el ecodise\u00f1o y la descarbonizaci\u00f3n en el norte de Chile - in\u00e8dit\" \/>\n<meta property=\"og:description\" content=\"In\u00e8dit, nuevo socio estrat\u00e8gico de la corporaci\u00f3n, que impulsa la investigaci\u00f3n, desarrollo e innovaci\u00f3n colaborativa basada en el modelo de econom\u00eda circular en el norte de Chile\" \/>\n<meta property=\"og:url\" content=\"https:\/\/ineditinnova.com\/es\/inedit-collaborara-amb-circulartec-per-impulsar-leconomia-circular-lecodisseny-i-la-descarbonitzacio-al-nord-de-xile\/\" \/>\n<meta property=\"og:site_name\" content=\"in\u00e8dit\" \/>\n<meta property=\"article:publisher\" content=\"https:\/\/www.facebook.com\/ineditinnovacio\/?ref=page_internal\" \/>\n<meta property=\"article:published_time\" content=\"2023-07-19T08:28:31+00:00\" \/>\n<meta property=\"article:modified_time\" content=\"2023-10-22T22:44:33+00:00\" \/>\n<meta property=\"og:image\" content=\"https:\/\/ineditinnova.com\/wp-content\/uploads\/2023\/07\/Iquique_night_skyline-1.jpg\" \/>\n\t<meta property=\"og:image:width\" content=\"1920\" \/>\n\t<meta property=\"og:image:height\" content=\"1247\" \/>\n\t<meta property=\"og:image:type\" content=\"image\/jpeg\" \/>\n<meta name=\"author\" content=\"Codina\" \/>\n<meta name=\"twitter:card\" content=\"summary_large_image\" \/>\n<meta name=\"twitter:creator\" content=\"@ineditinnova\" \/>\n<meta name=\"twitter:site\" content=\"@ineditinnova\" \/>\n<meta name=\"twitter:label1\" content=\"Escrito por\" \/>\n\t<meta name=\"twitter:data1\" content=\"Codina\" \/>\n\t<meta name=\"twitter:label2\" content=\"Tiempo de lectura\" \/>\n\t<meta name=\"twitter:data2\" content=\"3 minutos\" \/>\n<script type=\"application\/ld+json\" class=\"yoast-schema-graph\">{\"@context\":\"https:\\\/\\\/schema.org\",\"@graph\":[{\"@type\":\"Article\",\"@id\":\"https:\\\/\\\/ineditinnova.com\\\/es\\\/inedit-collaborara-amb-circulartec-per-impulsar-leconomia-circular-lecodisseny-i-la-descarbonitzacio-al-nord-de-xile\\\/#article\",\"isPartOf\":{\"@id\":\"https:\\\/\\\/ineditinnova.com\\\/es\\\/inedit-collaborara-amb-circulartec-per-impulsar-leconomia-circular-lecodisseny-i-la-descarbonitzacio-al-nord-de-xile\\\/\"},\"author\":{\"name\":\"Codina\",\"@id\":\"https:\\\/\\\/ineditinnova.com\\\/en\\\/#\\\/schema\\\/person\\\/891e1158385858d9972e3d28e2abf5e5\"},\"headline\":\"In\u00e8dit colaborar\u00e1 con CircularTec para impulsar la econom\u00eda circular, el ecodise\u00f1o y la descarbonizaci\u00f3n en el norte de Chile\",\"datePublished\":\"2023-07-19T08:28:31+00:00\",\"dateModified\":\"2023-10-22T22:44:33+00:00\",\"mainEntityOfPage\":{\"@id\":\"https:\\\/\\\/ineditinnova.com\\\/es\\\/inedit-collaborara-amb-circulartec-per-impulsar-leconomia-circular-lecodisseny-i-la-descarbonitzacio-al-nord-de-xile\\\/\"},\"wordCount\":417,\"image\":{\"@id\":\"https:\\\/\\\/ineditinnova.com\\\/es\\\/inedit-collaborara-amb-circulartec-per-impulsar-leconomia-circular-lecodisseny-i-la-descarbonitzacio-al-nord-de-xile\\\/#primaryimage\"},\"thumbnailUrl\":\"https:\\\/\\\/ineditinnova.com\\\/wp-content\\\/uploads\\\/2023\\\/07\\\/Iquique_night_skyline-1.jpg\",\"keywords\":[\"NOTICIA\"],\"articleSection\":[\"CUANTIFICACI\u00d3N DE IMPACTOS AMBIENTALES\",\"ESTRATEGIA DE NEGOCIO SOSTENIBLE\",\"Ecodise\u00f1o de productos y servicios\",\"TERRITORIO CIRCULAR\"],\"inLanguage\":\"es\"},{\"@type\":\"WebPage\",\"@id\":\"https:\\\/\\\/ineditinnova.com\\\/es\\\/inedit-collaborara-amb-circulartec-per-impulsar-leconomia-circular-lecodisseny-i-la-descarbonitzacio-al-nord-de-xile\\\/\",\"url\":\"https:\\\/\\\/ineditinnova.com\\\/es\\\/inedit-collaborara-amb-circulartec-per-impulsar-leconomia-circular-lecodisseny-i-la-descarbonitzacio-al-nord-de-xile\\\/\",\"name\":\"In\u00e8dit colaborar\u00e1 con CircularTec para impulsar la econom\u00eda circular, el ecodise\u00f1o y la descarbonizaci\u00f3n en el norte de Chile - in\u00e8dit\",\"isPartOf\":{\"@id\":\"https:\\\/\\\/ineditinnova.com\\\/en\\\/#website\"},\"primaryImageOfPage\":{\"@id\":\"https:\\\/\\\/ineditinnova.com\\\/es\\\/inedit-collaborara-amb-circulartec-per-impulsar-leconomia-circular-lecodisseny-i-la-descarbonitzacio-al-nord-de-xile\\\/#primaryimage\"},\"image\":{\"@id\":\"https:\\\/\\\/ineditinnova.com\\\/es\\\/inedit-collaborara-amb-circulartec-per-impulsar-leconomia-circular-lecodisseny-i-la-descarbonitzacio-al-nord-de-xile\\\/#primaryimage\"},\"thumbnailUrl\":\"https:\\\/\\\/ineditinnova.com\\\/wp-content\\\/uploads\\\/2023\\\/07\\\/Iquique_night_skyline-1.jpg\",\"datePublished\":\"2023-07-19T08:28:31+00:00\",\"dateModified\":\"2023-10-22T22:44:33+00:00\",\"author\":{\"@id\":\"https:\\\/\\\/ineditinnova.com\\\/en\\\/#\\\/schema\\\/person\\\/891e1158385858d9972e3d28e2abf5e5\"},\"description\":\"In\u00e8dit, nuevo socio estrat\u00e8gico de la corporaci\u00f3n, que impulsa la investigaci\u00f3n, desarrollo e innovaci\u00f3n colaborativa basada en el modelo de econom\u00eda circular en el norte de Chile\",\"breadcrumb\":{\"@id\":\"https:\\\/\\\/ineditinnova.com\\\/es\\\/inedit-collaborara-amb-circulartec-per-impulsar-leconomia-circular-lecodisseny-i-la-descarbonitzacio-al-nord-de-xile\\\/#breadcrumb\"},\"inLanguage\":\"es\",\"potentialAction\":[{\"@type\":\"ReadAction\",\"target\":[\"https:\\\/\\\/ineditinnova.com\\\/es\\\/inedit-collaborara-amb-circulartec-per-impulsar-leconomia-circular-lecodisseny-i-la-descarbonitzacio-al-nord-de-xile\\\/\"]}]},{\"@type\":\"ImageObject\",\"inLanguage\":\"es\",\"@id\":\"https:\\\/\\\/ineditinnova.com\\\/es\\\/inedit-collaborara-amb-circulartec-per-impulsar-leconomia-circular-lecodisseny-i-la-descarbonitzacio-al-nord-de-xile\\\/#primaryimage\",\"url\":\"https:\\\/\\\/ineditinnova.com\\\/wp-content\\\/uploads\\\/2023\\\/07\\\/Iquique_night_skyline-1.jpg\",\"contentUrl\":\"https:\\\/\\\/ineditinnova.com\\\/wp-content\\\/uploads\\\/2023\\\/07\\\/Iquique_night_skyline-1.jpg\",\"width\":1920,\"height\":1247},{\"@type\":\"BreadcrumbList\",\"@id\":\"https:\\\/\\\/ineditinnova.com\\\/es\\\/inedit-collaborara-amb-circulartec-per-impulsar-leconomia-circular-lecodisseny-i-la-descarbonitzacio-al-nord-de-xile\\\/#breadcrumb\",\"itemListElement\":[{\"@type\":\"ListItem\",\"position\":1,\"name\":\"Inici\",\"item\":\"https:\\\/\\\/ineditinnova.com\\\/es\\\/\"},{\"@type\":\"ListItem\",\"position\":2,\"name\":\"In\u00e8dit colaborar\u00e1 con CircularTec para impulsar la econom\u00eda circular, el ecodise\u00f1o y la descarbonizaci\u00f3n en el norte de Chile\"}]},{\"@type\":\"WebSite\",\"@id\":\"https:\\\/\\\/ineditinnova.com\\\/en\\\/#website\",\"url\":\"https:\\\/\\\/ineditinnova.com\\\/en\\\/\",\"name\":\"in\u00e8dit\",\"description\":\"Dise\u00f1amos soluciones circulares y sostenibles para un futuro mejor\",\"potentialAction\":[{\"@type\":\"SearchAction\",\"target\":{\"@type\":\"EntryPoint\",\"urlTemplate\":\"https:\\\/\\\/ineditinnova.com\\\/en\\\/?s={search_term_string}\"},\"query-input\":{\"@type\":\"PropertyValueSpecification\",\"valueRequired\":true,\"valueName\":\"search_term_string\"}}],\"inLanguage\":\"es\"},{\"@type\":\"Person\",\"@id\":\"https:\\\/\\\/ineditinnova.com\\\/en\\\/#\\\/schema\\\/person\\\/891e1158385858d9972e3d28e2abf5e5\",\"name\":\"Codina\",\"image\":{\"@type\":\"ImageObject\",\"inLanguage\":\"es\",\"@id\":\"https:\\\/\\\/secure.gravatar.com\\\/avatar\\\/4fff7c6f6d19e46cfd6c15f0f9b4aeb9970dd1aa4028caf6584e34d95cb8a41d?s=96&d=mm&r=g\",\"url\":\"https:\\\/\\\/secure.gravatar.com\\\/avatar\\\/4fff7c6f6d19e46cfd6c15f0f9b4aeb9970dd1aa4028caf6584e34d95cb8a41d?s=96&d=mm&r=g\",\"contentUrl\":\"https:\\\/\\\/secure.gravatar.com\\\/avatar\\\/4fff7c6f6d19e46cfd6c15f0f9b4aeb9970dd1aa4028caf6584e34d95cb8a41d?s=96&d=mm&r=g\",\"caption\":\"Codina\"},\"url\":\"https:\\\/\\\/ineditinnova.com\\\/es\\\/author\\\/inedit\\\/\"}]}<\/script>\n<!-- \/ Yoast SEO plugin. -->","yoast_head_json":{"title":"In\u00e8dit colaborar\u00e1 con CircularTec para impulsar la econom\u00eda circular, el ecodise\u00f1o y la descarbonizaci\u00f3n en el norte de Chile - in\u00e8dit","description":"In\u00e8dit, nuevo socio estrat\u00e8gico de la corporaci\u00f3n, que impulsa la investigaci\u00f3n, desarrollo e innovaci\u00f3n colaborativa basada en el modelo de econom\u00eda circular en el norte de Chile","robots":{"index":"index","follow":"follow","max-snippet":"max-snippet:-1","max-image-preview":"max-image-preview:large","max-video-preview":"max-video-preview:-1"},"canonical":"https:\/\/ineditinnova.com\/es\/inedit-collaborara-amb-circulartec-per-impulsar-leconomia-circular-lecodisseny-i-la-descarbonitzacio-al-nord-de-xile\/","og_locale":"es_ES","og_type":"article","og_title":"In\u00e8dit colaborar\u00e1 con CircularTec para impulsar la econom\u00eda circular, el ecodise\u00f1o y la descarbonizaci\u00f3n en el norte de Chile - in\u00e8dit","og_description":"In\u00e8dit, nuevo socio estrat\u00e8gico de la corporaci\u00f3n, que impulsa la investigaci\u00f3n, desarrollo e innovaci\u00f3n colaborativa basada en el modelo de econom\u00eda circular en el norte de Chile","og_url":"https:\/\/ineditinnova.com\/es\/inedit-collaborara-amb-circulartec-per-impulsar-leconomia-circular-lecodisseny-i-la-descarbonitzacio-al-nord-de-xile\/","og_site_name":"in\u00e8dit","article_publisher":"https:\/\/www.facebook.com\/ineditinnovacio\/?ref=page_internal","article_published_time":"2023-07-19T08:28:31+00:00","article_modified_time":"2023-10-22T22:44:33+00:00","og_image":[{"width":1920,"height":1247,"url":"https:\/\/ineditinnova.com\/wp-content\/uploads\/2023\/07\/Iquique_night_skyline-1.jpg","type":"image\/jpeg"}],"author":"Codina","twitter_card":"summary_large_image","twitter_creator":"@ineditinnova","twitter_site":"@ineditinnova","twitter_misc":{"Escrito por":"Codina","Tiempo de lectura":"3 minutos"},"schema":{"@context":"https:\/\/schema.org","@graph":[{"@type":"Article","@id":"https:\/\/ineditinnova.com\/es\/inedit-collaborara-amb-circulartec-per-impulsar-leconomia-circular-lecodisseny-i-la-descarbonitzacio-al-nord-de-xile\/#article","isPartOf":{"@id":"https:\/\/ineditinnova.com\/es\/inedit-collaborara-amb-circulartec-per-impulsar-leconomia-circular-lecodisseny-i-la-descarbonitzacio-al-nord-de-xile\/"},"author":{"name":"Codina","@id":"https:\/\/ineditinnova.com\/en\/#\/schema\/person\/891e1158385858d9972e3d28e2abf5e5"},"headline":"In\u00e8dit colaborar\u00e1 con CircularTec para impulsar la econom\u00eda circular, el ecodise\u00f1o y la descarbonizaci\u00f3n en el norte de Chile","datePublished":"2023-07-19T08:28:31+00:00","dateModified":"2023-10-22T22:44:33+00:00","mainEntityOfPage":{"@id":"https:\/\/ineditinnova.com\/es\/inedit-collaborara-amb-circulartec-per-impulsar-leconomia-circular-lecodisseny-i-la-descarbonitzacio-al-nord-de-xile\/"},"wordCount":417,"image":{"@id":"https:\/\/ineditinnova.com\/es\/inedit-collaborara-amb-circulartec-per-impulsar-leconomia-circular-lecodisseny-i-la-descarbonitzacio-al-nord-de-xile\/#primaryimage"},"thumbnailUrl":"https:\/\/ineditinnova.com\/wp-content\/uploads\/2023\/07\/Iquique_night_skyline-1.jpg","keywords":["NOTICIA"],"articleSection":["CUANTIFICACI\u00d3N DE IMPACTOS AMBIENTALES","ESTRATEGIA DE NEGOCIO SOSTENIBLE","Ecodise\u00f1o de productos y servicios","TERRITORIO CIRCULAR"],"inLanguage":"es"},{"@type":"WebPage","@id":"https:\/\/ineditinnova.com\/es\/inedit-collaborara-amb-circulartec-per-impulsar-leconomia-circular-lecodisseny-i-la-descarbonitzacio-al-nord-de-xile\/","url":"https:\/\/ineditinnova.com\/es\/inedit-collaborara-amb-circulartec-per-impulsar-leconomia-circular-lecodisseny-i-la-descarbonitzacio-al-nord-de-xile\/","name":"In\u00e8dit colaborar\u00e1 con CircularTec para impulsar la econom\u00eda circular, el ecodise\u00f1o y la descarbonizaci\u00f3n en el norte de Chile - in\u00e8dit","isPartOf":{"@id":"https:\/\/ineditinnova.com\/en\/#website"},"primaryImageOfPage":{"@id":"https:\/\/ineditinnova.com\/es\/inedit-collaborara-amb-circulartec-per-impulsar-leconomia-circular-lecodisseny-i-la-descarbonitzacio-al-nord-de-xile\/#primaryimage"},"image":{"@id":"https:\/\/ineditinnova.com\/es\/inedit-collaborara-amb-circulartec-per-impulsar-leconomia-circular-lecodisseny-i-la-descarbonitzacio-al-nord-de-xile\/#primaryimage"},"thumbnailUrl":"https:\/\/ineditinnova.com\/wp-content\/uploads\/2023\/07\/Iquique_night_skyline-1.jpg","datePublished":"2023-07-19T08:28:31+00:00","dateModified":"2023-10-22T22:44:33+00:00","author":{"@id":"https:\/\/ineditinnova.com\/en\/#\/schema\/person\/891e1158385858d9972e3d28e2abf5e5"},"description":"In\u00e8dit, nuevo socio estrat\u00e8gico de la corporaci\u00f3n, que impulsa la investigaci\u00f3n, desarrollo e innovaci\u00f3n colaborativa basada en el modelo de econom\u00eda circular en el norte de Chile","breadcrumb":{"@id":"https:\/\/ineditinnova.com\/es\/inedit-collaborara-amb-circulartec-per-impulsar-leconomia-circular-lecodisseny-i-la-descarbonitzacio-al-nord-de-xile\/#breadcrumb"},"inLanguage":"es","potentialAction":[{"@type":"ReadAction","target":["https:\/\/ineditinnova.com\/es\/inedit-collaborara-amb-circulartec-per-impulsar-leconomia-circular-lecodisseny-i-la-descarbonitzacio-al-nord-de-xile\/"]}]},{"@type":"ImageObject","inLanguage":"es","@id":"https:\/\/ineditinnova.com\/es\/inedit-collaborara-amb-circulartec-per-impulsar-leconomia-circular-lecodisseny-i-la-descarbonitzacio-al-nord-de-xile\/#primaryimage","url":"https:\/\/ineditinnova.com\/wp-content\/uploads\/2023\/07\/Iquique_night_skyline-1.jpg","contentUrl":"https:\/\/ineditinnova.com\/wp-content\/uploads\/2023\/07\/Iquique_night_skyline-1.jpg","width":1920,"height":1247},{"@type":"BreadcrumbList","@id":"https:\/\/ineditinnova.com\/es\/inedit-collaborara-amb-circulartec-per-impulsar-leconomia-circular-lecodisseny-i-la-descarbonitzacio-al-nord-de-xile\/#breadcrumb","itemListElement":[{"@type":"ListItem","position":1,"name":"Inici","item":"https:\/\/ineditinnova.com\/es\/"},{"@type":"ListItem","position":2,"name":"In\u00e8dit colaborar\u00e1 con CircularTec para impulsar la econom\u00eda circular, el ecodise\u00f1o y la descarbonizaci\u00f3n en el norte de Chile"}]},{"@type":"WebSite","@id":"https:\/\/ineditinnova.com\/en\/#website","url":"https:\/\/ineditinnova.com\/en\/","name":"in\u00e8dit","description":"Dise\u00f1amos soluciones circulares y sostenibles para un futuro mejor","potentialAction":[{"@type":"SearchAction","target":{"@type":"EntryPoint","urlTemplate":"https:\/\/ineditinnova.com\/en\/?s={search_term_string}"},"query-input":{"@type":"PropertyValueSpecification","valueRequired":true,"valueName":"search_term_string"}}],"inLanguage":"es"},{"@type":"Person","@id":"https:\/\/ineditinnova.com\/en\/#\/schema\/person\/891e1158385858d9972e3d28e2abf5e5","name":"Codina","image":{"@type":"ImageObject","inLanguage":"es","@id":"https:\/\/secure.gravatar.com\/avatar\/4fff7c6f6d19e46cfd6c15f0f9b4aeb9970dd1aa4028caf6584e34d95cb8a41d?s=96&d=mm&r=g","url":"https:\/\/secure.gravatar.com\/avatar\/4fff7c6f6d19e46cfd6c15f0f9b4aeb9970dd1aa4028caf6584e34d95cb8a41d?s=96&d=mm&r=g","contentUrl":"https:\/\/secure.gravatar.com\/avatar\/4fff7c6f6d19e46cfd6c15f0f9b4aeb9970dd1aa4028caf6584e34d95cb8a41d?s=96&d=mm&r=g","caption":"Codina"},"url":"https:\/\/ineditinnova.com\/es\/author\/inedit\/"}]}},"_links":{"self":[{"href":"https:\/\/ineditinnova.com\/es\/wp-json\/wp\/v2\/posts\/5743","targetHints":{"allow":["GET"]}}],"collection":[{"href":"https:\/\/ineditinnova.com\/es\/wp-json\/wp\/v2\/posts"}],"about":[{"href":"https:\/\/ineditinnova.com\/es\/wp-json\/wp\/v2\/types\/post"}],"author":[{"embeddable":true,"href":"https:\/\/ineditinnova.com\/es\/wp-json\/wp\/v2\/users\/2"}],"replies":[{"embeddable":true,"href":"https:\/\/ineditinnova.com\/es\/wp-json\/wp\/v2\/comments?post=5743"}],"version-history":[{"count":4,"href":"https:\/\/ineditinnova.com\/es\/wp-json\/wp\/v2\/posts\/5743\/revisions"}],"predecessor-version":[{"id":6711,"href":"https:\/\/ineditinnova.com\/es\/wp-json\/wp\/v2\/posts\/5743\/revisions\/6711"}],"wp:featuredmedia":[{"embeddable":true,"href":"https:\/\/ineditinnova.com\/es\/wp-json\/wp\/v2\/media\/6709"}],"wp:attachment":[{"href":"https:\/\/ineditinnova.com\/es\/wp-json\/wp\/v2\/media?parent=5743"}],"wp:term":[{"taxonomy":"category","embeddable":true,"href":"https:\/\/ineditinnova.com\/es\/wp-json\/wp\/v2\/categories?post=5743"},{"taxonomy":"post_tag","embeddable":true,"href":"https:\/\/ineditinnova.com\/es\/wp-json\/wp\/v2\/tags?post=5743"}],"curies":[{"name":"wp","href":"https:\/\/api.w.org\/{rel}","templated":true}]}}