{"id":5926,"date":"2023-07-27T07:56:39","date_gmt":"2023-07-27T07:56:39","guid":{"rendered":"https:\/\/ineditinnova.com\/?p=5926"},"modified":"2023-07-31T22:26:03","modified_gmt":"2023-07-31T22:26:03","slug":"una-metodologia-permetra-calcular-els-residus-que-generen-els-festivals-de-catalunya","status":"publish","type":"post","link":"https:\/\/ineditinnova.com\/es\/una-metodologia-permetra-calcular-els-residus-que-generen-els-festivals-de-catalunya\/","title":{"rendered":"Una metodolog\u00eda permitir\u00e1 calcular los residuos que generan los festivales en Catalunya"},"content":{"rendered":"\n\n\n<p style=\"font-size:25px\">Envases de un solo uso, los vuelos de los artistas, los desplazamientos del p\u00fablico, el merchandising, la comida, los ba\u00f1os port\u00e1tiles, la energ\u00eda. Un festival genera, en promedio, 500 toneladas equivalentes de di\u00f3xido de carbono, y cada persona que asiste emite alrededor de 5 kg de CO<sup>2<\/sup> al d\u00eda, seg\u00fan un estudio de la asociaci\u00f3n brit\u00e1nica sin \u00e1nimo de lucro <a href=\"https:\/\/www.agreenerfuture.ca\/\">A Greener Future<\/a>. Con el objetivo de orientar a los organizadores de festivales y otros eventos en la toma de decisiones, in\u00e8dit est\u00e1 dise\u00f1ando una metodolog\u00eda para calcular la cantidad de residuos que se generan en los festivales de Catalunya y analizar c\u00f3mo se gestionan en el marco de una econom\u00eda circular<strong>. La metodolog\u00eda permitir\u00e1 cuantificar los residuos generados y la huella de carbono asociada a estos residuos, por d\u00eda y asistente, y el objetivo es que sirva para proponer acciones para mitigar la generaci\u00f3n de residuos y mejorar su gesti\u00f3n final. <\/strong>El encargo es de la <a href=\"https:\/\/residus.gencat.cat\/\">Agencia de Residuos de Catalunya<\/a>, y la edici\u00f3n del 2023 del <a href=\"https:\/\/www.cruillabarcelona.com\/\">Festival Cru\u00eflla<\/a> ser\u00e1 el estudio piloto.<\/p>\n\n\n\n<p style=\"font-size:25px\">De esta manera, se analizar\u00e1 el flujo de materiales del Festival en las fases de planificaci\u00f3n, organizaci\u00f3n y montaje, as\u00ed como durante la celebraci\u00f3n y desmontaje; en relaci\u00f3n con los residuos, se identificar\u00e1 tanto la cantidad que se ha generado como el destino final de cada una de las fracciones recogidas. Como resultado, se obtendr\u00e1 una serie de recursos para facilitar el c\u00e1lculo de los flujos de materiales y residuos que podr\u00e1 utilizar cualquier festival o evento que se realice en Catalu\u00f1a. Tambi\u00e9n se propondr\u00e1n acciones y estrategias para reducir el uso de materias primas, y prevenir y mejorar tanto la recogida selectiva como la gesti\u00f3n final de los residuos. Adem\u00e1s, se calcular\u00e1 la huella de carbono asociada a los residuos generados, un c\u00e1lculo que, como recuerda la project manager de in\u00e8dit al frente del proyecto, <strong>Manuela Santoyo<\/strong>, \u00abes fundamental a la hora de detectar los puntos cr\u00edticos, tomar decisiones y, en un futuro, poder hacer el seguimiento de la efectividad de las acciones que se hayan llevado a cabo\u00bb.<\/p>\n\n\n\n<p style=\"font-size:25px\"><strong>\u00abContar con una imagen completa de los residuos que se generan en las fases previa, durante y posterior a la celebraci\u00f3n de un evento permitir\u00e1 identificar oportunidades de mejora<\/strong> en cuanto a la tipolog\u00eda de los materiales a utilizar y sobre c\u00f3mo replantear la separaci\u00f3n y gesti\u00f3n de los residuos; al mismo tiempo, <strong>tener una perspectiva global de qu\u00e9 peso tiene cada tipolog\u00eda de residuo en el impacto ambiental total ser\u00e1 fundamental a la hora de priorizar<\/strong> d\u00f3nde poner el foco de atenci\u00f3n para idear soluciones\u00bb, a\u00f1ade <strong>Santoyo<\/strong>.<\/p>\n\n\n\n<figure class=\"wp-block-gallery has-nested-images columns-default is-cropped wp-block-gallery-1 is-layout-flex wp-block-gallery-is-layout-flex\"><\/figure>\n\n\n\n<p style=\"font-size:25px\"><strong>Una inquietud que viene de lejos<\/strong><\/p>\n\n\n\n<p style=\"font-size:25px\">Que los festivales de m\u00fasica y los grandes eventos trabajen para ser m\u00e1s verdes no es una novedad. Uno de los pioneros en la introducci\u00f3n de criterios de sostenibilidad en los festivales es el grupo brit\u00e1nico de m\u00fasica <em>indie<\/em> Radiohead, que en 2007 <a href=\"https:\/\/large.stanford.edu\/courses\/2012\/ph240\/landreman2\/docs\/BFF_Radiohead_Final.pdf\" target=\"_blank\" rel=\"noreferrer noopener\">calcul\u00f3 la huella ecol\u00f3gica y de carbono de sus giras por norteam\u00e9rica<\/a> de los a\u00f1os 2003 y 2006. Otro caso bien conocido es el de la banda Coldplay, que en 2018 se propuso reducir a la mitad las emisiones de CO<sup>2<\/sup> en cada gira con respecto a la anterior, y que en marzo de 2022 <a href=\"https:\/\/www.sap.com\/about\/customer-stories\/coldplay.html\" target=\"_blank\" rel=\"noreferrer noopener\">lanz\u00f3 una app<\/a> dirigida a reducir las emisiones del transporte de los asistentes a sus conciertos.<\/p>\n\n\n\n<p style=\"font-size:25px\">Si hablamos de festivales en nuestro pa\u00eds, el <a href=\"https:\/\/www.primaverasound.com\/es\/barcelona\/environmental-commitment-primavera-sound-barcelona\">festival Primavera Sound<\/a> calcula desde 2011 sus emisiones de gases de efecto invernadero y ha introducido iniciativas como los vasos reutilizables, el reciclaje o el fomento del transporte p\u00fablico. El <a href=\"https:\/\/www.cruillabarcelona.com\/ca\/sostenibilitat\/\">Festival Cru\u00eflla<\/a>, por su parte, limita su aforo a 25.000 personas al d\u00eda para reducir la presi\u00f3n en el barrio, y apuesta por artistas y proveedores locales; tambi\u00e9n ha impulsado el uso de vasos reutilizables y ha instalado fuentes de agua gratuita en todo el recinto, entre otras acciones. Fuera de Catalunya, es conocido el <a href=\"https:\/\/dgtl.nl\/\">Festival DGTL<\/a> de \u00c1msterdam, considerado uno de los festivales de m\u00fasica electr\u00f3nica m\u00e1s sostenibles del mundo. En 2017, el Festival introdujo una herramienta para analizar los flujos de materiales, agua, movilidad y energ\u00eda durante el festival; redujo el n\u00famero de plazas de aparcamiento para disuadir a los asistentes de usar coches privados, ofreci\u00f3 transporte p\u00fablico a un precio m\u00e1s econ\u00f3mico de lo habitual y se asoci\u00f3 con una empresa suministradora de energ\u00eda verde para abastecer el festival.<\/p>\n\n\n\n<p><\/p>\n\n\n\n<p><\/p>\n\n\n\n<p><\/p>\n\n\n\n<p><\/p>\n\n\n\n<p><\/p>\n\n\n\n<p><\/p>\n\n\n\n<p><\/p>\n\n\n\n<p><\/p>\n","protected":false},"excerpt":{"rendered":"<p>Envases de un solo uso, los vuelos de los artistas, los desplazamientos del p\u00fablico, el merchandising, la comida, los ba\u00f1os port\u00e1tiles, la energ\u00eda. Un festival genera, en promedio, 500 toneladas equivalentes de di\u00f3xido de carbono, y cada persona que asiste emite alrededor de 5 kg de CO2 al d\u00eda, seg\u00fan un estudio de la asociaci\u00f3n&#8230;  <a class=\"excerpt-read-more\" href=\"https:\/\/ineditinnova.com\/es\/una-metodologia-permetra-calcular-els-residus-que-generen-els-festivals-de-catalunya\/\" title=\"Read Una metodolog\u00eda permitir\u00e1 calcular los residuos que generan los festivales en Catalunya\">Read more &raquo;<\/a><\/p>\n","protected":false},"author":2,"featured_media":5920,"comment_status":"closed","ping_status":"closed","sticky":false,"template":"","format":"standard","meta":{"_acf_changed":false,"footnotes":""},"categories":[43,21],"tags":[54],"class_list":["post-5926","post","type-post","status-publish","format-standard","has-post-thumbnail","hentry","category-metricas","category-ecodiseno","tag-noticia-es"],"acf":[],"yoast_head":"<!-- This site is optimized with the Yoast SEO plugin v27.5 - https:\/\/yoast.com\/product\/yoast-seo-wordpress\/ -->\n<title>Una metodolog\u00eda permitir\u00e1 calcular los residuos que generan los festivales en Catalunya - in\u00e8dit<\/title>\n<meta name=\"description\" content=\"In\u00e8dit desarrollar\u00e1 recursos pensados para orientar a los organizadores de eventos a la hora de tomar decisiones sobre los materiales a utilizar y la separaci\u00f3n y gesti\u00f3n de residuos. La edici\u00f3n del 2023 del Festival Cru\u00eflla ser\u00e1 el estudio piloto en el que se centrar\u00e1 el estudio.\" \/>\n<meta name=\"robots\" content=\"index, follow, max-snippet:-1, max-image-preview:large, max-video-preview:-1\" \/>\n<link rel=\"canonical\" href=\"https:\/\/ineditinnova.com\/es\/una-metodologia-permetra-calcular-els-residus-que-generen-els-festivals-de-catalunya\/\" \/>\n<meta property=\"og:locale\" content=\"es_ES\" \/>\n<meta property=\"og:type\" content=\"article\" \/>\n<meta property=\"og:title\" content=\"Una metodolog\u00eda permitir\u00e1 calcular los residuos que generan los festivales en Catalunya - in\u00e8dit\" \/>\n<meta property=\"og:description\" content=\"In\u00e8dit desarrollar\u00e1 recursos pensados para orientar a los organizadores de eventos a la hora de tomar decisiones sobre los materiales a utilizar y la separaci\u00f3n y gesti\u00f3n de residuos. La edici\u00f3n del 2023 del Festival Cru\u00eflla ser\u00e1 el estudio piloto en el que se centrar\u00e1 el estudio.\" \/>\n<meta property=\"og:url\" content=\"https:\/\/ineditinnova.com\/es\/una-metodologia-permetra-calcular-els-residus-que-generen-els-festivals-de-catalunya\/\" \/>\n<meta property=\"og:site_name\" content=\"in\u00e8dit\" \/>\n<meta property=\"article:publisher\" content=\"https:\/\/www.facebook.com\/ineditinnovacio\/?ref=page_internal\" \/>\n<meta property=\"article:published_time\" content=\"2023-07-27T07:56:39+00:00\" \/>\n<meta property=\"article:modified_time\" content=\"2023-07-31T22:26:03+00:00\" \/>\n<meta property=\"og:image\" content=\"https:\/\/ineditinnova.com\/wp-content\/uploads\/2023\/07\/Festival_Cruilla-fotor-2023072795243.jpg\" \/>\n\t<meta property=\"og:image:width\" content=\"1200\" \/>\n\t<meta property=\"og:image:height\" content=\"800\" \/>\n\t<meta property=\"og:image:type\" content=\"image\/jpeg\" \/>\n<meta name=\"author\" content=\"Codina\" \/>\n<meta name=\"twitter:card\" content=\"summary_large_image\" \/>\n<meta name=\"twitter:creator\" content=\"@ineditinnova\" \/>\n<meta name=\"twitter:site\" content=\"@ineditinnova\" \/>\n<meta name=\"twitter:label1\" content=\"Escrito por\" \/>\n\t<meta name=\"twitter:data1\" content=\"Codina\" \/>\n\t<meta name=\"twitter:label2\" content=\"Tiempo de lectura\" \/>\n\t<meta name=\"twitter:data2\" content=\"5 minutos\" \/>\n<script type=\"application\/ld+json\" class=\"yoast-schema-graph\">{\"@context\":\"https:\\\/\\\/schema.org\",\"@graph\":[{\"@type\":\"Article\",\"@id\":\"https:\\\/\\\/ineditinnova.com\\\/es\\\/una-metodologia-permetra-calcular-els-residus-que-generen-els-festivals-de-catalunya\\\/#article\",\"isPartOf\":{\"@id\":\"https:\\\/\\\/ineditinnova.com\\\/es\\\/una-metodologia-permetra-calcular-els-residus-que-generen-els-festivals-de-catalunya\\\/\"},\"author\":{\"name\":\"Codina\",\"@id\":\"https:\\\/\\\/ineditinnova.com\\\/en\\\/#\\\/schema\\\/person\\\/891e1158385858d9972e3d28e2abf5e5\"},\"headline\":\"Una metodolog\u00eda permitir\u00e1 calcular los residuos que generan los festivales en Catalunya\",\"datePublished\":\"2023-07-27T07:56:39+00:00\",\"dateModified\":\"2023-07-31T22:26:03+00:00\",\"mainEntityOfPage\":{\"@id\":\"https:\\\/\\\/ineditinnova.com\\\/es\\\/una-metodologia-permetra-calcular-els-residus-que-generen-els-festivals-de-catalunya\\\/\"},\"wordCount\":789,\"image\":{\"@id\":\"https:\\\/\\\/ineditinnova.com\\\/es\\\/una-metodologia-permetra-calcular-els-residus-que-generen-els-festivals-de-catalunya\\\/#primaryimage\"},\"thumbnailUrl\":\"https:\\\/\\\/ineditinnova.com\\\/wp-content\\\/uploads\\\/2023\\\/07\\\/Festival_Cruilla-fotor-2023072795243.jpg\",\"keywords\":[\"NOTICIA\"],\"articleSection\":[\"CUANTIFICACI\u00d3N DE IMPACTOS AMBIENTALES\",\"Ecodise\u00f1o de productos y servicios\"],\"inLanguage\":\"es\"},{\"@type\":\"WebPage\",\"@id\":\"https:\\\/\\\/ineditinnova.com\\\/es\\\/una-metodologia-permetra-calcular-els-residus-que-generen-els-festivals-de-catalunya\\\/\",\"url\":\"https:\\\/\\\/ineditinnova.com\\\/es\\\/una-metodologia-permetra-calcular-els-residus-que-generen-els-festivals-de-catalunya\\\/\",\"name\":\"Una metodolog\u00eda permitir\u00e1 calcular los residuos que generan los festivales en Catalunya - in\u00e8dit\",\"isPartOf\":{\"@id\":\"https:\\\/\\\/ineditinnova.com\\\/en\\\/#website\"},\"primaryImageOfPage\":{\"@id\":\"https:\\\/\\\/ineditinnova.com\\\/es\\\/una-metodologia-permetra-calcular-els-residus-que-generen-els-festivals-de-catalunya\\\/#primaryimage\"},\"image\":{\"@id\":\"https:\\\/\\\/ineditinnova.com\\\/es\\\/una-metodologia-permetra-calcular-els-residus-que-generen-els-festivals-de-catalunya\\\/#primaryimage\"},\"thumbnailUrl\":\"https:\\\/\\\/ineditinnova.com\\\/wp-content\\\/uploads\\\/2023\\\/07\\\/Festival_Cruilla-fotor-2023072795243.jpg\",\"datePublished\":\"2023-07-27T07:56:39+00:00\",\"dateModified\":\"2023-07-31T22:26:03+00:00\",\"author\":{\"@id\":\"https:\\\/\\\/ineditinnova.com\\\/en\\\/#\\\/schema\\\/person\\\/891e1158385858d9972e3d28e2abf5e5\"},\"description\":\"In\u00e8dit desarrollar\u00e1 recursos pensados para orientar a los organizadores de eventos a la hora de tomar decisiones sobre los materiales a utilizar y la separaci\u00f3n y gesti\u00f3n de residuos. La edici\u00f3n del 2023 del Festival Cru\u00eflla ser\u00e1 el estudio piloto en el que se centrar\u00e1 el estudio.\",\"breadcrumb\":{\"@id\":\"https:\\\/\\\/ineditinnova.com\\\/es\\\/una-metodologia-permetra-calcular-els-residus-que-generen-els-festivals-de-catalunya\\\/#breadcrumb\"},\"inLanguage\":\"es\",\"potentialAction\":[{\"@type\":\"ReadAction\",\"target\":[\"https:\\\/\\\/ineditinnova.com\\\/es\\\/una-metodologia-permetra-calcular-els-residus-que-generen-els-festivals-de-catalunya\\\/\"]}]},{\"@type\":\"ImageObject\",\"inLanguage\":\"es\",\"@id\":\"https:\\\/\\\/ineditinnova.com\\\/es\\\/una-metodologia-permetra-calcular-els-residus-que-generen-els-festivals-de-catalunya\\\/#primaryimage\",\"url\":\"https:\\\/\\\/ineditinnova.com\\\/wp-content\\\/uploads\\\/2023\\\/07\\\/Festival_Cruilla-fotor-2023072795243.jpg\",\"contentUrl\":\"https:\\\/\\\/ineditinnova.com\\\/wp-content\\\/uploads\\\/2023\\\/07\\\/Festival_Cruilla-fotor-2023072795243.jpg\",\"width\":1200,\"height\":800},{\"@type\":\"BreadcrumbList\",\"@id\":\"https:\\\/\\\/ineditinnova.com\\\/es\\\/una-metodologia-permetra-calcular-els-residus-que-generen-els-festivals-de-catalunya\\\/#breadcrumb\",\"itemListElement\":[{\"@type\":\"ListItem\",\"position\":1,\"name\":\"Inici\",\"item\":\"https:\\\/\\\/ineditinnova.com\\\/es\\\/\"},{\"@type\":\"ListItem\",\"position\":2,\"name\":\"Una metodolog\u00eda permitir\u00e1 calcular los residuos que generan los festivales en Catalunya\"}]},{\"@type\":\"WebSite\",\"@id\":\"https:\\\/\\\/ineditinnova.com\\\/en\\\/#website\",\"url\":\"https:\\\/\\\/ineditinnova.com\\\/en\\\/\",\"name\":\"in\u00e8dit\",\"description\":\"Dise\u00f1amos soluciones circulares y sostenibles para un futuro mejor\",\"potentialAction\":[{\"@type\":\"SearchAction\",\"target\":{\"@type\":\"EntryPoint\",\"urlTemplate\":\"https:\\\/\\\/ineditinnova.com\\\/en\\\/?s={search_term_string}\"},\"query-input\":{\"@type\":\"PropertyValueSpecification\",\"valueRequired\":true,\"valueName\":\"search_term_string\"}}],\"inLanguage\":\"es\"},{\"@type\":\"Person\",\"@id\":\"https:\\\/\\\/ineditinnova.com\\\/en\\\/#\\\/schema\\\/person\\\/891e1158385858d9972e3d28e2abf5e5\",\"name\":\"Codina\",\"image\":{\"@type\":\"ImageObject\",\"inLanguage\":\"es\",\"@id\":\"https:\\\/\\\/secure.gravatar.com\\\/avatar\\\/4fff7c6f6d19e46cfd6c15f0f9b4aeb9970dd1aa4028caf6584e34d95cb8a41d?s=96&d=mm&r=g\",\"url\":\"https:\\\/\\\/secure.gravatar.com\\\/avatar\\\/4fff7c6f6d19e46cfd6c15f0f9b4aeb9970dd1aa4028caf6584e34d95cb8a41d?s=96&d=mm&r=g\",\"contentUrl\":\"https:\\\/\\\/secure.gravatar.com\\\/avatar\\\/4fff7c6f6d19e46cfd6c15f0f9b4aeb9970dd1aa4028caf6584e34d95cb8a41d?s=96&d=mm&r=g\",\"caption\":\"Codina\"},\"url\":\"https:\\\/\\\/ineditinnova.com\\\/es\\\/author\\\/inedit\\\/\"}]}<\/script>\n<!-- \/ Yoast SEO plugin. -->","yoast_head_json":{"title":"Una metodolog\u00eda permitir\u00e1 calcular los residuos que generan los festivales en Catalunya - in\u00e8dit","description":"In\u00e8dit desarrollar\u00e1 recursos pensados para orientar a los organizadores de eventos a la hora de tomar decisiones sobre los materiales a utilizar y la separaci\u00f3n y gesti\u00f3n de residuos. La edici\u00f3n del 2023 del Festival Cru\u00eflla ser\u00e1 el estudio piloto en el que se centrar\u00e1 el estudio.","robots":{"index":"index","follow":"follow","max-snippet":"max-snippet:-1","max-image-preview":"max-image-preview:large","max-video-preview":"max-video-preview:-1"},"canonical":"https:\/\/ineditinnova.com\/es\/una-metodologia-permetra-calcular-els-residus-que-generen-els-festivals-de-catalunya\/","og_locale":"es_ES","og_type":"article","og_title":"Una metodolog\u00eda permitir\u00e1 calcular los residuos que generan los festivales en Catalunya - in\u00e8dit","og_description":"In\u00e8dit desarrollar\u00e1 recursos pensados para orientar a los organizadores de eventos a la hora de tomar decisiones sobre los materiales a utilizar y la separaci\u00f3n y gesti\u00f3n de residuos. La edici\u00f3n del 2023 del Festival Cru\u00eflla ser\u00e1 el estudio piloto en el que se centrar\u00e1 el estudio.","og_url":"https:\/\/ineditinnova.com\/es\/una-metodologia-permetra-calcular-els-residus-que-generen-els-festivals-de-catalunya\/","og_site_name":"in\u00e8dit","article_publisher":"https:\/\/www.facebook.com\/ineditinnovacio\/?ref=page_internal","article_published_time":"2023-07-27T07:56:39+00:00","article_modified_time":"2023-07-31T22:26:03+00:00","og_image":[{"width":1200,"height":800,"url":"https:\/\/ineditinnova.com\/wp-content\/uploads\/2023\/07\/Festival_Cruilla-fotor-2023072795243.jpg","type":"image\/jpeg"}],"author":"Codina","twitter_card":"summary_large_image","twitter_creator":"@ineditinnova","twitter_site":"@ineditinnova","twitter_misc":{"Escrito por":"Codina","Tiempo de lectura":"5 minutos"},"schema":{"@context":"https:\/\/schema.org","@graph":[{"@type":"Article","@id":"https:\/\/ineditinnova.com\/es\/una-metodologia-permetra-calcular-els-residus-que-generen-els-festivals-de-catalunya\/#article","isPartOf":{"@id":"https:\/\/ineditinnova.com\/es\/una-metodologia-permetra-calcular-els-residus-que-generen-els-festivals-de-catalunya\/"},"author":{"name":"Codina","@id":"https:\/\/ineditinnova.com\/en\/#\/schema\/person\/891e1158385858d9972e3d28e2abf5e5"},"headline":"Una metodolog\u00eda permitir\u00e1 calcular los residuos que generan los festivales en Catalunya","datePublished":"2023-07-27T07:56:39+00:00","dateModified":"2023-07-31T22:26:03+00:00","mainEntityOfPage":{"@id":"https:\/\/ineditinnova.com\/es\/una-metodologia-permetra-calcular-els-residus-que-generen-els-festivals-de-catalunya\/"},"wordCount":789,"image":{"@id":"https:\/\/ineditinnova.com\/es\/una-metodologia-permetra-calcular-els-residus-que-generen-els-festivals-de-catalunya\/#primaryimage"},"thumbnailUrl":"https:\/\/ineditinnova.com\/wp-content\/uploads\/2023\/07\/Festival_Cruilla-fotor-2023072795243.jpg","keywords":["NOTICIA"],"articleSection":["CUANTIFICACI\u00d3N DE IMPACTOS AMBIENTALES","Ecodise\u00f1o de productos y servicios"],"inLanguage":"es"},{"@type":"WebPage","@id":"https:\/\/ineditinnova.com\/es\/una-metodologia-permetra-calcular-els-residus-que-generen-els-festivals-de-catalunya\/","url":"https:\/\/ineditinnova.com\/es\/una-metodologia-permetra-calcular-els-residus-que-generen-els-festivals-de-catalunya\/","name":"Una metodolog\u00eda permitir\u00e1 calcular los residuos que generan los festivales en Catalunya - in\u00e8dit","isPartOf":{"@id":"https:\/\/ineditinnova.com\/en\/#website"},"primaryImageOfPage":{"@id":"https:\/\/ineditinnova.com\/es\/una-metodologia-permetra-calcular-els-residus-que-generen-els-festivals-de-catalunya\/#primaryimage"},"image":{"@id":"https:\/\/ineditinnova.com\/es\/una-metodologia-permetra-calcular-els-residus-que-generen-els-festivals-de-catalunya\/#primaryimage"},"thumbnailUrl":"https:\/\/ineditinnova.com\/wp-content\/uploads\/2023\/07\/Festival_Cruilla-fotor-2023072795243.jpg","datePublished":"2023-07-27T07:56:39+00:00","dateModified":"2023-07-31T22:26:03+00:00","author":{"@id":"https:\/\/ineditinnova.com\/en\/#\/schema\/person\/891e1158385858d9972e3d28e2abf5e5"},"description":"In\u00e8dit desarrollar\u00e1 recursos pensados para orientar a los organizadores de eventos a la hora de tomar decisiones sobre los materiales a utilizar y la separaci\u00f3n y gesti\u00f3n de residuos. La edici\u00f3n del 2023 del Festival Cru\u00eflla ser\u00e1 el estudio piloto en el que se centrar\u00e1 el estudio.","breadcrumb":{"@id":"https:\/\/ineditinnova.com\/es\/una-metodologia-permetra-calcular-els-residus-que-generen-els-festivals-de-catalunya\/#breadcrumb"},"inLanguage":"es","potentialAction":[{"@type":"ReadAction","target":["https:\/\/ineditinnova.com\/es\/una-metodologia-permetra-calcular-els-residus-que-generen-els-festivals-de-catalunya\/"]}]},{"@type":"ImageObject","inLanguage":"es","@id":"https:\/\/ineditinnova.com\/es\/una-metodologia-permetra-calcular-els-residus-que-generen-els-festivals-de-catalunya\/#primaryimage","url":"https:\/\/ineditinnova.com\/wp-content\/uploads\/2023\/07\/Festival_Cruilla-fotor-2023072795243.jpg","contentUrl":"https:\/\/ineditinnova.com\/wp-content\/uploads\/2023\/07\/Festival_Cruilla-fotor-2023072795243.jpg","width":1200,"height":800},{"@type":"BreadcrumbList","@id":"https:\/\/ineditinnova.com\/es\/una-metodologia-permetra-calcular-els-residus-que-generen-els-festivals-de-catalunya\/#breadcrumb","itemListElement":[{"@type":"ListItem","position":1,"name":"Inici","item":"https:\/\/ineditinnova.com\/es\/"},{"@type":"ListItem","position":2,"name":"Una metodolog\u00eda permitir\u00e1 calcular los residuos que generan los festivales en Catalunya"}]},{"@type":"WebSite","@id":"https:\/\/ineditinnova.com\/en\/#website","url":"https:\/\/ineditinnova.com\/en\/","name":"in\u00e8dit","description":"Dise\u00f1amos soluciones circulares y sostenibles para un futuro mejor","potentialAction":[{"@type":"SearchAction","target":{"@type":"EntryPoint","urlTemplate":"https:\/\/ineditinnova.com\/en\/?s={search_term_string}"},"query-input":{"@type":"PropertyValueSpecification","valueRequired":true,"valueName":"search_term_string"}}],"inLanguage":"es"},{"@type":"Person","@id":"https:\/\/ineditinnova.com\/en\/#\/schema\/person\/891e1158385858d9972e3d28e2abf5e5","name":"Codina","image":{"@type":"ImageObject","inLanguage":"es","@id":"https:\/\/secure.gravatar.com\/avatar\/4fff7c6f6d19e46cfd6c15f0f9b4aeb9970dd1aa4028caf6584e34d95cb8a41d?s=96&d=mm&r=g","url":"https:\/\/secure.gravatar.com\/avatar\/4fff7c6f6d19e46cfd6c15f0f9b4aeb9970dd1aa4028caf6584e34d95cb8a41d?s=96&d=mm&r=g","contentUrl":"https:\/\/secure.gravatar.com\/avatar\/4fff7c6f6d19e46cfd6c15f0f9b4aeb9970dd1aa4028caf6584e34d95cb8a41d?s=96&d=mm&r=g","caption":"Codina"},"url":"https:\/\/ineditinnova.com\/es\/author\/inedit\/"}]}},"_links":{"self":[{"href":"https:\/\/ineditinnova.com\/es\/wp-json\/wp\/v2\/posts\/5926","targetHints":{"allow":["GET"]}}],"collection":[{"href":"https:\/\/ineditinnova.com\/es\/wp-json\/wp\/v2\/posts"}],"about":[{"href":"https:\/\/ineditinnova.com\/es\/wp-json\/wp\/v2\/types\/post"}],"author":[{"embeddable":true,"href":"https:\/\/ineditinnova.com\/es\/wp-json\/wp\/v2\/users\/2"}],"replies":[{"embeddable":true,"href":"https:\/\/ineditinnova.com\/es\/wp-json\/wp\/v2\/comments?post=5926"}],"version-history":[{"count":4,"href":"https:\/\/ineditinnova.com\/es\/wp-json\/wp\/v2\/posts\/5926\/revisions"}],"predecessor-version":[{"id":5944,"href":"https:\/\/ineditinnova.com\/es\/wp-json\/wp\/v2\/posts\/5926\/revisions\/5944"}],"wp:featuredmedia":[{"embeddable":true,"href":"https:\/\/ineditinnova.com\/es\/wp-json\/wp\/v2\/media\/5920"}],"wp:attachment":[{"href":"https:\/\/ineditinnova.com\/es\/wp-json\/wp\/v2\/media?parent=5926"}],"wp:term":[{"taxonomy":"category","embeddable":true,"href":"https:\/\/ineditinnova.com\/es\/wp-json\/wp\/v2\/categories?post=5926"},{"taxonomy":"post_tag","embeddable":true,"href":"https:\/\/ineditinnova.com\/es\/wp-json\/wp\/v2\/tags?post=5926"}],"curies":[{"name":"wp","href":"https:\/\/api.w.org\/{rel}","templated":true}]}}