{"id":7356,"date":"2023-12-17T23:28:14","date_gmt":"2023-12-17T23:28:14","guid":{"rendered":"https:\/\/ineditinnova.com\/?p=7356"},"modified":"2023-12-18T10:13:59","modified_gmt":"2023-12-18T10:13:59","slug":"un-canvi-sistemic","status":"publish","type":"post","link":"https:\/\/ineditinnova.com\/es\/un-canvi-sistemic\/","title":{"rendered":"Un cambio sist\u00e9mico"},"content":{"rendered":"\n\n\n\n\n<p><\/p>\n\n\n\n<p style=\"font-size:25px\">El acuerdo final de la COP28 nos muestra c\u00f3mo los petroestados pueden aceptar la declaraci\u00f3n de intenciones de iniciar una transici\u00f3n para abandonar los combustibles f\u00f3siles, pero en ning\u00fan caso aceptan reducir su uso y mucho menos eliminarlos. Esto no deber\u00eda sorprendernos, ya que <strong>mientras un producto<\/strong>, aunque sea contaminante, <strong>siga siendo legal, tenga una alta demanda y sea lucrativo, siempre habr\u00e1 alguien dispuesto a producirlo<\/strong>. Imaginemos que, presionada por la sociedad, los gobiernos y los inversores, una compa\u00f1\u00eda petrolera reduce la producci\u00f3n de combustibles para desarrollar el negocio de las renovables; seguramente habr\u00e1 alguna otra petrolera encantada de quedarse con la parte de negocio que deje la otra.<\/p>\n\n\n\n<p style=\"font-size:25px\">Es un problema que vivimos a diario en diferentes sectores y escalas. <strong>No faltan motivos, pero s\u00ed incentivos para dejar de producir y consumir como lo estamos haciendo.<\/strong> Y es que, para volver al camino de los 1,5\u00b0C o para que el Earth Overshoot Day \u2015el d\u00eda del a\u00f1o en que la demanda de recursos y servicios por parte de la humanidad supera la capacidad de la Tierra para regenerarlos\u2015 sea el 31 de diciembre y no el 3 de agosto, se necesita un cambio sist\u00e9mico. No se trata de producir y consumir menos haciendo lo mismo o un poco mejor. Ni de hacerlo solo en algunas partes del planeta. Se trata de darnos cuenta de que <strong>el modelo de extracci\u00f3n, producci\u00f3n y consumo de recursos respaldado por el uso de energ\u00eda f\u00f3sil barata ha llegado al final del camino<\/strong> y necesitamos una econom\u00eda que genere valor conservando los recursos en lugar de destruirlos.<\/p>\n\n\n\n<p style=\"font-size:25px\"><strong>La noticia positiva es que este cambio es posible.<\/strong> Tenemos los conocimientos, la tecnolog\u00eda y los recursos para hacerlo realidad. <strong>La noticia negativa es que es muy poco probable que esta transici\u00f3n se haga de forma ordenada, minimizando los costos.<\/strong> La transformaci\u00f3n y adaptaci\u00f3n al cambio, especialmente si este debe ser r\u00e1pido, no est\u00e1 al alcance de todas las organizaciones p\u00fablicas ni privadas.<\/p>\n\n\n\n<p style=\"font-size:25px\">Dec\u00eda que hab\u00edamos llegado al final de un camino. Sin embargo, <strong>solo unos pocos tendr\u00e1n la capacidad de reinventarse <\/strong>para tomar el siguiente, que, necesariamente, deber\u00e1 ser circular y descarbonizado. La mayor\u00eda de las organizaciones, incapaces o impotentes, ofrecen y ofrecer\u00e1n una gran resistencia al cambio. Alargando su agon\u00eda, encarecen los costos de esta transformaci\u00f3n para todos. Algunas organizaciones punteras trabajan en el dise\u00f1o de su transici\u00f3n. Pero si mover una \u00fanica empresa ya es un desaf\u00edo monumental, y no exento de contradicciones \u2015como lo demuestra la destituci\u00f3n de Emmanuel Faber como CEO de Danone en 2021\u2015, cambiar una econom\u00eda de 8.000 millones de habitantes no se puede hacer sin un largo per\u00edodo de crisis que obligue a adaptaciones progresivas y\/o cierres de negocios que ya no son viables en la nueva realidad.<\/p>\n\n\n\n<p style=\"font-size:25px\"><strong>In\u00e8dit<\/strong> no debe ser un agente neutro u observador ante este momento hist\u00f3rico. Muy al contrario, <strong>debe ser un agente al servicio de aquellas organizaciones que busquen ayuda para dise\u00f1ar esta transici\u00f3n. <\/strong>No ser\u00e1 cuesti\u00f3n de hacer un proyecto o dos, ni una gu\u00eda sectorial o un plan de descarbonizaci\u00f3n. Ser\u00e1n a\u00f1os de cambios \u2015reguladores, econ\u00f3micos, fiscales, sociales, de valores, pol\u00edticos\u2015 que habr\u00e1 que acompa\u00f1ar para que este cambio sist\u00e9mico sea tan r\u00e1pido, ordenado y con los menores costos econ\u00f3micos y sociales como sea posible.<\/p>\n\n\n\n<p style=\"font-size:25px\">Por otro lado, cada vez m\u00e1s nos encontraremos con interlocutores con una creciente disonancia cognitiva. Personas que sufrir\u00e1n de la incoherencia entre lo que piensan o creen y sus acciones o experiencias diarias. Y, por lo tanto, tendremos que ofrecer siempre alternativas que no las acorralen y las lleven al bloqueo, sino que las ayuden a comprender la complejidad del reto y a encontrar caminos para su reubicaci\u00f3n en el nuevo modelo que las conviertan en aliadas y no en frenos del cambio.<\/p>\n\n\n\n<p style=\"font-size:25px\"><strong>Dise\u00f1o, empat\u00eda, datos, proximidad, innovaci\u00f3n, s\u00ed. Pero tambi\u00e9n contundencia donde sea necesario, porque no todo est\u00e1 permitido.<\/strong> No es correcto poner a un petroestado a dirigir la eliminaci\u00f3n de los combustibles f\u00f3siles. No es correcto desinformar \u2015<em>greenwashing<\/em>, <em>carbon neutral<\/em>, etc. No es correcto diluir los temas para no tener que enfrentar los m\u00e1s urgentes \u2015este es uno de los riesgos habitualmente identificados en el enfoque de Environmental, Social and Governance (ESG). No es correcto refugiarse detr\u00e1s del prop\u00f3sito o la mera declaraci\u00f3n de buenas intenciones, porque hacerlo m\u00e1s tarde es demasiado tarde.<\/p>\n\n\n\n<p style=\"font-size:25px\"><strong>Queremos hechos, queremos acciones. Los necesitamos. Y desde in\u00e8dit trabajamos cada d\u00eda para hacerlo realidad.<\/strong><\/p>\n","protected":false},"excerpt":{"rendered":"<p>El acuerdo final de la COP28 nos muestra c\u00f3mo los petroestados pueden aceptar la declaraci\u00f3n de intenciones de iniciar una transici\u00f3n para abandonar los combustibles f\u00f3siles, pero en ning\u00fan caso aceptan reducir su uso y mucho menos eliminarlos. Esto no deber\u00eda sorprendernos, ya que mientras un producto, aunque sea contaminante, siga siendo legal, tenga una&#8230;  <a class=\"excerpt-read-more\" href=\"https:\/\/ineditinnova.com\/es\/un-canvi-sistemic\/\" title=\"Read Un cambio sist\u00e9mico\">Read more &raquo;<\/a><\/p>\n","protected":false},"author":2,"featured_media":7355,"comment_status":"closed","ping_status":"closed","sticky":false,"template":"","format":"standard","meta":{"_acf_changed":false,"footnotes":""},"categories":[21],"tags":[88],"class_list":["post-7356","post","type-post","status-publish","format-standard","has-post-thumbnail","hentry","category-ecodiseno","tag-opinion"],"acf":[],"yoast_head":"<!-- This site is optimized with the Yoast SEO plugin v27.5 - https:\/\/yoast.com\/product\/yoast-seo-wordpress\/ -->\n<title>Un cambio sist\u00e9mico - in\u00e8dit<\/title>\n<meta name=\"description\" content=\"El director ejecutivo de in\u00e8dit, Jordi Oliver, reflexiona en este art\u00edculo de opini\u00f3n sobre el acuerdo final de la COP28 de Dubai, apunta qu\u00e9 hay que hacer para retomar el camino de los 1,5\u00baC, cu\u00e1l ser\u00e1 el escenario de futuro y qu\u00e9 papel tendr\u00e1 en \u00e9l in\u00e8dit.\" \/>\n<meta name=\"robots\" content=\"index, follow, max-snippet:-1, max-image-preview:large, max-video-preview:-1\" \/>\n<link rel=\"canonical\" href=\"https:\/\/ineditinnova.com\/es\/un-canvi-sistemic\/\" \/>\n<meta property=\"og:locale\" content=\"es_ES\" \/>\n<meta property=\"og:type\" content=\"article\" \/>\n<meta property=\"og:title\" content=\"Un cambio sist\u00e9mico - in\u00e8dit\" \/>\n<meta property=\"og:description\" content=\"El director ejecutivo de in\u00e8dit, Jordi Oliver, reflexiona en este art\u00edculo de opini\u00f3n sobre el acuerdo final de la COP28 de Dubai, apunta qu\u00e9 hay que hacer para retomar el camino de los 1,5\u00baC, cu\u00e1l ser\u00e1 el escenario de futuro y qu\u00e9 papel tendr\u00e1 en \u00e9l in\u00e8dit.\" \/>\n<meta property=\"og:url\" content=\"https:\/\/ineditinnova.com\/es\/un-canvi-sistemic\/\" \/>\n<meta property=\"og:site_name\" content=\"in\u00e8dit\" \/>\n<meta property=\"article:publisher\" content=\"https:\/\/www.facebook.com\/ineditinnovacio\/?ref=page_internal\" \/>\n<meta property=\"article:published_time\" content=\"2023-12-17T23:28:14+00:00\" \/>\n<meta property=\"article:modified_time\" content=\"2023-12-18T10:13:59+00:00\" \/>\n<meta property=\"og:image\" content=\"https:\/\/ineditinnova.com\/wp-content\/uploads\/2023\/12\/COP28.jpg\" \/>\n\t<meta property=\"og:image:width\" content=\"2048\" \/>\n\t<meta property=\"og:image:height\" content=\"1292\" \/>\n\t<meta property=\"og:image:type\" content=\"image\/jpeg\" \/>\n<meta name=\"author\" content=\"Codina\" \/>\n<meta name=\"twitter:card\" content=\"summary_large_image\" \/>\n<meta name=\"twitter:creator\" content=\"@ineditinnova\" \/>\n<meta name=\"twitter:site\" content=\"@ineditinnova\" \/>\n<meta name=\"twitter:label1\" content=\"Escrito por\" \/>\n\t<meta name=\"twitter:data1\" content=\"Codina\" \/>\n\t<meta name=\"twitter:label2\" content=\"Tiempo de lectura\" \/>\n\t<meta name=\"twitter:data2\" content=\"5 minutos\" \/>\n<script type=\"application\/ld+json\" class=\"yoast-schema-graph\">{\"@context\":\"https:\\\/\\\/schema.org\",\"@graph\":[{\"@type\":\"Article\",\"@id\":\"https:\\\/\\\/ineditinnova.com\\\/es\\\/un-canvi-sistemic\\\/#article\",\"isPartOf\":{\"@id\":\"https:\\\/\\\/ineditinnova.com\\\/es\\\/un-canvi-sistemic\\\/\"},\"author\":{\"name\":\"Codina\",\"@id\":\"https:\\\/\\\/ineditinnova.com\\\/en\\\/#\\\/schema\\\/person\\\/891e1158385858d9972e3d28e2abf5e5\"},\"headline\":\"Un cambio sist\u00e9mico\",\"datePublished\":\"2023-12-17T23:28:14+00:00\",\"dateModified\":\"2023-12-18T10:13:59+00:00\",\"mainEntityOfPage\":{\"@id\":\"https:\\\/\\\/ineditinnova.com\\\/es\\\/un-canvi-sistemic\\\/\"},\"wordCount\":801,\"image\":{\"@id\":\"https:\\\/\\\/ineditinnova.com\\\/es\\\/un-canvi-sistemic\\\/#primaryimage\"},\"thumbnailUrl\":\"https:\\\/\\\/ineditinnova.com\\\/wp-content\\\/uploads\\\/2023\\\/12\\\/COP28.jpg\",\"keywords\":[\"OPINI\u00d3N\"],\"articleSection\":[\"Ecodise\u00f1o de productos y servicios\"],\"inLanguage\":\"es\"},{\"@type\":\"WebPage\",\"@id\":\"https:\\\/\\\/ineditinnova.com\\\/es\\\/un-canvi-sistemic\\\/\",\"url\":\"https:\\\/\\\/ineditinnova.com\\\/es\\\/un-canvi-sistemic\\\/\",\"name\":\"Un cambio sist\u00e9mico - in\u00e8dit\",\"isPartOf\":{\"@id\":\"https:\\\/\\\/ineditinnova.com\\\/en\\\/#website\"},\"primaryImageOfPage\":{\"@id\":\"https:\\\/\\\/ineditinnova.com\\\/es\\\/un-canvi-sistemic\\\/#primaryimage\"},\"image\":{\"@id\":\"https:\\\/\\\/ineditinnova.com\\\/es\\\/un-canvi-sistemic\\\/#primaryimage\"},\"thumbnailUrl\":\"https:\\\/\\\/ineditinnova.com\\\/wp-content\\\/uploads\\\/2023\\\/12\\\/COP28.jpg\",\"datePublished\":\"2023-12-17T23:28:14+00:00\",\"dateModified\":\"2023-12-18T10:13:59+00:00\",\"author\":{\"@id\":\"https:\\\/\\\/ineditinnova.com\\\/en\\\/#\\\/schema\\\/person\\\/891e1158385858d9972e3d28e2abf5e5\"},\"description\":\"El director ejecutivo de in\u00e8dit, Jordi Oliver, reflexiona en este art\u00edculo de opini\u00f3n sobre el acuerdo final de la COP28 de Dubai, apunta qu\u00e9 hay que hacer para retomar el camino de los 1,5\u00baC, cu\u00e1l ser\u00e1 el escenario de futuro y qu\u00e9 papel tendr\u00e1 en \u00e9l in\u00e8dit.\",\"breadcrumb\":{\"@id\":\"https:\\\/\\\/ineditinnova.com\\\/es\\\/un-canvi-sistemic\\\/#breadcrumb\"},\"inLanguage\":\"es\",\"potentialAction\":[{\"@type\":\"ReadAction\",\"target\":[\"https:\\\/\\\/ineditinnova.com\\\/es\\\/un-canvi-sistemic\\\/\"]}]},{\"@type\":\"ImageObject\",\"inLanguage\":\"es\",\"@id\":\"https:\\\/\\\/ineditinnova.com\\\/es\\\/un-canvi-sistemic\\\/#primaryimage\",\"url\":\"https:\\\/\\\/ineditinnova.com\\\/wp-content\\\/uploads\\\/2023\\\/12\\\/COP28.jpg\",\"contentUrl\":\"https:\\\/\\\/ineditinnova.com\\\/wp-content\\\/uploads\\\/2023\\\/12\\\/COP28.jpg\",\"width\":2048,\"height\":1292,\"caption\":\"cop28\"},{\"@type\":\"BreadcrumbList\",\"@id\":\"https:\\\/\\\/ineditinnova.com\\\/es\\\/un-canvi-sistemic\\\/#breadcrumb\",\"itemListElement\":[{\"@type\":\"ListItem\",\"position\":1,\"name\":\"Inici\",\"item\":\"https:\\\/\\\/ineditinnova.com\\\/es\\\/\"},{\"@type\":\"ListItem\",\"position\":2,\"name\":\"Un cambio sist\u00e9mico\"}]},{\"@type\":\"WebSite\",\"@id\":\"https:\\\/\\\/ineditinnova.com\\\/en\\\/#website\",\"url\":\"https:\\\/\\\/ineditinnova.com\\\/en\\\/\",\"name\":\"in\u00e8dit\",\"description\":\"Dise\u00f1amos soluciones circulares y sostenibles para un futuro mejor\",\"potentialAction\":[{\"@type\":\"SearchAction\",\"target\":{\"@type\":\"EntryPoint\",\"urlTemplate\":\"https:\\\/\\\/ineditinnova.com\\\/en\\\/?s={search_term_string}\"},\"query-input\":{\"@type\":\"PropertyValueSpecification\",\"valueRequired\":true,\"valueName\":\"search_term_string\"}}],\"inLanguage\":\"es\"},{\"@type\":\"Person\",\"@id\":\"https:\\\/\\\/ineditinnova.com\\\/en\\\/#\\\/schema\\\/person\\\/891e1158385858d9972e3d28e2abf5e5\",\"name\":\"Codina\",\"image\":{\"@type\":\"ImageObject\",\"inLanguage\":\"es\",\"@id\":\"https:\\\/\\\/secure.gravatar.com\\\/avatar\\\/4fff7c6f6d19e46cfd6c15f0f9b4aeb9970dd1aa4028caf6584e34d95cb8a41d?s=96&d=mm&r=g\",\"url\":\"https:\\\/\\\/secure.gravatar.com\\\/avatar\\\/4fff7c6f6d19e46cfd6c15f0f9b4aeb9970dd1aa4028caf6584e34d95cb8a41d?s=96&d=mm&r=g\",\"contentUrl\":\"https:\\\/\\\/secure.gravatar.com\\\/avatar\\\/4fff7c6f6d19e46cfd6c15f0f9b4aeb9970dd1aa4028caf6584e34d95cb8a41d?s=96&d=mm&r=g\",\"caption\":\"Codina\"},\"url\":\"https:\\\/\\\/ineditinnova.com\\\/es\\\/author\\\/inedit\\\/\"}]}<\/script>\n<!-- \/ Yoast SEO plugin. -->","yoast_head_json":{"title":"Un cambio sist\u00e9mico - in\u00e8dit","description":"El director ejecutivo de in\u00e8dit, Jordi Oliver, reflexiona en este art\u00edculo de opini\u00f3n sobre el acuerdo final de la COP28 de Dubai, apunta qu\u00e9 hay que hacer para retomar el camino de los 1,5\u00baC, cu\u00e1l ser\u00e1 el escenario de futuro y qu\u00e9 papel tendr\u00e1 en \u00e9l in\u00e8dit.","robots":{"index":"index","follow":"follow","max-snippet":"max-snippet:-1","max-image-preview":"max-image-preview:large","max-video-preview":"max-video-preview:-1"},"canonical":"https:\/\/ineditinnova.com\/es\/un-canvi-sistemic\/","og_locale":"es_ES","og_type":"article","og_title":"Un cambio sist\u00e9mico - in\u00e8dit","og_description":"El director ejecutivo de in\u00e8dit, Jordi Oliver, reflexiona en este art\u00edculo de opini\u00f3n sobre el acuerdo final de la COP28 de Dubai, apunta qu\u00e9 hay que hacer para retomar el camino de los 1,5\u00baC, cu\u00e1l ser\u00e1 el escenario de futuro y qu\u00e9 papel tendr\u00e1 en \u00e9l in\u00e8dit.","og_url":"https:\/\/ineditinnova.com\/es\/un-canvi-sistemic\/","og_site_name":"in\u00e8dit","article_publisher":"https:\/\/www.facebook.com\/ineditinnovacio\/?ref=page_internal","article_published_time":"2023-12-17T23:28:14+00:00","article_modified_time":"2023-12-18T10:13:59+00:00","og_image":[{"width":2048,"height":1292,"url":"https:\/\/ineditinnova.com\/wp-content\/uploads\/2023\/12\/COP28.jpg","type":"image\/jpeg"}],"author":"Codina","twitter_card":"summary_large_image","twitter_creator":"@ineditinnova","twitter_site":"@ineditinnova","twitter_misc":{"Escrito por":"Codina","Tiempo de lectura":"5 minutos"},"schema":{"@context":"https:\/\/schema.org","@graph":[{"@type":"Article","@id":"https:\/\/ineditinnova.com\/es\/un-canvi-sistemic\/#article","isPartOf":{"@id":"https:\/\/ineditinnova.com\/es\/un-canvi-sistemic\/"},"author":{"name":"Codina","@id":"https:\/\/ineditinnova.com\/en\/#\/schema\/person\/891e1158385858d9972e3d28e2abf5e5"},"headline":"Un cambio sist\u00e9mico","datePublished":"2023-12-17T23:28:14+00:00","dateModified":"2023-12-18T10:13:59+00:00","mainEntityOfPage":{"@id":"https:\/\/ineditinnova.com\/es\/un-canvi-sistemic\/"},"wordCount":801,"image":{"@id":"https:\/\/ineditinnova.com\/es\/un-canvi-sistemic\/#primaryimage"},"thumbnailUrl":"https:\/\/ineditinnova.com\/wp-content\/uploads\/2023\/12\/COP28.jpg","keywords":["OPINI\u00d3N"],"articleSection":["Ecodise\u00f1o de productos y servicios"],"inLanguage":"es"},{"@type":"WebPage","@id":"https:\/\/ineditinnova.com\/es\/un-canvi-sistemic\/","url":"https:\/\/ineditinnova.com\/es\/un-canvi-sistemic\/","name":"Un cambio sist\u00e9mico - in\u00e8dit","isPartOf":{"@id":"https:\/\/ineditinnova.com\/en\/#website"},"primaryImageOfPage":{"@id":"https:\/\/ineditinnova.com\/es\/un-canvi-sistemic\/#primaryimage"},"image":{"@id":"https:\/\/ineditinnova.com\/es\/un-canvi-sistemic\/#primaryimage"},"thumbnailUrl":"https:\/\/ineditinnova.com\/wp-content\/uploads\/2023\/12\/COP28.jpg","datePublished":"2023-12-17T23:28:14+00:00","dateModified":"2023-12-18T10:13:59+00:00","author":{"@id":"https:\/\/ineditinnova.com\/en\/#\/schema\/person\/891e1158385858d9972e3d28e2abf5e5"},"description":"El director ejecutivo de in\u00e8dit, Jordi Oliver, reflexiona en este art\u00edculo de opini\u00f3n sobre el acuerdo final de la COP28 de Dubai, apunta qu\u00e9 hay que hacer para retomar el camino de los 1,5\u00baC, cu\u00e1l ser\u00e1 el escenario de futuro y qu\u00e9 papel tendr\u00e1 en \u00e9l in\u00e8dit.","breadcrumb":{"@id":"https:\/\/ineditinnova.com\/es\/un-canvi-sistemic\/#breadcrumb"},"inLanguage":"es","potentialAction":[{"@type":"ReadAction","target":["https:\/\/ineditinnova.com\/es\/un-canvi-sistemic\/"]}]},{"@type":"ImageObject","inLanguage":"es","@id":"https:\/\/ineditinnova.com\/es\/un-canvi-sistemic\/#primaryimage","url":"https:\/\/ineditinnova.com\/wp-content\/uploads\/2023\/12\/COP28.jpg","contentUrl":"https:\/\/ineditinnova.com\/wp-content\/uploads\/2023\/12\/COP28.jpg","width":2048,"height":1292,"caption":"cop28"},{"@type":"BreadcrumbList","@id":"https:\/\/ineditinnova.com\/es\/un-canvi-sistemic\/#breadcrumb","itemListElement":[{"@type":"ListItem","position":1,"name":"Inici","item":"https:\/\/ineditinnova.com\/es\/"},{"@type":"ListItem","position":2,"name":"Un cambio sist\u00e9mico"}]},{"@type":"WebSite","@id":"https:\/\/ineditinnova.com\/en\/#website","url":"https:\/\/ineditinnova.com\/en\/","name":"in\u00e8dit","description":"Dise\u00f1amos soluciones circulares y sostenibles para un futuro mejor","potentialAction":[{"@type":"SearchAction","target":{"@type":"EntryPoint","urlTemplate":"https:\/\/ineditinnova.com\/en\/?s={search_term_string}"},"query-input":{"@type":"PropertyValueSpecification","valueRequired":true,"valueName":"search_term_string"}}],"inLanguage":"es"},{"@type":"Person","@id":"https:\/\/ineditinnova.com\/en\/#\/schema\/person\/891e1158385858d9972e3d28e2abf5e5","name":"Codina","image":{"@type":"ImageObject","inLanguage":"es","@id":"https:\/\/secure.gravatar.com\/avatar\/4fff7c6f6d19e46cfd6c15f0f9b4aeb9970dd1aa4028caf6584e34d95cb8a41d?s=96&d=mm&r=g","url":"https:\/\/secure.gravatar.com\/avatar\/4fff7c6f6d19e46cfd6c15f0f9b4aeb9970dd1aa4028caf6584e34d95cb8a41d?s=96&d=mm&r=g","contentUrl":"https:\/\/secure.gravatar.com\/avatar\/4fff7c6f6d19e46cfd6c15f0f9b4aeb9970dd1aa4028caf6584e34d95cb8a41d?s=96&d=mm&r=g","caption":"Codina"},"url":"https:\/\/ineditinnova.com\/es\/author\/inedit\/"}]}},"_links":{"self":[{"href":"https:\/\/ineditinnova.com\/es\/wp-json\/wp\/v2\/posts\/7356","targetHints":{"allow":["GET"]}}],"collection":[{"href":"https:\/\/ineditinnova.com\/es\/wp-json\/wp\/v2\/posts"}],"about":[{"href":"https:\/\/ineditinnova.com\/es\/wp-json\/wp\/v2\/types\/post"}],"author":[{"embeddable":true,"href":"https:\/\/ineditinnova.com\/es\/wp-json\/wp\/v2\/users\/2"}],"replies":[{"embeddable":true,"href":"https:\/\/ineditinnova.com\/es\/wp-json\/wp\/v2\/comments?post=7356"}],"version-history":[{"count":8,"href":"https:\/\/ineditinnova.com\/es\/wp-json\/wp\/v2\/posts\/7356\/revisions"}],"predecessor-version":[{"id":7370,"href":"https:\/\/ineditinnova.com\/es\/wp-json\/wp\/v2\/posts\/7356\/revisions\/7370"}],"wp:featuredmedia":[{"embeddable":true,"href":"https:\/\/ineditinnova.com\/es\/wp-json\/wp\/v2\/media\/7355"}],"wp:attachment":[{"href":"https:\/\/ineditinnova.com\/es\/wp-json\/wp\/v2\/media?parent=7356"}],"wp:term":[{"taxonomy":"category","embeddable":true,"href":"https:\/\/ineditinnova.com\/es\/wp-json\/wp\/v2\/categories?post=7356"},{"taxonomy":"post_tag","embeddable":true,"href":"https:\/\/ineditinnova.com\/es\/wp-json\/wp\/v2\/tags?post=7356"}],"curies":[{"name":"wp","href":"https:\/\/api.w.org\/{rel}","templated":true}]}}