{"id":7383,"date":"2023-12-19T22:55:36","date_gmt":"2023-12-19T22:55:36","guid":{"rendered":"https:\/\/ineditinnova.com\/tecnologies-4-0-per-allargar-la-vida-util-de-les-catifes\/"},"modified":"2025-03-11T08:27:36","modified_gmt":"2025-03-11T08:27:36","slug":"tecnologies-4-0-per-allargar-la-vida-util-de-les-catifes","status":"publish","type":"post","link":"https:\/\/ineditinnova.com\/es\/tecnologies-4-0-per-allargar-la-vida-util-de-les-catifes\/","title":{"rendered":"Tecnolog\u00edas 4.0 para alargar la vida \u00fatil de las alfombras"},"content":{"rendered":"\n\n\n\n\n<p><\/p>\n\n\n\n<p><\/p>\n\n\n\n<p style=\"font-size:25px\">Cada a\u00f1o, <strong>en Espa\u00f1a, se consumen entre 21,5 y 26 kg de piezas de textil por habitante<\/strong>, de los cuales el 30% corresponde a productos textiles del hogar. De esta cantidad, que abarca el textil de moda, el textil del hogar y el textil industrial,<strong> el 11% se recoge y solo el 1% se recicla para convertirse en un nuevo producto<\/strong>. <strong>En el caso espec\u00edfico de las alfombras y las moquetas, cerca de 1,6 millones de toneladas terminan incineradas o en vertederos cada a\u00f1o en la Uni\u00f3n Europea<\/strong>. Una de las causas de esta baja reciclabilidad en el sector es la falta de datos y la poca visibilidad en muchos de los procesos de la cadena de valor del textil, desde la extracci\u00f3n de materias primas hasta la gesti\u00f3n final de los productos. <\/p>\n\n\n\n<p style=\"font-size:25px\">\u00abLong Life Textiles\u00bb busca dar respuesta a este desaf\u00edo con un proyecto de investigaci\u00f3n industrial para dise\u00f1ar, desarrollar y prototipar un modelo que permita alargar la vida \u00fatil de las alfombras y recuperarlas al final de su vida a trav\u00e9s de la aplicaci\u00f3n de tecnolog\u00edas disruptivas de la industria 4.0. A nivel ambiental, se podr\u00edan ahorrar materias primas y se minimizar\u00eda la generaci\u00f3n de residuos; <strong>se estima que la huella de carbono total del producto se reducir\u00eda entre un 40 y un 60%.<\/strong><\/p>\n\n\n\n<p style=\"font-size:25px\">El eje clave del proyecto ser\u00e1 <strong>un modelo que permita mapear el ciclo de vida de las alfombras poniendo en valor los materiales y t\u00e9cnicas utilizadas en su producci\u00f3n<\/strong>, proporcionar al consumidor informaci\u00f3n y acceso a servicios de limpieza y mantenimiento, y facilitar su recuperaci\u00f3n y reciclaje. Un modelo de trazabilidad y transparencia integrado en una aplicaci\u00f3n para Android e IOS desde donde los agentes involucrados en la cadena de valor podr\u00e1n acceder a la informaci\u00f3n detallada del producto y actualizar la informaci\u00f3n seg\u00fan corresponda.<\/p>\n\n\n\n<p style=\"font-size:25px\">A diferencia de un pasaporte digital de producto, que permite hacer un seguimiento previo y durante la fase de consumo, la soluci\u00f3n propuesta permitir\u00e1 hacer un seguimiento postconsumo, lo que no solo tendr\u00e1 ventajas desde el punto de vista ambiental, sino tambi\u00e9n en cuanto a la explotaci\u00f3n de nuevas v\u00edas y modelos de negocio, como servicios de mantenimiento de alfombras, compra-venta de alfombras de segunda mano, servicio de recogida y reciclaje de alfombras, por ejemplo.<\/p>\n\n\n\n<p style=\"font-size:25px\">\u00abLong Life Textiles\u00bb est\u00e1 liderado por el <a href=\"https:\/\/www.bcd.es\/\">Barcelona centre de Disseny<\/a> y coimpulsado por el cl\u00faster <a href=\"https:\/\/www.modacc.cat\/\">MODACC<\/a>, In\u00e8dit, <a href=\"https:\/\/www.nutcreatives.com\/\">Nutcreatives<\/a>, <a href=\"https:\/\/nanimarquina.com\/\">Nanimarquina<\/a> y <a href=\"https:\/\/retexcycle.com\/\">Retexcycle<\/a>. El coste total del proyecto es de 261.886 \u20ac, de los cuales 209.509 \u20ac ser\u00e1n financiados por el Ministerio de Industria y Turismo, dentro del programa de Apoyo a las AEIs para contribuir a mejorar la competitividad de la industria espa\u00f1ola, as\u00ed como de la Uni\u00f3n Europea a trav\u00e9s del Plan de Recuperaci\u00f3n, Transformaci\u00f3n y Resiliencia.<\/p>\n\n\n\n<p><\/p>\n\n\n\n<figure class=\"wp-block-image size-full is-style-default\"><img decoding=\"async\" width=\"2000\" height=\"150\" data-src=\"https:\/\/ineditinnova.com\/wp-content\/uploads\/2023\/12\/Disseny-sense-titol-37.png\" alt=\"\" class=\"wp-image-11092 lazyload\" data-srcset=\"https:\/\/ineditinnova.com\/wp-content\/uploads\/2023\/12\/Disseny-sense-titol-37.png 2000w, https:\/\/ineditinnova.com\/wp-content\/uploads\/2023\/12\/Disseny-sense-titol-37-300x23.png 300w, https:\/\/ineditinnova.com\/wp-content\/uploads\/2023\/12\/Disseny-sense-titol-37-1024x77.png 1024w, https:\/\/ineditinnova.com\/wp-content\/uploads\/2023\/12\/Disseny-sense-titol-37-768x58.png 768w, https:\/\/ineditinnova.com\/wp-content\/uploads\/2023\/12\/Disseny-sense-titol-37-1536x115.png 1536w\" data-sizes=\"(max-width: 2000px) 100vw, 2000px\" src=\"data:image\/svg+xml;base64,PHN2ZyB3aWR0aD0iMSIgaGVpZ2h0PSIxIiB4bWxucz0iaHR0cDovL3d3dy53My5vcmcvMjAwMC9zdmciPjwvc3ZnPg==\" style=\"--smush-placeholder-width: 2000px; --smush-placeholder-aspect-ratio: 2000\/150;\" \/><\/figure>\n\n\n\n<p><\/p>\n","protected":false},"excerpt":{"rendered":"<p>Cada a\u00f1o, en Espa\u00f1a, se consumen entre 21,5 y 26 kg de piezas de textil por habitante, de los cuales el 30% corresponde a productos textiles del hogar. De esta cantidad, que abarca el textil de moda, el textil del hogar y el textil industrial, el 11% se recoge y solo el 1% se recicla&#8230;  <a class=\"excerpt-read-more\" href=\"https:\/\/ineditinnova.com\/es\/tecnologies-4-0-per-allargar-la-vida-util-de-les-catifes\/\" title=\"Read Tecnolog\u00edas 4.0 para alargar la vida \u00fatil de las alfombras\">Read more &raquo;<\/a><\/p>\n","protected":false},"author":2,"featured_media":7378,"comment_status":"closed","ping_status":"closed","sticky":false,"template":"","format":"standard","meta":{"_acf_changed":false,"footnotes":""},"categories":[31],"tags":[54],"class_list":["post-7383","post","type-post","status-publish","format-standard","has-post-thumbnail","hentry","category-cadena","tag-noticia-es"],"acf":[],"yoast_head":"<!-- This site is optimized with the Yoast SEO plugin v27.5 - https:\/\/yoast.com\/product\/yoast-seo-wordpress\/ -->\n<title>Tecnolog\u00edas 4.0 para alargar la vida \u00fatil de las alfombras - in\u00e8dit<\/title>\n<meta name=\"description\" content=\"Se pone en marcha el proyecto \u00abLong Life Textiles\u00bb, liderado por el Barcelona Centre de Disseny, y con la participaci\u00f3n de in\u00e8dit, que dar\u00e1 como resultado un modelo digital de trazabilidad y transparencia pensado para alargar la vida \u00fatil de las alfombras y asegurar su correcta gesti\u00f3n final.\" \/>\n<meta name=\"robots\" content=\"index, follow, max-snippet:-1, max-image-preview:large, max-video-preview:-1\" \/>\n<link rel=\"canonical\" href=\"https:\/\/ineditinnova.com\/es\/tecnologies-4-0-per-allargar-la-vida-util-de-les-catifes\/\" \/>\n<meta property=\"og:locale\" content=\"es_ES\" \/>\n<meta property=\"og:type\" content=\"article\" \/>\n<meta property=\"og:title\" content=\"Tecnolog\u00edas 4.0 para alargar la vida \u00fatil de las alfombras - in\u00e8dit\" \/>\n<meta property=\"og:description\" content=\"Se pone en marcha el proyecto \u00abLong Life Textiles\u00bb, liderado por el Barcelona Centre de Disseny, y con la participaci\u00f3n de in\u00e8dit, que dar\u00e1 como resultado un modelo digital de trazabilidad y transparencia pensado para alargar la vida \u00fatil de las alfombras y asegurar su correcta gesti\u00f3n final.\" \/>\n<meta property=\"og:url\" content=\"https:\/\/ineditinnova.com\/es\/tecnologies-4-0-per-allargar-la-vida-util-de-les-catifes\/\" \/>\n<meta property=\"og:site_name\" content=\"in\u00e8dit\" \/>\n<meta property=\"article:publisher\" content=\"https:\/\/www.facebook.com\/ineditinnovacio\/?ref=page_internal\" \/>\n<meta property=\"article:published_time\" content=\"2023-12-19T22:55:36+00:00\" \/>\n<meta property=\"article:modified_time\" content=\"2025-03-11T08:27:36+00:00\" \/>\n<meta property=\"og:image\" content=\"https:\/\/ineditinnova.com\/wp-content\/uploads\/2023\/12\/nanimarquina_rug_nanimarquinaandelisapadron_tres_green_1100x-fotor-20231219235426.jpg\" \/>\n\t<meta property=\"og:image:width\" content=\"1650\" \/>\n\t<meta property=\"og:image:height\" content=\"1100\" \/>\n\t<meta property=\"og:image:type\" content=\"image\/jpeg\" \/>\n<meta name=\"author\" content=\"Codina\" \/>\n<meta name=\"twitter:card\" content=\"summary_large_image\" \/>\n<meta name=\"twitter:creator\" content=\"@ineditinnova\" \/>\n<meta name=\"twitter:site\" content=\"@ineditinnova\" \/>\n<meta name=\"twitter:label1\" content=\"Escrito por\" \/>\n\t<meta name=\"twitter:data1\" content=\"Codina\" \/>\n\t<meta name=\"twitter:label2\" content=\"Tiempo de lectura\" \/>\n\t<meta name=\"twitter:data2\" content=\"4 minutos\" \/>\n<script type=\"application\/ld+json\" class=\"yoast-schema-graph\">{\"@context\":\"https:\\\/\\\/schema.org\",\"@graph\":[{\"@type\":\"Article\",\"@id\":\"https:\\\/\\\/ineditinnova.com\\\/es\\\/tecnologies-4-0-per-allargar-la-vida-util-de-les-catifes\\\/#article\",\"isPartOf\":{\"@id\":\"https:\\\/\\\/ineditinnova.com\\\/es\\\/tecnologies-4-0-per-allargar-la-vida-util-de-les-catifes\\\/\"},\"author\":{\"name\":\"Codina\",\"@id\":\"https:\\\/\\\/ineditinnova.com\\\/en\\\/#\\\/schema\\\/person\\\/891e1158385858d9972e3d28e2abf5e5\"},\"headline\":\"Tecnolog\u00edas 4.0 para alargar la vida \u00fatil de las alfombras\",\"datePublished\":\"2023-12-19T22:55:36+00:00\",\"dateModified\":\"2025-03-11T08:27:36+00:00\",\"mainEntityOfPage\":{\"@id\":\"https:\\\/\\\/ineditinnova.com\\\/es\\\/tecnologies-4-0-per-allargar-la-vida-util-de-les-catifes\\\/\"},\"wordCount\":489,\"image\":{\"@id\":\"https:\\\/\\\/ineditinnova.com\\\/es\\\/tecnologies-4-0-per-allargar-la-vida-util-de-les-catifes\\\/#primaryimage\"},\"thumbnailUrl\":\"https:\\\/\\\/ineditinnova.com\\\/wp-content\\\/uploads\\\/2023\\\/12\\\/nanimarquina_rug_nanimarquinaandelisapadron_tres_green_1100x-fotor-20231219235426.jpg\",\"keywords\":[\"NOTICIA\"],\"articleSection\":[\"ESTRATEGIA DE NEGOCIO SOSTENIBLE\"],\"inLanguage\":\"es\"},{\"@type\":\"WebPage\",\"@id\":\"https:\\\/\\\/ineditinnova.com\\\/es\\\/tecnologies-4-0-per-allargar-la-vida-util-de-les-catifes\\\/\",\"url\":\"https:\\\/\\\/ineditinnova.com\\\/es\\\/tecnologies-4-0-per-allargar-la-vida-util-de-les-catifes\\\/\",\"name\":\"Tecnolog\u00edas 4.0 para alargar la vida \u00fatil de las alfombras - in\u00e8dit\",\"isPartOf\":{\"@id\":\"https:\\\/\\\/ineditinnova.com\\\/en\\\/#website\"},\"primaryImageOfPage\":{\"@id\":\"https:\\\/\\\/ineditinnova.com\\\/es\\\/tecnologies-4-0-per-allargar-la-vida-util-de-les-catifes\\\/#primaryimage\"},\"image\":{\"@id\":\"https:\\\/\\\/ineditinnova.com\\\/es\\\/tecnologies-4-0-per-allargar-la-vida-util-de-les-catifes\\\/#primaryimage\"},\"thumbnailUrl\":\"https:\\\/\\\/ineditinnova.com\\\/wp-content\\\/uploads\\\/2023\\\/12\\\/nanimarquina_rug_nanimarquinaandelisapadron_tres_green_1100x-fotor-20231219235426.jpg\",\"datePublished\":\"2023-12-19T22:55:36+00:00\",\"dateModified\":\"2025-03-11T08:27:36+00:00\",\"author\":{\"@id\":\"https:\\\/\\\/ineditinnova.com\\\/en\\\/#\\\/schema\\\/person\\\/891e1158385858d9972e3d28e2abf5e5\"},\"description\":\"Se pone en marcha el proyecto \u00abLong Life Textiles\u00bb, liderado por el Barcelona Centre de Disseny, y con la participaci\u00f3n de in\u00e8dit, que dar\u00e1 como resultado un modelo digital de trazabilidad y transparencia pensado para alargar la vida \u00fatil de las alfombras y asegurar su correcta gesti\u00f3n final.\",\"breadcrumb\":{\"@id\":\"https:\\\/\\\/ineditinnova.com\\\/es\\\/tecnologies-4-0-per-allargar-la-vida-util-de-les-catifes\\\/#breadcrumb\"},\"inLanguage\":\"es\",\"potentialAction\":[{\"@type\":\"ReadAction\",\"target\":[\"https:\\\/\\\/ineditinnova.com\\\/es\\\/tecnologies-4-0-per-allargar-la-vida-util-de-les-catifes\\\/\"]}]},{\"@type\":\"ImageObject\",\"inLanguage\":\"es\",\"@id\":\"https:\\\/\\\/ineditinnova.com\\\/es\\\/tecnologies-4-0-per-allargar-la-vida-util-de-les-catifes\\\/#primaryimage\",\"url\":\"https:\\\/\\\/ineditinnova.com\\\/wp-content\\\/uploads\\\/2023\\\/12\\\/nanimarquina_rug_nanimarquinaandelisapadron_tres_green_1100x-fotor-20231219235426.jpg\",\"contentUrl\":\"https:\\\/\\\/ineditinnova.com\\\/wp-content\\\/uploads\\\/2023\\\/12\\\/nanimarquina_rug_nanimarquinaandelisapadron_tres_green_1100x-fotor-20231219235426.jpg\",\"width\":1650,\"height\":1100,\"caption\":\"NANIMARQUINA\"},{\"@type\":\"BreadcrumbList\",\"@id\":\"https:\\\/\\\/ineditinnova.com\\\/es\\\/tecnologies-4-0-per-allargar-la-vida-util-de-les-catifes\\\/#breadcrumb\",\"itemListElement\":[{\"@type\":\"ListItem\",\"position\":1,\"name\":\"Inici\",\"item\":\"https:\\\/\\\/ineditinnova.com\\\/es\\\/\"},{\"@type\":\"ListItem\",\"position\":2,\"name\":\"Tecnolog\u00edas 4.0 para alargar la vida \u00fatil de las alfombras\"}]},{\"@type\":\"WebSite\",\"@id\":\"https:\\\/\\\/ineditinnova.com\\\/en\\\/#website\",\"url\":\"https:\\\/\\\/ineditinnova.com\\\/en\\\/\",\"name\":\"in\u00e8dit\",\"description\":\"Dise\u00f1amos soluciones circulares y sostenibles para un futuro mejor\",\"potentialAction\":[{\"@type\":\"SearchAction\",\"target\":{\"@type\":\"EntryPoint\",\"urlTemplate\":\"https:\\\/\\\/ineditinnova.com\\\/en\\\/?s={search_term_string}\"},\"query-input\":{\"@type\":\"PropertyValueSpecification\",\"valueRequired\":true,\"valueName\":\"search_term_string\"}}],\"inLanguage\":\"es\"},{\"@type\":\"Person\",\"@id\":\"https:\\\/\\\/ineditinnova.com\\\/en\\\/#\\\/schema\\\/person\\\/891e1158385858d9972e3d28e2abf5e5\",\"name\":\"Codina\",\"image\":{\"@type\":\"ImageObject\",\"inLanguage\":\"es\",\"@id\":\"https:\\\/\\\/secure.gravatar.com\\\/avatar\\\/4fff7c6f6d19e46cfd6c15f0f9b4aeb9970dd1aa4028caf6584e34d95cb8a41d?s=96&d=mm&r=g\",\"url\":\"https:\\\/\\\/secure.gravatar.com\\\/avatar\\\/4fff7c6f6d19e46cfd6c15f0f9b4aeb9970dd1aa4028caf6584e34d95cb8a41d?s=96&d=mm&r=g\",\"contentUrl\":\"https:\\\/\\\/secure.gravatar.com\\\/avatar\\\/4fff7c6f6d19e46cfd6c15f0f9b4aeb9970dd1aa4028caf6584e34d95cb8a41d?s=96&d=mm&r=g\",\"caption\":\"Codina\"},\"url\":\"https:\\\/\\\/ineditinnova.com\\\/es\\\/author\\\/inedit\\\/\"}]}<\/script>\n<!-- \/ Yoast SEO plugin. -->","yoast_head_json":{"title":"Tecnolog\u00edas 4.0 para alargar la vida \u00fatil de las alfombras - in\u00e8dit","description":"Se pone en marcha el proyecto \u00abLong Life Textiles\u00bb, liderado por el Barcelona Centre de Disseny, y con la participaci\u00f3n de in\u00e8dit, que dar\u00e1 como resultado un modelo digital de trazabilidad y transparencia pensado para alargar la vida \u00fatil de las alfombras y asegurar su correcta gesti\u00f3n final.","robots":{"index":"index","follow":"follow","max-snippet":"max-snippet:-1","max-image-preview":"max-image-preview:large","max-video-preview":"max-video-preview:-1"},"canonical":"https:\/\/ineditinnova.com\/es\/tecnologies-4-0-per-allargar-la-vida-util-de-les-catifes\/","og_locale":"es_ES","og_type":"article","og_title":"Tecnolog\u00edas 4.0 para alargar la vida \u00fatil de las alfombras - in\u00e8dit","og_description":"Se pone en marcha el proyecto \u00abLong Life Textiles\u00bb, liderado por el Barcelona Centre de Disseny, y con la participaci\u00f3n de in\u00e8dit, que dar\u00e1 como resultado un modelo digital de trazabilidad y transparencia pensado para alargar la vida \u00fatil de las alfombras y asegurar su correcta gesti\u00f3n final.","og_url":"https:\/\/ineditinnova.com\/es\/tecnologies-4-0-per-allargar-la-vida-util-de-les-catifes\/","og_site_name":"in\u00e8dit","article_publisher":"https:\/\/www.facebook.com\/ineditinnovacio\/?ref=page_internal","article_published_time":"2023-12-19T22:55:36+00:00","article_modified_time":"2025-03-11T08:27:36+00:00","og_image":[{"width":1650,"height":1100,"url":"https:\/\/ineditinnova.com\/wp-content\/uploads\/2023\/12\/nanimarquina_rug_nanimarquinaandelisapadron_tres_green_1100x-fotor-20231219235426.jpg","type":"image\/jpeg"}],"author":"Codina","twitter_card":"summary_large_image","twitter_creator":"@ineditinnova","twitter_site":"@ineditinnova","twitter_misc":{"Escrito por":"Codina","Tiempo de lectura":"4 minutos"},"schema":{"@context":"https:\/\/schema.org","@graph":[{"@type":"Article","@id":"https:\/\/ineditinnova.com\/es\/tecnologies-4-0-per-allargar-la-vida-util-de-les-catifes\/#article","isPartOf":{"@id":"https:\/\/ineditinnova.com\/es\/tecnologies-4-0-per-allargar-la-vida-util-de-les-catifes\/"},"author":{"name":"Codina","@id":"https:\/\/ineditinnova.com\/en\/#\/schema\/person\/891e1158385858d9972e3d28e2abf5e5"},"headline":"Tecnolog\u00edas 4.0 para alargar la vida \u00fatil de las alfombras","datePublished":"2023-12-19T22:55:36+00:00","dateModified":"2025-03-11T08:27:36+00:00","mainEntityOfPage":{"@id":"https:\/\/ineditinnova.com\/es\/tecnologies-4-0-per-allargar-la-vida-util-de-les-catifes\/"},"wordCount":489,"image":{"@id":"https:\/\/ineditinnova.com\/es\/tecnologies-4-0-per-allargar-la-vida-util-de-les-catifes\/#primaryimage"},"thumbnailUrl":"https:\/\/ineditinnova.com\/wp-content\/uploads\/2023\/12\/nanimarquina_rug_nanimarquinaandelisapadron_tres_green_1100x-fotor-20231219235426.jpg","keywords":["NOTICIA"],"articleSection":["ESTRATEGIA DE NEGOCIO SOSTENIBLE"],"inLanguage":"es"},{"@type":"WebPage","@id":"https:\/\/ineditinnova.com\/es\/tecnologies-4-0-per-allargar-la-vida-util-de-les-catifes\/","url":"https:\/\/ineditinnova.com\/es\/tecnologies-4-0-per-allargar-la-vida-util-de-les-catifes\/","name":"Tecnolog\u00edas 4.0 para alargar la vida \u00fatil de las alfombras - in\u00e8dit","isPartOf":{"@id":"https:\/\/ineditinnova.com\/en\/#website"},"primaryImageOfPage":{"@id":"https:\/\/ineditinnova.com\/es\/tecnologies-4-0-per-allargar-la-vida-util-de-les-catifes\/#primaryimage"},"image":{"@id":"https:\/\/ineditinnova.com\/es\/tecnologies-4-0-per-allargar-la-vida-util-de-les-catifes\/#primaryimage"},"thumbnailUrl":"https:\/\/ineditinnova.com\/wp-content\/uploads\/2023\/12\/nanimarquina_rug_nanimarquinaandelisapadron_tres_green_1100x-fotor-20231219235426.jpg","datePublished":"2023-12-19T22:55:36+00:00","dateModified":"2025-03-11T08:27:36+00:00","author":{"@id":"https:\/\/ineditinnova.com\/en\/#\/schema\/person\/891e1158385858d9972e3d28e2abf5e5"},"description":"Se pone en marcha el proyecto \u00abLong Life Textiles\u00bb, liderado por el Barcelona Centre de Disseny, y con la participaci\u00f3n de in\u00e8dit, que dar\u00e1 como resultado un modelo digital de trazabilidad y transparencia pensado para alargar la vida \u00fatil de las alfombras y asegurar su correcta gesti\u00f3n final.","breadcrumb":{"@id":"https:\/\/ineditinnova.com\/es\/tecnologies-4-0-per-allargar-la-vida-util-de-les-catifes\/#breadcrumb"},"inLanguage":"es","potentialAction":[{"@type":"ReadAction","target":["https:\/\/ineditinnova.com\/es\/tecnologies-4-0-per-allargar-la-vida-util-de-les-catifes\/"]}]},{"@type":"ImageObject","inLanguage":"es","@id":"https:\/\/ineditinnova.com\/es\/tecnologies-4-0-per-allargar-la-vida-util-de-les-catifes\/#primaryimage","url":"https:\/\/ineditinnova.com\/wp-content\/uploads\/2023\/12\/nanimarquina_rug_nanimarquinaandelisapadron_tres_green_1100x-fotor-20231219235426.jpg","contentUrl":"https:\/\/ineditinnova.com\/wp-content\/uploads\/2023\/12\/nanimarquina_rug_nanimarquinaandelisapadron_tres_green_1100x-fotor-20231219235426.jpg","width":1650,"height":1100,"caption":"NANIMARQUINA"},{"@type":"BreadcrumbList","@id":"https:\/\/ineditinnova.com\/es\/tecnologies-4-0-per-allargar-la-vida-util-de-les-catifes\/#breadcrumb","itemListElement":[{"@type":"ListItem","position":1,"name":"Inici","item":"https:\/\/ineditinnova.com\/es\/"},{"@type":"ListItem","position":2,"name":"Tecnolog\u00edas 4.0 para alargar la vida \u00fatil de las alfombras"}]},{"@type":"WebSite","@id":"https:\/\/ineditinnova.com\/en\/#website","url":"https:\/\/ineditinnova.com\/en\/","name":"in\u00e8dit","description":"Dise\u00f1amos soluciones circulares y sostenibles para un futuro mejor","potentialAction":[{"@type":"SearchAction","target":{"@type":"EntryPoint","urlTemplate":"https:\/\/ineditinnova.com\/en\/?s={search_term_string}"},"query-input":{"@type":"PropertyValueSpecification","valueRequired":true,"valueName":"search_term_string"}}],"inLanguage":"es"},{"@type":"Person","@id":"https:\/\/ineditinnova.com\/en\/#\/schema\/person\/891e1158385858d9972e3d28e2abf5e5","name":"Codina","image":{"@type":"ImageObject","inLanguage":"es","@id":"https:\/\/secure.gravatar.com\/avatar\/4fff7c6f6d19e46cfd6c15f0f9b4aeb9970dd1aa4028caf6584e34d95cb8a41d?s=96&d=mm&r=g","url":"https:\/\/secure.gravatar.com\/avatar\/4fff7c6f6d19e46cfd6c15f0f9b4aeb9970dd1aa4028caf6584e34d95cb8a41d?s=96&d=mm&r=g","contentUrl":"https:\/\/secure.gravatar.com\/avatar\/4fff7c6f6d19e46cfd6c15f0f9b4aeb9970dd1aa4028caf6584e34d95cb8a41d?s=96&d=mm&r=g","caption":"Codina"},"url":"https:\/\/ineditinnova.com\/es\/author\/inedit\/"}]}},"_links":{"self":[{"href":"https:\/\/ineditinnova.com\/es\/wp-json\/wp\/v2\/posts\/7383","targetHints":{"allow":["GET"]}}],"collection":[{"href":"https:\/\/ineditinnova.com\/es\/wp-json\/wp\/v2\/posts"}],"about":[{"href":"https:\/\/ineditinnova.com\/es\/wp-json\/wp\/v2\/types\/post"}],"author":[{"embeddable":true,"href":"https:\/\/ineditinnova.com\/es\/wp-json\/wp\/v2\/users\/2"}],"replies":[{"embeddable":true,"href":"https:\/\/ineditinnova.com\/es\/wp-json\/wp\/v2\/comments?post=7383"}],"version-history":[{"count":8,"href":"https:\/\/ineditinnova.com\/es\/wp-json\/wp\/v2\/posts\/7383\/revisions"}],"predecessor-version":[{"id":11099,"href":"https:\/\/ineditinnova.com\/es\/wp-json\/wp\/v2\/posts\/7383\/revisions\/11099"}],"wp:featuredmedia":[{"embeddable":true,"href":"https:\/\/ineditinnova.com\/es\/wp-json\/wp\/v2\/media\/7378"}],"wp:attachment":[{"href":"https:\/\/ineditinnova.com\/es\/wp-json\/wp\/v2\/media?parent=7383"}],"wp:term":[{"taxonomy":"category","embeddable":true,"href":"https:\/\/ineditinnova.com\/es\/wp-json\/wp\/v2\/categories?post=7383"},{"taxonomy":"post_tag","embeddable":true,"href":"https:\/\/ineditinnova.com\/es\/wp-json\/wp\/v2\/tags?post=7383"}],"curies":[{"name":"wp","href":"https:\/\/api.w.org\/{rel}","templated":true}]}}