{"id":7545,"date":"2024-01-25T16:17:24","date_gmt":"2024-01-25T16:17:24","guid":{"rendered":"https:\/\/ineditinnova.com\/adaptar-les-estrategies-de-circularitat-a-la-realitat-del-territori-el-cas-de-la-regio-de-tarapaca\/"},"modified":"2024-01-25T16:27:19","modified_gmt":"2024-01-25T16:27:19","slug":"adaptar-les-estrategies-de-circularitat-a-la-realitat-del-territori-el-cas-de-la-regio-de-tarapaca","status":"publish","type":"post","link":"https:\/\/ineditinnova.com\/es\/adaptar-les-estrategies-de-circularitat-a-la-realitat-del-territori-el-cas-de-la-regio-de-tarapaca\/","title":{"rendered":"Adaptar las estrategias de circularidad a la realidad del territorio, el caso de la regi\u00f3n de Tarapac\u00e1"},"content":{"rendered":"\n\n\n\n\n<p><\/p>\n\n\n\n<p style=\"font-size:25px\">Neum\u00e1ticos fuera de uso, restos de ropa usada y ceniza. Son el testimonio de lo que fue uno de los vertederos textiles m\u00e1s grandes del mundo, ubicado en Alto Hospicio, al norte de Chile, y que se incendi\u00f3 en 2023 coincidiendo con la activaci\u00f3n de una demanda legal contra el municipio y el gobierno chileno por no actuar contra los vertidos ilegales. <strong>\u00abLa falta de trazabilidad de los vertederos incontrolados es una de las problem\u00e1ticas m\u00e1s urgentes de la regi\u00f3n\u00bb<\/strong>, explican <strong>Adriana Sanz Mirabal<\/strong> y <strong>Aina Planas Carbonell<\/strong>, coordinadoras del proyecto <strong>\u00abEsc\u00e1ner de circularidad de Tarapac\u00e1\u00bb<\/strong>, que busca convertir este territorio en circular y contribuir as\u00ed a optimizar el valor de los recursos que entran y circulan por la regi\u00f3n. <\/p>\n\n\n\n<p style=\"font-size:25px\">Sanz y Planas tuvieron la oportunidad de visitarlo durante una estad\u00eda este mes de enero en el marco del proyecto, en un viaje que ten\u00eda el objetivo, por un lado, de <strong>conocer de primera mano las problem\u00e1ticas y singularidades del territorio<\/strong> y, por otro lado, <strong>presentar los avances del proyecto a los agentes clave del territorio y priorizar con ellos los sectores con m\u00e1s potencial para implementar estrategias circulares.<\/strong><\/p>\n\n\n\n<p><\/p>\n\n\n\n<figure class=\"wp-block-image size-large\"><img decoding=\"async\" width=\"1024\" height=\"682\" data-src=\"https:\/\/ineditinnova.com\/wp-content\/uploads\/2024\/01\/Post-2-fotor-20240125171853-1024x682.jpg\" alt=\"\" class=\"wp-image-7539 lazyload\" data-srcset=\"https:\/\/ineditinnova.com\/wp-content\/uploads\/2024\/01\/Post-2-fotor-20240125171853-1024x682.jpg 1024w, https:\/\/ineditinnova.com\/wp-content\/uploads\/2024\/01\/Post-2-fotor-20240125171853-300x200.jpg 300w, https:\/\/ineditinnova.com\/wp-content\/uploads\/2024\/01\/Post-2-fotor-20240125171853-768x512.jpg 768w, https:\/\/ineditinnova.com\/wp-content\/uploads\/2024\/01\/Post-2-fotor-20240125171853.jpg 1472w\" data-sizes=\"(max-width: 1024px) 100vw, 1024px\" src=\"data:image\/svg+xml;base64,PHN2ZyB3aWR0aD0iMSIgaGVpZ2h0PSIxIiB4bWxucz0iaHR0cDovL3d3dy53My5vcmcvMjAwMC9zdmciPjwvc3ZnPg==\" style=\"--smush-placeholder-width: 1024px; --smush-placeholder-aspect-ratio: 1024\/682;\" \/><\/figure>\n\n\n\n<p><\/p>\n\n\n\n<p style=\"font-size:25px\">Realizada esta priorizaci\u00f3n, <strong>el siguiente paso ser\u00e1 analizar el metabolismo de los sectores clave del territorio.<\/strong> Es decir, estudiar c\u00f3mo estos utilizan recursos como el agua, la energ\u00eda, los metales y los minerales, y c\u00f3mo gestionan los residuos que generan. \u00abEste an\u00e1lisis nos proporcionar\u00e1 una visi\u00f3n de la magnitud y la naturaleza de los flujos de recursos que circulan por el territorio, y nos permitir\u00e1 entender e identificar oportunidades para optimizar su uso\u00bb, se\u00f1alan las coordinadoras del proyecto. El resultado ser\u00e1 una bater\u00eda de aprendizajes que orientar\u00e1n la definici\u00f3n de las estrategias de econom\u00eda circular.<\/p>\n\n\n\n<p style=\"font-size:25px\">Una de las conclusiones de la estad\u00eda en Chile es, <strong>seg\u00fan Sanz, que \u00aben Tarapac\u00e1 hay sectores con mucho potencial para la circularidad, pero se est\u00e1 haciendo poco a\u00fan; hay pocas iniciativas en marcha, pocas infraestructuras activas y poca colaboraci\u00f3n entre actores clave\u00bb<\/strong>. Para la experta de in\u00e8dit, \u00abtenemos mucho por hacer, pero a\u00fan estamos lejos de la implementaci\u00f3n real, aunque haya normativas que presionen para que se produzcan estos cambios\u00bb.<\/p>\n\n\n\n<figure class=\"wp-block-image size-large\"><img decoding=\"async\" width=\"1024\" height=\"683\" data-src=\"https:\/\/ineditinnova.com\/wp-content\/uploads\/2024\/01\/Post-3.2-fotor-20240125171424-1024x683.jpg\" alt=\"\" class=\"wp-image-7533 lazyload\" data-srcset=\"https:\/\/ineditinnova.com\/wp-content\/uploads\/2024\/01\/Post-3.2-fotor-20240125171424-1024x683.jpg 1024w, https:\/\/ineditinnova.com\/wp-content\/uploads\/2024\/01\/Post-3.2-fotor-20240125171424-300x200.jpg 300w, https:\/\/ineditinnova.com\/wp-content\/uploads\/2024\/01\/Post-3.2-fotor-20240125171424-768x512.jpg 768w, https:\/\/ineditinnova.com\/wp-content\/uploads\/2024\/01\/Post-3.2-fotor-20240125171424-1536x1024.jpg 1536w, https:\/\/ineditinnova.com\/wp-content\/uploads\/2024\/01\/Post-3.2-fotor-20240125171424-2048x1366.jpg 2048w, https:\/\/ineditinnova.com\/wp-content\/uploads\/2024\/01\/Post-3.2-fotor-20240125171424-2000x1334.jpg 2000w\" data-sizes=\"(max-width: 1024px) 100vw, 1024px\" src=\"data:image\/svg+xml;base64,PHN2ZyB3aWR0aD0iMSIgaGVpZ2h0PSIxIiB4bWxucz0iaHR0cDovL3d3dy53My5vcmcvMjAwMC9zdmciPjwvc3ZnPg==\" style=\"--smush-placeholder-width: 1024px; --smush-placeholder-aspect-ratio: 1024\/683;\" \/><\/figure>\n\n\n\n<p style=\"font-size:25px\">Sea como sea, c<strong>onocer la realidad del territorio ha aportado al equipo de In\u00e8dit una perspectiva muy valiosa para avanzar en la definici\u00f3n de estrategias de circularidad:<\/strong> \u00abSer\u00e1 imprescindible plantear las l\u00edneas estrat\u00e9gicas circulares con una mirada social y econ\u00f3mica, porque abordar el reto de la econom\u00eda circular puramente desde las vertientes ambiental y t\u00e9cnica pondr\u00eda a una parte importante de la poblaci\u00f3n en situaciones de pobreza y mucha vulnerabilidad\u00bb, se\u00f1ala Planas.<\/p>\n\n\n\n<p style=\"font-size:25px\">El proyecto \u00abEsc\u00e1ner de circularidad de Tarapac\u00e1\u00bb es un encargo de <a href=\"https:\/\/circulartec.cl\/\">CircularTec<\/a>, el primer centro tecnol\u00f3gico de Am\u00e9rica Latina y el Caribe dedicado a impulsar la transici\u00f3n hacia la econom\u00eda circular, y con el cual in\u00e8dit tiene un convenio de colaboraci\u00f3n. Se espera que el proyecto pueda escalarse a otras regiones chilenas.<\/p>\n","protected":false},"excerpt":{"rendered":"<p>Neum\u00e1ticos fuera de uso, restos de ropa usada y ceniza. Son el testimonio de lo que fue uno de los vertederos textiles m\u00e1s grandes del mundo, ubicado en Alto Hospicio, al norte de Chile, y que se incendi\u00f3 en 2023 coincidiendo con la activaci\u00f3n de una demanda legal contra el municipio y el gobierno chileno&#8230;  <a class=\"excerpt-read-more\" href=\"https:\/\/ineditinnova.com\/es\/adaptar-les-estrategies-de-circularitat-a-la-realitat-del-territori-el-cas-de-la-regio-de-tarapaca\/\" title=\"Read Adaptar las estrategias de circularidad a la realidad del territorio, el caso de la regi\u00f3n de Tarapac\u00e1\">Read more &raquo;<\/a><\/p>\n","protected":false},"author":2,"featured_media":7532,"comment_status":"closed","ping_status":"closed","sticky":false,"template":"","format":"standard","meta":{"_acf_changed":false,"footnotes":""},"categories":[49],"tags":[54],"class_list":["post-7545","post","type-post","status-publish","format-standard","has-post-thumbnail","hentry","category-territorio","tag-noticia-es"],"acf":[],"yoast_head":"<!-- This site is optimized with the Yoast SEO plugin v27.4 - https:\/\/yoast.com\/product\/yoast-seo-wordpress\/ -->\n<title>Adaptar las estrategias de circularidad a la realidad del territorio, el caso de la regi\u00f3n de Tarapac\u00e1 - in\u00e8dit<\/title>\n<meta name=\"description\" content=\"Neum\u00e1ticos fuera de uso, restos de ropa usada y ceniza. Son el testimonio de lo que fue uno de los vertederos textiles m\u00e1s grandes del mundo, ubicado en Alto Hospicio, al norte de Chile, y que se incendi\u00f3 en 2023 coincidiendo con la activaci\u00f3n de una demanda legal contra el municipio y el gobierno chileno por no actuar contra los vertidos ilegales. \u00abLa falta de trazabilidad de los vertederos incontrolados es una de las problem\u00e1ticas m\u00e1s urgentes de la regi\u00f3n\u00bb, explican Adriana Sanz Mirabal y Aina Planas Carbonell, coordinadoras del proyecto \u00abEsc\u00e1ner de circularidad de Tarapac\u00e1\u00bb, que busca convertir este territorio en circular y contribuir as\u00ed a optimizar el valor de los recursos que entran y circulan por la regi\u00f3n.\" \/>\n<meta name=\"robots\" content=\"index, follow, max-snippet:-1, max-image-preview:large, max-video-preview:-1\" \/>\n<link rel=\"canonical\" href=\"https:\/\/ineditinnova.com\/es\/adaptar-les-estrategies-de-circularitat-a-la-realitat-del-territori-el-cas-de-la-regio-de-tarapaca\/\" \/>\n<meta property=\"og:locale\" content=\"es_ES\" \/>\n<meta property=\"og:type\" content=\"article\" \/>\n<meta property=\"og:title\" content=\"Adaptar las estrategias de circularidad a la realidad del territorio, el caso de la regi\u00f3n de Tarapac\u00e1 - in\u00e8dit\" \/>\n<meta property=\"og:description\" content=\"Neum\u00e1ticos fuera de uso, restos de ropa usada y ceniza. Son el testimonio de lo que fue uno de los vertederos textiles m\u00e1s grandes del mundo, ubicado en Alto Hospicio, al norte de Chile, y que se incendi\u00f3 en 2023 coincidiendo con la activaci\u00f3n de una demanda legal contra el municipio y el gobierno chileno por no actuar contra los vertidos ilegales. \u00abLa falta de trazabilidad de los vertederos incontrolados es una de las problem\u00e1ticas m\u00e1s urgentes de la regi\u00f3n\u00bb, explican Adriana Sanz Mirabal y Aina Planas Carbonell, coordinadoras del proyecto \u00abEsc\u00e1ner de circularidad de Tarapac\u00e1\u00bb, que busca convertir este territorio en circular y contribuir as\u00ed a optimizar el valor de los recursos que entran y circulan por la regi\u00f3n.\" \/>\n<meta property=\"og:url\" content=\"https:\/\/ineditinnova.com\/es\/adaptar-les-estrategies-de-circularitat-a-la-realitat-del-territori-el-cas-de-la-regio-de-tarapaca\/\" \/>\n<meta property=\"og:site_name\" content=\"in\u00e8dit\" \/>\n<meta property=\"article:publisher\" content=\"https:\/\/www.facebook.com\/ineditinnovacio\/?ref=page_internal\" \/>\n<meta property=\"article:published_time\" content=\"2024-01-25T16:17:24+00:00\" \/>\n<meta property=\"article:modified_time\" content=\"2024-01-25T16:27:19+00:00\" \/>\n<meta property=\"og:image\" content=\"https:\/\/ineditinnova.com\/wp-content\/uploads\/2024\/01\/Foto3-fotor-20240125171147-scaled.jpg\" \/>\n\t<meta property=\"og:image:width\" content=\"2560\" \/>\n\t<meta property=\"og:image:height\" content=\"1706\" \/>\n\t<meta property=\"og:image:type\" content=\"image\/jpeg\" \/>\n<meta name=\"author\" content=\"Codina\" \/>\n<meta name=\"twitter:card\" content=\"summary_large_image\" \/>\n<meta name=\"twitter:creator\" content=\"@ineditinnova\" \/>\n<meta name=\"twitter:site\" content=\"@ineditinnova\" \/>\n<meta name=\"twitter:label1\" content=\"Escrito por\" \/>\n\t<meta name=\"twitter:data1\" content=\"Codina\" \/>\n\t<meta name=\"twitter:label2\" content=\"Tiempo de lectura\" \/>\n\t<meta name=\"twitter:data2\" content=\"4 minutos\" \/>\n<script type=\"application\/ld+json\" class=\"yoast-schema-graph\">{\"@context\":\"https:\\\/\\\/schema.org\",\"@graph\":[{\"@type\":\"Article\",\"@id\":\"https:\\\/\\\/ineditinnova.com\\\/es\\\/adaptar-les-estrategies-de-circularitat-a-la-realitat-del-territori-el-cas-de-la-regio-de-tarapaca\\\/#article\",\"isPartOf\":{\"@id\":\"https:\\\/\\\/ineditinnova.com\\\/es\\\/adaptar-les-estrategies-de-circularitat-a-la-realitat-del-territori-el-cas-de-la-regio-de-tarapaca\\\/\"},\"author\":{\"name\":\"Codina\",\"@id\":\"https:\\\/\\\/ineditinnova.com\\\/en\\\/#\\\/schema\\\/person\\\/891e1158385858d9972e3d28e2abf5e5\"},\"headline\":\"Adaptar las estrategias de circularidad a la realidad del territorio, el caso de la regi\u00f3n de Tarapac\u00e1\",\"datePublished\":\"2024-01-25T16:17:24+00:00\",\"dateModified\":\"2024-01-25T16:27:19+00:00\",\"mainEntityOfPage\":{\"@id\":\"https:\\\/\\\/ineditinnova.com\\\/es\\\/adaptar-les-estrategies-de-circularitat-a-la-realitat-del-territori-el-cas-de-la-regio-de-tarapaca\\\/\"},\"wordCount\":543,\"image\":{\"@id\":\"https:\\\/\\\/ineditinnova.com\\\/es\\\/adaptar-les-estrategies-de-circularitat-a-la-realitat-del-territori-el-cas-de-la-regio-de-tarapaca\\\/#primaryimage\"},\"thumbnailUrl\":\"https:\\\/\\\/ineditinnova.com\\\/wp-content\\\/uploads\\\/2024\\\/01\\\/Foto3-fotor-20240125171147-scaled.jpg\",\"keywords\":[\"NOTICIA\"],\"articleSection\":[\"TERRITORIO CIRCULAR\"],\"inLanguage\":\"es\"},{\"@type\":\"WebPage\",\"@id\":\"https:\\\/\\\/ineditinnova.com\\\/es\\\/adaptar-les-estrategies-de-circularitat-a-la-realitat-del-territori-el-cas-de-la-regio-de-tarapaca\\\/\",\"url\":\"https:\\\/\\\/ineditinnova.com\\\/es\\\/adaptar-les-estrategies-de-circularitat-a-la-realitat-del-territori-el-cas-de-la-regio-de-tarapaca\\\/\",\"name\":\"Adaptar las estrategias de circularidad a la realidad del territorio, el caso de la regi\u00f3n de Tarapac\u00e1 - in\u00e8dit\",\"isPartOf\":{\"@id\":\"https:\\\/\\\/ineditinnova.com\\\/en\\\/#website\"},\"primaryImageOfPage\":{\"@id\":\"https:\\\/\\\/ineditinnova.com\\\/es\\\/adaptar-les-estrategies-de-circularitat-a-la-realitat-del-territori-el-cas-de-la-regio-de-tarapaca\\\/#primaryimage\"},\"image\":{\"@id\":\"https:\\\/\\\/ineditinnova.com\\\/es\\\/adaptar-les-estrategies-de-circularitat-a-la-realitat-del-territori-el-cas-de-la-regio-de-tarapaca\\\/#primaryimage\"},\"thumbnailUrl\":\"https:\\\/\\\/ineditinnova.com\\\/wp-content\\\/uploads\\\/2024\\\/01\\\/Foto3-fotor-20240125171147-scaled.jpg\",\"datePublished\":\"2024-01-25T16:17:24+00:00\",\"dateModified\":\"2024-01-25T16:27:19+00:00\",\"author\":{\"@id\":\"https:\\\/\\\/ineditinnova.com\\\/en\\\/#\\\/schema\\\/person\\\/891e1158385858d9972e3d28e2abf5e5\"},\"description\":\"Neum\u00e1ticos fuera de uso, restos de ropa usada y ceniza. Son el testimonio de lo que fue uno de los vertederos textiles m\u00e1s grandes del mundo, ubicado en Alto Hospicio, al norte de Chile, y que se incendi\u00f3 en 2023 coincidiendo con la activaci\u00f3n de una demanda legal contra el municipio y el gobierno chileno por no actuar contra los vertidos ilegales. \u00abLa falta de trazabilidad de los vertederos incontrolados es una de las problem\u00e1ticas m\u00e1s urgentes de la regi\u00f3n\u00bb, explican Adriana Sanz Mirabal y Aina Planas Carbonell, coordinadoras del proyecto \u00abEsc\u00e1ner de circularidad de Tarapac\u00e1\u00bb, que busca convertir este territorio en circular y contribuir as\u00ed a optimizar el valor de los recursos que entran y circulan por la regi\u00f3n.\",\"breadcrumb\":{\"@id\":\"https:\\\/\\\/ineditinnova.com\\\/es\\\/adaptar-les-estrategies-de-circularitat-a-la-realitat-del-territori-el-cas-de-la-regio-de-tarapaca\\\/#breadcrumb\"},\"inLanguage\":\"es\",\"potentialAction\":[{\"@type\":\"ReadAction\",\"target\":[\"https:\\\/\\\/ineditinnova.com\\\/es\\\/adaptar-les-estrategies-de-circularitat-a-la-realitat-del-territori-el-cas-de-la-regio-de-tarapaca\\\/\"]}]},{\"@type\":\"ImageObject\",\"inLanguage\":\"es\",\"@id\":\"https:\\\/\\\/ineditinnova.com\\\/es\\\/adaptar-les-estrategies-de-circularitat-a-la-realitat-del-territori-el-cas-de-la-regio-de-tarapaca\\\/#primaryimage\",\"url\":\"https:\\\/\\\/ineditinnova.com\\\/wp-content\\\/uploads\\\/2024\\\/01\\\/Foto3-fotor-20240125171147-scaled.jpg\",\"contentUrl\":\"https:\\\/\\\/ineditinnova.com\\\/wp-content\\\/uploads\\\/2024\\\/01\\\/Foto3-fotor-20240125171147-scaled.jpg\",\"width\":2560,\"height\":1706,\"caption\":\"abocador_tarapaca\"},{\"@type\":\"BreadcrumbList\",\"@id\":\"https:\\\/\\\/ineditinnova.com\\\/es\\\/adaptar-les-estrategies-de-circularitat-a-la-realitat-del-territori-el-cas-de-la-regio-de-tarapaca\\\/#breadcrumb\",\"itemListElement\":[{\"@type\":\"ListItem\",\"position\":1,\"name\":\"Inici\",\"item\":\"https:\\\/\\\/ineditinnova.com\\\/es\\\/\"},{\"@type\":\"ListItem\",\"position\":2,\"name\":\"Adaptar las estrategias de circularidad a la realidad del territorio, el caso de la regi\u00f3n de Tarapac\u00e1\"}]},{\"@type\":\"WebSite\",\"@id\":\"https:\\\/\\\/ineditinnova.com\\\/en\\\/#website\",\"url\":\"https:\\\/\\\/ineditinnova.com\\\/en\\\/\",\"name\":\"in\u00e8dit\",\"description\":\"Dise\u00f1amos soluciones circulares y sostenibles para un futuro mejor\",\"potentialAction\":[{\"@type\":\"SearchAction\",\"target\":{\"@type\":\"EntryPoint\",\"urlTemplate\":\"https:\\\/\\\/ineditinnova.com\\\/en\\\/?s={search_term_string}\"},\"query-input\":{\"@type\":\"PropertyValueSpecification\",\"valueRequired\":true,\"valueName\":\"search_term_string\"}}],\"inLanguage\":\"es\"},{\"@type\":\"Person\",\"@id\":\"https:\\\/\\\/ineditinnova.com\\\/en\\\/#\\\/schema\\\/person\\\/891e1158385858d9972e3d28e2abf5e5\",\"name\":\"Codina\",\"image\":{\"@type\":\"ImageObject\",\"inLanguage\":\"es\",\"@id\":\"https:\\\/\\\/secure.gravatar.com\\\/avatar\\\/4fff7c6f6d19e46cfd6c15f0f9b4aeb9970dd1aa4028caf6584e34d95cb8a41d?s=96&d=mm&r=g\",\"url\":\"https:\\\/\\\/secure.gravatar.com\\\/avatar\\\/4fff7c6f6d19e46cfd6c15f0f9b4aeb9970dd1aa4028caf6584e34d95cb8a41d?s=96&d=mm&r=g\",\"contentUrl\":\"https:\\\/\\\/secure.gravatar.com\\\/avatar\\\/4fff7c6f6d19e46cfd6c15f0f9b4aeb9970dd1aa4028caf6584e34d95cb8a41d?s=96&d=mm&r=g\",\"caption\":\"Codina\"},\"url\":\"https:\\\/\\\/ineditinnova.com\\\/es\\\/author\\\/inedit\\\/\"}]}<\/script>\n<!-- \/ Yoast SEO plugin. -->","yoast_head_json":{"title":"Adaptar las estrategias de circularidad a la realidad del territorio, el caso de la regi\u00f3n de Tarapac\u00e1 - in\u00e8dit","description":"Neum\u00e1ticos fuera de uso, restos de ropa usada y ceniza. Son el testimonio de lo que fue uno de los vertederos textiles m\u00e1s grandes del mundo, ubicado en Alto Hospicio, al norte de Chile, y que se incendi\u00f3 en 2023 coincidiendo con la activaci\u00f3n de una demanda legal contra el municipio y el gobierno chileno por no actuar contra los vertidos ilegales. \u00abLa falta de trazabilidad de los vertederos incontrolados es una de las problem\u00e1ticas m\u00e1s urgentes de la regi\u00f3n\u00bb, explican Adriana Sanz Mirabal y Aina Planas Carbonell, coordinadoras del proyecto \u00abEsc\u00e1ner de circularidad de Tarapac\u00e1\u00bb, que busca convertir este territorio en circular y contribuir as\u00ed a optimizar el valor de los recursos que entran y circulan por la regi\u00f3n.","robots":{"index":"index","follow":"follow","max-snippet":"max-snippet:-1","max-image-preview":"max-image-preview:large","max-video-preview":"max-video-preview:-1"},"canonical":"https:\/\/ineditinnova.com\/es\/adaptar-les-estrategies-de-circularitat-a-la-realitat-del-territori-el-cas-de-la-regio-de-tarapaca\/","og_locale":"es_ES","og_type":"article","og_title":"Adaptar las estrategias de circularidad a la realidad del territorio, el caso de la regi\u00f3n de Tarapac\u00e1 - in\u00e8dit","og_description":"Neum\u00e1ticos fuera de uso, restos de ropa usada y ceniza. Son el testimonio de lo que fue uno de los vertederos textiles m\u00e1s grandes del mundo, ubicado en Alto Hospicio, al norte de Chile, y que se incendi\u00f3 en 2023 coincidiendo con la activaci\u00f3n de una demanda legal contra el municipio y el gobierno chileno por no actuar contra los vertidos ilegales. \u00abLa falta de trazabilidad de los vertederos incontrolados es una de las problem\u00e1ticas m\u00e1s urgentes de la regi\u00f3n\u00bb, explican Adriana Sanz Mirabal y Aina Planas Carbonell, coordinadoras del proyecto \u00abEsc\u00e1ner de circularidad de Tarapac\u00e1\u00bb, que busca convertir este territorio en circular y contribuir as\u00ed a optimizar el valor de los recursos que entran y circulan por la regi\u00f3n.","og_url":"https:\/\/ineditinnova.com\/es\/adaptar-les-estrategies-de-circularitat-a-la-realitat-del-territori-el-cas-de-la-regio-de-tarapaca\/","og_site_name":"in\u00e8dit","article_publisher":"https:\/\/www.facebook.com\/ineditinnovacio\/?ref=page_internal","article_published_time":"2024-01-25T16:17:24+00:00","article_modified_time":"2024-01-25T16:27:19+00:00","og_image":[{"width":2560,"height":1706,"url":"https:\/\/ineditinnova.com\/wp-content\/uploads\/2024\/01\/Foto3-fotor-20240125171147-scaled.jpg","type":"image\/jpeg"}],"author":"Codina","twitter_card":"summary_large_image","twitter_creator":"@ineditinnova","twitter_site":"@ineditinnova","twitter_misc":{"Escrito por":"Codina","Tiempo de lectura":"4 minutos"},"schema":{"@context":"https:\/\/schema.org","@graph":[{"@type":"Article","@id":"https:\/\/ineditinnova.com\/es\/adaptar-les-estrategies-de-circularitat-a-la-realitat-del-territori-el-cas-de-la-regio-de-tarapaca\/#article","isPartOf":{"@id":"https:\/\/ineditinnova.com\/es\/adaptar-les-estrategies-de-circularitat-a-la-realitat-del-territori-el-cas-de-la-regio-de-tarapaca\/"},"author":{"name":"Codina","@id":"https:\/\/ineditinnova.com\/en\/#\/schema\/person\/891e1158385858d9972e3d28e2abf5e5"},"headline":"Adaptar las estrategias de circularidad a la realidad del territorio, el caso de la regi\u00f3n de Tarapac\u00e1","datePublished":"2024-01-25T16:17:24+00:00","dateModified":"2024-01-25T16:27:19+00:00","mainEntityOfPage":{"@id":"https:\/\/ineditinnova.com\/es\/adaptar-les-estrategies-de-circularitat-a-la-realitat-del-territori-el-cas-de-la-regio-de-tarapaca\/"},"wordCount":543,"image":{"@id":"https:\/\/ineditinnova.com\/es\/adaptar-les-estrategies-de-circularitat-a-la-realitat-del-territori-el-cas-de-la-regio-de-tarapaca\/#primaryimage"},"thumbnailUrl":"https:\/\/ineditinnova.com\/wp-content\/uploads\/2024\/01\/Foto3-fotor-20240125171147-scaled.jpg","keywords":["NOTICIA"],"articleSection":["TERRITORIO CIRCULAR"],"inLanguage":"es"},{"@type":"WebPage","@id":"https:\/\/ineditinnova.com\/es\/adaptar-les-estrategies-de-circularitat-a-la-realitat-del-territori-el-cas-de-la-regio-de-tarapaca\/","url":"https:\/\/ineditinnova.com\/es\/adaptar-les-estrategies-de-circularitat-a-la-realitat-del-territori-el-cas-de-la-regio-de-tarapaca\/","name":"Adaptar las estrategias de circularidad a la realidad del territorio, el caso de la regi\u00f3n de Tarapac\u00e1 - in\u00e8dit","isPartOf":{"@id":"https:\/\/ineditinnova.com\/en\/#website"},"primaryImageOfPage":{"@id":"https:\/\/ineditinnova.com\/es\/adaptar-les-estrategies-de-circularitat-a-la-realitat-del-territori-el-cas-de-la-regio-de-tarapaca\/#primaryimage"},"image":{"@id":"https:\/\/ineditinnova.com\/es\/adaptar-les-estrategies-de-circularitat-a-la-realitat-del-territori-el-cas-de-la-regio-de-tarapaca\/#primaryimage"},"thumbnailUrl":"https:\/\/ineditinnova.com\/wp-content\/uploads\/2024\/01\/Foto3-fotor-20240125171147-scaled.jpg","datePublished":"2024-01-25T16:17:24+00:00","dateModified":"2024-01-25T16:27:19+00:00","author":{"@id":"https:\/\/ineditinnova.com\/en\/#\/schema\/person\/891e1158385858d9972e3d28e2abf5e5"},"description":"Neum\u00e1ticos fuera de uso, restos de ropa usada y ceniza. Son el testimonio de lo que fue uno de los vertederos textiles m\u00e1s grandes del mundo, ubicado en Alto Hospicio, al norte de Chile, y que se incendi\u00f3 en 2023 coincidiendo con la activaci\u00f3n de una demanda legal contra el municipio y el gobierno chileno por no actuar contra los vertidos ilegales. \u00abLa falta de trazabilidad de los vertederos incontrolados es una de las problem\u00e1ticas m\u00e1s urgentes de la regi\u00f3n\u00bb, explican Adriana Sanz Mirabal y Aina Planas Carbonell, coordinadoras del proyecto \u00abEsc\u00e1ner de circularidad de Tarapac\u00e1\u00bb, que busca convertir este territorio en circular y contribuir as\u00ed a optimizar el valor de los recursos que entran y circulan por la regi\u00f3n.","breadcrumb":{"@id":"https:\/\/ineditinnova.com\/es\/adaptar-les-estrategies-de-circularitat-a-la-realitat-del-territori-el-cas-de-la-regio-de-tarapaca\/#breadcrumb"},"inLanguage":"es","potentialAction":[{"@type":"ReadAction","target":["https:\/\/ineditinnova.com\/es\/adaptar-les-estrategies-de-circularitat-a-la-realitat-del-territori-el-cas-de-la-regio-de-tarapaca\/"]}]},{"@type":"ImageObject","inLanguage":"es","@id":"https:\/\/ineditinnova.com\/es\/adaptar-les-estrategies-de-circularitat-a-la-realitat-del-territori-el-cas-de-la-regio-de-tarapaca\/#primaryimage","url":"https:\/\/ineditinnova.com\/wp-content\/uploads\/2024\/01\/Foto3-fotor-20240125171147-scaled.jpg","contentUrl":"https:\/\/ineditinnova.com\/wp-content\/uploads\/2024\/01\/Foto3-fotor-20240125171147-scaled.jpg","width":2560,"height":1706,"caption":"abocador_tarapaca"},{"@type":"BreadcrumbList","@id":"https:\/\/ineditinnova.com\/es\/adaptar-les-estrategies-de-circularitat-a-la-realitat-del-territori-el-cas-de-la-regio-de-tarapaca\/#breadcrumb","itemListElement":[{"@type":"ListItem","position":1,"name":"Inici","item":"https:\/\/ineditinnova.com\/es\/"},{"@type":"ListItem","position":2,"name":"Adaptar las estrategias de circularidad a la realidad del territorio, el caso de la regi\u00f3n de Tarapac\u00e1"}]},{"@type":"WebSite","@id":"https:\/\/ineditinnova.com\/en\/#website","url":"https:\/\/ineditinnova.com\/en\/","name":"in\u00e8dit","description":"Dise\u00f1amos soluciones circulares y sostenibles para un futuro mejor","potentialAction":[{"@type":"SearchAction","target":{"@type":"EntryPoint","urlTemplate":"https:\/\/ineditinnova.com\/en\/?s={search_term_string}"},"query-input":{"@type":"PropertyValueSpecification","valueRequired":true,"valueName":"search_term_string"}}],"inLanguage":"es"},{"@type":"Person","@id":"https:\/\/ineditinnova.com\/en\/#\/schema\/person\/891e1158385858d9972e3d28e2abf5e5","name":"Codina","image":{"@type":"ImageObject","inLanguage":"es","@id":"https:\/\/secure.gravatar.com\/avatar\/4fff7c6f6d19e46cfd6c15f0f9b4aeb9970dd1aa4028caf6584e34d95cb8a41d?s=96&d=mm&r=g","url":"https:\/\/secure.gravatar.com\/avatar\/4fff7c6f6d19e46cfd6c15f0f9b4aeb9970dd1aa4028caf6584e34d95cb8a41d?s=96&d=mm&r=g","contentUrl":"https:\/\/secure.gravatar.com\/avatar\/4fff7c6f6d19e46cfd6c15f0f9b4aeb9970dd1aa4028caf6584e34d95cb8a41d?s=96&d=mm&r=g","caption":"Codina"},"url":"https:\/\/ineditinnova.com\/es\/author\/inedit\/"}]}},"_links":{"self":[{"href":"https:\/\/ineditinnova.com\/es\/wp-json\/wp\/v2\/posts\/7545","targetHints":{"allow":["GET"]}}],"collection":[{"href":"https:\/\/ineditinnova.com\/es\/wp-json\/wp\/v2\/posts"}],"about":[{"href":"https:\/\/ineditinnova.com\/es\/wp-json\/wp\/v2\/types\/post"}],"author":[{"embeddable":true,"href":"https:\/\/ineditinnova.com\/es\/wp-json\/wp\/v2\/users\/2"}],"replies":[{"embeddable":true,"href":"https:\/\/ineditinnova.com\/es\/wp-json\/wp\/v2\/comments?post=7545"}],"version-history":[{"count":4,"href":"https:\/\/ineditinnova.com\/es\/wp-json\/wp\/v2\/posts\/7545\/revisions"}],"predecessor-version":[{"id":7551,"href":"https:\/\/ineditinnova.com\/es\/wp-json\/wp\/v2\/posts\/7545\/revisions\/7551"}],"wp:featuredmedia":[{"embeddable":true,"href":"https:\/\/ineditinnova.com\/es\/wp-json\/wp\/v2\/media\/7532"}],"wp:attachment":[{"href":"https:\/\/ineditinnova.com\/es\/wp-json\/wp\/v2\/media?parent=7545"}],"wp:term":[{"taxonomy":"category","embeddable":true,"href":"https:\/\/ineditinnova.com\/es\/wp-json\/wp\/v2\/categories?post=7545"},{"taxonomy":"post_tag","embeddable":true,"href":"https:\/\/ineditinnova.com\/es\/wp-json\/wp\/v2\/tags?post=7545"}],"curies":[{"name":"wp","href":"https:\/\/api.w.org\/{rel}","templated":true}]}}