{"id":7564,"date":"2024-01-28T15:55:32","date_gmt":"2024-01-28T15:55:32","guid":{"rendered":"https:\/\/ineditinnova.com\/el-90-dels-residus-textils-municipals-de-catalunya-acaba-en-abocadors-o-incineradores\/"},"modified":"2024-02-01T21:32:08","modified_gmt":"2024-02-01T21:32:08","slug":"el-90-dels-residus-textils-municipals-de-catalunya-acaba-en-abocadors-o-incineradores","status":"publish","type":"post","link":"https:\/\/ineditinnova.com\/es\/el-90-dels-residus-textils-municipals-de-catalunya-acaba-en-abocadors-o-incineradores\/","title":{"rendered":"El 90% de los residuos textiles municipales de Catalu\u00f1a termina en vertederos o incineradoras"},"content":{"rendered":"\n\n\n\n\n<p><\/p>\n\n\n\n<p style=\"font-size:25px\">En Catalu\u00f1a, solo un 10% de los residuos textiles se deposita en los contenedores especializados; el 90% restante se lleva al punto verde o se arroja al contenedor gris. El motivo principal es el desconocimiento de que los contenedores son tanto para depositar ropa en buen estado como en malas condiciones, ya que, sea cual sea su estado, se puede aprovechar. Es una de las conclusiones de un estudio del <a href=\"https:\/\/www.uab.cat\/icta\/\">Instituto de Ciencia y Tecnolog\u00eda Ambientales (ICTA-UAB) <\/a>publicado este mes de enero, en el que ha participado <strong>Laura Talens, investigadora de este centro de investigaci\u00f3n y socia de in\u00e8dit, estudiante de doctorado en el ICTA-UAB y extrabajadora de in\u00e8dit.<\/strong> El estudio arroja luz sobre las pr\u00e1cticas actuales de gesti\u00f3n de los residuos textiles, tanto por parte de la ciudadan\u00eda como de las entidades gestoras autorizadas, y cuantifica el impacto ambiental.<\/p>\n\n\n\n<p style=\"font-size:25px\">Seg\u00fan el estudio, <strong>el 80% de la ropa que se recoge se recicla o se reutiliza vendi\u00e9ndola en tiendas de segunda mano, mercados ambulantes u otras industrias. <\/strong>De este 80%, la mitad se comercializa en Catalu\u00f1a y Espa\u00f1a, y la otra mitad se exporta a pa\u00edses de Asia, \u00c1frica y Europa, principalmente a Pakist\u00e1n, los Emiratos \u00c1rabes Unidos, Suiza y Camer\u00fan; una vez all\u00ed, se desconoce su destino.<\/p>\n\n\n\n<p style=\"font-size:25px\">La investigaci\u00f3n tambi\u00e9n muestra que la huella de carbono de una tonelada de ropa gestionada a partir de la recogida selectiva es de 207 kg de toneladas de CO2 equivalentes, mientras que la de una tonelada de ropa que se arroja directamente a vertederos o se incinera es de 353 kg de CO2 equivalentes, es decir, un 40% m\u00e1s grande.<\/p>\n\n\n\n<p style=\"font-size:25px\">Las responsables del estudio recuerdan que <strong>es necesario reducir la producci\u00f3n y el consumo masivo de ropa, as\u00ed como fomentar el ecodise\u00f1o <\/strong>para fabricar piezas de calidad que sean duraderas y en las que se priorice el uso de un \u00fanico material y que sea reciclado de la propia industria textil. Tambi\u00e9n, <strong>impulsar el mercado de segunda mano y potenciar la reparaci\u00f3n de las piezas de ropa <\/strong>para alargar su vida \u00fatil.<\/p>\n\n\n\n<p style=\"font-size:25px\"><\/p>\n\n\n\n<p style=\"font-size:20px\"><strong>Referencia<\/strong><br>Morell-Delgado, G., Talens Peir\u00f3, L., Toboso-Chavero, S. Revealing the management of municipal textile waste and citizen practices: The case of Catalonia.&nbsp;<em>Science of the Total Environment<\/em>. (2024)&nbsp;<a href=\"https:\/\/doi.org\/10.1016\/j.scitotenv.2023.168093\">https:\/\/doi.org\/10.1016\/j.scitotenv.2023.168093<\/a><\/p>\n\n\n\n<p style=\"font-size:20px\"><em>*Fotograf\u00eda de Mart\u00ed Petit para la Direcci\u00f3n de Servicios de Comunicaci\u00f3n Digital del Ayuntamiento de Barcelona. Copyright: Ajuntament de Barcelona CC-BY-NC-ND<\/em><\/p>\n","protected":false},"excerpt":{"rendered":"<p>En Catalu\u00f1a, solo un 10% de los residuos textiles se deposita en los contenedores especializados; el 90% restante se lleva al punto verde o se arroja al contenedor gris. El motivo principal es el desconocimiento de que los contenedores son tanto para depositar ropa en buen estado como en malas condiciones, ya que, sea cual&#8230;  <a class=\"excerpt-read-more\" href=\"https:\/\/ineditinnova.com\/es\/el-90-dels-residus-textils-municipals-de-catalunya-acaba-en-abocadors-o-incineradores\/\" title=\"Read El 90% de los residuos textiles municipales de Catalu\u00f1a termina en vertederos o incineradoras\">Read more &raquo;<\/a><\/p>\n","protected":false},"author":2,"featured_media":7561,"comment_status":"closed","ping_status":"closed","sticky":false,"template":"","format":"standard","meta":{"_acf_changed":false,"footnotes":""},"categories":[31,21],"tags":[54],"class_list":["post-7564","post","type-post","status-publish","format-standard","has-post-thumbnail","hentry","category-cadena","category-ecodiseno","tag-noticia-es"],"acf":[],"yoast_head":"<!-- This site is optimized with the Yoast SEO plugin v27.5 - https:\/\/yoast.com\/product\/yoast-seo-wordpress\/ -->\n<title>El 90% de los residuos textiles municipales de Catalu\u00f1a termina en vertederos o incineradoras - in\u00e8dit<\/title>\n<meta name=\"description\" content=\"En Catalu\u00f1a, solo un 10% de los residuos textiles se deposita en los contenedores especializados; el 90% restante se lleva al punto verde o se arroja al contenedor gris. El motivo principal es el desconocimiento de que los contenedores son tanto para depositar ropa en buen estado como en malas condiciones, ya que, sea cual sea su estado, se puede aprovechar. Es una de las conclusiones de un estudio del Instituto de Ciencia y Tecnolog\u00eda Ambientales (ICTA-UAB) publicado este mes de enero, en el que ha participado Laura Talens, investigadora de este centro de investigaci\u00f3n y socia de in\u00e8dit.\" \/>\n<meta name=\"robots\" content=\"index, follow, max-snippet:-1, max-image-preview:large, max-video-preview:-1\" \/>\n<link rel=\"canonical\" href=\"https:\/\/ineditinnova.com\/es\/el-90-dels-residus-textils-municipals-de-catalunya-acaba-en-abocadors-o-incineradores\/\" \/>\n<meta property=\"og:locale\" content=\"es_ES\" \/>\n<meta property=\"og:type\" content=\"article\" \/>\n<meta property=\"og:title\" content=\"El 90% de los residuos textiles municipales de Catalu\u00f1a termina en vertederos o incineradoras - in\u00e8dit\" \/>\n<meta property=\"og:description\" content=\"En Catalu\u00f1a, solo un 10% de los residuos textiles se deposita en los contenedores especializados; el 90% restante se lleva al punto verde o se arroja al contenedor gris. El motivo principal es el desconocimiento de que los contenedores son tanto para depositar ropa en buen estado como en malas condiciones, ya que, sea cual sea su estado, se puede aprovechar. Es una de las conclusiones de un estudio del Instituto de Ciencia y Tecnolog\u00eda Ambientales (ICTA-UAB) publicado este mes de enero, en el que ha participado Laura Talens, investigadora de este centro de investigaci\u00f3n y socia de in\u00e8dit.\" \/>\n<meta property=\"og:url\" content=\"https:\/\/ineditinnova.com\/es\/el-90-dels-residus-textils-municipals-de-catalunya-acaba-en-abocadors-o-incineradores\/\" \/>\n<meta property=\"og:site_name\" content=\"in\u00e8dit\" \/>\n<meta property=\"article:publisher\" content=\"https:\/\/www.facebook.com\/ineditinnovacio\/?ref=page_internal\" \/>\n<meta property=\"article:published_time\" content=\"2024-01-28T15:55:32+00:00\" \/>\n<meta property=\"article:modified_time\" content=\"2024-02-01T21:32:08+00:00\" \/>\n<meta property=\"og:image\" content=\"https:\/\/ineditinnova.com\/wp-content\/uploads\/2024\/01\/valoritzar-residus-textils.jpg\" \/>\n\t<meta property=\"og:image:width\" content=\"1500\" \/>\n\t<meta property=\"og:image:height\" content=\"1001\" \/>\n\t<meta property=\"og:image:type\" content=\"image\/jpeg\" \/>\n<meta name=\"author\" content=\"Codina\" \/>\n<meta name=\"twitter:card\" content=\"summary_large_image\" \/>\n<meta name=\"twitter:creator\" content=\"@ineditinnova\" \/>\n<meta name=\"twitter:site\" content=\"@ineditinnova\" \/>\n<meta name=\"twitter:label1\" content=\"Escrito por\" \/>\n\t<meta name=\"twitter:data1\" content=\"Codina\" \/>\n\t<meta name=\"twitter:label2\" content=\"Tiempo de lectura\" \/>\n\t<meta name=\"twitter:data2\" content=\"3 minutos\" \/>\n<script type=\"application\/ld+json\" class=\"yoast-schema-graph\">{\"@context\":\"https:\\\/\\\/schema.org\",\"@graph\":[{\"@type\":\"Article\",\"@id\":\"https:\\\/\\\/ineditinnova.com\\\/es\\\/el-90-dels-residus-textils-municipals-de-catalunya-acaba-en-abocadors-o-incineradores\\\/#article\",\"isPartOf\":{\"@id\":\"https:\\\/\\\/ineditinnova.com\\\/es\\\/el-90-dels-residus-textils-municipals-de-catalunya-acaba-en-abocadors-o-incineradores\\\/\"},\"author\":{\"name\":\"Codina\",\"@id\":\"https:\\\/\\\/ineditinnova.com\\\/en\\\/#\\\/schema\\\/person\\\/891e1158385858d9972e3d28e2abf5e5\"},\"headline\":\"El 90% de los residuos textiles municipales de Catalu\u00f1a termina en vertederos o incineradoras\",\"datePublished\":\"2024-01-28T15:55:32+00:00\",\"dateModified\":\"2024-02-01T21:32:08+00:00\",\"mainEntityOfPage\":{\"@id\":\"https:\\\/\\\/ineditinnova.com\\\/es\\\/el-90-dels-residus-textils-municipals-de-catalunya-acaba-en-abocadors-o-incineradores\\\/\"},\"wordCount\":427,\"image\":{\"@id\":\"https:\\\/\\\/ineditinnova.com\\\/es\\\/el-90-dels-residus-textils-municipals-de-catalunya-acaba-en-abocadors-o-incineradores\\\/#primaryimage\"},\"thumbnailUrl\":\"https:\\\/\\\/ineditinnova.com\\\/wp-content\\\/uploads\\\/2024\\\/01\\\/valoritzar-residus-textils.jpg\",\"keywords\":[\"NOTICIA\"],\"articleSection\":[\"ESTRATEGIA DE NEGOCIO SOSTENIBLE\",\"Ecodise\u00f1o de productos y servicios\"],\"inLanguage\":\"es\"},{\"@type\":\"WebPage\",\"@id\":\"https:\\\/\\\/ineditinnova.com\\\/es\\\/el-90-dels-residus-textils-municipals-de-catalunya-acaba-en-abocadors-o-incineradores\\\/\",\"url\":\"https:\\\/\\\/ineditinnova.com\\\/es\\\/el-90-dels-residus-textils-municipals-de-catalunya-acaba-en-abocadors-o-incineradores\\\/\",\"name\":\"El 90% de los residuos textiles municipales de Catalu\u00f1a termina en vertederos o incineradoras - in\u00e8dit\",\"isPartOf\":{\"@id\":\"https:\\\/\\\/ineditinnova.com\\\/en\\\/#website\"},\"primaryImageOfPage\":{\"@id\":\"https:\\\/\\\/ineditinnova.com\\\/es\\\/el-90-dels-residus-textils-municipals-de-catalunya-acaba-en-abocadors-o-incineradores\\\/#primaryimage\"},\"image\":{\"@id\":\"https:\\\/\\\/ineditinnova.com\\\/es\\\/el-90-dels-residus-textils-municipals-de-catalunya-acaba-en-abocadors-o-incineradores\\\/#primaryimage\"},\"thumbnailUrl\":\"https:\\\/\\\/ineditinnova.com\\\/wp-content\\\/uploads\\\/2024\\\/01\\\/valoritzar-residus-textils.jpg\",\"datePublished\":\"2024-01-28T15:55:32+00:00\",\"dateModified\":\"2024-02-01T21:32:08+00:00\",\"author\":{\"@id\":\"https:\\\/\\\/ineditinnova.com\\\/en\\\/#\\\/schema\\\/person\\\/891e1158385858d9972e3d28e2abf5e5\"},\"description\":\"En Catalu\u00f1a, solo un 10% de los residuos textiles se deposita en los contenedores especializados; el 90% restante se lleva al punto verde o se arroja al contenedor gris. El motivo principal es el desconocimiento de que los contenedores son tanto para depositar ropa en buen estado como en malas condiciones, ya que, sea cual sea su estado, se puede aprovechar. Es una de las conclusiones de un estudio del Instituto de Ciencia y Tecnolog\u00eda Ambientales (ICTA-UAB) publicado este mes de enero, en el que ha participado Laura Talens, investigadora de este centro de investigaci\u00f3n y socia de in\u00e8dit.\",\"breadcrumb\":{\"@id\":\"https:\\\/\\\/ineditinnova.com\\\/es\\\/el-90-dels-residus-textils-municipals-de-catalunya-acaba-en-abocadors-o-incineradores\\\/#breadcrumb\"},\"inLanguage\":\"es\",\"potentialAction\":[{\"@type\":\"ReadAction\",\"target\":[\"https:\\\/\\\/ineditinnova.com\\\/es\\\/el-90-dels-residus-textils-municipals-de-catalunya-acaba-en-abocadors-o-incineradores\\\/\"]}]},{\"@type\":\"ImageObject\",\"inLanguage\":\"es\",\"@id\":\"https:\\\/\\\/ineditinnova.com\\\/es\\\/el-90-dels-residus-textils-municipals-de-catalunya-acaba-en-abocadors-o-incineradores\\\/#primaryimage\",\"url\":\"https:\\\/\\\/ineditinnova.com\\\/wp-content\\\/uploads\\\/2024\\\/01\\\/valoritzar-residus-textils.jpg\",\"contentUrl\":\"https:\\\/\\\/ineditinnova.com\\\/wp-content\\\/uploads\\\/2024\\\/01\\\/valoritzar-residus-textils.jpg\",\"width\":1500,\"height\":1001,\"caption\":\"contenidor_roba_amiga\"},{\"@type\":\"BreadcrumbList\",\"@id\":\"https:\\\/\\\/ineditinnova.com\\\/es\\\/el-90-dels-residus-textils-municipals-de-catalunya-acaba-en-abocadors-o-incineradores\\\/#breadcrumb\",\"itemListElement\":[{\"@type\":\"ListItem\",\"position\":1,\"name\":\"Inici\",\"item\":\"https:\\\/\\\/ineditinnova.com\\\/es\\\/\"},{\"@type\":\"ListItem\",\"position\":2,\"name\":\"El 90% de los residuos textiles municipales de Catalu\u00f1a termina en vertederos o incineradoras\"}]},{\"@type\":\"WebSite\",\"@id\":\"https:\\\/\\\/ineditinnova.com\\\/en\\\/#website\",\"url\":\"https:\\\/\\\/ineditinnova.com\\\/en\\\/\",\"name\":\"in\u00e8dit\",\"description\":\"Dise\u00f1amos soluciones circulares y sostenibles para un futuro mejor\",\"potentialAction\":[{\"@type\":\"SearchAction\",\"target\":{\"@type\":\"EntryPoint\",\"urlTemplate\":\"https:\\\/\\\/ineditinnova.com\\\/en\\\/?s={search_term_string}\"},\"query-input\":{\"@type\":\"PropertyValueSpecification\",\"valueRequired\":true,\"valueName\":\"search_term_string\"}}],\"inLanguage\":\"es\"},{\"@type\":\"Person\",\"@id\":\"https:\\\/\\\/ineditinnova.com\\\/en\\\/#\\\/schema\\\/person\\\/891e1158385858d9972e3d28e2abf5e5\",\"name\":\"Codina\",\"image\":{\"@type\":\"ImageObject\",\"inLanguage\":\"es\",\"@id\":\"https:\\\/\\\/secure.gravatar.com\\\/avatar\\\/4fff7c6f6d19e46cfd6c15f0f9b4aeb9970dd1aa4028caf6584e34d95cb8a41d?s=96&d=mm&r=g\",\"url\":\"https:\\\/\\\/secure.gravatar.com\\\/avatar\\\/4fff7c6f6d19e46cfd6c15f0f9b4aeb9970dd1aa4028caf6584e34d95cb8a41d?s=96&d=mm&r=g\",\"contentUrl\":\"https:\\\/\\\/secure.gravatar.com\\\/avatar\\\/4fff7c6f6d19e46cfd6c15f0f9b4aeb9970dd1aa4028caf6584e34d95cb8a41d?s=96&d=mm&r=g\",\"caption\":\"Codina\"},\"url\":\"https:\\\/\\\/ineditinnova.com\\\/es\\\/author\\\/inedit\\\/\"}]}<\/script>\n<!-- \/ Yoast SEO plugin. -->","yoast_head_json":{"title":"El 90% de los residuos textiles municipales de Catalu\u00f1a termina en vertederos o incineradoras - in\u00e8dit","description":"En Catalu\u00f1a, solo un 10% de los residuos textiles se deposita en los contenedores especializados; el 90% restante se lleva al punto verde o se arroja al contenedor gris. El motivo principal es el desconocimiento de que los contenedores son tanto para depositar ropa en buen estado como en malas condiciones, ya que, sea cual sea su estado, se puede aprovechar. Es una de las conclusiones de un estudio del Instituto de Ciencia y Tecnolog\u00eda Ambientales (ICTA-UAB) publicado este mes de enero, en el que ha participado Laura Talens, investigadora de este centro de investigaci\u00f3n y socia de in\u00e8dit.","robots":{"index":"index","follow":"follow","max-snippet":"max-snippet:-1","max-image-preview":"max-image-preview:large","max-video-preview":"max-video-preview:-1"},"canonical":"https:\/\/ineditinnova.com\/es\/el-90-dels-residus-textils-municipals-de-catalunya-acaba-en-abocadors-o-incineradores\/","og_locale":"es_ES","og_type":"article","og_title":"El 90% de los residuos textiles municipales de Catalu\u00f1a termina en vertederos o incineradoras - in\u00e8dit","og_description":"En Catalu\u00f1a, solo un 10% de los residuos textiles se deposita en los contenedores especializados; el 90% restante se lleva al punto verde o se arroja al contenedor gris. El motivo principal es el desconocimiento de que los contenedores son tanto para depositar ropa en buen estado como en malas condiciones, ya que, sea cual sea su estado, se puede aprovechar. Es una de las conclusiones de un estudio del Instituto de Ciencia y Tecnolog\u00eda Ambientales (ICTA-UAB) publicado este mes de enero, en el que ha participado Laura Talens, investigadora de este centro de investigaci\u00f3n y socia de in\u00e8dit.","og_url":"https:\/\/ineditinnova.com\/es\/el-90-dels-residus-textils-municipals-de-catalunya-acaba-en-abocadors-o-incineradores\/","og_site_name":"in\u00e8dit","article_publisher":"https:\/\/www.facebook.com\/ineditinnovacio\/?ref=page_internal","article_published_time":"2024-01-28T15:55:32+00:00","article_modified_time":"2024-02-01T21:32:08+00:00","og_image":[{"width":1500,"height":1001,"url":"https:\/\/ineditinnova.com\/wp-content\/uploads\/2024\/01\/valoritzar-residus-textils.jpg","type":"image\/jpeg"}],"author":"Codina","twitter_card":"summary_large_image","twitter_creator":"@ineditinnova","twitter_site":"@ineditinnova","twitter_misc":{"Escrito por":"Codina","Tiempo de lectura":"3 minutos"},"schema":{"@context":"https:\/\/schema.org","@graph":[{"@type":"Article","@id":"https:\/\/ineditinnova.com\/es\/el-90-dels-residus-textils-municipals-de-catalunya-acaba-en-abocadors-o-incineradores\/#article","isPartOf":{"@id":"https:\/\/ineditinnova.com\/es\/el-90-dels-residus-textils-municipals-de-catalunya-acaba-en-abocadors-o-incineradores\/"},"author":{"name":"Codina","@id":"https:\/\/ineditinnova.com\/en\/#\/schema\/person\/891e1158385858d9972e3d28e2abf5e5"},"headline":"El 90% de los residuos textiles municipales de Catalu\u00f1a termina en vertederos o incineradoras","datePublished":"2024-01-28T15:55:32+00:00","dateModified":"2024-02-01T21:32:08+00:00","mainEntityOfPage":{"@id":"https:\/\/ineditinnova.com\/es\/el-90-dels-residus-textils-municipals-de-catalunya-acaba-en-abocadors-o-incineradores\/"},"wordCount":427,"image":{"@id":"https:\/\/ineditinnova.com\/es\/el-90-dels-residus-textils-municipals-de-catalunya-acaba-en-abocadors-o-incineradores\/#primaryimage"},"thumbnailUrl":"https:\/\/ineditinnova.com\/wp-content\/uploads\/2024\/01\/valoritzar-residus-textils.jpg","keywords":["NOTICIA"],"articleSection":["ESTRATEGIA DE NEGOCIO SOSTENIBLE","Ecodise\u00f1o de productos y servicios"],"inLanguage":"es"},{"@type":"WebPage","@id":"https:\/\/ineditinnova.com\/es\/el-90-dels-residus-textils-municipals-de-catalunya-acaba-en-abocadors-o-incineradores\/","url":"https:\/\/ineditinnova.com\/es\/el-90-dels-residus-textils-municipals-de-catalunya-acaba-en-abocadors-o-incineradores\/","name":"El 90% de los residuos textiles municipales de Catalu\u00f1a termina en vertederos o incineradoras - in\u00e8dit","isPartOf":{"@id":"https:\/\/ineditinnova.com\/en\/#website"},"primaryImageOfPage":{"@id":"https:\/\/ineditinnova.com\/es\/el-90-dels-residus-textils-municipals-de-catalunya-acaba-en-abocadors-o-incineradores\/#primaryimage"},"image":{"@id":"https:\/\/ineditinnova.com\/es\/el-90-dels-residus-textils-municipals-de-catalunya-acaba-en-abocadors-o-incineradores\/#primaryimage"},"thumbnailUrl":"https:\/\/ineditinnova.com\/wp-content\/uploads\/2024\/01\/valoritzar-residus-textils.jpg","datePublished":"2024-01-28T15:55:32+00:00","dateModified":"2024-02-01T21:32:08+00:00","author":{"@id":"https:\/\/ineditinnova.com\/en\/#\/schema\/person\/891e1158385858d9972e3d28e2abf5e5"},"description":"En Catalu\u00f1a, solo un 10% de los residuos textiles se deposita en los contenedores especializados; el 90% restante se lleva al punto verde o se arroja al contenedor gris. El motivo principal es el desconocimiento de que los contenedores son tanto para depositar ropa en buen estado como en malas condiciones, ya que, sea cual sea su estado, se puede aprovechar. Es una de las conclusiones de un estudio del Instituto de Ciencia y Tecnolog\u00eda Ambientales (ICTA-UAB) publicado este mes de enero, en el que ha participado Laura Talens, investigadora de este centro de investigaci\u00f3n y socia de in\u00e8dit.","breadcrumb":{"@id":"https:\/\/ineditinnova.com\/es\/el-90-dels-residus-textils-municipals-de-catalunya-acaba-en-abocadors-o-incineradores\/#breadcrumb"},"inLanguage":"es","potentialAction":[{"@type":"ReadAction","target":["https:\/\/ineditinnova.com\/es\/el-90-dels-residus-textils-municipals-de-catalunya-acaba-en-abocadors-o-incineradores\/"]}]},{"@type":"ImageObject","inLanguage":"es","@id":"https:\/\/ineditinnova.com\/es\/el-90-dels-residus-textils-municipals-de-catalunya-acaba-en-abocadors-o-incineradores\/#primaryimage","url":"https:\/\/ineditinnova.com\/wp-content\/uploads\/2024\/01\/valoritzar-residus-textils.jpg","contentUrl":"https:\/\/ineditinnova.com\/wp-content\/uploads\/2024\/01\/valoritzar-residus-textils.jpg","width":1500,"height":1001,"caption":"contenidor_roba_amiga"},{"@type":"BreadcrumbList","@id":"https:\/\/ineditinnova.com\/es\/el-90-dels-residus-textils-municipals-de-catalunya-acaba-en-abocadors-o-incineradores\/#breadcrumb","itemListElement":[{"@type":"ListItem","position":1,"name":"Inici","item":"https:\/\/ineditinnova.com\/es\/"},{"@type":"ListItem","position":2,"name":"El 90% de los residuos textiles municipales de Catalu\u00f1a termina en vertederos o incineradoras"}]},{"@type":"WebSite","@id":"https:\/\/ineditinnova.com\/en\/#website","url":"https:\/\/ineditinnova.com\/en\/","name":"in\u00e8dit","description":"Dise\u00f1amos soluciones circulares y sostenibles para un futuro mejor","potentialAction":[{"@type":"SearchAction","target":{"@type":"EntryPoint","urlTemplate":"https:\/\/ineditinnova.com\/en\/?s={search_term_string}"},"query-input":{"@type":"PropertyValueSpecification","valueRequired":true,"valueName":"search_term_string"}}],"inLanguage":"es"},{"@type":"Person","@id":"https:\/\/ineditinnova.com\/en\/#\/schema\/person\/891e1158385858d9972e3d28e2abf5e5","name":"Codina","image":{"@type":"ImageObject","inLanguage":"es","@id":"https:\/\/secure.gravatar.com\/avatar\/4fff7c6f6d19e46cfd6c15f0f9b4aeb9970dd1aa4028caf6584e34d95cb8a41d?s=96&d=mm&r=g","url":"https:\/\/secure.gravatar.com\/avatar\/4fff7c6f6d19e46cfd6c15f0f9b4aeb9970dd1aa4028caf6584e34d95cb8a41d?s=96&d=mm&r=g","contentUrl":"https:\/\/secure.gravatar.com\/avatar\/4fff7c6f6d19e46cfd6c15f0f9b4aeb9970dd1aa4028caf6584e34d95cb8a41d?s=96&d=mm&r=g","caption":"Codina"},"url":"https:\/\/ineditinnova.com\/es\/author\/inedit\/"}]}},"_links":{"self":[{"href":"https:\/\/ineditinnova.com\/es\/wp-json\/wp\/v2\/posts\/7564","targetHints":{"allow":["GET"]}}],"collection":[{"href":"https:\/\/ineditinnova.com\/es\/wp-json\/wp\/v2\/posts"}],"about":[{"href":"https:\/\/ineditinnova.com\/es\/wp-json\/wp\/v2\/types\/post"}],"author":[{"embeddable":true,"href":"https:\/\/ineditinnova.com\/es\/wp-json\/wp\/v2\/users\/2"}],"replies":[{"embeddable":true,"href":"https:\/\/ineditinnova.com\/es\/wp-json\/wp\/v2\/comments?post=7564"}],"version-history":[{"count":8,"href":"https:\/\/ineditinnova.com\/es\/wp-json\/wp\/v2\/posts\/7564\/revisions"}],"predecessor-version":[{"id":7674,"href":"https:\/\/ineditinnova.com\/es\/wp-json\/wp\/v2\/posts\/7564\/revisions\/7674"}],"wp:featuredmedia":[{"embeddable":true,"href":"https:\/\/ineditinnova.com\/es\/wp-json\/wp\/v2\/media\/7561"}],"wp:attachment":[{"href":"https:\/\/ineditinnova.com\/es\/wp-json\/wp\/v2\/media?parent=7564"}],"wp:term":[{"taxonomy":"category","embeddable":true,"href":"https:\/\/ineditinnova.com\/es\/wp-json\/wp\/v2\/categories?post=7564"},{"taxonomy":"post_tag","embeddable":true,"href":"https:\/\/ineditinnova.com\/es\/wp-json\/wp\/v2\/tags?post=7564"}],"curies":[{"name":"wp","href":"https:\/\/api.w.org\/{rel}","templated":true}]}}