{"id":7717,"date":"2024-02-12T08:41:35","date_gmt":"2024-02-12T08:41:35","guid":{"rendered":"https:\/\/ineditinnova.com\/un-nou-projecte-per-perfeccionar-packimpact-leina-de-quantificacio-ambiental-per-al-sector-dels-envasos-i-embalatges\/"},"modified":"2024-02-12T08:48:18","modified_gmt":"2024-02-12T08:48:18","slug":"un-nou-projecte-per-perfeccionar-packimpact-leina-de-quantificacio-ambiental-per-al-sector-dels-envasos-i-embalatges","status":"publish","type":"post","link":"https:\/\/ineditinnova.com\/es\/un-nou-projecte-per-perfeccionar-packimpact-leina-de-quantificacio-ambiental-per-al-sector-dels-envasos-i-embalatges\/","title":{"rendered":"Un nuevo proyecto para perfeccionar Packimpact, la herramienta de cuantificaci\u00f3n ambiental para el sector de envases y embalajes"},"content":{"rendered":"\n\n\n\n\n<p><\/p>\n\n\n\n<p style=\"font-size:25px\">El sector del <em>packaging<\/em> enfrenta el gran desaf\u00edo de reducir sus impactos ambientales, y por eso demanda, cada vez m\u00e1s, herramientas innovadoras para medirlo. Es en este contexto que, fruto de un proyecto liderado por el <a href=\"https:\/\/www.packagingcluster.com\/inici\/\">Packaging Cluster<\/a> y con la participaci\u00f3n de in\u00e8dit, en 2023 naci\u00f3 Packimpact, una plataforma en l\u00ednea que permite a las pymes del sector de envases y embalajes calcular la huella de carbono, la huella h\u00eddrica y otros indicadores de forma sencilla y rigurosa. A diferencia de otras herramientas gen\u00e9ricas, <a href=\"https:\/\/www.packimpact.net\/\">Packimpact<\/a> se dirige espec\u00edficamente al sector del <em>packaging<\/em> porque ofrece informaci\u00f3n precisa y relevante adaptada a las particularidades de la industria. Adem\u00e1s, puede integrarse f\u00e1cilmente en los procesos internos de las empresas, lo que les permite tomar decisiones informadas sin requerir personal especializado en sostenibilidad. Ahora, <strong>con el proyecto Packimpact 2.0, la herramienta ir\u00e1 m\u00e1s all\u00e1<\/strong>. Gracias a<strong> la participaci\u00f3n de dos empresas del sector de envases flexibles se ampliar\u00e1 la matriz de datos sobre reciclabilidad de los envases<\/strong>; se convertir\u00e1, as\u00ed, en m\u00e1s completa y adaptada a las necesidades del sector.<\/p>\n\n\n\n<p style=\"font-size:25px\">Packimpact 2.0 lo lidera el Packaging Cluster, e in\u00e8dit participa desarrollando la parte t\u00e9cnica. Los otros participantes son <a href=\"https:\/\/www.aimplas.net\/\">AIMPLAS &#8211; Instituto Tecnol\u00f3gico del Pl\u00e1stico<\/a>, que realizar\u00e1 pruebas de reciclabilidad de los envases y aportar\u00e1 datos para mejorar la herramienta; <a href=\"https:\/\/comexi.com\/\">COMEXI<\/a>, empresa que ofrece soluciones para el sector del embalaje flexible y que, en el marco del proyecto, alimentar\u00e1 la base de datos de la herramienta con datos de fabricaci\u00f3n de su maquinaria; e <a href=\"https:\/\/www.iflex.es\/\">IFLEX<\/a>, fabricante de embalajes flexibles, que participar\u00e1 en la extracci\u00f3n de datos y realizar\u00e1 pruebas de reciclaje mec\u00e1nico en sus productos.<\/p>\n\n\n\n<h2 class=\"wp-block-heading\" style=\"font-size:25px\"><strong>Una herramienta fundamental para el sector del <em>packaging<\/em><\/strong><\/h2>\n\n\n\n<p style=\"font-size:25px\">Packimpact considera todas las etapas del ciclo de vida de los productos: los materiales, la fabricaci\u00f3n, el transporte, el uso y el final de la vida \u00fatil. Contiene informaci\u00f3n espec\u00edfica de los materiales y procesos necesarios para fabricar y\/o comercializar cada tipolog\u00eda de producto, as\u00ed como de la recuperaci\u00f3n y el reciclaje. Se basa en datos reales y locales extra\u00eddos de empresas del sector en Espa\u00f1a, y ofrece una autodeclaraci\u00f3n ambiental de productos, de manera que las empresas pueden comunicar cuantitativamente su sostenibilidad.<\/p>\n\n\n\n<p style=\"font-size:25px\">La herramienta muestra resultados, comparativas del comportamiento ambiental de diferentes envases y embalajes \u2015una informaci\u00f3n muy \u00fatil a la hora de tomar decisiones en ecodise\u00f1o\u2015, y permite exportar esta informaci\u00f3n en formato Excel y .PDF y compartirla tanto internamente como con los clientes.<\/p>\n\n\n\n<p style=\"font-size:25px\"><em>Este proyecto est\u00e1 cofinanciado por el Ministerio de Industria, Comercio y Turismo (MINCOTUR) mediante la convocatoria 2023 de las AEI del 2023 en el marco de las ayudas Next Generation y el Plan de Recuperaci\u00f3n, Transformaci\u00f3n y Resiliencia.<\/em><\/p>\n\n\n\n<figure class=\"wp-block-image size-full\"><img decoding=\"async\" width=\"900\" height=\"59\" data-src=\"https:\/\/ineditinnova.com\/wp-content\/uploads\/2023\/12\/Disseny-sense-titol-fotor-20231219235231.jpg\" alt=\"\" class=\"wp-image-7373 lazyload\" data-srcset=\"https:\/\/ineditinnova.com\/wp-content\/uploads\/2023\/12\/Disseny-sense-titol-fotor-20231219235231.jpg 900w, https:\/\/ineditinnova.com\/wp-content\/uploads\/2023\/12\/Disseny-sense-titol-fotor-20231219235231-300x20.jpg 300w, https:\/\/ineditinnova.com\/wp-content\/uploads\/2023\/12\/Disseny-sense-titol-fotor-20231219235231-768x50.jpg 768w\" data-sizes=\"(max-width: 900px) 100vw, 900px\" src=\"data:image\/svg+xml;base64,PHN2ZyB3aWR0aD0iMSIgaGVpZ2h0PSIxIiB4bWxucz0iaHR0cDovL3d3dy53My5vcmcvMjAwMC9zdmciPjwvc3ZnPg==\" style=\"--smush-placeholder-width: 900px; --smush-placeholder-aspect-ratio: 900\/59;\" \/><\/figure>\n","protected":false},"excerpt":{"rendered":"<p>El sector del packaging enfrenta el gran desaf\u00edo de reducir sus impactos ambientales, y por eso demanda, cada vez m\u00e1s, herramientas innovadoras para medirlo. Es en este contexto que, fruto de un proyecto liderado por el Packaging Cluster y con la participaci\u00f3n de in\u00e8dit, en 2023 naci\u00f3 Packimpact, una plataforma en l\u00ednea que permite a&#8230;  <a class=\"excerpt-read-more\" href=\"https:\/\/ineditinnova.com\/es\/un-nou-projecte-per-perfeccionar-packimpact-leina-de-quantificacio-ambiental-per-al-sector-dels-envasos-i-embalatges\/\" title=\"Read Un nuevo proyecto para perfeccionar Packimpact, la herramienta de cuantificaci\u00f3n ambiental para el sector de envases y embalajes\">Read more &raquo;<\/a><\/p>\n","protected":false},"author":2,"featured_media":7713,"comment_status":"closed","ping_status":"closed","sticky":false,"template":"","format":"standard","meta":{"_acf_changed":false,"footnotes":""},"categories":[43],"tags":[54],"class_list":["post-7717","post","type-post","status-publish","format-standard","has-post-thumbnail","hentry","category-metricas","tag-noticia-es"],"acf":[],"yoast_head":"<!-- This site is optimized with the Yoast SEO plugin v27.5 - https:\/\/yoast.com\/product\/yoast-seo-wordpress\/ -->\n<title>Un nuevo proyecto para perfeccionar Packimpact, la herramienta de cuantificaci\u00f3n ambiental para el sector de envases y embalajes - in\u00e8dit<\/title>\n<meta name=\"robots\" content=\"index, follow, max-snippet:-1, max-image-preview:large, max-video-preview:-1\" \/>\n<link rel=\"canonical\" href=\"https:\/\/ineditinnova.com\/es\/un-nou-projecte-per-perfeccionar-packimpact-leina-de-quantificacio-ambiental-per-al-sector-dels-envasos-i-embalatges\/\" \/>\n<meta property=\"og:locale\" content=\"es_ES\" \/>\n<meta property=\"og:type\" content=\"article\" \/>\n<meta property=\"og:title\" content=\"Un nuevo proyecto para perfeccionar Packimpact, la herramienta de cuantificaci\u00f3n ambiental para el sector de envases y embalajes - in\u00e8dit\" \/>\n<meta property=\"og:description\" content=\"El sector del packaging enfrenta el gran desaf\u00edo de reducir sus impactos ambientales, y por eso demanda, cada vez m\u00e1s, herramientas innovadoras para medirlo. Es en este contexto que, fruto de un proyecto liderado por el Packaging Cluster y con la participaci\u00f3n de in\u00e8dit, en 2023 naci\u00f3 Packimpact, una plataforma en l\u00ednea que permite a... Read more &raquo;\" \/>\n<meta property=\"og:url\" content=\"https:\/\/ineditinnova.com\/es\/un-nou-projecte-per-perfeccionar-packimpact-leina-de-quantificacio-ambiental-per-al-sector-dels-envasos-i-embalatges\/\" \/>\n<meta property=\"og:site_name\" content=\"in\u00e8dit\" \/>\n<meta property=\"article:publisher\" content=\"https:\/\/www.facebook.com\/ineditinnovacio\/?ref=page_internal\" \/>\n<meta property=\"article:published_time\" content=\"2024-02-12T08:41:35+00:00\" \/>\n<meta property=\"article:modified_time\" content=\"2024-02-12T08:48:18+00:00\" \/>\n<meta property=\"og:image\" content=\"https:\/\/ineditinnova.com\/wp-content\/uploads\/2024\/02\/AdobeStock_417687642-fotor-2024021293958-scaled.jpg\" \/>\n\t<meta property=\"og:image:width\" content=\"2560\" \/>\n\t<meta property=\"og:image:height\" content=\"1791\" \/>\n\t<meta property=\"og:image:type\" content=\"image\/jpeg\" \/>\n<meta name=\"author\" content=\"Codina\" \/>\n<meta name=\"twitter:card\" content=\"summary_large_image\" \/>\n<meta name=\"twitter:creator\" content=\"@ineditinnova\" \/>\n<meta name=\"twitter:site\" content=\"@ineditinnova\" \/>\n<meta name=\"twitter:label1\" content=\"Escrito por\" \/>\n\t<meta name=\"twitter:data1\" content=\"Codina\" \/>\n\t<meta name=\"twitter:label2\" content=\"Tiempo de lectura\" \/>\n\t<meta name=\"twitter:data2\" content=\"4 minutos\" \/>\n<script type=\"application\/ld+json\" class=\"yoast-schema-graph\">{\"@context\":\"https:\\\/\\\/schema.org\",\"@graph\":[{\"@type\":\"Article\",\"@id\":\"https:\\\/\\\/ineditinnova.com\\\/es\\\/un-nou-projecte-per-perfeccionar-packimpact-leina-de-quantificacio-ambiental-per-al-sector-dels-envasos-i-embalatges\\\/#article\",\"isPartOf\":{\"@id\":\"https:\\\/\\\/ineditinnova.com\\\/es\\\/un-nou-projecte-per-perfeccionar-packimpact-leina-de-quantificacio-ambiental-per-al-sector-dels-envasos-i-embalatges\\\/\"},\"author\":{\"name\":\"Codina\",\"@id\":\"https:\\\/\\\/ineditinnova.com\\\/en\\\/#\\\/schema\\\/person\\\/891e1158385858d9972e3d28e2abf5e5\"},\"headline\":\"Un nuevo proyecto para perfeccionar Packimpact, la herramienta de cuantificaci\u00f3n ambiental para el sector de envases y embalajes\",\"datePublished\":\"2024-02-12T08:41:35+00:00\",\"dateModified\":\"2024-02-12T08:48:18+00:00\",\"mainEntityOfPage\":{\"@id\":\"https:\\\/\\\/ineditinnova.com\\\/es\\\/un-nou-projecte-per-perfeccionar-packimpact-leina-de-quantificacio-ambiental-per-al-sector-dels-envasos-i-embalatges\\\/\"},\"wordCount\":492,\"image\":{\"@id\":\"https:\\\/\\\/ineditinnova.com\\\/es\\\/un-nou-projecte-per-perfeccionar-packimpact-leina-de-quantificacio-ambiental-per-al-sector-dels-envasos-i-embalatges\\\/#primaryimage\"},\"thumbnailUrl\":\"https:\\\/\\\/ineditinnova.com\\\/wp-content\\\/uploads\\\/2024\\\/02\\\/AdobeStock_417687642-fotor-2024021293958-scaled.jpg\",\"keywords\":[\"NOTICIA\"],\"articleSection\":[\"CUANTIFICACI\u00d3N DE IMPACTOS AMBIENTALES\"],\"inLanguage\":\"es\"},{\"@type\":\"WebPage\",\"@id\":\"https:\\\/\\\/ineditinnova.com\\\/es\\\/un-nou-projecte-per-perfeccionar-packimpact-leina-de-quantificacio-ambiental-per-al-sector-dels-envasos-i-embalatges\\\/\",\"url\":\"https:\\\/\\\/ineditinnova.com\\\/es\\\/un-nou-projecte-per-perfeccionar-packimpact-leina-de-quantificacio-ambiental-per-al-sector-dels-envasos-i-embalatges\\\/\",\"name\":\"Un nuevo proyecto para perfeccionar Packimpact, la herramienta de cuantificaci\u00f3n ambiental para el sector de envases y embalajes - in\u00e8dit\",\"isPartOf\":{\"@id\":\"https:\\\/\\\/ineditinnova.com\\\/en\\\/#website\"},\"primaryImageOfPage\":{\"@id\":\"https:\\\/\\\/ineditinnova.com\\\/es\\\/un-nou-projecte-per-perfeccionar-packimpact-leina-de-quantificacio-ambiental-per-al-sector-dels-envasos-i-embalatges\\\/#primaryimage\"},\"image\":{\"@id\":\"https:\\\/\\\/ineditinnova.com\\\/es\\\/un-nou-projecte-per-perfeccionar-packimpact-leina-de-quantificacio-ambiental-per-al-sector-dels-envasos-i-embalatges\\\/#primaryimage\"},\"thumbnailUrl\":\"https:\\\/\\\/ineditinnova.com\\\/wp-content\\\/uploads\\\/2024\\\/02\\\/AdobeStock_417687642-fotor-2024021293958-scaled.jpg\",\"datePublished\":\"2024-02-12T08:41:35+00:00\",\"dateModified\":\"2024-02-12T08:48:18+00:00\",\"author\":{\"@id\":\"https:\\\/\\\/ineditinnova.com\\\/en\\\/#\\\/schema\\\/person\\\/891e1158385858d9972e3d28e2abf5e5\"},\"breadcrumb\":{\"@id\":\"https:\\\/\\\/ineditinnova.com\\\/es\\\/un-nou-projecte-per-perfeccionar-packimpact-leina-de-quantificacio-ambiental-per-al-sector-dels-envasos-i-embalatges\\\/#breadcrumb\"},\"inLanguage\":\"es\",\"potentialAction\":[{\"@type\":\"ReadAction\",\"target\":[\"https:\\\/\\\/ineditinnova.com\\\/es\\\/un-nou-projecte-per-perfeccionar-packimpact-leina-de-quantificacio-ambiental-per-al-sector-dels-envasos-i-embalatges\\\/\"]}]},{\"@type\":\"ImageObject\",\"inLanguage\":\"es\",\"@id\":\"https:\\\/\\\/ineditinnova.com\\\/es\\\/un-nou-projecte-per-perfeccionar-packimpact-leina-de-quantificacio-ambiental-per-al-sector-dels-envasos-i-embalatges\\\/#primaryimage\",\"url\":\"https:\\\/\\\/ineditinnova.com\\\/wp-content\\\/uploads\\\/2024\\\/02\\\/AdobeStock_417687642-fotor-2024021293958-scaled.jpg\",\"contentUrl\":\"https:\\\/\\\/ineditinnova.com\\\/wp-content\\\/uploads\\\/2024\\\/02\\\/AdobeStock_417687642-fotor-2024021293958-scaled.jpg\",\"width\":2560,\"height\":1791,\"caption\":\"packaging\"},{\"@type\":\"BreadcrumbList\",\"@id\":\"https:\\\/\\\/ineditinnova.com\\\/es\\\/un-nou-projecte-per-perfeccionar-packimpact-leina-de-quantificacio-ambiental-per-al-sector-dels-envasos-i-embalatges\\\/#breadcrumb\",\"itemListElement\":[{\"@type\":\"ListItem\",\"position\":1,\"name\":\"Inici\",\"item\":\"https:\\\/\\\/ineditinnova.com\\\/es\\\/\"},{\"@type\":\"ListItem\",\"position\":2,\"name\":\"Un nuevo proyecto para perfeccionar Packimpact, la herramienta de cuantificaci\u00f3n ambiental para el sector de envases y embalajes\"}]},{\"@type\":\"WebSite\",\"@id\":\"https:\\\/\\\/ineditinnova.com\\\/en\\\/#website\",\"url\":\"https:\\\/\\\/ineditinnova.com\\\/en\\\/\",\"name\":\"in\u00e8dit\",\"description\":\"Dise\u00f1amos soluciones circulares y sostenibles para un futuro mejor\",\"potentialAction\":[{\"@type\":\"SearchAction\",\"target\":{\"@type\":\"EntryPoint\",\"urlTemplate\":\"https:\\\/\\\/ineditinnova.com\\\/en\\\/?s={search_term_string}\"},\"query-input\":{\"@type\":\"PropertyValueSpecification\",\"valueRequired\":true,\"valueName\":\"search_term_string\"}}],\"inLanguage\":\"es\"},{\"@type\":\"Person\",\"@id\":\"https:\\\/\\\/ineditinnova.com\\\/en\\\/#\\\/schema\\\/person\\\/891e1158385858d9972e3d28e2abf5e5\",\"name\":\"Codina\",\"image\":{\"@type\":\"ImageObject\",\"inLanguage\":\"es\",\"@id\":\"https:\\\/\\\/secure.gravatar.com\\\/avatar\\\/4fff7c6f6d19e46cfd6c15f0f9b4aeb9970dd1aa4028caf6584e34d95cb8a41d?s=96&d=mm&r=g\",\"url\":\"https:\\\/\\\/secure.gravatar.com\\\/avatar\\\/4fff7c6f6d19e46cfd6c15f0f9b4aeb9970dd1aa4028caf6584e34d95cb8a41d?s=96&d=mm&r=g\",\"contentUrl\":\"https:\\\/\\\/secure.gravatar.com\\\/avatar\\\/4fff7c6f6d19e46cfd6c15f0f9b4aeb9970dd1aa4028caf6584e34d95cb8a41d?s=96&d=mm&r=g\",\"caption\":\"Codina\"},\"url\":\"https:\\\/\\\/ineditinnova.com\\\/es\\\/author\\\/inedit\\\/\"}]}<\/script>\n<!-- \/ Yoast SEO plugin. -->","yoast_head_json":{"title":"Un nuevo proyecto para perfeccionar Packimpact, la herramienta de cuantificaci\u00f3n ambiental para el sector de envases y embalajes - in\u00e8dit","robots":{"index":"index","follow":"follow","max-snippet":"max-snippet:-1","max-image-preview":"max-image-preview:large","max-video-preview":"max-video-preview:-1"},"canonical":"https:\/\/ineditinnova.com\/es\/un-nou-projecte-per-perfeccionar-packimpact-leina-de-quantificacio-ambiental-per-al-sector-dels-envasos-i-embalatges\/","og_locale":"es_ES","og_type":"article","og_title":"Un nuevo proyecto para perfeccionar Packimpact, la herramienta de cuantificaci\u00f3n ambiental para el sector de envases y embalajes - in\u00e8dit","og_description":"El sector del packaging enfrenta el gran desaf\u00edo de reducir sus impactos ambientales, y por eso demanda, cada vez m\u00e1s, herramientas innovadoras para medirlo. Es en este contexto que, fruto de un proyecto liderado por el Packaging Cluster y con la participaci\u00f3n de in\u00e8dit, en 2023 naci\u00f3 Packimpact, una plataforma en l\u00ednea que permite a... Read more &raquo;","og_url":"https:\/\/ineditinnova.com\/es\/un-nou-projecte-per-perfeccionar-packimpact-leina-de-quantificacio-ambiental-per-al-sector-dels-envasos-i-embalatges\/","og_site_name":"in\u00e8dit","article_publisher":"https:\/\/www.facebook.com\/ineditinnovacio\/?ref=page_internal","article_published_time":"2024-02-12T08:41:35+00:00","article_modified_time":"2024-02-12T08:48:18+00:00","og_image":[{"width":2560,"height":1791,"url":"https:\/\/ineditinnova.com\/wp-content\/uploads\/2024\/02\/AdobeStock_417687642-fotor-2024021293958-scaled.jpg","type":"image\/jpeg"}],"author":"Codina","twitter_card":"summary_large_image","twitter_creator":"@ineditinnova","twitter_site":"@ineditinnova","twitter_misc":{"Escrito por":"Codina","Tiempo de lectura":"4 minutos"},"schema":{"@context":"https:\/\/schema.org","@graph":[{"@type":"Article","@id":"https:\/\/ineditinnova.com\/es\/un-nou-projecte-per-perfeccionar-packimpact-leina-de-quantificacio-ambiental-per-al-sector-dels-envasos-i-embalatges\/#article","isPartOf":{"@id":"https:\/\/ineditinnova.com\/es\/un-nou-projecte-per-perfeccionar-packimpact-leina-de-quantificacio-ambiental-per-al-sector-dels-envasos-i-embalatges\/"},"author":{"name":"Codina","@id":"https:\/\/ineditinnova.com\/en\/#\/schema\/person\/891e1158385858d9972e3d28e2abf5e5"},"headline":"Un nuevo proyecto para perfeccionar Packimpact, la herramienta de cuantificaci\u00f3n ambiental para el sector de envases y embalajes","datePublished":"2024-02-12T08:41:35+00:00","dateModified":"2024-02-12T08:48:18+00:00","mainEntityOfPage":{"@id":"https:\/\/ineditinnova.com\/es\/un-nou-projecte-per-perfeccionar-packimpact-leina-de-quantificacio-ambiental-per-al-sector-dels-envasos-i-embalatges\/"},"wordCount":492,"image":{"@id":"https:\/\/ineditinnova.com\/es\/un-nou-projecte-per-perfeccionar-packimpact-leina-de-quantificacio-ambiental-per-al-sector-dels-envasos-i-embalatges\/#primaryimage"},"thumbnailUrl":"https:\/\/ineditinnova.com\/wp-content\/uploads\/2024\/02\/AdobeStock_417687642-fotor-2024021293958-scaled.jpg","keywords":["NOTICIA"],"articleSection":["CUANTIFICACI\u00d3N DE IMPACTOS AMBIENTALES"],"inLanguage":"es"},{"@type":"WebPage","@id":"https:\/\/ineditinnova.com\/es\/un-nou-projecte-per-perfeccionar-packimpact-leina-de-quantificacio-ambiental-per-al-sector-dels-envasos-i-embalatges\/","url":"https:\/\/ineditinnova.com\/es\/un-nou-projecte-per-perfeccionar-packimpact-leina-de-quantificacio-ambiental-per-al-sector-dels-envasos-i-embalatges\/","name":"Un nuevo proyecto para perfeccionar Packimpact, la herramienta de cuantificaci\u00f3n ambiental para el sector de envases y embalajes - in\u00e8dit","isPartOf":{"@id":"https:\/\/ineditinnova.com\/en\/#website"},"primaryImageOfPage":{"@id":"https:\/\/ineditinnova.com\/es\/un-nou-projecte-per-perfeccionar-packimpact-leina-de-quantificacio-ambiental-per-al-sector-dels-envasos-i-embalatges\/#primaryimage"},"image":{"@id":"https:\/\/ineditinnova.com\/es\/un-nou-projecte-per-perfeccionar-packimpact-leina-de-quantificacio-ambiental-per-al-sector-dels-envasos-i-embalatges\/#primaryimage"},"thumbnailUrl":"https:\/\/ineditinnova.com\/wp-content\/uploads\/2024\/02\/AdobeStock_417687642-fotor-2024021293958-scaled.jpg","datePublished":"2024-02-12T08:41:35+00:00","dateModified":"2024-02-12T08:48:18+00:00","author":{"@id":"https:\/\/ineditinnova.com\/en\/#\/schema\/person\/891e1158385858d9972e3d28e2abf5e5"},"breadcrumb":{"@id":"https:\/\/ineditinnova.com\/es\/un-nou-projecte-per-perfeccionar-packimpact-leina-de-quantificacio-ambiental-per-al-sector-dels-envasos-i-embalatges\/#breadcrumb"},"inLanguage":"es","potentialAction":[{"@type":"ReadAction","target":["https:\/\/ineditinnova.com\/es\/un-nou-projecte-per-perfeccionar-packimpact-leina-de-quantificacio-ambiental-per-al-sector-dels-envasos-i-embalatges\/"]}]},{"@type":"ImageObject","inLanguage":"es","@id":"https:\/\/ineditinnova.com\/es\/un-nou-projecte-per-perfeccionar-packimpact-leina-de-quantificacio-ambiental-per-al-sector-dels-envasos-i-embalatges\/#primaryimage","url":"https:\/\/ineditinnova.com\/wp-content\/uploads\/2024\/02\/AdobeStock_417687642-fotor-2024021293958-scaled.jpg","contentUrl":"https:\/\/ineditinnova.com\/wp-content\/uploads\/2024\/02\/AdobeStock_417687642-fotor-2024021293958-scaled.jpg","width":2560,"height":1791,"caption":"packaging"},{"@type":"BreadcrumbList","@id":"https:\/\/ineditinnova.com\/es\/un-nou-projecte-per-perfeccionar-packimpact-leina-de-quantificacio-ambiental-per-al-sector-dels-envasos-i-embalatges\/#breadcrumb","itemListElement":[{"@type":"ListItem","position":1,"name":"Inici","item":"https:\/\/ineditinnova.com\/es\/"},{"@type":"ListItem","position":2,"name":"Un nuevo proyecto para perfeccionar Packimpact, la herramienta de cuantificaci\u00f3n ambiental para el sector de envases y embalajes"}]},{"@type":"WebSite","@id":"https:\/\/ineditinnova.com\/en\/#website","url":"https:\/\/ineditinnova.com\/en\/","name":"in\u00e8dit","description":"Dise\u00f1amos soluciones circulares y sostenibles para un futuro mejor","potentialAction":[{"@type":"SearchAction","target":{"@type":"EntryPoint","urlTemplate":"https:\/\/ineditinnova.com\/en\/?s={search_term_string}"},"query-input":{"@type":"PropertyValueSpecification","valueRequired":true,"valueName":"search_term_string"}}],"inLanguage":"es"},{"@type":"Person","@id":"https:\/\/ineditinnova.com\/en\/#\/schema\/person\/891e1158385858d9972e3d28e2abf5e5","name":"Codina","image":{"@type":"ImageObject","inLanguage":"es","@id":"https:\/\/secure.gravatar.com\/avatar\/4fff7c6f6d19e46cfd6c15f0f9b4aeb9970dd1aa4028caf6584e34d95cb8a41d?s=96&d=mm&r=g","url":"https:\/\/secure.gravatar.com\/avatar\/4fff7c6f6d19e46cfd6c15f0f9b4aeb9970dd1aa4028caf6584e34d95cb8a41d?s=96&d=mm&r=g","contentUrl":"https:\/\/secure.gravatar.com\/avatar\/4fff7c6f6d19e46cfd6c15f0f9b4aeb9970dd1aa4028caf6584e34d95cb8a41d?s=96&d=mm&r=g","caption":"Codina"},"url":"https:\/\/ineditinnova.com\/es\/author\/inedit\/"}]}},"_links":{"self":[{"href":"https:\/\/ineditinnova.com\/es\/wp-json\/wp\/v2\/posts\/7717","targetHints":{"allow":["GET"]}}],"collection":[{"href":"https:\/\/ineditinnova.com\/es\/wp-json\/wp\/v2\/posts"}],"about":[{"href":"https:\/\/ineditinnova.com\/es\/wp-json\/wp\/v2\/types\/post"}],"author":[{"embeddable":true,"href":"https:\/\/ineditinnova.com\/es\/wp-json\/wp\/v2\/users\/2"}],"replies":[{"embeddable":true,"href":"https:\/\/ineditinnova.com\/es\/wp-json\/wp\/v2\/comments?post=7717"}],"version-history":[{"count":2,"href":"https:\/\/ineditinnova.com\/es\/wp-json\/wp\/v2\/posts\/7717\/revisions"}],"predecessor-version":[{"id":7720,"href":"https:\/\/ineditinnova.com\/es\/wp-json\/wp\/v2\/posts\/7717\/revisions\/7720"}],"wp:featuredmedia":[{"embeddable":true,"href":"https:\/\/ineditinnova.com\/es\/wp-json\/wp\/v2\/media\/7713"}],"wp:attachment":[{"href":"https:\/\/ineditinnova.com\/es\/wp-json\/wp\/v2\/media?parent=7717"}],"wp:term":[{"taxonomy":"category","embeddable":true,"href":"https:\/\/ineditinnova.com\/es\/wp-json\/wp\/v2\/categories?post=7717"},{"taxonomy":"post_tag","embeddable":true,"href":"https:\/\/ineditinnova.com\/es\/wp-json\/wp\/v2\/tags?post=7717"}],"curies":[{"name":"wp","href":"https:\/\/api.w.org\/{rel}","templated":true}]}}