{"id":7739,"date":"2024-02-20T08:41:20","date_gmt":"2024-02-20T08:41:20","guid":{"rendered":"https:\/\/ineditinnova.com\/els-envasos-dels-productes-gurmet-tambe-poden-ser-mes-sostenibles\/"},"modified":"2024-02-20T08:56:10","modified_gmt":"2024-02-20T08:56:10","slug":"els-envasos-dels-productes-gurmet-tambe-poden-ser-mes-sostenibles","status":"publish","type":"post","link":"https:\/\/ineditinnova.com\/es\/els-envasos-dels-productes-gurmet-tambe-poden-ser-mes-sostenibles\/","title":{"rendered":"Los envases de los productos gourmet tambi\u00e9n pueden ser m\u00e1s sostenibles"},"content":{"rendered":"\n<p style=\"font-size:25px\">El miedo a que puedan percibirse menos atractivos por parte de las empresas y los consumidores es uno de los principales obst\u00e1culos para sustituir los sistemas de envasado actuales de los productos gourmet, en los que la est\u00e9tica tiene un peso muy importante, por otros m\u00e1s sostenibles y circulares. Sustituirlos por envases en los que se han aplicado criterios de ecodise\u00f1o \u2014es decir, que utilicen menos cantidad de material, que sean de un solo material para favorecer su reciclabilidad y\/o hayan sido producidos con materiales m\u00e1s sostenibles\u2014 es un reto mayor. Es en este contexto que nace \u00abSustainable Gourmet Pack\u00bb, un proyecto en el que se estudiar\u00e1n las tendencias en el \u00e1mbito de los envases dentro del sector y las barreras a la hora de implementar el ecodise\u00f1o, y se identificar\u00e1n las oportunidades para impulsarlo. in\u00e8dit ser\u00e1 el encargado de la parte t\u00e9cnica de este proyecto liderado por el <a href=\"https:\/\/www.cfoodretail.cat\/\">Cl\u00faster Food Retail de Catalunya <\/a> y el <a href=\"https:\/\/www.innovi.cat\/\">Cl\u00faster Vitivin\u00edcola de Catalunya &#8211; INNOVI<\/a>.<\/p>\n\n\n\n<p style=\"font-size:25px\">El proyecto se materializar\u00e1, por una parte, en un estudio de las tendencias legislativas y de los consumidores, as\u00ed como en las de los fabricantes de envases, y siempre con un enfoque espec\u00edfico en los de tipolog\u00eda gourmet. Tambi\u00e9n se analizar\u00e1n las necesidades y las tendencias de los consumidores en relaci\u00f3n con el envasado de productos alimentarios, y se recopilar\u00e1n las normativas y las legislaciones vigentes o futuras relacionadas con \u00e9ste. Tambi\u00e9n se celebrar\u00e1n dos talleres participativos y de co-dise\u00f1o con empresas del sector, que servir\u00e1n para recopilar las barreras y las oportunidades de implementar los sistemas de envasado ecodise\u00f1ados teniendo en cuenta la visi\u00f3n de toda la cadena de valor \u2014el origen, el uso y la gesti\u00f3n final. Uno de los resultados de estos talleres ser\u00e1 un recopilatorio de potenciales iniciativas y acciones de car\u00e1cter circular para implementar en el envasado del sector gourmet, de entre las cuales se validar\u00e1n y priorizar\u00e1n aquellas con un potencial m\u00e1s alto de aplicaci\u00f3n.<\/p>\n\n\n\n<p style=\"font-size:25px\"><em>\u00abSustainable Gourmet Pack\u00bb tiene una duraci\u00f3n de doce meses y cuenta con el apoyo de la Agencia de Residuos de Catalu\u00f1a (ARC) dentro de la convocatoria de Ayudas para el fomento de la econom\u00eda circular 2022.<\/em><\/p>\n\n\n\n<p style=\"font-size:25px\"><\/p>\n\n\n\n<figure class=\"wp-block-image size-large\"><img decoding=\"async\" width=\"1024\" height=\"147\" data-src=\"https:\/\/ineditinnova.com\/wp-content\/uploads\/2023\/11\/logo_arc_v1-2-1024x147.jpg\" alt=\"\" class=\"wp-image-7142 lazyload\" data-srcset=\"https:\/\/ineditinnova.com\/wp-content\/uploads\/2023\/11\/logo_arc_v1-2-1024x147.jpg 1024w, https:\/\/ineditinnova.com\/wp-content\/uploads\/2023\/11\/logo_arc_v1-2-300x43.jpg 300w, https:\/\/ineditinnova.com\/wp-content\/uploads\/2023\/11\/logo_arc_v1-2-768x110.jpg 768w, https:\/\/ineditinnova.com\/wp-content\/uploads\/2023\/11\/logo_arc_v1-2-1536x220.jpg 1536w, https:\/\/ineditinnova.com\/wp-content\/uploads\/2023\/11\/logo_arc_v1-2.jpg 2000w\" data-sizes=\"(max-width: 1024px) 100vw, 1024px\" src=\"data:image\/svg+xml;base64,PHN2ZyB3aWR0aD0iMSIgaGVpZ2h0PSIxIiB4bWxucz0iaHR0cDovL3d3dy53My5vcmcvMjAwMC9zdmciPjwvc3ZnPg==\" style=\"--smush-placeholder-width: 1024px; --smush-placeholder-aspect-ratio: 1024\/147;\" \/><\/figure>\n","protected":false},"excerpt":{"rendered":"<p>El miedo a que puedan percibirse menos atractivos por parte de las empresas y los consumidores es uno de los principales obst\u00e1culos para sustituir los sistemas de envasado actuales de los productos gourmet, en los que la est\u00e9tica tiene un peso muy importante, por otros m\u00e1s sostenibles y circulares. Sustituirlos por envases en los que&#8230;  <a class=\"excerpt-read-more\" href=\"https:\/\/ineditinnova.com\/es\/els-envasos-dels-productes-gurmet-tambe-poden-ser-mes-sostenibles\/\" title=\"Read Los envases de los productos gourmet tambi\u00e9n pueden ser m\u00e1s sostenibles\">Read more &raquo;<\/a><\/p>\n","protected":false},"author":2,"featured_media":7737,"comment_status":"closed","ping_status":"closed","sticky":false,"template":"","format":"standard","meta":{"_acf_changed":false,"footnotes":""},"categories":[21],"tags":[54],"class_list":["post-7739","post","type-post","status-publish","format-standard","has-post-thumbnail","hentry","category-ecodiseno","tag-noticia-es"],"acf":[],"yoast_head":"<!-- This site is optimized with the Yoast SEO plugin v27.5 - https:\/\/yoast.com\/product\/yoast-seo-wordpress\/ -->\n<title>Los envases de los productos gourmet tambi\u00e9n pueden ser m\u00e1s sostenibles - in\u00e8dit<\/title>\n<meta name=\"robots\" content=\"index, follow, max-snippet:-1, max-image-preview:large, max-video-preview:-1\" \/>\n<link rel=\"canonical\" href=\"https:\/\/ineditinnova.com\/es\/els-envasos-dels-productes-gurmet-tambe-poden-ser-mes-sostenibles\/\" \/>\n<meta property=\"og:locale\" content=\"es_ES\" \/>\n<meta property=\"og:type\" content=\"article\" \/>\n<meta property=\"og:title\" content=\"Los envases de los productos gourmet tambi\u00e9n pueden ser m\u00e1s sostenibles - in\u00e8dit\" \/>\n<meta property=\"og:description\" content=\"El miedo a que puedan percibirse menos atractivos por parte de las empresas y los consumidores es uno de los principales obst\u00e1culos para sustituir los sistemas de envasado actuales de los productos gourmet, en los que la est\u00e9tica tiene un peso muy importante, por otros m\u00e1s sostenibles y circulares. Sustituirlos por envases en los que... Read more &raquo;\" \/>\n<meta property=\"og:url\" content=\"https:\/\/ineditinnova.com\/es\/els-envasos-dels-productes-gurmet-tambe-poden-ser-mes-sostenibles\/\" \/>\n<meta property=\"og:site_name\" content=\"in\u00e8dit\" \/>\n<meta property=\"article:publisher\" content=\"https:\/\/www.facebook.com\/ineditinnovacio\/?ref=page_internal\" \/>\n<meta property=\"article:published_time\" content=\"2024-02-20T08:41:20+00:00\" \/>\n<meta property=\"article:modified_time\" content=\"2024-02-20T08:56:10+00:00\" \/>\n<meta property=\"og:image\" content=\"https:\/\/ineditinnova.com\/wp-content\/uploads\/2024\/02\/AdobeStock_198195591-fotor-2024022093821-scaled.jpg\" \/>\n\t<meta property=\"og:image:width\" content=\"2560\" \/>\n\t<meta property=\"og:image:height\" content=\"1708\" \/>\n\t<meta property=\"og:image:type\" content=\"image\/jpeg\" \/>\n<meta name=\"author\" content=\"Codina\" \/>\n<meta name=\"twitter:card\" content=\"summary_large_image\" \/>\n<meta name=\"twitter:creator\" content=\"@ineditinnova\" \/>\n<meta name=\"twitter:site\" content=\"@ineditinnova\" \/>\n<meta name=\"twitter:label1\" content=\"Escrito por\" \/>\n\t<meta name=\"twitter:data1\" content=\"Codina\" \/>\n\t<meta name=\"twitter:label2\" content=\"Tiempo de lectura\" \/>\n\t<meta name=\"twitter:data2\" content=\"3 minutos\" \/>\n<script type=\"application\/ld+json\" class=\"yoast-schema-graph\">{\"@context\":\"https:\\\/\\\/schema.org\",\"@graph\":[{\"@type\":\"Article\",\"@id\":\"https:\\\/\\\/ineditinnova.com\\\/es\\\/els-envasos-dels-productes-gurmet-tambe-poden-ser-mes-sostenibles\\\/#article\",\"isPartOf\":{\"@id\":\"https:\\\/\\\/ineditinnova.com\\\/es\\\/els-envasos-dels-productes-gurmet-tambe-poden-ser-mes-sostenibles\\\/\"},\"author\":{\"name\":\"Codina\",\"@id\":\"https:\\\/\\\/ineditinnova.com\\\/en\\\/#\\\/schema\\\/person\\\/891e1158385858d9972e3d28e2abf5e5\"},\"headline\":\"Los envases de los productos gourmet tambi\u00e9n pueden ser m\u00e1s sostenibles\",\"datePublished\":\"2024-02-20T08:41:20+00:00\",\"dateModified\":\"2024-02-20T08:56:10+00:00\",\"mainEntityOfPage\":{\"@id\":\"https:\\\/\\\/ineditinnova.com\\\/es\\\/els-envasos-dels-productes-gurmet-tambe-poden-ser-mes-sostenibles\\\/\"},\"wordCount\":406,\"image\":{\"@id\":\"https:\\\/\\\/ineditinnova.com\\\/es\\\/els-envasos-dels-productes-gurmet-tambe-poden-ser-mes-sostenibles\\\/#primaryimage\"},\"thumbnailUrl\":\"https:\\\/\\\/ineditinnova.com\\\/wp-content\\\/uploads\\\/2024\\\/02\\\/AdobeStock_198195591-fotor-2024022093821-scaled.jpg\",\"keywords\":[\"NOTICIA\"],\"articleSection\":[\"Ecodise\u00f1o de productos y servicios\"],\"inLanguage\":\"es\"},{\"@type\":\"WebPage\",\"@id\":\"https:\\\/\\\/ineditinnova.com\\\/es\\\/els-envasos-dels-productes-gurmet-tambe-poden-ser-mes-sostenibles\\\/\",\"url\":\"https:\\\/\\\/ineditinnova.com\\\/es\\\/els-envasos-dels-productes-gurmet-tambe-poden-ser-mes-sostenibles\\\/\",\"name\":\"Los envases de los productos gourmet tambi\u00e9n pueden ser m\u00e1s sostenibles - in\u00e8dit\",\"isPartOf\":{\"@id\":\"https:\\\/\\\/ineditinnova.com\\\/en\\\/#website\"},\"primaryImageOfPage\":{\"@id\":\"https:\\\/\\\/ineditinnova.com\\\/es\\\/els-envasos-dels-productes-gurmet-tambe-poden-ser-mes-sostenibles\\\/#primaryimage\"},\"image\":{\"@id\":\"https:\\\/\\\/ineditinnova.com\\\/es\\\/els-envasos-dels-productes-gurmet-tambe-poden-ser-mes-sostenibles\\\/#primaryimage\"},\"thumbnailUrl\":\"https:\\\/\\\/ineditinnova.com\\\/wp-content\\\/uploads\\\/2024\\\/02\\\/AdobeStock_198195591-fotor-2024022093821-scaled.jpg\",\"datePublished\":\"2024-02-20T08:41:20+00:00\",\"dateModified\":\"2024-02-20T08:56:10+00:00\",\"author\":{\"@id\":\"https:\\\/\\\/ineditinnova.com\\\/en\\\/#\\\/schema\\\/person\\\/891e1158385858d9972e3d28e2abf5e5\"},\"breadcrumb\":{\"@id\":\"https:\\\/\\\/ineditinnova.com\\\/es\\\/els-envasos-dels-productes-gurmet-tambe-poden-ser-mes-sostenibles\\\/#breadcrumb\"},\"inLanguage\":\"es\",\"potentialAction\":[{\"@type\":\"ReadAction\",\"target\":[\"https:\\\/\\\/ineditinnova.com\\\/es\\\/els-envasos-dels-productes-gurmet-tambe-poden-ser-mes-sostenibles\\\/\"]}]},{\"@type\":\"ImageObject\",\"inLanguage\":\"es\",\"@id\":\"https:\\\/\\\/ineditinnova.com\\\/es\\\/els-envasos-dels-productes-gurmet-tambe-poden-ser-mes-sostenibles\\\/#primaryimage\",\"url\":\"https:\\\/\\\/ineditinnova.com\\\/wp-content\\\/uploads\\\/2024\\\/02\\\/AdobeStock_198195591-fotor-2024022093821-scaled.jpg\",\"contentUrl\":\"https:\\\/\\\/ineditinnova.com\\\/wp-content\\\/uploads\\\/2024\\\/02\\\/AdobeStock_198195591-fotor-2024022093821-scaled.jpg\",\"width\":2560,\"height\":1708,\"caption\":\"gourmet\"},{\"@type\":\"BreadcrumbList\",\"@id\":\"https:\\\/\\\/ineditinnova.com\\\/es\\\/els-envasos-dels-productes-gurmet-tambe-poden-ser-mes-sostenibles\\\/#breadcrumb\",\"itemListElement\":[{\"@type\":\"ListItem\",\"position\":1,\"name\":\"Inici\",\"item\":\"https:\\\/\\\/ineditinnova.com\\\/es\\\/\"},{\"@type\":\"ListItem\",\"position\":2,\"name\":\"Los envases de los productos gourmet tambi\u00e9n pueden ser m\u00e1s sostenibles\"}]},{\"@type\":\"WebSite\",\"@id\":\"https:\\\/\\\/ineditinnova.com\\\/en\\\/#website\",\"url\":\"https:\\\/\\\/ineditinnova.com\\\/en\\\/\",\"name\":\"in\u00e8dit\",\"description\":\"Dise\u00f1amos soluciones circulares y sostenibles para un futuro mejor\",\"potentialAction\":[{\"@type\":\"SearchAction\",\"target\":{\"@type\":\"EntryPoint\",\"urlTemplate\":\"https:\\\/\\\/ineditinnova.com\\\/en\\\/?s={search_term_string}\"},\"query-input\":{\"@type\":\"PropertyValueSpecification\",\"valueRequired\":true,\"valueName\":\"search_term_string\"}}],\"inLanguage\":\"es\"},{\"@type\":\"Person\",\"@id\":\"https:\\\/\\\/ineditinnova.com\\\/en\\\/#\\\/schema\\\/person\\\/891e1158385858d9972e3d28e2abf5e5\",\"name\":\"Codina\",\"image\":{\"@type\":\"ImageObject\",\"inLanguage\":\"es\",\"@id\":\"https:\\\/\\\/secure.gravatar.com\\\/avatar\\\/4fff7c6f6d19e46cfd6c15f0f9b4aeb9970dd1aa4028caf6584e34d95cb8a41d?s=96&d=mm&r=g\",\"url\":\"https:\\\/\\\/secure.gravatar.com\\\/avatar\\\/4fff7c6f6d19e46cfd6c15f0f9b4aeb9970dd1aa4028caf6584e34d95cb8a41d?s=96&d=mm&r=g\",\"contentUrl\":\"https:\\\/\\\/secure.gravatar.com\\\/avatar\\\/4fff7c6f6d19e46cfd6c15f0f9b4aeb9970dd1aa4028caf6584e34d95cb8a41d?s=96&d=mm&r=g\",\"caption\":\"Codina\"},\"url\":\"https:\\\/\\\/ineditinnova.com\\\/es\\\/author\\\/inedit\\\/\"}]}<\/script>\n<!-- \/ Yoast SEO plugin. -->","yoast_head_json":{"title":"Los envases de los productos gourmet tambi\u00e9n pueden ser m\u00e1s sostenibles - in\u00e8dit","robots":{"index":"index","follow":"follow","max-snippet":"max-snippet:-1","max-image-preview":"max-image-preview:large","max-video-preview":"max-video-preview:-1"},"canonical":"https:\/\/ineditinnova.com\/es\/els-envasos-dels-productes-gurmet-tambe-poden-ser-mes-sostenibles\/","og_locale":"es_ES","og_type":"article","og_title":"Los envases de los productos gourmet tambi\u00e9n pueden ser m\u00e1s sostenibles - in\u00e8dit","og_description":"El miedo a que puedan percibirse menos atractivos por parte de las empresas y los consumidores es uno de los principales obst\u00e1culos para sustituir los sistemas de envasado actuales de los productos gourmet, en los que la est\u00e9tica tiene un peso muy importante, por otros m\u00e1s sostenibles y circulares. Sustituirlos por envases en los que... Read more &raquo;","og_url":"https:\/\/ineditinnova.com\/es\/els-envasos-dels-productes-gurmet-tambe-poden-ser-mes-sostenibles\/","og_site_name":"in\u00e8dit","article_publisher":"https:\/\/www.facebook.com\/ineditinnovacio\/?ref=page_internal","article_published_time":"2024-02-20T08:41:20+00:00","article_modified_time":"2024-02-20T08:56:10+00:00","og_image":[{"width":2560,"height":1708,"url":"https:\/\/ineditinnova.com\/wp-content\/uploads\/2024\/02\/AdobeStock_198195591-fotor-2024022093821-scaled.jpg","type":"image\/jpeg"}],"author":"Codina","twitter_card":"summary_large_image","twitter_creator":"@ineditinnova","twitter_site":"@ineditinnova","twitter_misc":{"Escrito por":"Codina","Tiempo de lectura":"3 minutos"},"schema":{"@context":"https:\/\/schema.org","@graph":[{"@type":"Article","@id":"https:\/\/ineditinnova.com\/es\/els-envasos-dels-productes-gurmet-tambe-poden-ser-mes-sostenibles\/#article","isPartOf":{"@id":"https:\/\/ineditinnova.com\/es\/els-envasos-dels-productes-gurmet-tambe-poden-ser-mes-sostenibles\/"},"author":{"name":"Codina","@id":"https:\/\/ineditinnova.com\/en\/#\/schema\/person\/891e1158385858d9972e3d28e2abf5e5"},"headline":"Los envases de los productos gourmet tambi\u00e9n pueden ser m\u00e1s sostenibles","datePublished":"2024-02-20T08:41:20+00:00","dateModified":"2024-02-20T08:56:10+00:00","mainEntityOfPage":{"@id":"https:\/\/ineditinnova.com\/es\/els-envasos-dels-productes-gurmet-tambe-poden-ser-mes-sostenibles\/"},"wordCount":406,"image":{"@id":"https:\/\/ineditinnova.com\/es\/els-envasos-dels-productes-gurmet-tambe-poden-ser-mes-sostenibles\/#primaryimage"},"thumbnailUrl":"https:\/\/ineditinnova.com\/wp-content\/uploads\/2024\/02\/AdobeStock_198195591-fotor-2024022093821-scaled.jpg","keywords":["NOTICIA"],"articleSection":["Ecodise\u00f1o de productos y servicios"],"inLanguage":"es"},{"@type":"WebPage","@id":"https:\/\/ineditinnova.com\/es\/els-envasos-dels-productes-gurmet-tambe-poden-ser-mes-sostenibles\/","url":"https:\/\/ineditinnova.com\/es\/els-envasos-dels-productes-gurmet-tambe-poden-ser-mes-sostenibles\/","name":"Los envases de los productos gourmet tambi\u00e9n pueden ser m\u00e1s sostenibles - in\u00e8dit","isPartOf":{"@id":"https:\/\/ineditinnova.com\/en\/#website"},"primaryImageOfPage":{"@id":"https:\/\/ineditinnova.com\/es\/els-envasos-dels-productes-gurmet-tambe-poden-ser-mes-sostenibles\/#primaryimage"},"image":{"@id":"https:\/\/ineditinnova.com\/es\/els-envasos-dels-productes-gurmet-tambe-poden-ser-mes-sostenibles\/#primaryimage"},"thumbnailUrl":"https:\/\/ineditinnova.com\/wp-content\/uploads\/2024\/02\/AdobeStock_198195591-fotor-2024022093821-scaled.jpg","datePublished":"2024-02-20T08:41:20+00:00","dateModified":"2024-02-20T08:56:10+00:00","author":{"@id":"https:\/\/ineditinnova.com\/en\/#\/schema\/person\/891e1158385858d9972e3d28e2abf5e5"},"breadcrumb":{"@id":"https:\/\/ineditinnova.com\/es\/els-envasos-dels-productes-gurmet-tambe-poden-ser-mes-sostenibles\/#breadcrumb"},"inLanguage":"es","potentialAction":[{"@type":"ReadAction","target":["https:\/\/ineditinnova.com\/es\/els-envasos-dels-productes-gurmet-tambe-poden-ser-mes-sostenibles\/"]}]},{"@type":"ImageObject","inLanguage":"es","@id":"https:\/\/ineditinnova.com\/es\/els-envasos-dels-productes-gurmet-tambe-poden-ser-mes-sostenibles\/#primaryimage","url":"https:\/\/ineditinnova.com\/wp-content\/uploads\/2024\/02\/AdobeStock_198195591-fotor-2024022093821-scaled.jpg","contentUrl":"https:\/\/ineditinnova.com\/wp-content\/uploads\/2024\/02\/AdobeStock_198195591-fotor-2024022093821-scaled.jpg","width":2560,"height":1708,"caption":"gourmet"},{"@type":"BreadcrumbList","@id":"https:\/\/ineditinnova.com\/es\/els-envasos-dels-productes-gurmet-tambe-poden-ser-mes-sostenibles\/#breadcrumb","itemListElement":[{"@type":"ListItem","position":1,"name":"Inici","item":"https:\/\/ineditinnova.com\/es\/"},{"@type":"ListItem","position":2,"name":"Los envases de los productos gourmet tambi\u00e9n pueden ser m\u00e1s sostenibles"}]},{"@type":"WebSite","@id":"https:\/\/ineditinnova.com\/en\/#website","url":"https:\/\/ineditinnova.com\/en\/","name":"in\u00e8dit","description":"Dise\u00f1amos soluciones circulares y sostenibles para un futuro mejor","potentialAction":[{"@type":"SearchAction","target":{"@type":"EntryPoint","urlTemplate":"https:\/\/ineditinnova.com\/en\/?s={search_term_string}"},"query-input":{"@type":"PropertyValueSpecification","valueRequired":true,"valueName":"search_term_string"}}],"inLanguage":"es"},{"@type":"Person","@id":"https:\/\/ineditinnova.com\/en\/#\/schema\/person\/891e1158385858d9972e3d28e2abf5e5","name":"Codina","image":{"@type":"ImageObject","inLanguage":"es","@id":"https:\/\/secure.gravatar.com\/avatar\/4fff7c6f6d19e46cfd6c15f0f9b4aeb9970dd1aa4028caf6584e34d95cb8a41d?s=96&d=mm&r=g","url":"https:\/\/secure.gravatar.com\/avatar\/4fff7c6f6d19e46cfd6c15f0f9b4aeb9970dd1aa4028caf6584e34d95cb8a41d?s=96&d=mm&r=g","contentUrl":"https:\/\/secure.gravatar.com\/avatar\/4fff7c6f6d19e46cfd6c15f0f9b4aeb9970dd1aa4028caf6584e34d95cb8a41d?s=96&d=mm&r=g","caption":"Codina"},"url":"https:\/\/ineditinnova.com\/es\/author\/inedit\/"}]}},"_links":{"self":[{"href":"https:\/\/ineditinnova.com\/es\/wp-json\/wp\/v2\/posts\/7739","targetHints":{"allow":["GET"]}}],"collection":[{"href":"https:\/\/ineditinnova.com\/es\/wp-json\/wp\/v2\/posts"}],"about":[{"href":"https:\/\/ineditinnova.com\/es\/wp-json\/wp\/v2\/types\/post"}],"author":[{"embeddable":true,"href":"https:\/\/ineditinnova.com\/es\/wp-json\/wp\/v2\/users\/2"}],"replies":[{"embeddable":true,"href":"https:\/\/ineditinnova.com\/es\/wp-json\/wp\/v2\/comments?post=7739"}],"version-history":[{"count":4,"href":"https:\/\/ineditinnova.com\/es\/wp-json\/wp\/v2\/posts\/7739\/revisions"}],"predecessor-version":[{"id":7744,"href":"https:\/\/ineditinnova.com\/es\/wp-json\/wp\/v2\/posts\/7739\/revisions\/7744"}],"wp:featuredmedia":[{"embeddable":true,"href":"https:\/\/ineditinnova.com\/es\/wp-json\/wp\/v2\/media\/7737"}],"wp:attachment":[{"href":"https:\/\/ineditinnova.com\/es\/wp-json\/wp\/v2\/media?parent=7739"}],"wp:term":[{"taxonomy":"category","embeddable":true,"href":"https:\/\/ineditinnova.com\/es\/wp-json\/wp\/v2\/categories?post=7739"},{"taxonomy":"post_tag","embeddable":true,"href":"https:\/\/ineditinnova.com\/es\/wp-json\/wp\/v2\/tags?post=7739"}],"curies":[{"name":"wp","href":"https:\/\/api.w.org\/{rel}","templated":true}]}}