{"id":7801,"date":"2024-02-28T13:22:39","date_gmt":"2024-02-28T13:22:39","guid":{"rendered":"https:\/\/ineditinnova.com\/compte-enrere-per-a-larribada-dels-envasos-retornables-al-comerc-minorista\/"},"modified":"2024-03-01T07:55:54","modified_gmt":"2024-03-01T07:55:54","slug":"compte-enrere-per-a-larribada-dels-envasos-retornables-al-comerc-minorista","status":"publish","type":"post","link":"https:\/\/ineditinnova.com\/es\/compte-enrere-per-a-larribada-dels-envasos-retornables-al-comerc-minorista\/","title":{"rendered":"Cuenta atr\u00e1s para la llegada de los envases retornables al comercio minorista"},"content":{"rendered":"\n<p style=\"font-size:25px\">A partir del 1 de enero de 2025, <strong>los comercios minoristas con una superficie de m\u00e1s de 300 metros cuadrados deber\u00e1n ofrecer al menos cuatro referencias de bebidas en envases reutilizables y participar en los sistemas de dep\u00f3sito, devoluci\u00f3n y retorno. <\/strong>Esto lo establece el Real Decreto 1055\/2022, de 27 de diciembre, de envases y residuos de envases. Para que esto sea una realidad, ser\u00e1 necesario que, para entonces, hayan dise\u00f1ado un sistema de retorno en el que se contemplen todos los agentes necesarios y los pasos a seguir para garantizar que el sistema funcione: desde la devoluci\u00f3n por parte del usuario final hasta la colocaci\u00f3n de ese envase en el mercado, este deber\u00e1 haber sido recogido, almacenado, lavado, vuelto a llenar y distribuido nuevamente al punto de venta.<\/p>\n\n\n\n<figure class=\"wp-block-image size-full is-resized\"><img decoding=\"async\" width=\"1631\" height=\"892\" data-src=\"https:\/\/ineditinnova.com\/wp-content\/uploads\/2024\/03\/infografia-reutilizacion_ok_Mesa-de-trabajo-1.jpg\" alt=\"envases retornables real decreto\" class=\"wp-image-7856 lazyload\" style=\"--smush-placeholder-width: 1631px; --smush-placeholder-aspect-ratio: 1631\/892;width:840px;height:auto\" data-srcset=\"https:\/\/ineditinnova.com\/wp-content\/uploads\/2024\/03\/infografia-reutilizacion_ok_Mesa-de-trabajo-1.jpg 1631w, https:\/\/ineditinnova.com\/wp-content\/uploads\/2024\/03\/infografia-reutilizacion_ok_Mesa-de-trabajo-1-300x164.jpg 300w, https:\/\/ineditinnova.com\/wp-content\/uploads\/2024\/03\/infografia-reutilizacion_ok_Mesa-de-trabajo-1-1024x560.jpg 1024w, https:\/\/ineditinnova.com\/wp-content\/uploads\/2024\/03\/infografia-reutilizacion_ok_Mesa-de-trabajo-1-768x420.jpg 768w, https:\/\/ineditinnova.com\/wp-content\/uploads\/2024\/03\/infografia-reutilizacion_ok_Mesa-de-trabajo-1-1536x840.jpg 1536w\" data-sizes=\"(max-width: 1631px) 100vw, 1631px\" src=\"data:image\/svg+xml;base64,PHN2ZyB3aWR0aD0iMSIgaGVpZ2h0PSIxIiB4bWxucz0iaHR0cDovL3d3dy53My5vcmcvMjAwMC9zdmciPjwvc3ZnPg==\" \/><figcaption class=\"wp-element-caption\">Objectivos de reutilizaci\u00f3n seg\u00fan lo que establecen el Real decreto 1055\/2022 y la Ley 7\/2022. Fuente: in\u00e8dit.<\/figcaption><\/figure>\n\n\n\n<p style=\"font-size:25px\">El <strong>n\u00famero de referencias de bebidas presentadas en un envase retornable depender\u00e1 de la superficie del establecimiento:<\/strong><\/p>\n\n\n\n<ul class=\"wp-block-list\">\n<li style=\"font-size:25px\">&#8211; Al menos cuatro referencias, en los establecimientos con una superficie de entre 300 y hasta 1.000 metros cuadrados.<\/li>\n\n\n\n<li style=\"font-size:25px\">&#8211; Un m\u00ednimo de cinco referencias, en aquellos con una superficie de entre 1.000 y hasta 2.500 metros cuadrados. <\/li>\n\n\n\n<li style=\"font-size:25px\">&#8211; Al menos siete, en los establecimientos de m\u00e1s de 2.500 metros cuadrados.<\/li>\n<\/ul>\n\n\n\n<p style=\"font-size:25px\">Adem\u00e1s, a partir del 1 de enero de 2027, todos los establecimientos minoristas deber\u00e1n incluir al menos una referencia de bebida en envase reutilizable, y aquellos con una superficie comercial de entre 120 y 300 metros cuadrados, al menos tres referencias. <\/p>\n\n\n\n<p style=\"font-size:25px\">En cuanto al canal horeca (hosteler\u00eda, restauraci\u00f3n y catering), el Real Decreto establece que las bebidas deber\u00e1n estar mayoritariamente en envases reutilizables, para que en 2035, el 50% de las aguas, el 80% de las bebidas refrescantes y el 90% de las cervezas consumidas deber\u00e1n estar en sistemas de reutilizaci\u00f3n.<\/p>\n\n\n\n<h2 class=\"wp-block-heading\">\u00bf<strong>Qu\u00e9 mas dice el RD de envases y residuos de envases?<\/strong><\/h2>\n\n\n\n<p style=\"font-size:25px\">Los comercios minoristas deber\u00e1n participar en los sistemas de dep\u00f3sito, devoluci\u00f3n y retorno, por lo que deber\u00e1n colaborar con productores de bebidas para agregar alguna referencia reutilizable a sus lineales y dise\u00f1ar un sistema de retorno en su establecimiento. Por otra parte, tanto los comerciantes como los distribuidores estar\u00e1n obligados a aceptar la devoluci\u00f3n y el retorno por parte de los consumidores o usuarios de los envases utilizados de aquellos productos que comercialicen en sus establecimientos, aunque no los hayan vendido ellos directamente.<\/p>\n\n\n\n<figure class=\"wp-block-pullquote\" style=\"font-size:25px\"><blockquote><p>Comerciantes y distribuidores estar\u00e1n obligados a aceptar la devoluci\u00f3n y el retorno de los envases utilizados de aquellos productos que comercialicen en sus establecimientos, aunque no los hayan vendido ellos directamente<\/p><\/blockquote><\/figure>\n\n\n\n<p style=\"font-size:25px\">En cuanto a los productores que introduzcan envases reutilizables en el mercado, la Ley establece que deber\u00e1n cobrar a sus clientes una cantidad por cada envase en concepto de dep\u00f3sito; tambi\u00e9n, que deber\u00e1n aceptar la devoluci\u00f3n o retorno de los envases utilizados, y solo de aquellos envases que ellos hayan introducido en el mercado.<\/p>\n\n\n\n<h2 class=\"wp-block-heading\"><strong>Dise\u00f1ar un sistema de dep\u00f3sito, devoluci\u00f3n y retorno<\/strong><\/h2>\n\n\n\n<p style=\"font-size:25px\">Un sistema de dep\u00f3sito, devoluci\u00f3n y retorno es un sistema por el cual los consumidores que adquieren un producto pagan una cantidad adicional de dinero, un dep\u00f3sito, que es reembolsada cuando se devuelve el envase a un punto de recogida. Para ponerlo en marcha, es necesario, por un lado, que todas las partes interesadas est\u00e9n alineadas para dise\u00f1ar un sistema efectivo y, por otro lado, conocer c\u00f3mo funcionan este tipo de sistemas para poder dise\u00f1ar el envasado y la log\u00edstica y establecer las alianzas necesarias con los agentes clave.<\/p>\n\n\n\n<h2 class=\"wp-block-heading\"><strong>Los beneficios de reutilizar los envases<\/strong><\/h2>\n\n\n\n<p style=\"font-size:25px\"><strong><a href=\"https:\/\/ineditinnova.com\/es\/escalando-la-reutilizacion-de-envases-las-claves-para-que-sea-una-realidad\/\">Seg\u00fan la Fundaci\u00f3n Ellen MacArthur<\/a>, es urgente que la reutilizaci\u00f3n de los envases se produzca a gran escala.<\/strong> Los beneficios son un ahorro de hasta el 69% en las emisiones de gases de efecto invernadero y de hasta el 76% en agua y materiales. En Catalunya, el proyecto piloto <a href=\"https:\/\/www.rewine.cat\/\">reWINE<\/a>, en el que particip\u00f3 in\u00e8dit, concluy\u00f3 que la reutilizaci\u00f3n de botellas en el sector vitivin\u00edcola catal\u00e1n podr\u00eda reducir un 28% la huella de carbono del sector vitivin\u00edcola.<\/p>\n\n\n\n<p style=\"font-size:25px\"><\/p>\n\n\n\n<figure class=\"wp-block-pullquote\" style=\"font-size:25px\"><blockquote><p>Una infraestructura a escala y compartida, estandaritzar el <em>packaging<\/em> y el <em>pooling<\/em> de envases y conseguir unas tasas de retorno altas son los tres ejes impulsores clave de los sistemas de retorno<\/p><\/blockquote><\/figure>\n\n\n\n<p style=\"font-size:25px\">Los <strong>tres ejes impulsores<\/strong> clave para explotar al m\u00e1ximo el potencial de los sistemas de retorno son: una infraestructura a escala y compartida, que permitir\u00e1 que los modelos de dep\u00f3sito, devoluci\u00f3n y retorno se adopten m\u00e1s f\u00e1cilmente porque los clientes no tendr\u00e1n que separar el embalaje ni interactuar con diferentes sistemas; estandarizar el embalaje y el pooling de envases y embalajes, armonizar su dise\u00f1o a trav\u00e9s de un envase \u00fanico, y lograr unas tasas de retorno altas, que se conseguir\u00e1n incentivando el retorno y haciendo que la experiencia del retorno sea fluida. <\/p>\n\n\n\n<p style=\"font-size:25px\"><strong>A esto se debe a\u00f1adir el incentivo econ\u00f3mico de reutilizar<\/strong>. El aumento del precio del vidrio es una realidad. El precio unitario de las botellas de vino ha aumentado entre un 45% y un 60% entre los a\u00f1os 2019 y 2022, y se estima que este incremento en el precio seguir\u00e1 creciendo exponencialmente en los a\u00f1os 2023 y 2024. En contrapartida, en un contexto de recogida regional, a una distancia m\u00e1xima de 100-150 km, el costo del sistema de log\u00edstica y lavado de las botellas retornables es muy similar o inferior al costo del vidrio de una botella nueva. A largo plazo, el costo del retorno siempre ser\u00e1 inferior al de una nueva botella, por lo que el retorno tambi\u00e9n debe ser econ\u00f3micamente ventajoso.<\/p>\n\n\n\n<p style=\"font-size:25px\"><\/p>\n\n\n\n<div class=\"wp-block-buttons is-layout-flex wp-block-buttons-is-layout-flex\">\n<div class=\"wp-block-button has-custom-width wp-block-button__width-100 has-custom-font-size\" style=\"font-size:25px\"><a class=\"wp-block-button__link wp-element-button\" href=\"https:\/\/ineditinnova.com\/es\/contacto\/\"><strong>Tanto si eres envasador como distribuidor y quieres poner en marcha tu sistema de retorno de envases, contacta con nosotros<\/strong><\/a><\/div>\n<\/div>\n","protected":false},"excerpt":{"rendered":"<p>A partir del 1 de enero de 2025, los comercios minoristas con una superficie de m\u00e1s de 300 metros cuadrados deber\u00e1n ofrecer al menos cuatro referencias de bebidas en envases reutilizables y participar en los sistemas de dep\u00f3sito, devoluci\u00f3n y retorno. Esto lo establece el Real Decreto 1055\/2022, de 27 de diciembre, de envases y&#8230;  <a class=\"excerpt-read-more\" href=\"https:\/\/ineditinnova.com\/es\/compte-enrere-per-a-larribada-dels-envasos-retornables-al-comerc-minorista\/\" title=\"Read Cuenta atr\u00e1s para la llegada de los envases retornables al comercio minorista\">Read more &raquo;<\/a><\/p>\n","protected":false},"author":2,"featured_media":7787,"comment_status":"closed","ping_status":"closed","sticky":false,"template":"","format":"standard","meta":{"_acf_changed":false,"footnotes":""},"categories":[31,21],"tags":[54],"class_list":["post-7801","post","type-post","status-publish","format-standard","has-post-thumbnail","hentry","category-cadena","category-ecodiseno","tag-noticia-es"],"acf":[],"yoast_head":"<!-- This site is optimized with the Yoast SEO plugin v27.5 - https:\/\/yoast.com\/product\/yoast-seo-wordpress\/ -->\n<title>Cuenta atr\u00e1s para la llegada de los envases retornables al comercio minorista - in\u00e8dit<\/title>\n<meta name=\"robots\" content=\"index, follow, max-snippet:-1, max-image-preview:large, max-video-preview:-1\" \/>\n<link rel=\"canonical\" href=\"https:\/\/ineditinnova.com\/es\/compte-enrere-per-a-larribada-dels-envasos-retornables-al-comerc-minorista\/\" \/>\n<meta property=\"og:locale\" content=\"es_ES\" \/>\n<meta property=\"og:type\" content=\"article\" \/>\n<meta property=\"og:title\" content=\"Cuenta atr\u00e1s para la llegada de los envases retornables al comercio minorista - in\u00e8dit\" \/>\n<meta property=\"og:description\" content=\"A partir del 1 de enero de 2025, los comercios minoristas con una superficie de m\u00e1s de 300 metros cuadrados deber\u00e1n ofrecer al menos cuatro referencias de bebidas en envases reutilizables y participar en los sistemas de dep\u00f3sito, devoluci\u00f3n y retorno. Esto lo establece el Real Decreto 1055\/2022, de 27 de diciembre, de envases y... Read more &raquo;\" \/>\n<meta property=\"og:url\" content=\"https:\/\/ineditinnova.com\/es\/compte-enrere-per-a-larribada-dels-envasos-retornables-al-comerc-minorista\/\" \/>\n<meta property=\"og:site_name\" content=\"in\u00e8dit\" \/>\n<meta property=\"article:publisher\" content=\"https:\/\/www.facebook.com\/ineditinnovacio\/?ref=page_internal\" \/>\n<meta property=\"article:published_time\" content=\"2024-02-28T13:22:39+00:00\" \/>\n<meta property=\"article:modified_time\" content=\"2024-03-01T07:55:54+00:00\" \/>\n<meta property=\"og:image\" content=\"https:\/\/ineditinnova.com\/wp-content\/uploads\/2024\/02\/AdobeStock_280778076-fotor-20240228122911-scaled.jpg\" \/>\n\t<meta property=\"og:image:width\" content=\"2560\" \/>\n\t<meta property=\"og:image:height\" content=\"1709\" \/>\n\t<meta property=\"og:image:type\" content=\"image\/jpeg\" \/>\n<meta name=\"author\" content=\"Codina\" \/>\n<meta name=\"twitter:card\" content=\"summary_large_image\" \/>\n<meta name=\"twitter:creator\" content=\"@ineditinnova\" \/>\n<meta name=\"twitter:site\" content=\"@ineditinnova\" \/>\n<meta name=\"twitter:label1\" content=\"Escrito por\" \/>\n\t<meta name=\"twitter:data1\" content=\"Codina\" \/>\n\t<meta name=\"twitter:label2\" content=\"Tiempo de lectura\" \/>\n\t<meta name=\"twitter:data2\" content=\"6 minutos\" \/>\n<script type=\"application\/ld+json\" class=\"yoast-schema-graph\">{\"@context\":\"https:\\\/\\\/schema.org\",\"@graph\":[{\"@type\":\"Article\",\"@id\":\"https:\\\/\\\/ineditinnova.com\\\/es\\\/compte-enrere-per-a-larribada-dels-envasos-retornables-al-comerc-minorista\\\/#article\",\"isPartOf\":{\"@id\":\"https:\\\/\\\/ineditinnova.com\\\/es\\\/compte-enrere-per-a-larribada-dels-envasos-retornables-al-comerc-minorista\\\/\"},\"author\":{\"name\":\"Codina\",\"@id\":\"https:\\\/\\\/ineditinnova.com\\\/en\\\/#\\\/schema\\\/person\\\/891e1158385858d9972e3d28e2abf5e5\"},\"headline\":\"Cuenta atr\u00e1s para la llegada de los envases retornables al comercio minorista\",\"datePublished\":\"2024-02-28T13:22:39+00:00\",\"dateModified\":\"2024-03-01T07:55:54+00:00\",\"mainEntityOfPage\":{\"@id\":\"https:\\\/\\\/ineditinnova.com\\\/es\\\/compte-enrere-per-a-larribada-dels-envasos-retornables-al-comerc-minorista\\\/\"},\"wordCount\":987,\"image\":{\"@id\":\"https:\\\/\\\/ineditinnova.com\\\/es\\\/compte-enrere-per-a-larribada-dels-envasos-retornables-al-comerc-minorista\\\/#primaryimage\"},\"thumbnailUrl\":\"https:\\\/\\\/ineditinnova.com\\\/wp-content\\\/uploads\\\/2024\\\/02\\\/AdobeStock_280778076-fotor-20240228122911-scaled.jpg\",\"keywords\":[\"NOTICIA\"],\"articleSection\":[\"ESTRATEGIA DE NEGOCIO SOSTENIBLE\",\"Ecodise\u00f1o de productos y servicios\"],\"inLanguage\":\"es\"},{\"@type\":\"WebPage\",\"@id\":\"https:\\\/\\\/ineditinnova.com\\\/es\\\/compte-enrere-per-a-larribada-dels-envasos-retornables-al-comerc-minorista\\\/\",\"url\":\"https:\\\/\\\/ineditinnova.com\\\/es\\\/compte-enrere-per-a-larribada-dels-envasos-retornables-al-comerc-minorista\\\/\",\"name\":\"Cuenta atr\u00e1s para la llegada de los envases retornables al comercio minorista - in\u00e8dit\",\"isPartOf\":{\"@id\":\"https:\\\/\\\/ineditinnova.com\\\/en\\\/#website\"},\"primaryImageOfPage\":{\"@id\":\"https:\\\/\\\/ineditinnova.com\\\/es\\\/compte-enrere-per-a-larribada-dels-envasos-retornables-al-comerc-minorista\\\/#primaryimage\"},\"image\":{\"@id\":\"https:\\\/\\\/ineditinnova.com\\\/es\\\/compte-enrere-per-a-larribada-dels-envasos-retornables-al-comerc-minorista\\\/#primaryimage\"},\"thumbnailUrl\":\"https:\\\/\\\/ineditinnova.com\\\/wp-content\\\/uploads\\\/2024\\\/02\\\/AdobeStock_280778076-fotor-20240228122911-scaled.jpg\",\"datePublished\":\"2024-02-28T13:22:39+00:00\",\"dateModified\":\"2024-03-01T07:55:54+00:00\",\"author\":{\"@id\":\"https:\\\/\\\/ineditinnova.com\\\/en\\\/#\\\/schema\\\/person\\\/891e1158385858d9972e3d28e2abf5e5\"},\"breadcrumb\":{\"@id\":\"https:\\\/\\\/ineditinnova.com\\\/es\\\/compte-enrere-per-a-larribada-dels-envasos-retornables-al-comerc-minorista\\\/#breadcrumb\"},\"inLanguage\":\"es\",\"potentialAction\":[{\"@type\":\"ReadAction\",\"target\":[\"https:\\\/\\\/ineditinnova.com\\\/es\\\/compte-enrere-per-a-larribada-dels-envasos-retornables-al-comerc-minorista\\\/\"]}]},{\"@type\":\"ImageObject\",\"inLanguage\":\"es\",\"@id\":\"https:\\\/\\\/ineditinnova.com\\\/es\\\/compte-enrere-per-a-larribada-dels-envasos-retornables-al-comerc-minorista\\\/#primaryimage\",\"url\":\"https:\\\/\\\/ineditinnova.com\\\/wp-content\\\/uploads\\\/2024\\\/02\\\/AdobeStock_280778076-fotor-20240228122911-scaled.jpg\",\"contentUrl\":\"https:\\\/\\\/ineditinnova.com\\\/wp-content\\\/uploads\\\/2024\\\/02\\\/AdobeStock_280778076-fotor-20240228122911-scaled.jpg\",\"width\":2560,\"height\":1709,\"caption\":\"retorn_envasos\"},{\"@type\":\"BreadcrumbList\",\"@id\":\"https:\\\/\\\/ineditinnova.com\\\/es\\\/compte-enrere-per-a-larribada-dels-envasos-retornables-al-comerc-minorista\\\/#breadcrumb\",\"itemListElement\":[{\"@type\":\"ListItem\",\"position\":1,\"name\":\"Inici\",\"item\":\"https:\\\/\\\/ineditinnova.com\\\/es\\\/\"},{\"@type\":\"ListItem\",\"position\":2,\"name\":\"Cuenta atr\u00e1s para la llegada de los envases retornables al comercio minorista\"}]},{\"@type\":\"WebSite\",\"@id\":\"https:\\\/\\\/ineditinnova.com\\\/en\\\/#website\",\"url\":\"https:\\\/\\\/ineditinnova.com\\\/en\\\/\",\"name\":\"in\u00e8dit\",\"description\":\"Dise\u00f1amos soluciones circulares y sostenibles para un futuro mejor\",\"potentialAction\":[{\"@type\":\"SearchAction\",\"target\":{\"@type\":\"EntryPoint\",\"urlTemplate\":\"https:\\\/\\\/ineditinnova.com\\\/en\\\/?s={search_term_string}\"},\"query-input\":{\"@type\":\"PropertyValueSpecification\",\"valueRequired\":true,\"valueName\":\"search_term_string\"}}],\"inLanguage\":\"es\"},{\"@type\":\"Person\",\"@id\":\"https:\\\/\\\/ineditinnova.com\\\/en\\\/#\\\/schema\\\/person\\\/891e1158385858d9972e3d28e2abf5e5\",\"name\":\"Codina\",\"image\":{\"@type\":\"ImageObject\",\"inLanguage\":\"es\",\"@id\":\"https:\\\/\\\/secure.gravatar.com\\\/avatar\\\/4fff7c6f6d19e46cfd6c15f0f9b4aeb9970dd1aa4028caf6584e34d95cb8a41d?s=96&d=mm&r=g\",\"url\":\"https:\\\/\\\/secure.gravatar.com\\\/avatar\\\/4fff7c6f6d19e46cfd6c15f0f9b4aeb9970dd1aa4028caf6584e34d95cb8a41d?s=96&d=mm&r=g\",\"contentUrl\":\"https:\\\/\\\/secure.gravatar.com\\\/avatar\\\/4fff7c6f6d19e46cfd6c15f0f9b4aeb9970dd1aa4028caf6584e34d95cb8a41d?s=96&d=mm&r=g\",\"caption\":\"Codina\"},\"url\":\"https:\\\/\\\/ineditinnova.com\\\/es\\\/author\\\/inedit\\\/\"}]}<\/script>\n<!-- \/ Yoast SEO plugin. -->","yoast_head_json":{"title":"Cuenta atr\u00e1s para la llegada de los envases retornables al comercio minorista - in\u00e8dit","robots":{"index":"index","follow":"follow","max-snippet":"max-snippet:-1","max-image-preview":"max-image-preview:large","max-video-preview":"max-video-preview:-1"},"canonical":"https:\/\/ineditinnova.com\/es\/compte-enrere-per-a-larribada-dels-envasos-retornables-al-comerc-minorista\/","og_locale":"es_ES","og_type":"article","og_title":"Cuenta atr\u00e1s para la llegada de los envases retornables al comercio minorista - in\u00e8dit","og_description":"A partir del 1 de enero de 2025, los comercios minoristas con una superficie de m\u00e1s de 300 metros cuadrados deber\u00e1n ofrecer al menos cuatro referencias de bebidas en envases reutilizables y participar en los sistemas de dep\u00f3sito, devoluci\u00f3n y retorno. Esto lo establece el Real Decreto 1055\/2022, de 27 de diciembre, de envases y... Read more &raquo;","og_url":"https:\/\/ineditinnova.com\/es\/compte-enrere-per-a-larribada-dels-envasos-retornables-al-comerc-minorista\/","og_site_name":"in\u00e8dit","article_publisher":"https:\/\/www.facebook.com\/ineditinnovacio\/?ref=page_internal","article_published_time":"2024-02-28T13:22:39+00:00","article_modified_time":"2024-03-01T07:55:54+00:00","og_image":[{"width":2560,"height":1709,"url":"https:\/\/ineditinnova.com\/wp-content\/uploads\/2024\/02\/AdobeStock_280778076-fotor-20240228122911-scaled.jpg","type":"image\/jpeg"}],"author":"Codina","twitter_card":"summary_large_image","twitter_creator":"@ineditinnova","twitter_site":"@ineditinnova","twitter_misc":{"Escrito por":"Codina","Tiempo de lectura":"6 minutos"},"schema":{"@context":"https:\/\/schema.org","@graph":[{"@type":"Article","@id":"https:\/\/ineditinnova.com\/es\/compte-enrere-per-a-larribada-dels-envasos-retornables-al-comerc-minorista\/#article","isPartOf":{"@id":"https:\/\/ineditinnova.com\/es\/compte-enrere-per-a-larribada-dels-envasos-retornables-al-comerc-minorista\/"},"author":{"name":"Codina","@id":"https:\/\/ineditinnova.com\/en\/#\/schema\/person\/891e1158385858d9972e3d28e2abf5e5"},"headline":"Cuenta atr\u00e1s para la llegada de los envases retornables al comercio minorista","datePublished":"2024-02-28T13:22:39+00:00","dateModified":"2024-03-01T07:55:54+00:00","mainEntityOfPage":{"@id":"https:\/\/ineditinnova.com\/es\/compte-enrere-per-a-larribada-dels-envasos-retornables-al-comerc-minorista\/"},"wordCount":987,"image":{"@id":"https:\/\/ineditinnova.com\/es\/compte-enrere-per-a-larribada-dels-envasos-retornables-al-comerc-minorista\/#primaryimage"},"thumbnailUrl":"https:\/\/ineditinnova.com\/wp-content\/uploads\/2024\/02\/AdobeStock_280778076-fotor-20240228122911-scaled.jpg","keywords":["NOTICIA"],"articleSection":["ESTRATEGIA DE NEGOCIO SOSTENIBLE","Ecodise\u00f1o de productos y servicios"],"inLanguage":"es"},{"@type":"WebPage","@id":"https:\/\/ineditinnova.com\/es\/compte-enrere-per-a-larribada-dels-envasos-retornables-al-comerc-minorista\/","url":"https:\/\/ineditinnova.com\/es\/compte-enrere-per-a-larribada-dels-envasos-retornables-al-comerc-minorista\/","name":"Cuenta atr\u00e1s para la llegada de los envases retornables al comercio minorista - in\u00e8dit","isPartOf":{"@id":"https:\/\/ineditinnova.com\/en\/#website"},"primaryImageOfPage":{"@id":"https:\/\/ineditinnova.com\/es\/compte-enrere-per-a-larribada-dels-envasos-retornables-al-comerc-minorista\/#primaryimage"},"image":{"@id":"https:\/\/ineditinnova.com\/es\/compte-enrere-per-a-larribada-dels-envasos-retornables-al-comerc-minorista\/#primaryimage"},"thumbnailUrl":"https:\/\/ineditinnova.com\/wp-content\/uploads\/2024\/02\/AdobeStock_280778076-fotor-20240228122911-scaled.jpg","datePublished":"2024-02-28T13:22:39+00:00","dateModified":"2024-03-01T07:55:54+00:00","author":{"@id":"https:\/\/ineditinnova.com\/en\/#\/schema\/person\/891e1158385858d9972e3d28e2abf5e5"},"breadcrumb":{"@id":"https:\/\/ineditinnova.com\/es\/compte-enrere-per-a-larribada-dels-envasos-retornables-al-comerc-minorista\/#breadcrumb"},"inLanguage":"es","potentialAction":[{"@type":"ReadAction","target":["https:\/\/ineditinnova.com\/es\/compte-enrere-per-a-larribada-dels-envasos-retornables-al-comerc-minorista\/"]}]},{"@type":"ImageObject","inLanguage":"es","@id":"https:\/\/ineditinnova.com\/es\/compte-enrere-per-a-larribada-dels-envasos-retornables-al-comerc-minorista\/#primaryimage","url":"https:\/\/ineditinnova.com\/wp-content\/uploads\/2024\/02\/AdobeStock_280778076-fotor-20240228122911-scaled.jpg","contentUrl":"https:\/\/ineditinnova.com\/wp-content\/uploads\/2024\/02\/AdobeStock_280778076-fotor-20240228122911-scaled.jpg","width":2560,"height":1709,"caption":"retorn_envasos"},{"@type":"BreadcrumbList","@id":"https:\/\/ineditinnova.com\/es\/compte-enrere-per-a-larribada-dels-envasos-retornables-al-comerc-minorista\/#breadcrumb","itemListElement":[{"@type":"ListItem","position":1,"name":"Inici","item":"https:\/\/ineditinnova.com\/es\/"},{"@type":"ListItem","position":2,"name":"Cuenta atr\u00e1s para la llegada de los envases retornables al comercio minorista"}]},{"@type":"WebSite","@id":"https:\/\/ineditinnova.com\/en\/#website","url":"https:\/\/ineditinnova.com\/en\/","name":"in\u00e8dit","description":"Dise\u00f1amos soluciones circulares y sostenibles para un futuro mejor","potentialAction":[{"@type":"SearchAction","target":{"@type":"EntryPoint","urlTemplate":"https:\/\/ineditinnova.com\/en\/?s={search_term_string}"},"query-input":{"@type":"PropertyValueSpecification","valueRequired":true,"valueName":"search_term_string"}}],"inLanguage":"es"},{"@type":"Person","@id":"https:\/\/ineditinnova.com\/en\/#\/schema\/person\/891e1158385858d9972e3d28e2abf5e5","name":"Codina","image":{"@type":"ImageObject","inLanguage":"es","@id":"https:\/\/secure.gravatar.com\/avatar\/4fff7c6f6d19e46cfd6c15f0f9b4aeb9970dd1aa4028caf6584e34d95cb8a41d?s=96&d=mm&r=g","url":"https:\/\/secure.gravatar.com\/avatar\/4fff7c6f6d19e46cfd6c15f0f9b4aeb9970dd1aa4028caf6584e34d95cb8a41d?s=96&d=mm&r=g","contentUrl":"https:\/\/secure.gravatar.com\/avatar\/4fff7c6f6d19e46cfd6c15f0f9b4aeb9970dd1aa4028caf6584e34d95cb8a41d?s=96&d=mm&r=g","caption":"Codina"},"url":"https:\/\/ineditinnova.com\/es\/author\/inedit\/"}]}},"_links":{"self":[{"href":"https:\/\/ineditinnova.com\/es\/wp-json\/wp\/v2\/posts\/7801","targetHints":{"allow":["GET"]}}],"collection":[{"href":"https:\/\/ineditinnova.com\/es\/wp-json\/wp\/v2\/posts"}],"about":[{"href":"https:\/\/ineditinnova.com\/es\/wp-json\/wp\/v2\/types\/post"}],"author":[{"embeddable":true,"href":"https:\/\/ineditinnova.com\/es\/wp-json\/wp\/v2\/users\/2"}],"replies":[{"embeddable":true,"href":"https:\/\/ineditinnova.com\/es\/wp-json\/wp\/v2\/comments?post=7801"}],"version-history":[{"count":10,"href":"https:\/\/ineditinnova.com\/es\/wp-json\/wp\/v2\/posts\/7801\/revisions"}],"predecessor-version":[{"id":7860,"href":"https:\/\/ineditinnova.com\/es\/wp-json\/wp\/v2\/posts\/7801\/revisions\/7860"}],"wp:featuredmedia":[{"embeddable":true,"href":"https:\/\/ineditinnova.com\/es\/wp-json\/wp\/v2\/media\/7787"}],"wp:attachment":[{"href":"https:\/\/ineditinnova.com\/es\/wp-json\/wp\/v2\/media?parent=7801"}],"wp:term":[{"taxonomy":"category","embeddable":true,"href":"https:\/\/ineditinnova.com\/es\/wp-json\/wp\/v2\/categories?post=7801"},{"taxonomy":"post_tag","embeddable":true,"href":"https:\/\/ineditinnova.com\/es\/wp-json\/wp\/v2\/tags?post=7801"}],"curies":[{"name":"wp","href":"https:\/\/api.w.org\/{rel}","templated":true}]}}