{"id":8572,"date":"2024-05-16T12:55:17","date_gmt":"2024-05-16T12:55:17","guid":{"rendered":"https:\/\/ineditinnova.com\/el-projecte-meaetpack-preten-elaborar-un-estudi-de-ipackaging-i-sostenible-del-sector-carni-i-de-la-proteina-alternativa\/"},"modified":"2024-05-23T15:22:13","modified_gmt":"2024-05-23T15:22:13","slug":"el-projecte-meaetpack-preten-elaborar-un-estudi-de-ipackaging-i-sostenible-del-sector-carni-i-de-la-proteina-alternativa","status":"publish","type":"post","link":"https:\/\/ineditinnova.com\/es\/el-projecte-meaetpack-preten-elaborar-un-estudi-de-ipackaging-i-sostenible-del-sector-carni-i-de-la-proteina-alternativa\/","title":{"rendered":"El proyecto Me\u00e6tPack elaborar\u00e1 un estudio de &#8216;packaging&#8217; sostenible del sector c\u00e1rnico y de la prote\u00edna alternativa"},"content":{"rendered":"\n<p style=\"font-size:25px\">El proyecto Me\u00e6tPack es una apuesta colaborativa entre el <a href=\"https:\/\/www.innovacc.cat\/\">Cl\u00faster INNOVACC<\/a> y el <a href=\"https:\/\/www.packagingcluster.com\/\">Packaging Cluster<\/a> para elaborar un estudio sectorial de los envases de carne y de prote\u00edna alternativa en el contexto de la econom\u00eda circular y el ecodise\u00f1o, con el apoyo de <strong>in\u00e8dit para desarrollar la investigaci\u00f3n y contenido del resultado del proyecto<\/strong>: una gu\u00eda sectorial en forma de dec\u00e1logo.<\/p>\n\n\n\n<p style=\"font-size:25px\">En el estudio se evaluar\u00e1n y analizar\u00e1n exhaustivamente las diferentes soluciones de embalaje para productos c\u00e1rnicos y de prote\u00edna alternativa presentes en el mercado desde el punto de vista de la sostenibilidad, considerando tanto el impacto ambiental de los envases en s\u00ed como la reducci\u00f3n del desperdicio alimentario. Tambi\u00e9n se estudiar\u00e1n las tendencias del mercado, las barreras y las oportunidades que ofrece, as\u00ed como casos pr\u00e1cticos.<\/p>\n\n\n\n<p style=\"font-size:25px\">El p\u00fablico objetivo de la gu\u00eda que resultar\u00e1 son las empresas que forman parte de la cadena de valor de estos productos, incluyendo fabricantes de envases y de los componentes necesarios para esta fabricaci\u00f3n (materias primas, tintas, adhesivos, revestimientos&#8230;), envasadores, distribuidores, empresas elaboradoras de productos c\u00e1rnicos y de prote\u00edna alternativa, y tambi\u00e9n recicladores.<\/p>\n\n\n\n<p style=\"font-size:25px\">De esta manera, con el proyecto Me\u00e6tPack se quiere apoyar al sector para adecuar los envases a las nuevas legislaciones, como la Directiva europea 2019\/904 referente a los pl\u00e1sticos de un solo uso, la Lei 7\/2022, de 8 de abril, de residuos y suelos contaminados para una econom\u00eda circular, el Real Decreto 1055\/2022, de 27 de diciembre, de envases y residuos de envases, y la futura ley de residuos de Catalu\u00f1a.<\/p>\n\n\n\n<p style=\"font-size:25px\">El proyecto, adem\u00e1s de generar una gu\u00eda, incluir\u00e1 sesiones multiagente y multiempresa que permitir\u00e1n la comunicaci\u00f3n entre ellas para poder generar oportunidades de negocio, sinergias y econom\u00eda colaborativa con el objetivo de implementar el ecodise\u00f1o y la econom\u00eda circular en los envases. As\u00ed, se contribuir\u00e1 a minimizar el uso de recursos y se fomentar\u00e1 la reutilizaci\u00f3n y la reciclabilidad para reducir los residuos.<\/p>\n\n\n\n<p style=\"font-size:25px\">El dec\u00e1logo Me\u00e6tPack tambi\u00e9n tendr\u00e1 en cuenta los principios de la jerarqu\u00eda marcada por la Ley de Residuos y suelos contaminados, que ordena de m\u00e1s a menos prioritarios la prevenci\u00f3n, la reutilizaci\u00f3n, la reciclabilidad, la valorizaci\u00f3n del material y, finalmente, la valorizaci\u00f3n energ\u00e9tica.<\/p>\n\n\n\n<p style=\"font-size:25px\">Me\u00e6tPack es un proyecto de implementaci\u00f3n en el mercado de nuevos productos o servicios financiado con el apoyo de la <a href=\"https:\/\/residus.gencat.cat\/\">Agencia de Residuos de Catalu\u00f1a <\/a>dentro de la convocatoria de subvenciones para proyectos de fomento de la econom\u00eda circular 2022.<\/p>\n\n\n\n<figure class=\"wp-block-image size-full\"><img decoding=\"async\" width=\"800\" height=\"100\" data-src=\"https:\/\/ineditinnova.com\/wp-content\/uploads\/2024\/05\/Disseny-sense-titol-13.png\" alt=\"\" class=\"wp-image-8412 lazyload\" data-srcset=\"https:\/\/ineditinnova.com\/wp-content\/uploads\/2024\/05\/Disseny-sense-titol-13.png 800w, https:\/\/ineditinnova.com\/wp-content\/uploads\/2024\/05\/Disseny-sense-titol-13-300x38.png 300w, https:\/\/ineditinnova.com\/wp-content\/uploads\/2024\/05\/Disseny-sense-titol-13-768x96.png 768w\" data-sizes=\"(max-width: 800px) 100vw, 800px\" src=\"data:image\/svg+xml;base64,PHN2ZyB3aWR0aD0iMSIgaGVpZ2h0PSIxIiB4bWxucz0iaHR0cDovL3d3dy53My5vcmcvMjAwMC9zdmciPjwvc3ZnPg==\" style=\"--smush-placeholder-width: 800px; --smush-placeholder-aspect-ratio: 800\/100;\" \/><\/figure>\n","protected":false},"excerpt":{"rendered":"<p>El proyecto Me\u00e6tPack es una apuesta colaborativa entre el Cl\u00faster INNOVACC y el Packaging Cluster para elaborar un estudio sectorial de los envases de carne y de prote\u00edna alternativa en el contexto de la econom\u00eda circular y el ecodise\u00f1o, con el apoyo de in\u00e8dit para desarrollar la investigaci\u00f3n y contenido del resultado del proyecto: una&#8230;  <a class=\"excerpt-read-more\" href=\"https:\/\/ineditinnova.com\/es\/el-projecte-meaetpack-preten-elaborar-un-estudi-de-ipackaging-i-sostenible-del-sector-carni-i-de-la-proteina-alternativa\/\" title=\"Read El proyecto Me\u00e6tPack elaborar\u00e1 un estudio de &#8216;packaging&#8217; sostenible del sector c\u00e1rnico y de la prote\u00edna alternativa\">Read more &raquo;<\/a><\/p>\n","protected":false},"author":2,"featured_media":8417,"comment_status":"closed","ping_status":"closed","sticky":false,"template":"","format":"standard","meta":{"_acf_changed":false,"footnotes":""},"categories":[21],"tags":[54],"class_list":["post-8572","post","type-post","status-publish","format-standard","has-post-thumbnail","hentry","category-ecodiseno","tag-noticia-es"],"acf":[],"yoast_head":"<!-- This site is optimized with the Yoast SEO plugin v27.5 - https:\/\/yoast.com\/product\/yoast-seo-wordpress\/ -->\n<title>El proyecto Me\u00e6tPack elaborar\u00e1 un estudio de &#039;packaging&#039; sostenible del sector c\u00e1rnico y de la prote\u00edna alternativa - in\u00e8dit<\/title>\n<meta name=\"robots\" content=\"index, follow, max-snippet:-1, max-image-preview:large, max-video-preview:-1\" \/>\n<link rel=\"canonical\" href=\"https:\/\/ineditinnova.com\/es\/el-projecte-meaetpack-preten-elaborar-un-estudi-de-ipackaging-i-sostenible-del-sector-carni-i-de-la-proteina-alternativa\/\" \/>\n<meta property=\"og:locale\" content=\"es_ES\" \/>\n<meta property=\"og:type\" content=\"article\" \/>\n<meta property=\"og:title\" content=\"El proyecto Me\u00e6tPack elaborar\u00e1 un estudio de &#039;packaging&#039; sostenible del sector c\u00e1rnico y de la prote\u00edna alternativa - in\u00e8dit\" \/>\n<meta property=\"og:description\" content=\"El proyecto Me\u00e6tPack es una apuesta colaborativa entre el Cl\u00faster INNOVACC y el Packaging Cluster para elaborar un estudio sectorial de los envases de carne y de prote\u00edna alternativa en el contexto de la econom\u00eda circular y el ecodise\u00f1o, con el apoyo de in\u00e8dit para desarrollar la investigaci\u00f3n y contenido del resultado del proyecto: una... Read more &raquo;\" \/>\n<meta property=\"og:url\" content=\"https:\/\/ineditinnova.com\/es\/el-projecte-meaetpack-preten-elaborar-un-estudi-de-ipackaging-i-sostenible-del-sector-carni-i-de-la-proteina-alternativa\/\" \/>\n<meta property=\"og:site_name\" content=\"in\u00e8dit\" \/>\n<meta property=\"article:publisher\" content=\"https:\/\/www.facebook.com\/ineditinnovacio\/?ref=page_internal\" \/>\n<meta property=\"article:published_time\" content=\"2024-05-16T12:55:17+00:00\" \/>\n<meta property=\"article:modified_time\" content=\"2024-05-23T15:22:13+00:00\" \/>\n<meta property=\"og:image\" content=\"https:\/\/ineditinnova.com\/wp-content\/uploads\/2024\/05\/foto_meatpack.jpg\" \/>\n\t<meta property=\"og:image:width\" content=\"425\" \/>\n\t<meta property=\"og:image:height\" content=\"278\" \/>\n\t<meta property=\"og:image:type\" content=\"image\/jpeg\" \/>\n<meta name=\"author\" content=\"Codina\" \/>\n<meta name=\"twitter:card\" content=\"summary_large_image\" \/>\n<meta name=\"twitter:creator\" content=\"@ineditinnova\" \/>\n<meta name=\"twitter:site\" content=\"@ineditinnova\" \/>\n<meta name=\"twitter:label1\" content=\"Escrito por\" \/>\n\t<meta name=\"twitter:data1\" content=\"Codina\" \/>\n\t<meta name=\"twitter:label2\" content=\"Tiempo de lectura\" \/>\n\t<meta name=\"twitter:data2\" content=\"3 minutos\" \/>\n<script type=\"application\/ld+json\" class=\"yoast-schema-graph\">{\"@context\":\"https:\\\/\\\/schema.org\",\"@graph\":[{\"@type\":\"Article\",\"@id\":\"https:\\\/\\\/ineditinnova.com\\\/es\\\/el-projecte-meaetpack-preten-elaborar-un-estudi-de-ipackaging-i-sostenible-del-sector-carni-i-de-la-proteina-alternativa\\\/#article\",\"isPartOf\":{\"@id\":\"https:\\\/\\\/ineditinnova.com\\\/es\\\/el-projecte-meaetpack-preten-elaborar-un-estudi-de-ipackaging-i-sostenible-del-sector-carni-i-de-la-proteina-alternativa\\\/\"},\"author\":{\"name\":\"Codina\",\"@id\":\"https:\\\/\\\/ineditinnova.com\\\/en\\\/#\\\/schema\\\/person\\\/891e1158385858d9972e3d28e2abf5e5\"},\"headline\":\"El proyecto Me\u00e6tPack elaborar\u00e1 un estudio de &#8216;packaging&#8217; sostenible del sector c\u00e1rnico y de la prote\u00edna alternativa\",\"datePublished\":\"2024-05-16T12:55:17+00:00\",\"dateModified\":\"2024-05-23T15:22:13+00:00\",\"mainEntityOfPage\":{\"@id\":\"https:\\\/\\\/ineditinnova.com\\\/es\\\/el-projecte-meaetpack-preten-elaborar-un-estudi-de-ipackaging-i-sostenible-del-sector-carni-i-de-la-proteina-alternativa\\\/\"},\"wordCount\":460,\"image\":{\"@id\":\"https:\\\/\\\/ineditinnova.com\\\/es\\\/el-projecte-meaetpack-preten-elaborar-un-estudi-de-ipackaging-i-sostenible-del-sector-carni-i-de-la-proteina-alternativa\\\/#primaryimage\"},\"thumbnailUrl\":\"https:\\\/\\\/ineditinnova.com\\\/wp-content\\\/uploads\\\/2024\\\/05\\\/foto_meatpack.jpg\",\"keywords\":[\"NOTICIA\"],\"articleSection\":[\"Ecodise\u00f1o de productos y servicios\"],\"inLanguage\":\"es\"},{\"@type\":\"WebPage\",\"@id\":\"https:\\\/\\\/ineditinnova.com\\\/es\\\/el-projecte-meaetpack-preten-elaborar-un-estudi-de-ipackaging-i-sostenible-del-sector-carni-i-de-la-proteina-alternativa\\\/\",\"url\":\"https:\\\/\\\/ineditinnova.com\\\/es\\\/el-projecte-meaetpack-preten-elaborar-un-estudi-de-ipackaging-i-sostenible-del-sector-carni-i-de-la-proteina-alternativa\\\/\",\"name\":\"El proyecto Me\u00e6tPack elaborar\u00e1 un estudio de 'packaging' sostenible del sector c\u00e1rnico y de la prote\u00edna alternativa - in\u00e8dit\",\"isPartOf\":{\"@id\":\"https:\\\/\\\/ineditinnova.com\\\/en\\\/#website\"},\"primaryImageOfPage\":{\"@id\":\"https:\\\/\\\/ineditinnova.com\\\/es\\\/el-projecte-meaetpack-preten-elaborar-un-estudi-de-ipackaging-i-sostenible-del-sector-carni-i-de-la-proteina-alternativa\\\/#primaryimage\"},\"image\":{\"@id\":\"https:\\\/\\\/ineditinnova.com\\\/es\\\/el-projecte-meaetpack-preten-elaborar-un-estudi-de-ipackaging-i-sostenible-del-sector-carni-i-de-la-proteina-alternativa\\\/#primaryimage\"},\"thumbnailUrl\":\"https:\\\/\\\/ineditinnova.com\\\/wp-content\\\/uploads\\\/2024\\\/05\\\/foto_meatpack.jpg\",\"datePublished\":\"2024-05-16T12:55:17+00:00\",\"dateModified\":\"2024-05-23T15:22:13+00:00\",\"author\":{\"@id\":\"https:\\\/\\\/ineditinnova.com\\\/en\\\/#\\\/schema\\\/person\\\/891e1158385858d9972e3d28e2abf5e5\"},\"breadcrumb\":{\"@id\":\"https:\\\/\\\/ineditinnova.com\\\/es\\\/el-projecte-meaetpack-preten-elaborar-un-estudi-de-ipackaging-i-sostenible-del-sector-carni-i-de-la-proteina-alternativa\\\/#breadcrumb\"},\"inLanguage\":\"es\",\"potentialAction\":[{\"@type\":\"ReadAction\",\"target\":[\"https:\\\/\\\/ineditinnova.com\\\/es\\\/el-projecte-meaetpack-preten-elaborar-un-estudi-de-ipackaging-i-sostenible-del-sector-carni-i-de-la-proteina-alternativa\\\/\"]}]},{\"@type\":\"ImageObject\",\"inLanguage\":\"es\",\"@id\":\"https:\\\/\\\/ineditinnova.com\\\/es\\\/el-projecte-meaetpack-preten-elaborar-un-estudi-de-ipackaging-i-sostenible-del-sector-carni-i-de-la-proteina-alternativa\\\/#primaryimage\",\"url\":\"https:\\\/\\\/ineditinnova.com\\\/wp-content\\\/uploads\\\/2024\\\/05\\\/foto_meatpack.jpg\",\"contentUrl\":\"https:\\\/\\\/ineditinnova.com\\\/wp-content\\\/uploads\\\/2024\\\/05\\\/foto_meatpack.jpg\",\"width\":425,\"height\":278,\"caption\":\"meatpack\"},{\"@type\":\"BreadcrumbList\",\"@id\":\"https:\\\/\\\/ineditinnova.com\\\/es\\\/el-projecte-meaetpack-preten-elaborar-un-estudi-de-ipackaging-i-sostenible-del-sector-carni-i-de-la-proteina-alternativa\\\/#breadcrumb\",\"itemListElement\":[{\"@type\":\"ListItem\",\"position\":1,\"name\":\"Inici\",\"item\":\"https:\\\/\\\/ineditinnova.com\\\/es\\\/\"},{\"@type\":\"ListItem\",\"position\":2,\"name\":\"El proyecto Me\u00e6tPack elaborar\u00e1 un estudio de &#8216;packaging&#8217; sostenible del sector c\u00e1rnico y de la prote\u00edna alternativa\"}]},{\"@type\":\"WebSite\",\"@id\":\"https:\\\/\\\/ineditinnova.com\\\/en\\\/#website\",\"url\":\"https:\\\/\\\/ineditinnova.com\\\/en\\\/\",\"name\":\"in\u00e8dit\",\"description\":\"Dise\u00f1amos soluciones circulares y sostenibles para un futuro mejor\",\"potentialAction\":[{\"@type\":\"SearchAction\",\"target\":{\"@type\":\"EntryPoint\",\"urlTemplate\":\"https:\\\/\\\/ineditinnova.com\\\/en\\\/?s={search_term_string}\"},\"query-input\":{\"@type\":\"PropertyValueSpecification\",\"valueRequired\":true,\"valueName\":\"search_term_string\"}}],\"inLanguage\":\"es\"},{\"@type\":\"Person\",\"@id\":\"https:\\\/\\\/ineditinnova.com\\\/en\\\/#\\\/schema\\\/person\\\/891e1158385858d9972e3d28e2abf5e5\",\"name\":\"Codina\",\"image\":{\"@type\":\"ImageObject\",\"inLanguage\":\"es\",\"@id\":\"https:\\\/\\\/secure.gravatar.com\\\/avatar\\\/4fff7c6f6d19e46cfd6c15f0f9b4aeb9970dd1aa4028caf6584e34d95cb8a41d?s=96&d=mm&r=g\",\"url\":\"https:\\\/\\\/secure.gravatar.com\\\/avatar\\\/4fff7c6f6d19e46cfd6c15f0f9b4aeb9970dd1aa4028caf6584e34d95cb8a41d?s=96&d=mm&r=g\",\"contentUrl\":\"https:\\\/\\\/secure.gravatar.com\\\/avatar\\\/4fff7c6f6d19e46cfd6c15f0f9b4aeb9970dd1aa4028caf6584e34d95cb8a41d?s=96&d=mm&r=g\",\"caption\":\"Codina\"},\"url\":\"https:\\\/\\\/ineditinnova.com\\\/es\\\/author\\\/inedit\\\/\"}]}<\/script>\n<!-- \/ Yoast SEO plugin. -->","yoast_head_json":{"title":"El proyecto Me\u00e6tPack elaborar\u00e1 un estudio de 'packaging' sostenible del sector c\u00e1rnico y de la prote\u00edna alternativa - in\u00e8dit","robots":{"index":"index","follow":"follow","max-snippet":"max-snippet:-1","max-image-preview":"max-image-preview:large","max-video-preview":"max-video-preview:-1"},"canonical":"https:\/\/ineditinnova.com\/es\/el-projecte-meaetpack-preten-elaborar-un-estudi-de-ipackaging-i-sostenible-del-sector-carni-i-de-la-proteina-alternativa\/","og_locale":"es_ES","og_type":"article","og_title":"El proyecto Me\u00e6tPack elaborar\u00e1 un estudio de 'packaging' sostenible del sector c\u00e1rnico y de la prote\u00edna alternativa - in\u00e8dit","og_description":"El proyecto Me\u00e6tPack es una apuesta colaborativa entre el Cl\u00faster INNOVACC y el Packaging Cluster para elaborar un estudio sectorial de los envases de carne y de prote\u00edna alternativa en el contexto de la econom\u00eda circular y el ecodise\u00f1o, con el apoyo de in\u00e8dit para desarrollar la investigaci\u00f3n y contenido del resultado del proyecto: una... Read more &raquo;","og_url":"https:\/\/ineditinnova.com\/es\/el-projecte-meaetpack-preten-elaborar-un-estudi-de-ipackaging-i-sostenible-del-sector-carni-i-de-la-proteina-alternativa\/","og_site_name":"in\u00e8dit","article_publisher":"https:\/\/www.facebook.com\/ineditinnovacio\/?ref=page_internal","article_published_time":"2024-05-16T12:55:17+00:00","article_modified_time":"2024-05-23T15:22:13+00:00","og_image":[{"width":425,"height":278,"url":"https:\/\/ineditinnova.com\/wp-content\/uploads\/2024\/05\/foto_meatpack.jpg","type":"image\/jpeg"}],"author":"Codina","twitter_card":"summary_large_image","twitter_creator":"@ineditinnova","twitter_site":"@ineditinnova","twitter_misc":{"Escrito por":"Codina","Tiempo de lectura":"3 minutos"},"schema":{"@context":"https:\/\/schema.org","@graph":[{"@type":"Article","@id":"https:\/\/ineditinnova.com\/es\/el-projecte-meaetpack-preten-elaborar-un-estudi-de-ipackaging-i-sostenible-del-sector-carni-i-de-la-proteina-alternativa\/#article","isPartOf":{"@id":"https:\/\/ineditinnova.com\/es\/el-projecte-meaetpack-preten-elaborar-un-estudi-de-ipackaging-i-sostenible-del-sector-carni-i-de-la-proteina-alternativa\/"},"author":{"name":"Codina","@id":"https:\/\/ineditinnova.com\/en\/#\/schema\/person\/891e1158385858d9972e3d28e2abf5e5"},"headline":"El proyecto Me\u00e6tPack elaborar\u00e1 un estudio de &#8216;packaging&#8217; sostenible del sector c\u00e1rnico y de la prote\u00edna alternativa","datePublished":"2024-05-16T12:55:17+00:00","dateModified":"2024-05-23T15:22:13+00:00","mainEntityOfPage":{"@id":"https:\/\/ineditinnova.com\/es\/el-projecte-meaetpack-preten-elaborar-un-estudi-de-ipackaging-i-sostenible-del-sector-carni-i-de-la-proteina-alternativa\/"},"wordCount":460,"image":{"@id":"https:\/\/ineditinnova.com\/es\/el-projecte-meaetpack-preten-elaborar-un-estudi-de-ipackaging-i-sostenible-del-sector-carni-i-de-la-proteina-alternativa\/#primaryimage"},"thumbnailUrl":"https:\/\/ineditinnova.com\/wp-content\/uploads\/2024\/05\/foto_meatpack.jpg","keywords":["NOTICIA"],"articleSection":["Ecodise\u00f1o de productos y servicios"],"inLanguage":"es"},{"@type":"WebPage","@id":"https:\/\/ineditinnova.com\/es\/el-projecte-meaetpack-preten-elaborar-un-estudi-de-ipackaging-i-sostenible-del-sector-carni-i-de-la-proteina-alternativa\/","url":"https:\/\/ineditinnova.com\/es\/el-projecte-meaetpack-preten-elaborar-un-estudi-de-ipackaging-i-sostenible-del-sector-carni-i-de-la-proteina-alternativa\/","name":"El proyecto Me\u00e6tPack elaborar\u00e1 un estudio de 'packaging' sostenible del sector c\u00e1rnico y de la prote\u00edna alternativa - in\u00e8dit","isPartOf":{"@id":"https:\/\/ineditinnova.com\/en\/#website"},"primaryImageOfPage":{"@id":"https:\/\/ineditinnova.com\/es\/el-projecte-meaetpack-preten-elaborar-un-estudi-de-ipackaging-i-sostenible-del-sector-carni-i-de-la-proteina-alternativa\/#primaryimage"},"image":{"@id":"https:\/\/ineditinnova.com\/es\/el-projecte-meaetpack-preten-elaborar-un-estudi-de-ipackaging-i-sostenible-del-sector-carni-i-de-la-proteina-alternativa\/#primaryimage"},"thumbnailUrl":"https:\/\/ineditinnova.com\/wp-content\/uploads\/2024\/05\/foto_meatpack.jpg","datePublished":"2024-05-16T12:55:17+00:00","dateModified":"2024-05-23T15:22:13+00:00","author":{"@id":"https:\/\/ineditinnova.com\/en\/#\/schema\/person\/891e1158385858d9972e3d28e2abf5e5"},"breadcrumb":{"@id":"https:\/\/ineditinnova.com\/es\/el-projecte-meaetpack-preten-elaborar-un-estudi-de-ipackaging-i-sostenible-del-sector-carni-i-de-la-proteina-alternativa\/#breadcrumb"},"inLanguage":"es","potentialAction":[{"@type":"ReadAction","target":["https:\/\/ineditinnova.com\/es\/el-projecte-meaetpack-preten-elaborar-un-estudi-de-ipackaging-i-sostenible-del-sector-carni-i-de-la-proteina-alternativa\/"]}]},{"@type":"ImageObject","inLanguage":"es","@id":"https:\/\/ineditinnova.com\/es\/el-projecte-meaetpack-preten-elaborar-un-estudi-de-ipackaging-i-sostenible-del-sector-carni-i-de-la-proteina-alternativa\/#primaryimage","url":"https:\/\/ineditinnova.com\/wp-content\/uploads\/2024\/05\/foto_meatpack.jpg","contentUrl":"https:\/\/ineditinnova.com\/wp-content\/uploads\/2024\/05\/foto_meatpack.jpg","width":425,"height":278,"caption":"meatpack"},{"@type":"BreadcrumbList","@id":"https:\/\/ineditinnova.com\/es\/el-projecte-meaetpack-preten-elaborar-un-estudi-de-ipackaging-i-sostenible-del-sector-carni-i-de-la-proteina-alternativa\/#breadcrumb","itemListElement":[{"@type":"ListItem","position":1,"name":"Inici","item":"https:\/\/ineditinnova.com\/es\/"},{"@type":"ListItem","position":2,"name":"El proyecto Me\u00e6tPack elaborar\u00e1 un estudio de &#8216;packaging&#8217; sostenible del sector c\u00e1rnico y de la prote\u00edna alternativa"}]},{"@type":"WebSite","@id":"https:\/\/ineditinnova.com\/en\/#website","url":"https:\/\/ineditinnova.com\/en\/","name":"in\u00e8dit","description":"Dise\u00f1amos soluciones circulares y sostenibles para un futuro mejor","potentialAction":[{"@type":"SearchAction","target":{"@type":"EntryPoint","urlTemplate":"https:\/\/ineditinnova.com\/en\/?s={search_term_string}"},"query-input":{"@type":"PropertyValueSpecification","valueRequired":true,"valueName":"search_term_string"}}],"inLanguage":"es"},{"@type":"Person","@id":"https:\/\/ineditinnova.com\/en\/#\/schema\/person\/891e1158385858d9972e3d28e2abf5e5","name":"Codina","image":{"@type":"ImageObject","inLanguage":"es","@id":"https:\/\/secure.gravatar.com\/avatar\/4fff7c6f6d19e46cfd6c15f0f9b4aeb9970dd1aa4028caf6584e34d95cb8a41d?s=96&d=mm&r=g","url":"https:\/\/secure.gravatar.com\/avatar\/4fff7c6f6d19e46cfd6c15f0f9b4aeb9970dd1aa4028caf6584e34d95cb8a41d?s=96&d=mm&r=g","contentUrl":"https:\/\/secure.gravatar.com\/avatar\/4fff7c6f6d19e46cfd6c15f0f9b4aeb9970dd1aa4028caf6584e34d95cb8a41d?s=96&d=mm&r=g","caption":"Codina"},"url":"https:\/\/ineditinnova.com\/es\/author\/inedit\/"}]}},"_links":{"self":[{"href":"https:\/\/ineditinnova.com\/es\/wp-json\/wp\/v2\/posts\/8572","targetHints":{"allow":["GET"]}}],"collection":[{"href":"https:\/\/ineditinnova.com\/es\/wp-json\/wp\/v2\/posts"}],"about":[{"href":"https:\/\/ineditinnova.com\/es\/wp-json\/wp\/v2\/types\/post"}],"author":[{"embeddable":true,"href":"https:\/\/ineditinnova.com\/es\/wp-json\/wp\/v2\/users\/2"}],"replies":[{"embeddable":true,"href":"https:\/\/ineditinnova.com\/es\/wp-json\/wp\/v2\/comments?post=8572"}],"version-history":[{"count":5,"href":"https:\/\/ineditinnova.com\/es\/wp-json\/wp\/v2\/posts\/8572\/revisions"}],"predecessor-version":[{"id":8656,"href":"https:\/\/ineditinnova.com\/es\/wp-json\/wp\/v2\/posts\/8572\/revisions\/8656"}],"wp:featuredmedia":[{"embeddable":true,"href":"https:\/\/ineditinnova.com\/es\/wp-json\/wp\/v2\/media\/8417"}],"wp:attachment":[{"href":"https:\/\/ineditinnova.com\/es\/wp-json\/wp\/v2\/media?parent=8572"}],"wp:term":[{"taxonomy":"category","embeddable":true,"href":"https:\/\/ineditinnova.com\/es\/wp-json\/wp\/v2\/categories?post=8572"},{"taxonomy":"post_tag","embeddable":true,"href":"https:\/\/ineditinnova.com\/es\/wp-json\/wp\/v2\/tags?post=8572"}],"curies":[{"name":"wp","href":"https:\/\/api.w.org\/{rel}","templated":true}]}}