{"id":9196,"date":"2024-07-02T15:04:46","date_gmt":"2024-07-02T15:04:46","guid":{"rendered":"https:\/\/ineditinnova.com\/un-grup-de-suport-dempreses-per-compartir-experiencies-i-aprenentatges-sobre-descarbonitzacio\/"},"modified":"2024-07-02T15:17:28","modified_gmt":"2024-07-02T15:17:28","slug":"un-grup-de-suport-dempreses-per-compartir-experiencies-i-aprenentatges-sobre-descarbonitzacio","status":"publish","type":"post","link":"https:\/\/ineditinnova.com\/es\/un-grup-de-suport-dempreses-per-compartir-experiencies-i-aprenentatges-sobre-descarbonitzacio\/","title":{"rendered":"Un \u00abgrupo de apoyo\u00bb de empresas para compartir experiencias y aprendizajes sobre descarbonizaci\u00f3n"},"content":{"rendered":"\n<p><\/p>\n\n\n\n<p style=\"font-size:25px\">Ya hemos calculado nuestra huella. \u00bfY ahora qu\u00e9? \u00bfQu\u00e9 equipos debemos involucrar? \u00bfC\u00f3mo colaboramos con nuestra cadena de valor? En una conversaci\u00f3n con in\u00e8dit, el Sustainability Lead de <a href=\"https:\/\/es.wallapop.com\/\">Wallapop<\/a>, <strong>Pol F\u00e0brega<\/strong>, coment\u00f3 que le gustar\u00eda \u00abhablar con gente que est\u00e9 en el mismo barco, me da igual en qu\u00e9 estadio se encuentren y a qu\u00e9 sector pertenezcan, para compartir experiencias y aprendizajes\u00bb. Con el objetivo de generar este espacio, este tipo de \u00abgrupo de apoyo\u00bb, en palabras tambi\u00e9n de F\u00e0brega, Wallapop e in\u00e8dit organizaron una jornada el 26 de junio en el Disseny Hub de Barcelona que reuni\u00f3 a una treintena de representantes de los equipos de sostenibilidad de empresas de diversos sectores \u2014<strong>Ametller Origen<\/strong>, <strong>EPI Industries<\/strong>, <strong>Holaluz<\/strong>, <strong>Puig<\/strong>, <strong>Mediapro<\/strong>, <strong>La Ballena Alegre<\/strong>, <strong>Liquats Vegetals<\/strong>, <strong>Danone<\/strong>, <strong>Areas<\/strong>, <strong>Relats<\/strong>,<strong> M\u00fatua de Terrassa<\/strong>, <strong>Girbau<\/strong>, <strong>Wallapop<\/strong> y <strong>Equivalenza<\/strong>\u2014 para compartir dudas, inquietudes y soluciones en torno al camino hacia la descarbonizaci\u00f3n.<\/p>\n\n\n\n<figure class=\"wp-block-image size-large\"><img decoding=\"async\" data-src=\"https:\/\/ineditinnova.com\/wp-content\/uploads\/2024\/06\/DESCARBONITZACIO_1-1024x683.jpg\" alt=\"\" class=\"wp-image-9029 lazyload\" src=\"data:image\/svg+xml;base64,PHN2ZyB3aWR0aD0iMSIgaGVpZ2h0PSIxIiB4bWxucz0iaHR0cDovL3d3dy53My5vcmcvMjAwMC9zdmciPjwvc3ZnPg==\" style=\"--smush-placeholder-width: 1024px; --smush-placeholder-aspect-ratio: 1024\/683;\" \/><figcaption class=\"wp-element-caption\">Pol F\u00e0brega, Sustainability Lead de Wallapop, y Jordi Oliver, director ejecutivo de in\u00e8dit, dieron la bienvenida a los asistentes<\/figcaption><\/figure>\n\n\n\n<p style=\"font-size:25px\">\u00abSent\u00edamos la necesidad compartida de hablar\u00bb, dijo <strong>Jordi Olive<\/strong>r, director ejecutivo de in\u00e8dit, en el discurso de bienvenida. Oliver tambi\u00e9n destac\u00f3 el rasgo diferencial de las empresas asistentes al encuentro, empresas que han apostado por la descarbonizaci\u00f3n como una decisi\u00f3n voluntaria \u2014si bien ya les record\u00f3 que, con la nueva normativa, se convertir\u00e1 en una obligaci\u00f3n\u2014, y a las que la mayor\u00eda une un hilo conductor: \u00abLa voluntad de reducir las emisiones directas e indirectas asociadas a vuestras actividades empresariales\u00bb.<\/p>\n\n\n\n<figure class=\"wp-block-pullquote\"><blockquote><p>En una din\u00e1mica de trabajo, se discutieron los retos aguas arriba, en el n\u00facleo de la actividad y aguas abajo<\/p><\/blockquote><\/figure>\n\n\n\n<p style=\"font-size:25px\">Tras la ronda de presentaciones, en la que cada empresa explic\u00f3 el estadio en el que se encuentran y los c\u00e1lculos de la huella de carbono, y apuntaron los grandes retos a los que se enfrentan, se celebr\u00f3 una din\u00e1mica de trabajo en la que se discutieron los retos aguas arriba, en el n\u00facleo de la actividad, y aguas abajo, y que dinamizaron, respectivamente, <strong>Marcel Mesado<\/strong>, <strong>J\u00falia Gassol<\/strong> y <strong>Pau Campos<\/strong>, responsables de proyectos del \u00e1rea de M\u00e9tricas Circulares de in\u00e8dit.<\/p>\n\n\n\n<h2 class=\"wp-block-heading\"><strong>Los retos aguas arriba<\/strong><\/h2>\n\n\n\n<figure class=\"wp-block-image size-large\"><img decoding=\"async\" data-src=\"https:\/\/ineditinnova.com\/wp-content\/uploads\/2024\/06\/DESCARBONITZACIO_7-2-1024x683.jpg\" alt=\"\" class=\"wp-image-9068 lazyload\" src=\"data:image\/svg+xml;base64,PHN2ZyB3aWR0aD0iMSIgaGVpZ2h0PSIxIiB4bWxucz0iaHR0cDovL3d3dy53My5vcmcvMjAwMC9zdmciPjwvc3ZnPg==\" style=\"--smush-placeholder-width: 1024px; --smush-placeholder-aspect-ratio: 1024\/683;\" \/><\/figure>\n\n\n\n<p style=\"font-size:25px\">La principal dificultad que se puso sobre la mesa fue la de <strong>traccionar a los proveedores<\/strong>, porque intervienen situaciones como que, cuando son muy grandes, \u00abno tenemos capacidad de tracci\u00f3n y no conocemos sus avances en descarbonizaci\u00f3n y reducci\u00f3n de su huella con datos fiables\u00bb, y cuando son peque\u00f1os, no tienen capacidad para calcularlas. A esto hay que a\u00f1adir, por un lado, que se desconoce si los c\u00e1lculos son fiables o no, y, por otro, el reto de involucrar a toda la organizaci\u00f3n a la hora de traccionar a los proveedores, porque \u00abno siempre los objetivos de los departamentos de compras se alinean con los de sostenibilidad\u00bb.<\/p>\n\n\n\n<p style=\"font-size:25px\">Sobre este punto, el director de Desarrollo de Negocio de in\u00e8dit, <strong>Carles Gasol<\/strong>, alert\u00f3 de la necesidad urgente de una base de datos de factores de impacto a nivel estatal ante el tsunami legislativo en materia de sostenibilidad.<\/p>\n\n\n\n<h2 class=\"wp-block-heading\"><strong>Los retos en el n\u00facleo de la actividad<\/strong><\/h2>\n\n\n\n<figure class=\"wp-block-image size-large\"><img decoding=\"async\" data-src=\"https:\/\/ineditinnova.com\/wp-content\/uploads\/2024\/06\/DESCARBONITZACIO_7-1-1024x683.jpg\" alt=\"\" class=\"wp-image-9036 lazyload\" src=\"data:image\/svg+xml;base64,PHN2ZyB3aWR0aD0iMSIgaGVpZ2h0PSIxIiB4bWxucz0iaHR0cDovL3d3dy53My5vcmcvMjAwMC9zdmciPjwvc3ZnPg==\" style=\"--smush-placeholder-width: 1024px; --smush-placeholder-aspect-ratio: 1024\/683;\" \/><\/figure>\n\n\n\n<p style=\"font-size:25px\">El debate gir\u00f3 en torno a <strong>las instalaciones energ\u00e9ticas y el transporte<\/strong>. \u00abTanto en el pasado como en el presente, las empresas han trabajado mucho en el cambio de instalaciones \u2014por ejemplo, el cambio de gas natural por calderas de biomasa\u2014, y el reto actual son las instalaciones solares\u00bb. En cuanto a la movilidad de los trabajadores, son muchas las empresas que estudian c\u00f3mo se desplazan los trabajadores y buscan c\u00f3mo incentivar cambios hacia modelos m\u00e1s sostenibles, como por ejemplo con el <em>carsharing<\/em> o las ayudas para financiar veh\u00edculos h\u00edbridos y el\u00e9ctricos, as\u00ed como el fomento del teletrabajo. En cuanto a los desplazamientos, <strong>uno de los retos siguen siendo los viajes de negocio<\/strong>, porque no suele haber pol\u00edticas est\u00e1ndar en este \u00e1mbito.<\/p>\n\n\n\n<figure class=\"wp-block-pullquote\"><blockquote><p>Uno de los retos siguen siendo los viajes de negocio, porque no suele haber pol\u00edticas est\u00e1ndar en este \u00e1mbito. <\/p><\/blockquote><\/figure>\n\n\n\n<p style=\"font-size:25px\">Otros aspectos que tambi\u00e9n habr\u00e1 que seguir trabajando son los desplazamientos tanto de los equipos como la log\u00edstica, \u00abunos de los temas m\u00e1s complejos\u00bb, y que \u00abhay que buscar f\u00f3rmulas imaginativas para conectar a la gente de forma m\u00e1s cercana y \u00e1gil y buscar alg\u00fan cambio en las relaciones que se generan con nuestros clientes\u00bb.<br>Como reflexiones de cierre en este punto, el director de Desarrollo de Negocio de in\u00e8dit apunt\u00f3 que <strong>\u00abalargar la vida \u00fatil de los productos o amortizar mucho m\u00e1s los usos de los materiales ser\u00e1n clave para descarbonizar las empresas europeas\u00bb<\/strong>. Gasol coment\u00f3 que, \u00abdespu\u00e9s de a\u00f1os de trabajar la eficiencia energ\u00e9tica, nos hemos dado cuenta de que para descarbonizar nuestras econom\u00edas e incrementar nuestra resiliencia, los materiales tambi\u00e9n son valiosos y hay que hacerlos perdurar en nuestras econom\u00edas\u00bb.<\/p>\n\n\n\n<h2 class=\"wp-block-heading\"><strong>Los retos aguas abajo<\/strong><\/h2>\n\n\n\n<figure class=\"wp-block-image size-large\"><img decoding=\"async\" data-src=\"https:\/\/ineditinnova.com\/wp-content\/uploads\/2024\/06\/DESCARBONITZACIO_4-1-1024x683.jpg\" alt=\"\" class=\"wp-image-9045 lazyload\" src=\"data:image\/svg+xml;base64,PHN2ZyB3aWR0aD0iMSIgaGVpZ2h0PSIxIiB4bWxucz0iaHR0cDovL3d3dy53My5vcmcvMjAwMC9zdmciPjwvc3ZnPg==\" style=\"--smush-placeholder-width: 1024px; --smush-placeholder-aspect-ratio: 1024\/683;\" \/><\/figure>\n\n\n\n<p style=\"font-size:25px\">En este bloque, se puso de manifiesto que muchas empresas trabajan en el \u00e1mbito de la log\u00edstica y el transporte de productos para optimizar las rutas y hacerlas lo m\u00e1s eficientes posible. Tambi\u00e9n se mencion\u00f3 la introducci\u00f3n de modelos de envases retornables, en los que el comportamiento de los clientes \u2014si devuelven o no las botellas, por ejemplo\u2014 es una de las principales limitaciones. En este sentido, se insisti\u00f3 en que, aguas abajo, incidir en el comportamiento y la mentalidad de los clientes es clave. Esto pasa por comunicar cu\u00e1les son los valores de la empresa, qu\u00e9 clientes queremos atraer y comunicar qu\u00e9 estamos haciendo para que la gente sea consciente.<\/p>\n\n\n\n<figure class=\"wp-block-pullquote\"><blockquote><p>La inercia del consumo f\u00e1cil es muy fuerte. \u00bfC\u00f3mo la rompemos?<\/p><\/blockquote><\/figure>\n\n\n\n<p style=\"font-size:25px\">Sobre esto \u00faltimo, Gasol reflexion\u00f3: \u00abHace tiempo, cuando escuch\u00e1bamos a alguien en una conferencia decir que hay que concienciar a la ciudadan\u00eda, esto nos generaba un escalofr\u00edo. \u00bfY las empresas qu\u00e9? Con el tiempo, sin embargo, hemos visto que la inercia del consumo f\u00e1cil es muy fuerte. \u00bfC\u00f3mo la rompemos? Por ahora, solo se imputan obligaciones a las empresas, y no al consumidor final.\u00bb<\/p>\n","protected":false},"excerpt":{"rendered":"<p>Ya hemos calculado nuestra huella. \u00bfY ahora qu\u00e9? \u00bfQu\u00e9 equipos debemos involucrar? \u00bfC\u00f3mo colaboramos con nuestra cadena de valor? En una conversaci\u00f3n con in\u00e8dit, el Sustainability Lead de Wallapop, Pol F\u00e0brega, coment\u00f3 que le gustar\u00eda \u00abhablar con gente que est\u00e9 en el mismo barco, me da igual en qu\u00e9 estadio se encuentren y a qu\u00e9&#8230;  <a class=\"excerpt-read-more\" href=\"https:\/\/ineditinnova.com\/es\/un-grup-de-suport-dempreses-per-compartir-experiencies-i-aprenentatges-sobre-descarbonitzacio\/\" title=\"Read Un \u00abgrupo de apoyo\u00bb de empresas para compartir experiencias y aprendizajes sobre descarbonizaci\u00f3n\">Read more &raquo;<\/a><\/p>\n","protected":false},"author":2,"featured_media":9194,"comment_status":"closed","ping_status":"closed","sticky":false,"template":"","format":"standard","meta":{"_acf_changed":false,"footnotes":""},"categories":[43],"tags":[54],"class_list":["post-9196","post","type-post","status-publish","format-standard","has-post-thumbnail","hentry","category-metricas","tag-noticia-es"],"acf":[],"yoast_head":"<!-- This site is optimized with the Yoast SEO plugin v27.5 - https:\/\/yoast.com\/product\/yoast-seo-wordpress\/ -->\n<title>Un \u00abgrupo de apoyo\u00bb de empresas para compartir experiencias y aprendizajes sobre descarbonizaci\u00f3n - in\u00e8dit<\/title>\n<meta name=\"description\" content=\"Una treintena de responsables de sostenibilidad y directores generales de catorce empresas comparten retos en el proceso de descarbonizaci\u00f3n, como la tracci\u00f3n de los proveedores, la flota corporativa y la movilidad de los trabajadores, la log\u00edstica y el transporte de productos y clientes, y la incidencia en el comportamiento y la mentalidad de los consumidores, en una jornada organizada por Wallapop e in\u00e8dit.\" \/>\n<meta name=\"robots\" content=\"index, follow, max-snippet:-1, max-image-preview:large, max-video-preview:-1\" \/>\n<link rel=\"canonical\" href=\"https:\/\/ineditinnova.com\/es\/un-grup-de-suport-dempreses-per-compartir-experiencies-i-aprenentatges-sobre-descarbonitzacio\/\" \/>\n<meta property=\"og:locale\" content=\"es_ES\" \/>\n<meta property=\"og:type\" content=\"article\" \/>\n<meta property=\"og:title\" content=\"Un \u00abgrupo de apoyo\u00bb de empresas para compartir experiencias y aprendizajes sobre descarbonizaci\u00f3n - in\u00e8dit\" \/>\n<meta property=\"og:description\" content=\"Una treintena de responsables de sostenibilidad y directores generales de catorce empresas comparten retos en el proceso de descarbonizaci\u00f3n, como la tracci\u00f3n de los proveedores, la flota corporativa y la movilidad de los trabajadores, la log\u00edstica y el transporte de productos y clientes, y la incidencia en el comportamiento y la mentalidad de los consumidores, en una jornada organizada por Wallapop e in\u00e8dit.\" \/>\n<meta property=\"og:url\" content=\"https:\/\/ineditinnova.com\/es\/un-grup-de-suport-dempreses-per-compartir-experiencies-i-aprenentatges-sobre-descarbonitzacio\/\" \/>\n<meta property=\"og:site_name\" content=\"in\u00e8dit\" \/>\n<meta property=\"article:publisher\" content=\"https:\/\/www.facebook.com\/ineditinnovacio\/?ref=page_internal\" \/>\n<meta property=\"article:published_time\" content=\"2024-07-02T15:04:46+00:00\" \/>\n<meta property=\"article:modified_time\" content=\"2024-07-02T15:17:28+00:00\" \/>\n<meta property=\"og:image\" content=\"https:\/\/ineditinnova.com\/wp-content\/uploads\/2024\/07\/DESCARBONITZACIO_3-1-scaled.jpg\" \/>\n\t<meta property=\"og:image:width\" content=\"2560\" \/>\n\t<meta property=\"og:image:height\" content=\"1707\" \/>\n\t<meta property=\"og:image:type\" content=\"image\/jpeg\" \/>\n<meta name=\"author\" content=\"Codina\" \/>\n<meta name=\"twitter:card\" content=\"summary_large_image\" \/>\n<meta name=\"twitter:creator\" content=\"@ineditinnova\" \/>\n<meta name=\"twitter:site\" content=\"@ineditinnova\" \/>\n<meta name=\"twitter:label1\" content=\"Escrito por\" \/>\n\t<meta name=\"twitter:data1\" content=\"Codina\" \/>\n\t<meta name=\"twitter:label2\" content=\"Tiempo de lectura\" \/>\n\t<meta name=\"twitter:data2\" content=\"7 minutos\" \/>\n<script type=\"application\/ld+json\" class=\"yoast-schema-graph\">{\"@context\":\"https:\\\/\\\/schema.org\",\"@graph\":[{\"@type\":\"Article\",\"@id\":\"https:\\\/\\\/ineditinnova.com\\\/es\\\/un-grup-de-suport-dempreses-per-compartir-experiencies-i-aprenentatges-sobre-descarbonitzacio\\\/#article\",\"isPartOf\":{\"@id\":\"https:\\\/\\\/ineditinnova.com\\\/es\\\/un-grup-de-suport-dempreses-per-compartir-experiencies-i-aprenentatges-sobre-descarbonitzacio\\\/\"},\"author\":{\"name\":\"Codina\",\"@id\":\"https:\\\/\\\/ineditinnova.com\\\/en\\\/#\\\/schema\\\/person\\\/891e1158385858d9972e3d28e2abf5e5\"},\"headline\":\"Un \u00abgrupo de apoyo\u00bb de empresas para compartir experiencias y aprendizajes sobre descarbonizaci\u00f3n\",\"datePublished\":\"2024-07-02T15:04:46+00:00\",\"dateModified\":\"2024-07-02T15:17:28+00:00\",\"mainEntityOfPage\":{\"@id\":\"https:\\\/\\\/ineditinnova.com\\\/es\\\/un-grup-de-suport-dempreses-per-compartir-experiencies-i-aprenentatges-sobre-descarbonitzacio\\\/\"},\"wordCount\":1056,\"image\":{\"@id\":\"https:\\\/\\\/ineditinnova.com\\\/es\\\/un-grup-de-suport-dempreses-per-compartir-experiencies-i-aprenentatges-sobre-descarbonitzacio\\\/#primaryimage\"},\"thumbnailUrl\":\"https:\\\/\\\/ineditinnova.com\\\/wp-content\\\/uploads\\\/2024\\\/07\\\/DESCARBONITZACIO_3-1-scaled.jpg\",\"keywords\":[\"NOTICIA\"],\"articleSection\":[\"CUANTIFICACI\u00d3N DE IMPACTOS AMBIENTALES\"],\"inLanguage\":\"es\"},{\"@type\":\"WebPage\",\"@id\":\"https:\\\/\\\/ineditinnova.com\\\/es\\\/un-grup-de-suport-dempreses-per-compartir-experiencies-i-aprenentatges-sobre-descarbonitzacio\\\/\",\"url\":\"https:\\\/\\\/ineditinnova.com\\\/es\\\/un-grup-de-suport-dempreses-per-compartir-experiencies-i-aprenentatges-sobre-descarbonitzacio\\\/\",\"name\":\"Un \u00abgrupo de apoyo\u00bb de empresas para compartir experiencias y aprendizajes sobre descarbonizaci\u00f3n - in\u00e8dit\",\"isPartOf\":{\"@id\":\"https:\\\/\\\/ineditinnova.com\\\/en\\\/#website\"},\"primaryImageOfPage\":{\"@id\":\"https:\\\/\\\/ineditinnova.com\\\/es\\\/un-grup-de-suport-dempreses-per-compartir-experiencies-i-aprenentatges-sobre-descarbonitzacio\\\/#primaryimage\"},\"image\":{\"@id\":\"https:\\\/\\\/ineditinnova.com\\\/es\\\/un-grup-de-suport-dempreses-per-compartir-experiencies-i-aprenentatges-sobre-descarbonitzacio\\\/#primaryimage\"},\"thumbnailUrl\":\"https:\\\/\\\/ineditinnova.com\\\/wp-content\\\/uploads\\\/2024\\\/07\\\/DESCARBONITZACIO_3-1-scaled.jpg\",\"datePublished\":\"2024-07-02T15:04:46+00:00\",\"dateModified\":\"2024-07-02T15:17:28+00:00\",\"author\":{\"@id\":\"https:\\\/\\\/ineditinnova.com\\\/en\\\/#\\\/schema\\\/person\\\/891e1158385858d9972e3d28e2abf5e5\"},\"description\":\"Una treintena de responsables de sostenibilidad y directores generales de catorce empresas comparten retos en el proceso de descarbonizaci\u00f3n, como la tracci\u00f3n de los proveedores, la flota corporativa y la movilidad de los trabajadores, la log\u00edstica y el transporte de productos y clientes, y la incidencia en el comportamiento y la mentalidad de los consumidores, en una jornada organizada por Wallapop e in\u00e8dit.\",\"breadcrumb\":{\"@id\":\"https:\\\/\\\/ineditinnova.com\\\/es\\\/un-grup-de-suport-dempreses-per-compartir-experiencies-i-aprenentatges-sobre-descarbonitzacio\\\/#breadcrumb\"},\"inLanguage\":\"es\",\"potentialAction\":[{\"@type\":\"ReadAction\",\"target\":[\"https:\\\/\\\/ineditinnova.com\\\/es\\\/un-grup-de-suport-dempreses-per-compartir-experiencies-i-aprenentatges-sobre-descarbonitzacio\\\/\"]}]},{\"@type\":\"ImageObject\",\"inLanguage\":\"es\",\"@id\":\"https:\\\/\\\/ineditinnova.com\\\/es\\\/un-grup-de-suport-dempreses-per-compartir-experiencies-i-aprenentatges-sobre-descarbonitzacio\\\/#primaryimage\",\"url\":\"https:\\\/\\\/ineditinnova.com\\\/wp-content\\\/uploads\\\/2024\\\/07\\\/DESCARBONITZACIO_3-1-scaled.jpg\",\"contentUrl\":\"https:\\\/\\\/ineditinnova.com\\\/wp-content\\\/uploads\\\/2024\\\/07\\\/DESCARBONITZACIO_3-1-scaled.jpg\",\"width\":2560,\"height\":1707,\"caption\":\"DESCARBONITZACI\u00d3\"},{\"@type\":\"BreadcrumbList\",\"@id\":\"https:\\\/\\\/ineditinnova.com\\\/es\\\/un-grup-de-suport-dempreses-per-compartir-experiencies-i-aprenentatges-sobre-descarbonitzacio\\\/#breadcrumb\",\"itemListElement\":[{\"@type\":\"ListItem\",\"position\":1,\"name\":\"Inici\",\"item\":\"https:\\\/\\\/ineditinnova.com\\\/es\\\/\"},{\"@type\":\"ListItem\",\"position\":2,\"name\":\"Un \u00abgrupo de apoyo\u00bb de empresas para compartir experiencias y aprendizajes sobre descarbonizaci\u00f3n\"}]},{\"@type\":\"WebSite\",\"@id\":\"https:\\\/\\\/ineditinnova.com\\\/en\\\/#website\",\"url\":\"https:\\\/\\\/ineditinnova.com\\\/en\\\/\",\"name\":\"in\u00e8dit\",\"description\":\"Dise\u00f1amos soluciones circulares y sostenibles para un futuro mejor\",\"potentialAction\":[{\"@type\":\"SearchAction\",\"target\":{\"@type\":\"EntryPoint\",\"urlTemplate\":\"https:\\\/\\\/ineditinnova.com\\\/en\\\/?s={search_term_string}\"},\"query-input\":{\"@type\":\"PropertyValueSpecification\",\"valueRequired\":true,\"valueName\":\"search_term_string\"}}],\"inLanguage\":\"es\"},{\"@type\":\"Person\",\"@id\":\"https:\\\/\\\/ineditinnova.com\\\/en\\\/#\\\/schema\\\/person\\\/891e1158385858d9972e3d28e2abf5e5\",\"name\":\"Codina\",\"image\":{\"@type\":\"ImageObject\",\"inLanguage\":\"es\",\"@id\":\"https:\\\/\\\/secure.gravatar.com\\\/avatar\\\/4fff7c6f6d19e46cfd6c15f0f9b4aeb9970dd1aa4028caf6584e34d95cb8a41d?s=96&d=mm&r=g\",\"url\":\"https:\\\/\\\/secure.gravatar.com\\\/avatar\\\/4fff7c6f6d19e46cfd6c15f0f9b4aeb9970dd1aa4028caf6584e34d95cb8a41d?s=96&d=mm&r=g\",\"contentUrl\":\"https:\\\/\\\/secure.gravatar.com\\\/avatar\\\/4fff7c6f6d19e46cfd6c15f0f9b4aeb9970dd1aa4028caf6584e34d95cb8a41d?s=96&d=mm&r=g\",\"caption\":\"Codina\"},\"url\":\"https:\\\/\\\/ineditinnova.com\\\/es\\\/author\\\/inedit\\\/\"}]}<\/script>\n<!-- \/ Yoast SEO plugin. -->","yoast_head_json":{"title":"Un \u00abgrupo de apoyo\u00bb de empresas para compartir experiencias y aprendizajes sobre descarbonizaci\u00f3n - in\u00e8dit","description":"Una treintena de responsables de sostenibilidad y directores generales de catorce empresas comparten retos en el proceso de descarbonizaci\u00f3n, como la tracci\u00f3n de los proveedores, la flota corporativa y la movilidad de los trabajadores, la log\u00edstica y el transporte de productos y clientes, y la incidencia en el comportamiento y la mentalidad de los consumidores, en una jornada organizada por Wallapop e in\u00e8dit.","robots":{"index":"index","follow":"follow","max-snippet":"max-snippet:-1","max-image-preview":"max-image-preview:large","max-video-preview":"max-video-preview:-1"},"canonical":"https:\/\/ineditinnova.com\/es\/un-grup-de-suport-dempreses-per-compartir-experiencies-i-aprenentatges-sobre-descarbonitzacio\/","og_locale":"es_ES","og_type":"article","og_title":"Un \u00abgrupo de apoyo\u00bb de empresas para compartir experiencias y aprendizajes sobre descarbonizaci\u00f3n - in\u00e8dit","og_description":"Una treintena de responsables de sostenibilidad y directores generales de catorce empresas comparten retos en el proceso de descarbonizaci\u00f3n, como la tracci\u00f3n de los proveedores, la flota corporativa y la movilidad de los trabajadores, la log\u00edstica y el transporte de productos y clientes, y la incidencia en el comportamiento y la mentalidad de los consumidores, en una jornada organizada por Wallapop e in\u00e8dit.","og_url":"https:\/\/ineditinnova.com\/es\/un-grup-de-suport-dempreses-per-compartir-experiencies-i-aprenentatges-sobre-descarbonitzacio\/","og_site_name":"in\u00e8dit","article_publisher":"https:\/\/www.facebook.com\/ineditinnovacio\/?ref=page_internal","article_published_time":"2024-07-02T15:04:46+00:00","article_modified_time":"2024-07-02T15:17:28+00:00","og_image":[{"width":2560,"height":1707,"url":"https:\/\/ineditinnova.com\/wp-content\/uploads\/2024\/07\/DESCARBONITZACIO_3-1-scaled.jpg","type":"image\/jpeg"}],"author":"Codina","twitter_card":"summary_large_image","twitter_creator":"@ineditinnova","twitter_site":"@ineditinnova","twitter_misc":{"Escrito por":"Codina","Tiempo de lectura":"7 minutos"},"schema":{"@context":"https:\/\/schema.org","@graph":[{"@type":"Article","@id":"https:\/\/ineditinnova.com\/es\/un-grup-de-suport-dempreses-per-compartir-experiencies-i-aprenentatges-sobre-descarbonitzacio\/#article","isPartOf":{"@id":"https:\/\/ineditinnova.com\/es\/un-grup-de-suport-dempreses-per-compartir-experiencies-i-aprenentatges-sobre-descarbonitzacio\/"},"author":{"name":"Codina","@id":"https:\/\/ineditinnova.com\/en\/#\/schema\/person\/891e1158385858d9972e3d28e2abf5e5"},"headline":"Un \u00abgrupo de apoyo\u00bb de empresas para compartir experiencias y aprendizajes sobre descarbonizaci\u00f3n","datePublished":"2024-07-02T15:04:46+00:00","dateModified":"2024-07-02T15:17:28+00:00","mainEntityOfPage":{"@id":"https:\/\/ineditinnova.com\/es\/un-grup-de-suport-dempreses-per-compartir-experiencies-i-aprenentatges-sobre-descarbonitzacio\/"},"wordCount":1056,"image":{"@id":"https:\/\/ineditinnova.com\/es\/un-grup-de-suport-dempreses-per-compartir-experiencies-i-aprenentatges-sobre-descarbonitzacio\/#primaryimage"},"thumbnailUrl":"https:\/\/ineditinnova.com\/wp-content\/uploads\/2024\/07\/DESCARBONITZACIO_3-1-scaled.jpg","keywords":["NOTICIA"],"articleSection":["CUANTIFICACI\u00d3N DE IMPACTOS AMBIENTALES"],"inLanguage":"es"},{"@type":"WebPage","@id":"https:\/\/ineditinnova.com\/es\/un-grup-de-suport-dempreses-per-compartir-experiencies-i-aprenentatges-sobre-descarbonitzacio\/","url":"https:\/\/ineditinnova.com\/es\/un-grup-de-suport-dempreses-per-compartir-experiencies-i-aprenentatges-sobre-descarbonitzacio\/","name":"Un \u00abgrupo de apoyo\u00bb de empresas para compartir experiencias y aprendizajes sobre descarbonizaci\u00f3n - in\u00e8dit","isPartOf":{"@id":"https:\/\/ineditinnova.com\/en\/#website"},"primaryImageOfPage":{"@id":"https:\/\/ineditinnova.com\/es\/un-grup-de-suport-dempreses-per-compartir-experiencies-i-aprenentatges-sobre-descarbonitzacio\/#primaryimage"},"image":{"@id":"https:\/\/ineditinnova.com\/es\/un-grup-de-suport-dempreses-per-compartir-experiencies-i-aprenentatges-sobre-descarbonitzacio\/#primaryimage"},"thumbnailUrl":"https:\/\/ineditinnova.com\/wp-content\/uploads\/2024\/07\/DESCARBONITZACIO_3-1-scaled.jpg","datePublished":"2024-07-02T15:04:46+00:00","dateModified":"2024-07-02T15:17:28+00:00","author":{"@id":"https:\/\/ineditinnova.com\/en\/#\/schema\/person\/891e1158385858d9972e3d28e2abf5e5"},"description":"Una treintena de responsables de sostenibilidad y directores generales de catorce empresas comparten retos en el proceso de descarbonizaci\u00f3n, como la tracci\u00f3n de los proveedores, la flota corporativa y la movilidad de los trabajadores, la log\u00edstica y el transporte de productos y clientes, y la incidencia en el comportamiento y la mentalidad de los consumidores, en una jornada organizada por Wallapop e in\u00e8dit.","breadcrumb":{"@id":"https:\/\/ineditinnova.com\/es\/un-grup-de-suport-dempreses-per-compartir-experiencies-i-aprenentatges-sobre-descarbonitzacio\/#breadcrumb"},"inLanguage":"es","potentialAction":[{"@type":"ReadAction","target":["https:\/\/ineditinnova.com\/es\/un-grup-de-suport-dempreses-per-compartir-experiencies-i-aprenentatges-sobre-descarbonitzacio\/"]}]},{"@type":"ImageObject","inLanguage":"es","@id":"https:\/\/ineditinnova.com\/es\/un-grup-de-suport-dempreses-per-compartir-experiencies-i-aprenentatges-sobre-descarbonitzacio\/#primaryimage","url":"https:\/\/ineditinnova.com\/wp-content\/uploads\/2024\/07\/DESCARBONITZACIO_3-1-scaled.jpg","contentUrl":"https:\/\/ineditinnova.com\/wp-content\/uploads\/2024\/07\/DESCARBONITZACIO_3-1-scaled.jpg","width":2560,"height":1707,"caption":"DESCARBONITZACI\u00d3"},{"@type":"BreadcrumbList","@id":"https:\/\/ineditinnova.com\/es\/un-grup-de-suport-dempreses-per-compartir-experiencies-i-aprenentatges-sobre-descarbonitzacio\/#breadcrumb","itemListElement":[{"@type":"ListItem","position":1,"name":"Inici","item":"https:\/\/ineditinnova.com\/es\/"},{"@type":"ListItem","position":2,"name":"Un \u00abgrupo de apoyo\u00bb de empresas para compartir experiencias y aprendizajes sobre descarbonizaci\u00f3n"}]},{"@type":"WebSite","@id":"https:\/\/ineditinnova.com\/en\/#website","url":"https:\/\/ineditinnova.com\/en\/","name":"in\u00e8dit","description":"Dise\u00f1amos soluciones circulares y sostenibles para un futuro mejor","potentialAction":[{"@type":"SearchAction","target":{"@type":"EntryPoint","urlTemplate":"https:\/\/ineditinnova.com\/en\/?s={search_term_string}"},"query-input":{"@type":"PropertyValueSpecification","valueRequired":true,"valueName":"search_term_string"}}],"inLanguage":"es"},{"@type":"Person","@id":"https:\/\/ineditinnova.com\/en\/#\/schema\/person\/891e1158385858d9972e3d28e2abf5e5","name":"Codina","image":{"@type":"ImageObject","inLanguage":"es","@id":"https:\/\/secure.gravatar.com\/avatar\/4fff7c6f6d19e46cfd6c15f0f9b4aeb9970dd1aa4028caf6584e34d95cb8a41d?s=96&d=mm&r=g","url":"https:\/\/secure.gravatar.com\/avatar\/4fff7c6f6d19e46cfd6c15f0f9b4aeb9970dd1aa4028caf6584e34d95cb8a41d?s=96&d=mm&r=g","contentUrl":"https:\/\/secure.gravatar.com\/avatar\/4fff7c6f6d19e46cfd6c15f0f9b4aeb9970dd1aa4028caf6584e34d95cb8a41d?s=96&d=mm&r=g","caption":"Codina"},"url":"https:\/\/ineditinnova.com\/es\/author\/inedit\/"}]}},"_links":{"self":[{"href":"https:\/\/ineditinnova.com\/es\/wp-json\/wp\/v2\/posts\/9196","targetHints":{"allow":["GET"]}}],"collection":[{"href":"https:\/\/ineditinnova.com\/es\/wp-json\/wp\/v2\/posts"}],"about":[{"href":"https:\/\/ineditinnova.com\/es\/wp-json\/wp\/v2\/types\/post"}],"author":[{"embeddable":true,"href":"https:\/\/ineditinnova.com\/es\/wp-json\/wp\/v2\/users\/2"}],"replies":[{"embeddable":true,"href":"https:\/\/ineditinnova.com\/es\/wp-json\/wp\/v2\/comments?post=9196"}],"version-history":[{"count":2,"href":"https:\/\/ineditinnova.com\/es\/wp-json\/wp\/v2\/posts\/9196\/revisions"}],"predecessor-version":[{"id":9199,"href":"https:\/\/ineditinnova.com\/es\/wp-json\/wp\/v2\/posts\/9196\/revisions\/9199"}],"wp:featuredmedia":[{"embeddable":true,"href":"https:\/\/ineditinnova.com\/es\/wp-json\/wp\/v2\/media\/9194"}],"wp:attachment":[{"href":"https:\/\/ineditinnova.com\/es\/wp-json\/wp\/v2\/media?parent=9196"}],"wp:term":[{"taxonomy":"category","embeddable":true,"href":"https:\/\/ineditinnova.com\/es\/wp-json\/wp\/v2\/categories?post=9196"},{"taxonomy":"post_tag","embeddable":true,"href":"https:\/\/ineditinnova.com\/es\/wp-json\/wp\/v2\/tags?post=9196"}],"curies":[{"name":"wp","href":"https:\/\/api.w.org\/{rel}","templated":true}]}}