{"id":9521,"date":"2024-07-23T16:57:28","date_gmt":"2024-07-23T16:57:28","guid":{"rendered":"https:\/\/ineditinnova.com\/entra-en-vigor-la-directiva-que-obliga-la-reparacio-de-bens\/"},"modified":"2024-07-25T08:55:40","modified_gmt":"2024-07-25T08:55:40","slug":"entra-en-vigor-la-directiva-que-obliga-la-reparacio-de-bens","status":"publish","type":"post","link":"https:\/\/ineditinnova.com\/es\/entra-en-vigor-la-directiva-que-obliga-la-reparacio-de-bens\/","title":{"rendered":"Entra en vigor la Directiva que obliga a la reparaci\u00f3n de bienes"},"content":{"rendered":"\n<p style=\"font-size:25px\">El 10 de julio se public\u00f3 el texto definitivo de la <a href=\"https:\/\/eur-lex.europa.eu\/eli\/dir\/2024\/1799\/spa\">Directiva (UE) 2024\/1799 del Parlamento Europeo y del Consejo del 13 de junio de 2024<\/a> que establece las normas comunes para promover la reparaci\u00f3n de bienes y que entra en vigor el 30 de julio. Entre sus objetivos est\u00e1n los de favorecer la reparaci\u00f3n de los bienes adquiridos por los consumidores para reducir su eliminaci\u00f3n prematura e impulsar un consumo m\u00e1s sostenible, proteger a los consumidores y fomentar la circularidad dentro de la econom\u00eda. Para ello, seg\u00fan la Directiva, \u00abes necesario reforzar las disposiciones relacionadas con la reparaci\u00f3n de bienes de manera que los consumidores puedan solicitar una reparaci\u00f3n asequible al prestador de servicios de reparaci\u00f3n de su elecci\u00f3n\u00bb. Repasamos a continuaci\u00f3n los puntos clave de la nueva Directiva. <\/p>\n\n\n\n<p style=\"font-size:25px\"><strong>La Directiva impone a los fabricantes la obligaci\u00f3n de reparar gratuitamente o a precios razonables<\/strong> y a petici\u00f3n de los consumidores los siguientes bienes: lavadoras y lavadoras-secadoras dom\u00e9sticas; lavavajillas dom\u00e9sticos; aparatos de refrigeraci\u00f3n; pantallas electr\u00f3nicas; equipos de soldadura; aspiradoras; servidores y productos de almacenamiento de datos; tel\u00e9fonos m\u00f3viles, tel\u00e9fonos inal\u00e1mbricos y tabletas; secadoras de tambor dom\u00e9sticas y bienes que incorporen bater\u00edas para medios de transporte ligeros. La reparaci\u00f3n deber\u00e1 realizarse en un plazo razonable de tiempo.<\/p>\n\n\n\n<figure class=\"wp-block-pullquote\"><blockquote><p>Los fabricantes estar\u00e1n obligados a reparar los bienes gratuitamente o a un precio razonable, y en un plazo de tiempo razonable<\/p><\/blockquote><\/figure>\n\n\n\n<p style=\"font-size:25px\"><strong>Informaci\u00f3n sobre la reparaci\u00f3n.<\/strong> Los reparadores deben proporcionar a los consumidores informaci\u00f3n clave sobre sus servicios de reparaci\u00f3n. Para ello pueden usar el formulario europeo normalizado de informaci\u00f3n sobre la reparaci\u00f3n que debe permitir a los consumidores valorar y comparar f\u00e1cilmente los servicios de reparaci\u00f3n disponibles. El formulario incluir\u00e1 detalles como la naturaleza del defecto, el precio estimado de repararlo, el tiempo necesario para hacerlo y cualquier servicio adicional como puede ser el transporte. El formulario se entregar\u00e1 gratuitamente al consumidor antes de contratar el servicio y las condiciones establecidas en \u00e9l ser\u00e1n vigentes como m\u00ednimo durante 30 d\u00edas.<\/p>\n\n\n\n<p style=\"font-size:25px\"><strong>Los fabricantes deber\u00e1n proporcionar a los reparadores y a los consumidores piezas de repuesto e informaci\u00f3n sobre la reparaci\u00f3n y el mantenimiento de los bienes<\/strong>, adem\u00e1s de cualquier herramienta necesaria \u2014como puede ser software, firmware o medios auxiliares similares\u2014 relacionada con la reparaci\u00f3n. Esta informaci\u00f3n debe estar disponible al menos durante toda la vigencia de la obligaci\u00f3n de reparar.<\/p>\n\n\n\n<p style=\"font-size:25px\"><strong>La Comisi\u00f3n pondr\u00e1 en marcha una plataforma en l\u00ednea<\/strong> donde encontrar servicios de reparaci\u00f3n para sus bienes, adem\u00e1s de vendedores de bienes reacondicionados, compradores de bienes defectuosos para ser reacondicionados o iniciativas de reparaci\u00f3n participativas como cafeter\u00edas de reparaci\u00f3n. El acceso a la plataforma ser\u00e1 sencillo y gratuito. A m\u00e1s tardar el 31 de julio de 2027, la Comisi\u00f3n desarrollar\u00e1 una interfaz com\u00fan en l\u00ednea para esta plataforma europea.<\/p>\n\n\n\n<figure class=\"wp-block-pullquote\"><blockquote><p>Los Estados miembros tendr\u00e1n que adoptar al menos una medida para promover la reparaci\u00f3n, como pueden ser medidas fiscales o campa\u00f1as de informaci\u00f3n<\/p><\/blockquote><\/figure>\n\n\n\n<p style=\"font-size:25px\"><strong>Los Estados miembros deber\u00e1n adoptar al menos una medida para promover la reparaci\u00f3n.<\/strong> Estas medidas pueden ser de car\u00e1cter financiero \u2014como por ejemplo medidas fiscales, vales de reparaci\u00f3n, la creaci\u00f3n de plataformas en l\u00ednea de reparaci\u00f3n locales o regionales, o la financiaci\u00f3n de programas de formaci\u00f3n para adquirir capacidades en materia de reparaci\u00f3n\u2014 o no financiero como pueden ser campa\u00f1as de informaci\u00f3n, apoyo a iniciativas de reparaci\u00f3n participativas a trav\u00e9s de medios directos como es ofrecer espacios para laboratorios de reparaci\u00f3n o lugares de reuni\u00f3n en centros comunitarios o culturales.<\/p>\n\n\n\n<p style=\"font-size:25px\">Adem\u00e1s, <strong>la Comisi\u00f3n adoptar\u00e1 directrices para ayudar a las microempresas y las pymes<\/strong> a cumplir con los requisitos y las obligaciones establecidos por esta Directiva. <\/p>\n\n\n\n<p style=\"font-size:25px\"><strong>Los Estados miembros establecer\u00e1n un r\u00e9gimen de sanciones <\/strong>\u00abefectivas, proporcionadas y disuasorias\u00bb y a m\u00e1s tardar el <strong>31 de julio de 2026<\/strong> pondr\u00e1n en vigor las disposiciones legales, reglamentarias y administrativas necesarias para dar cumplimiento a lo establecido por la Directiva.<\/p>\n\n\n\n<h2 class=\"wp-block-heading\">\u00bf<strong>C\u00f3mo podemos ayudarte?<\/strong><\/h2>\n\n\n\n<ul class=\"wp-block-list\">\n<li style=\"font-size:25px\">&#8211; Asesoramos y acompa\u00f1amos a las empresas a la hora de implementar lo que establece la Directiva.<\/li>\n\n\n\n<li style=\"font-size:25px\">&#8211; Proponemos soluciones de ecodise\u00f1o para alargar la  vida \u00fatil de los productos mediante la reparaci\u00f3n, el reacondicionamiento o la remanufactura. <\/li>\n\n\n\n<li style=\"font-size:25px\">&#8211; Proponemos soluciones de ecodise\u00f1o para el reciclaje.<\/li>\n\n\n\n<li style=\"font-size:25px\">&#8211; Dise\u00f1amos modelos de negocio para alargar la vida \u00fatil de los productos.<\/li>\n\n\n\n<li style=\"font-size:25px\">&#8211; Dise\u00f1amos pruebas piloto para validar los nuevos modelos de negocio con estrategias como la recuperaci\u00f3n de la materia prima, la reutilizaci\u00f3n, la reparaci\u00f3n, el mantenimiento, la remanufactura, etc.<\/li>\n<\/ul>\n\n\n\n<div class=\"wp-block-buttons is-content-justification-center is-layout-flex wp-container-core-buttons-is-layout-16018d1d wp-block-buttons-is-layout-flex\">\n<div class=\"wp-block-button has-custom-width wp-block-button__width-50 has-custom-font-size\" style=\"font-size:25px\"><a class=\"wp-block-button__link has-text-align-center wp-element-button\" href=\"https:\/\/ineditinnova.com\/es\/servicios\/\">Consulta nuestros servicios<\/a><\/div>\n<\/div>\n\n\n\n<p style=\"font-size:25px\"><\/p>\n","protected":false},"excerpt":{"rendered":"<p>El 10 de julio se public\u00f3 el texto definitivo de la Directiva (UE) 2024\/1799 del Parlamento Europeo y del Consejo del 13 de junio de 2024 que establece las normas comunes para promover la reparaci\u00f3n de bienes y que entra en vigor el 30 de julio. Entre sus objetivos est\u00e1n los de favorecer la reparaci\u00f3n&#8230;  <a class=\"excerpt-read-more\" href=\"https:\/\/ineditinnova.com\/es\/entra-en-vigor-la-directiva-que-obliga-la-reparacio-de-bens\/\" title=\"Read Entra en vigor la Directiva que obliga a la reparaci\u00f3n de bienes\">Read more &raquo;<\/a><\/p>\n","protected":false},"author":2,"featured_media":9459,"comment_status":"closed","ping_status":"closed","sticky":false,"template":"","format":"standard","meta":{"_acf_changed":false,"footnotes":""},"categories":[31,21],"tags":[54],"class_list":["post-9521","post","type-post","status-publish","format-standard","has-post-thumbnail","hentry","category-cadena","category-ecodiseno","tag-noticia-es"],"acf":[],"yoast_head":"<!-- This site is optimized with the Yoast SEO plugin v27.5 - https:\/\/yoast.com\/product\/yoast-seo-wordpress\/ -->\n<title>Entra en vigor la Directiva que obliga a la reparaci\u00f3n de bienes - in\u00e8dit<\/title>\n<meta name=\"description\" content=\"Los fabricantes estar\u00e1n obligados a reparar sus productos de forma gratuita o a precios razonables y proporcionar las herramientas y la informaci\u00f3n necesarias para repararlos. Los Estados miembros deber\u00e1n adoptar medidas para promover la reparaci\u00f3n y haber puesto en vigor las disposiciones de la Directiva como m\u00e1ximo el 31 de julio de 2026.\" \/>\n<meta name=\"robots\" content=\"index, follow, max-snippet:-1, max-image-preview:large, max-video-preview:-1\" \/>\n<link rel=\"canonical\" href=\"https:\/\/ineditinnova.com\/es\/entra-en-vigor-la-directiva-que-obliga-la-reparacio-de-bens\/\" \/>\n<meta property=\"og:locale\" content=\"es_ES\" \/>\n<meta property=\"og:type\" content=\"article\" \/>\n<meta property=\"og:title\" content=\"Entra en vigor la Directiva que obliga a la reparaci\u00f3n de bienes - in\u00e8dit\" \/>\n<meta property=\"og:description\" content=\"Los fabricantes estar\u00e1n obligados a reparar sus productos de forma gratuita o a precios razonables y proporcionar las herramientas y la informaci\u00f3n necesarias para repararlos. Los Estados miembros deber\u00e1n adoptar medidas para promover la reparaci\u00f3n y haber puesto en vigor las disposiciones de la Directiva como m\u00e1ximo el 31 de julio de 2026.\" \/>\n<meta property=\"og:url\" content=\"https:\/\/ineditinnova.com\/es\/entra-en-vigor-la-directiva-que-obliga-la-reparacio-de-bens\/\" \/>\n<meta property=\"og:site_name\" content=\"in\u00e8dit\" \/>\n<meta property=\"article:publisher\" content=\"https:\/\/www.facebook.com\/ineditinnovacio\/?ref=page_internal\" \/>\n<meta property=\"article:published_time\" content=\"2024-07-23T16:57:28+00:00\" \/>\n<meta property=\"article:modified_time\" content=\"2024-07-25T08:55:40+00:00\" \/>\n<meta property=\"og:image\" content=\"https:\/\/ineditinnova.com\/wp-content\/uploads\/2024\/07\/repair-1.jpg\" \/>\n\t<meta property=\"og:image:width\" content=\"1600\" \/>\n\t<meta property=\"og:image:height\" content=\"1067\" \/>\n\t<meta property=\"og:image:type\" content=\"image\/jpeg\" \/>\n<meta name=\"author\" content=\"Codina\" \/>\n<meta name=\"twitter:card\" content=\"summary_large_image\" \/>\n<meta name=\"twitter:creator\" content=\"@ineditinnova\" \/>\n<meta name=\"twitter:site\" content=\"@ineditinnova\" \/>\n<meta name=\"twitter:label1\" content=\"Escrito por\" \/>\n\t<meta name=\"twitter:data1\" content=\"Codina\" \/>\n\t<meta name=\"twitter:label2\" content=\"Tiempo de lectura\" \/>\n\t<meta name=\"twitter:data2\" content=\"4 minutos\" \/>\n<script type=\"application\/ld+json\" class=\"yoast-schema-graph\">{\"@context\":\"https:\\\/\\\/schema.org\",\"@graph\":[{\"@type\":\"Article\",\"@id\":\"https:\\\/\\\/ineditinnova.com\\\/es\\\/entra-en-vigor-la-directiva-que-obliga-la-reparacio-de-bens\\\/#article\",\"isPartOf\":{\"@id\":\"https:\\\/\\\/ineditinnova.com\\\/es\\\/entra-en-vigor-la-directiva-que-obliga-la-reparacio-de-bens\\\/\"},\"author\":{\"name\":\"Codina\",\"@id\":\"https:\\\/\\\/ineditinnova.com\\\/en\\\/#\\\/schema\\\/person\\\/891e1158385858d9972e3d28e2abf5e5\"},\"headline\":\"Entra en vigor la Directiva que obliga a la reparaci\u00f3n de bienes\",\"datePublished\":\"2024-07-23T16:57:28+00:00\",\"dateModified\":\"2024-07-25T08:55:40+00:00\",\"mainEntityOfPage\":{\"@id\":\"https:\\\/\\\/ineditinnova.com\\\/es\\\/entra-en-vigor-la-directiva-que-obliga-la-reparacio-de-bens\\\/\"},\"wordCount\":821,\"image\":{\"@id\":\"https:\\\/\\\/ineditinnova.com\\\/es\\\/entra-en-vigor-la-directiva-que-obliga-la-reparacio-de-bens\\\/#primaryimage\"},\"thumbnailUrl\":\"https:\\\/\\\/ineditinnova.com\\\/wp-content\\\/uploads\\\/2024\\\/07\\\/repair-1.jpg\",\"keywords\":[\"NOTICIA\"],\"articleSection\":[\"ESTRATEGIA DE NEGOCIO SOSTENIBLE\",\"Ecodise\u00f1o de productos y servicios\"],\"inLanguage\":\"es\"},{\"@type\":\"WebPage\",\"@id\":\"https:\\\/\\\/ineditinnova.com\\\/es\\\/entra-en-vigor-la-directiva-que-obliga-la-reparacio-de-bens\\\/\",\"url\":\"https:\\\/\\\/ineditinnova.com\\\/es\\\/entra-en-vigor-la-directiva-que-obliga-la-reparacio-de-bens\\\/\",\"name\":\"Entra en vigor la Directiva que obliga a la reparaci\u00f3n de bienes - in\u00e8dit\",\"isPartOf\":{\"@id\":\"https:\\\/\\\/ineditinnova.com\\\/en\\\/#website\"},\"primaryImageOfPage\":{\"@id\":\"https:\\\/\\\/ineditinnova.com\\\/es\\\/entra-en-vigor-la-directiva-que-obliga-la-reparacio-de-bens\\\/#primaryimage\"},\"image\":{\"@id\":\"https:\\\/\\\/ineditinnova.com\\\/es\\\/entra-en-vigor-la-directiva-que-obliga-la-reparacio-de-bens\\\/#primaryimage\"},\"thumbnailUrl\":\"https:\\\/\\\/ineditinnova.com\\\/wp-content\\\/uploads\\\/2024\\\/07\\\/repair-1.jpg\",\"datePublished\":\"2024-07-23T16:57:28+00:00\",\"dateModified\":\"2024-07-25T08:55:40+00:00\",\"author\":{\"@id\":\"https:\\\/\\\/ineditinnova.com\\\/en\\\/#\\\/schema\\\/person\\\/891e1158385858d9972e3d28e2abf5e5\"},\"description\":\"Los fabricantes estar\u00e1n obligados a reparar sus productos de forma gratuita o a precios razonables y proporcionar las herramientas y la informaci\u00f3n necesarias para repararlos. Los Estados miembros deber\u00e1n adoptar medidas para promover la reparaci\u00f3n y haber puesto en vigor las disposiciones de la Directiva como m\u00e1ximo el 31 de julio de 2026.\",\"breadcrumb\":{\"@id\":\"https:\\\/\\\/ineditinnova.com\\\/es\\\/entra-en-vigor-la-directiva-que-obliga-la-reparacio-de-bens\\\/#breadcrumb\"},\"inLanguage\":\"es\",\"potentialAction\":[{\"@type\":\"ReadAction\",\"target\":[\"https:\\\/\\\/ineditinnova.com\\\/es\\\/entra-en-vigor-la-directiva-que-obliga-la-reparacio-de-bens\\\/\"]}]},{\"@type\":\"ImageObject\",\"inLanguage\":\"es\",\"@id\":\"https:\\\/\\\/ineditinnova.com\\\/es\\\/entra-en-vigor-la-directiva-que-obliga-la-reparacio-de-bens\\\/#primaryimage\",\"url\":\"https:\\\/\\\/ineditinnova.com\\\/wp-content\\\/uploads\\\/2024\\\/07\\\/repair-1.jpg\",\"contentUrl\":\"https:\\\/\\\/ineditinnova.com\\\/wp-content\\\/uploads\\\/2024\\\/07\\\/repair-1.jpg\",\"width\":1600,\"height\":1067,\"caption\":\"dret a reparar\"},{\"@type\":\"BreadcrumbList\",\"@id\":\"https:\\\/\\\/ineditinnova.com\\\/es\\\/entra-en-vigor-la-directiva-que-obliga-la-reparacio-de-bens\\\/#breadcrumb\",\"itemListElement\":[{\"@type\":\"ListItem\",\"position\":1,\"name\":\"Inici\",\"item\":\"https:\\\/\\\/ineditinnova.com\\\/es\\\/\"},{\"@type\":\"ListItem\",\"position\":2,\"name\":\"Entra en vigor la Directiva que obliga a la reparaci\u00f3n de bienes\"}]},{\"@type\":\"WebSite\",\"@id\":\"https:\\\/\\\/ineditinnova.com\\\/en\\\/#website\",\"url\":\"https:\\\/\\\/ineditinnova.com\\\/en\\\/\",\"name\":\"in\u00e8dit\",\"description\":\"Dise\u00f1amos soluciones circulares y sostenibles para un futuro mejor\",\"potentialAction\":[{\"@type\":\"SearchAction\",\"target\":{\"@type\":\"EntryPoint\",\"urlTemplate\":\"https:\\\/\\\/ineditinnova.com\\\/en\\\/?s={search_term_string}\"},\"query-input\":{\"@type\":\"PropertyValueSpecification\",\"valueRequired\":true,\"valueName\":\"search_term_string\"}}],\"inLanguage\":\"es\"},{\"@type\":\"Person\",\"@id\":\"https:\\\/\\\/ineditinnova.com\\\/en\\\/#\\\/schema\\\/person\\\/891e1158385858d9972e3d28e2abf5e5\",\"name\":\"Codina\",\"image\":{\"@type\":\"ImageObject\",\"inLanguage\":\"es\",\"@id\":\"https:\\\/\\\/secure.gravatar.com\\\/avatar\\\/4fff7c6f6d19e46cfd6c15f0f9b4aeb9970dd1aa4028caf6584e34d95cb8a41d?s=96&d=mm&r=g\",\"url\":\"https:\\\/\\\/secure.gravatar.com\\\/avatar\\\/4fff7c6f6d19e46cfd6c15f0f9b4aeb9970dd1aa4028caf6584e34d95cb8a41d?s=96&d=mm&r=g\",\"contentUrl\":\"https:\\\/\\\/secure.gravatar.com\\\/avatar\\\/4fff7c6f6d19e46cfd6c15f0f9b4aeb9970dd1aa4028caf6584e34d95cb8a41d?s=96&d=mm&r=g\",\"caption\":\"Codina\"},\"url\":\"https:\\\/\\\/ineditinnova.com\\\/es\\\/author\\\/inedit\\\/\"}]}<\/script>\n<!-- \/ Yoast SEO plugin. -->","yoast_head_json":{"title":"Entra en vigor la Directiva que obliga a la reparaci\u00f3n de bienes - in\u00e8dit","description":"Los fabricantes estar\u00e1n obligados a reparar sus productos de forma gratuita o a precios razonables y proporcionar las herramientas y la informaci\u00f3n necesarias para repararlos. Los Estados miembros deber\u00e1n adoptar medidas para promover la reparaci\u00f3n y haber puesto en vigor las disposiciones de la Directiva como m\u00e1ximo el 31 de julio de 2026.","robots":{"index":"index","follow":"follow","max-snippet":"max-snippet:-1","max-image-preview":"max-image-preview:large","max-video-preview":"max-video-preview:-1"},"canonical":"https:\/\/ineditinnova.com\/es\/entra-en-vigor-la-directiva-que-obliga-la-reparacio-de-bens\/","og_locale":"es_ES","og_type":"article","og_title":"Entra en vigor la Directiva que obliga a la reparaci\u00f3n de bienes - in\u00e8dit","og_description":"Los fabricantes estar\u00e1n obligados a reparar sus productos de forma gratuita o a precios razonables y proporcionar las herramientas y la informaci\u00f3n necesarias para repararlos. Los Estados miembros deber\u00e1n adoptar medidas para promover la reparaci\u00f3n y haber puesto en vigor las disposiciones de la Directiva como m\u00e1ximo el 31 de julio de 2026.","og_url":"https:\/\/ineditinnova.com\/es\/entra-en-vigor-la-directiva-que-obliga-la-reparacio-de-bens\/","og_site_name":"in\u00e8dit","article_publisher":"https:\/\/www.facebook.com\/ineditinnovacio\/?ref=page_internal","article_published_time":"2024-07-23T16:57:28+00:00","article_modified_time":"2024-07-25T08:55:40+00:00","og_image":[{"width":1600,"height":1067,"url":"https:\/\/ineditinnova.com\/wp-content\/uploads\/2024\/07\/repair-1.jpg","type":"image\/jpeg"}],"author":"Codina","twitter_card":"summary_large_image","twitter_creator":"@ineditinnova","twitter_site":"@ineditinnova","twitter_misc":{"Escrito por":"Codina","Tiempo de lectura":"4 minutos"},"schema":{"@context":"https:\/\/schema.org","@graph":[{"@type":"Article","@id":"https:\/\/ineditinnova.com\/es\/entra-en-vigor-la-directiva-que-obliga-la-reparacio-de-bens\/#article","isPartOf":{"@id":"https:\/\/ineditinnova.com\/es\/entra-en-vigor-la-directiva-que-obliga-la-reparacio-de-bens\/"},"author":{"name":"Codina","@id":"https:\/\/ineditinnova.com\/en\/#\/schema\/person\/891e1158385858d9972e3d28e2abf5e5"},"headline":"Entra en vigor la Directiva que obliga a la reparaci\u00f3n de bienes","datePublished":"2024-07-23T16:57:28+00:00","dateModified":"2024-07-25T08:55:40+00:00","mainEntityOfPage":{"@id":"https:\/\/ineditinnova.com\/es\/entra-en-vigor-la-directiva-que-obliga-la-reparacio-de-bens\/"},"wordCount":821,"image":{"@id":"https:\/\/ineditinnova.com\/es\/entra-en-vigor-la-directiva-que-obliga-la-reparacio-de-bens\/#primaryimage"},"thumbnailUrl":"https:\/\/ineditinnova.com\/wp-content\/uploads\/2024\/07\/repair-1.jpg","keywords":["NOTICIA"],"articleSection":["ESTRATEGIA DE NEGOCIO SOSTENIBLE","Ecodise\u00f1o de productos y servicios"],"inLanguage":"es"},{"@type":"WebPage","@id":"https:\/\/ineditinnova.com\/es\/entra-en-vigor-la-directiva-que-obliga-la-reparacio-de-bens\/","url":"https:\/\/ineditinnova.com\/es\/entra-en-vigor-la-directiva-que-obliga-la-reparacio-de-bens\/","name":"Entra en vigor la Directiva que obliga a la reparaci\u00f3n de bienes - in\u00e8dit","isPartOf":{"@id":"https:\/\/ineditinnova.com\/en\/#website"},"primaryImageOfPage":{"@id":"https:\/\/ineditinnova.com\/es\/entra-en-vigor-la-directiva-que-obliga-la-reparacio-de-bens\/#primaryimage"},"image":{"@id":"https:\/\/ineditinnova.com\/es\/entra-en-vigor-la-directiva-que-obliga-la-reparacio-de-bens\/#primaryimage"},"thumbnailUrl":"https:\/\/ineditinnova.com\/wp-content\/uploads\/2024\/07\/repair-1.jpg","datePublished":"2024-07-23T16:57:28+00:00","dateModified":"2024-07-25T08:55:40+00:00","author":{"@id":"https:\/\/ineditinnova.com\/en\/#\/schema\/person\/891e1158385858d9972e3d28e2abf5e5"},"description":"Los fabricantes estar\u00e1n obligados a reparar sus productos de forma gratuita o a precios razonables y proporcionar las herramientas y la informaci\u00f3n necesarias para repararlos. Los Estados miembros deber\u00e1n adoptar medidas para promover la reparaci\u00f3n y haber puesto en vigor las disposiciones de la Directiva como m\u00e1ximo el 31 de julio de 2026.","breadcrumb":{"@id":"https:\/\/ineditinnova.com\/es\/entra-en-vigor-la-directiva-que-obliga-la-reparacio-de-bens\/#breadcrumb"},"inLanguage":"es","potentialAction":[{"@type":"ReadAction","target":["https:\/\/ineditinnova.com\/es\/entra-en-vigor-la-directiva-que-obliga-la-reparacio-de-bens\/"]}]},{"@type":"ImageObject","inLanguage":"es","@id":"https:\/\/ineditinnova.com\/es\/entra-en-vigor-la-directiva-que-obliga-la-reparacio-de-bens\/#primaryimage","url":"https:\/\/ineditinnova.com\/wp-content\/uploads\/2024\/07\/repair-1.jpg","contentUrl":"https:\/\/ineditinnova.com\/wp-content\/uploads\/2024\/07\/repair-1.jpg","width":1600,"height":1067,"caption":"dret a reparar"},{"@type":"BreadcrumbList","@id":"https:\/\/ineditinnova.com\/es\/entra-en-vigor-la-directiva-que-obliga-la-reparacio-de-bens\/#breadcrumb","itemListElement":[{"@type":"ListItem","position":1,"name":"Inici","item":"https:\/\/ineditinnova.com\/es\/"},{"@type":"ListItem","position":2,"name":"Entra en vigor la Directiva que obliga a la reparaci\u00f3n de bienes"}]},{"@type":"WebSite","@id":"https:\/\/ineditinnova.com\/en\/#website","url":"https:\/\/ineditinnova.com\/en\/","name":"in\u00e8dit","description":"Dise\u00f1amos soluciones circulares y sostenibles para un futuro mejor","potentialAction":[{"@type":"SearchAction","target":{"@type":"EntryPoint","urlTemplate":"https:\/\/ineditinnova.com\/en\/?s={search_term_string}"},"query-input":{"@type":"PropertyValueSpecification","valueRequired":true,"valueName":"search_term_string"}}],"inLanguage":"es"},{"@type":"Person","@id":"https:\/\/ineditinnova.com\/en\/#\/schema\/person\/891e1158385858d9972e3d28e2abf5e5","name":"Codina","image":{"@type":"ImageObject","inLanguage":"es","@id":"https:\/\/secure.gravatar.com\/avatar\/4fff7c6f6d19e46cfd6c15f0f9b4aeb9970dd1aa4028caf6584e34d95cb8a41d?s=96&d=mm&r=g","url":"https:\/\/secure.gravatar.com\/avatar\/4fff7c6f6d19e46cfd6c15f0f9b4aeb9970dd1aa4028caf6584e34d95cb8a41d?s=96&d=mm&r=g","contentUrl":"https:\/\/secure.gravatar.com\/avatar\/4fff7c6f6d19e46cfd6c15f0f9b4aeb9970dd1aa4028caf6584e34d95cb8a41d?s=96&d=mm&r=g","caption":"Codina"},"url":"https:\/\/ineditinnova.com\/es\/author\/inedit\/"}]}},"_links":{"self":[{"href":"https:\/\/ineditinnova.com\/es\/wp-json\/wp\/v2\/posts\/9521","targetHints":{"allow":["GET"]}}],"collection":[{"href":"https:\/\/ineditinnova.com\/es\/wp-json\/wp\/v2\/posts"}],"about":[{"href":"https:\/\/ineditinnova.com\/es\/wp-json\/wp\/v2\/types\/post"}],"author":[{"embeddable":true,"href":"https:\/\/ineditinnova.com\/es\/wp-json\/wp\/v2\/users\/2"}],"replies":[{"embeddable":true,"href":"https:\/\/ineditinnova.com\/es\/wp-json\/wp\/v2\/comments?post=9521"}],"version-history":[{"count":3,"href":"https:\/\/ineditinnova.com\/es\/wp-json\/wp\/v2\/posts\/9521\/revisions"}],"predecessor-version":[{"id":9534,"href":"https:\/\/ineditinnova.com\/es\/wp-json\/wp\/v2\/posts\/9521\/revisions\/9534"}],"wp:featuredmedia":[{"embeddable":true,"href":"https:\/\/ineditinnova.com\/es\/wp-json\/wp\/v2\/media\/9459"}],"wp:attachment":[{"href":"https:\/\/ineditinnova.com\/es\/wp-json\/wp\/v2\/media?parent=9521"}],"wp:term":[{"taxonomy":"category","embeddable":true,"href":"https:\/\/ineditinnova.com\/es\/wp-json\/wp\/v2\/categories?post=9521"},{"taxonomy":"post_tag","embeddable":true,"href":"https:\/\/ineditinnova.com\/es\/wp-json\/wp\/v2\/tags?post=9521"}],"curies":[{"name":"wp","href":"https:\/\/api.w.org\/{rel}","templated":true}]}}